{"id":1000,"date":"2014-03-14T12:34:03","date_gmt":"2014-03-14T12:34:03","guid":{"rendered":"https:\/\/www.amdcomval.com\/?p=1000"},"modified":"2014-03-14T12:34:03","modified_gmt":"2014-03-14T12:34:03","slug":"los-medios-digitales-disfrutan-de-las-fallas-gracias-a-la-amdcomval-y-horchata-chufi","status":"publish","type":"post","link":"https:\/\/amdcomval.com\/val\/los-medios-digitales-disfrutan-de-las-fallas-gracias-a-la-amdcomval-y-horchata-chufi\/","title":{"rendered":"Los medios digitales disfrutan de las Fallas gracias a la AMDComVal y Horchata Chufi"},"content":{"rendered":"<p><img loading=\"lazy\" decoding=\"async\" class=\"alignleft wp-image-1002 size-medium\" src=\"https:\/\/amdcomval.com\/wp-content\/uploads\/2014\/03\/Hortanoticias.-Ruta-Fallera-300x190.jpg\"  width=\"300\" height=\"190\" srcset=\"https:\/\/amdcomval.com\/wp-content\/uploads\/2014\/03\/Hortanoticias.-Ruta-Fallera-300x190.jpg 300w, https:\/\/amdcomval.com\/wp-content\/uploads\/2014\/03\/Hortanoticias.-Ruta-Fallera-480x303.jpg 480w, https:\/\/amdcomval.com\/wp-content\/uploads\/2014\/03\/Hortanoticias.-Ruta-Fallera.jpg 620w\" sizes=\"(max-width: 300px) 100vw, 300px\" \/>Los medios que integran la Asociaci\u00f3n de Medios Digitales de la Comunitat Valenciana han participado hoy en el estreno del Chufibus, de Horchatas Chufi, que volver\u00e1 a recorrer la ciudad de Valencia y acercar\u00e1 las fallas a turistas y visitantes.<br \/>\nUna jornada en compa\u00f1\u00eda de diversos medios que integran la asociaci\u00f3n que se ha iniciado ante la Falla Exposici\u00f3n-Micer Masc\u00f3 para recorrer posteriormente la Falla Na Jordana, donde el genial Ortifus tuvo un momento para atendernos muy amablemente; Nou Campanar, donde disfrutamos de la fascinante menina; y la Falla del Pilar, espectacular como siempre. Posteriormente los medios asociados hemos acudido a la mascleta, gracias a la gentileza del Ayuntamiento de Valencia y de sus responsables de prensa.<br \/>\nEntre los d\u00edas 15 y 19 de marzo este Chufi Bus realizar\u00e1 el recorrido del \u2018Bus tur\u00edstic\u2019 centrado en las fallas de Secci\u00f3n Especial y en horario de ma\u00f1ana y tarde. Se puede consultar los horarios y paradas en la fan page www.facebook.com\/horchatachufi<br \/>\nConcretamente, el recorrido del Chufibus se acercar\u00e1 a las fallas de Ruzafa (Sueca-Literato Azor\u00edn, Cuba-Literato Azor\u00edn y Regne de Val\u00e8ncia-Duque de Calabria) Eixample (Almirante Cadarso-Conde Altea y Pizarro-Cirilo Amor\u00f3s), Exposici\u00f3n- Micer Masc\u00f3, Plaza de Na Jordana, Nou Campanar, Plaza del Pilar y Convento-Jerusal\u00e9n.<br \/>\nUn itinerario del que podr\u00e1n disfrutar de manera gratuita falleros y visitantes que se acerquen a la ciudad estos d\u00edas y en el que se podr\u00e1n realizar degustaciones de horchata, se desarrollar\u00e1n juegos y concursos y donde los usuarios podr\u00e1n realizarse fotos e interactuar en redes sociales. Se prev\u00e9 repartir m\u00e1s de 2.800 litros de horchata y subir a m\u00e1s de 3.000 personas durante estas fallas en el Chufibus.<\/p>\n","protected":false},"excerpt":{"rendered":"<p>Los medios que integran la Asociaci\u00f3n de Medios Digitales de la Comunitat Valenciana han participado hoy en el estreno del Chufibus, de Horchatas Chufi, que volver\u00e1 a recorrer la ciudad de Valencia y acercar\u00e1 las fallas a turistas y visitantes. Una jornada en compa\u00f1\u00eda de diversos medios que integran la asociaci\u00f3n que se ha iniciado [&hellip;]<\/p>\n","protected":false},"author":4,"featured_media":1002,"comment_status":"open","ping_status":"open","sticky":false,"template":"","format":"standard","meta":{"_acf_changed":false,"footnotes":""},"categories":[17],"tags":[12],"class_list":["post-1000","post","type-post","status-publish","format-standard","has-post-thumbnail","hentry","category-blog","tag-amdcomval"],"acf":[],"yoast_head":"<!-- This site is optimized with the Yoast SEO plugin v26.3 - https:\/\/yoast.com\/wordpress\/plugins\/seo\/ -->\n<title>Los medios digitales disfrutan de las Fallas gracias a la AMDComVal y Horchata Chufi - AMDComVal - Associaci\u00f3 de Mitjans Digitals de la Comunitat Valenciana<\/title>\n<meta name=\"robots\" content=\"index, follow, max-snippet:-1, max-image-preview:large, max-video-preview:-1\" \/>\n<link rel=\"canonical\" href=\"https:\/\/amdcomval.com\/los-medios-digitales-disfrutan-de-las-fallas-gracias-a-la-amdcomval-y-horchata-chufi\/\" \/>\n<meta property=\"og:locale\" content=\"en_US\" \/>\n<meta property=\"og:type\" content=\"article\" \/>\n<meta property=\"og:title\" content=\"Los medios digitales disfrutan de las Fallas gracias a la AMDComVal y Horchata Chufi - AMDComVal - Associaci\u00f3 de Mitjans Digitals de la Comunitat Valenciana\" \/>\n<meta property=\"og:description\" content=\"Los medios que integran la Asociaci\u00f3n de Medios Digitales de la Comunitat Valenciana han participado hoy en el estreno del Chufibus, de Horchatas Chufi, que volver\u00e1 a recorrer la ciudad de Valencia y acercar\u00e1 las fallas a turistas y visitantes. Una jornada en compa\u00f1\u00eda de diversos medios que integran la asociaci\u00f3n que se ha iniciado [&hellip;]\" \/>\n<meta property=\"og:url\" content=\"https:\/\/amdcomval.com\/los-medios-digitales-disfrutan-de-las-fallas-gracias-a-la-amdcomval-y-horchata-chufi\/\" \/>\n<meta property=\"og:site_name\" content=\"AMDComVal - Associaci\u00f3 de Mitjans Digitals de la Comunitat Valenciana\" \/>\n<meta property=\"article:publisher\" content=\"https:\/\/www.facebook.com\/Associaci-De-Mitjans-Digitals-238717099544439\/\" \/>\n<meta property=\"article:published_time\" content=\"2014-03-14T12:34:03+00:00\" \/>\n<meta property=\"og:image\" content=\"https:\/\/amdcomval.com\/wp-content\/uploads\/2014\/03\/Hortanoticias.-Ruta-Fallera.jpg\" \/>\n\t<meta property=\"og:image:width\" content=\"620\" \/>\n\t<meta property=\"og:image:height\" content=\"392\" \/>\n\t<meta property=\"og:image:type\" content=\"image\/jpeg\" \/>\n<meta name=\"author\" content=\"AMDComVal\" \/>\n<meta name=\"twitter:card\" content=\"summary_large_image\" \/>\n<meta name=\"twitter:creator\" content=\"@AMDComVal\" \/>\n<meta name=\"twitter:site\" content=\"@AMDComVal\" \/>\n<meta name=\"twitter:label1\" content=\"Written by\" \/>\n\t<meta name=\"twitter:data1\" content=\"AMDComVal\" \/>\n\t<meta name=\"twitter:label2\" content=\"Est. reading time\" \/>\n\t<meta name=\"twitter:data2\" content=\"1 minute\" \/>\n<script type=\"application\/ld+json\" class=\"yoast-schema-graph\">{\"@context\":\"https:\/\/schema.org\",\"@graph\":[{\"@type\":\"Article\",\"@id\":\"https:\/\/amdcomval.com\/los-medios-digitales-disfrutan-de-las-fallas-gracias-a-la-amdcomval-y-horchata-chufi\/#article\",\"isPartOf\":{\"@id\":\"https:\/\/amdcomval.com\/los-medios-digitales-disfrutan-de-las-fallas-gracias-a-la-amdcomval-y-horchata-chufi\/\"},\"author\":{\"name\":\"AMDComVal\",\"@id\":\"https:\/\/amdcomval.com\/#\/schema\/person\/f15529598c810a38625abf10fd5bda3a\"},\"headline\":\"Los medios digitales disfrutan de las Fallas gracias a la AMDComVal y Horchata Chufi\",\"datePublished\":\"2014-03-14T12:34:03+00:00\",\"mainEntityOfPage\":{\"@id\":\"https:\/\/amdcomval.com\/los-medios-digitales-disfrutan-de-las-fallas-gracias-a-la-amdcomval-y-horchata-chufi\/\"},\"wordCount\":306,\"commentCount\":0,\"publisher\":{\"@id\":\"https:\/\/amdcomval.com\/#organization\"},\"image\":{\"@id\":\"https:\/\/amdcomval.com\/los-medios-digitales-disfrutan-de-las-fallas-gracias-a-la-amdcomval-y-horchata-chufi\/#primaryimage\"},\"thumbnailUrl\":\"https:\/\/amdcomval.com\/wp-content\/uploads\/2014\/03\/Hortanoticias.-Ruta-Fallera.jpg\",\"keywords\":[\"amdcomval\"],\"articleSection\":[\"Blog\"],\"inLanguage\":\"val\",\"potentialAction\":[{\"@type\":\"CommentAction\",\"name\":\"Comment\",\"target\":[\"https:\/\/amdcomval.com\/los-medios-digitales-disfrutan-de-las-fallas-gracias-a-la-amdcomval-y-horchata-chufi\/#respond\"]}]},{\"@type\":\"WebPage\",\"@id\":\"https:\/\/amdcomval.com\/los-medios-digitales-disfrutan-de-las-fallas-gracias-a-la-amdcomval-y-horchata-chufi\/\",\"url\":\"https:\/\/amdcomval.com\/los-medios-digitales-disfrutan-de-las-fallas-gracias-a-la-amdcomval-y-horchata-chufi\/\",\"name\":\"Los medios digitales disfrutan de las Fallas gracias a la AMDComVal y Horchata Chufi - AMDComVal - Associaci\u00f3 de Mitjans Digitals de la Comunitat Valenciana\",\"isPartOf\":{\"@id\":\"https:\/\/amdcomval.com\/#website\"},\"primaryImageOfPage\":{\"@id\":\"https:\/\/amdcomval.com\/los-medios-digitales-disfrutan-de-las-fallas-gracias-a-la-amdcomval-y-horchata-chufi\/#primaryimage\"},\"image\":{\"@id\":\"https:\/\/amdcomval.com\/los-medios-digitales-disfrutan-de-las-fallas-gracias-a-la-amdcomval-y-horchata-chufi\/#primaryimage\"},\"thumbnailUrl\":\"https:\/\/amdcomval.com\/wp-content\/uploads\/2014\/03\/Hortanoticias.-Ruta-Fallera.jpg\",\"datePublished\":\"2014-03-14T12:34:03+00:00\",\"breadcrumb\":{\"@id\":\"https:\/\/amdcomval.com\/los-medios-digitales-disfrutan-de-las-fallas-gracias-a-la-amdcomval-y-horchata-chufi\/#breadcrumb\"},\"inLanguage\":\"val\",\"potentialAction\":[{\"@type\":\"ReadAction\",\"target\":[\"https:\/\/amdcomval.com\/los-medios-digitales-disfrutan-de-las-fallas-gracias-a-la-amdcomval-y-horchata-chufi\/\"]}]},{\"@type\":\"ImageObject\",\"inLanguage\":\"val\",\"@id\":\"https:\/\/amdcomval.com\/los-medios-digitales-disfrutan-de-las-fallas-gracias-a-la-amdcomval-y-horchata-chufi\/#primaryimage\",\"url\":\"https:\/\/amdcomval.com\/wp-content\/uploads\/2014\/03\/Hortanoticias.-Ruta-Fallera.jpg\",\"contentUrl\":\"https:\/\/amdcomval.com\/wp-content\/uploads\/2014\/03\/Hortanoticias.-Ruta-Fallera.jpg\",\"width\":620,\"height\":392},{\"@type\":\"BreadcrumbList\",\"@id\":\"https:\/\/amdcomval.com\/los-medios-digitales-disfrutan-de-las-fallas-gracias-a-la-amdcomval-y-horchata-chufi\/#breadcrumb\",\"itemListElement\":[{\"@type\":\"ListItem\",\"position\":1,\"name\":\"Portada\",\"item\":\"https:\/\/amdcomval.com\/val\/\"},{\"@type\":\"ListItem\",\"position\":2,\"name\":\"Los medios digitales disfrutan de las Fallas gracias a la AMDComVal y Horchata Chufi\"}]},{\"@type\":\"WebSite\",\"@id\":\"https:\/\/amdcomval.com\/#website\",\"url\":\"https:\/\/amdcomval.com\/\",\"name\":\"AMDComVal - Associaci\u00f3 de Mitjans Digitals de la Comunitat Valenciana\",\"description\":\"Web oficial de la Associaci\u00f3 de Mitjans Digitals de la Comunitat Valenciana (AMDComVal). Por la profesionalizaci\u00f3n y dignificaci\u00f3n de los medios de comunicaci\u00f3n digital\",\"publisher\":{\"@id\":\"https:\/\/amdcomval.com\/#organization\"},\"potentialAction\":[{\"@type\":\"SearchAction\",\"target\":{\"@type\":\"EntryPoint\",\"urlTemplate\":\"https:\/\/amdcomval.com\/?s={search_term_string}\"},\"query-input\":{\"@type\":\"PropertyValueSpecification\",\"valueRequired\":true,\"valueName\":\"search_term_string\"}}],\"inLanguage\":\"val\"},{\"@type\":\"Organization\",\"@id\":\"https:\/\/amdcomval.com\/#organization\",\"name\":\"AMDComVal - Associaci\u00f3 de Mitjans Digitals de la Comunitat Valenciana\",\"url\":\"https:\/\/amdcomval.com\/\",\"logo\":{\"@type\":\"ImageObject\",\"inLanguage\":\"val\",\"@id\":\"https:\/\/amdcomval.com\/#\/schema\/logo\/image\/\",\"url\":\"https:\/\/amdcomval.com\/wp-content\/uploads\/2025\/10\/AMDComVal-logo-horizontal-2.png\",\"contentUrl\":\"https:\/\/amdcomval.com\/wp-content\/uploads\/2025\/10\/AMDComVal-logo-horizontal-2.png\",\"width\":2560,\"height\":936,\"caption\":\"AMDComVal - Associaci\u00f3 de Mitjans Digitals de la Comunitat Valenciana\"},\"image\":{\"@id\":\"https:\/\/amdcomval.com\/#\/schema\/logo\/image\/\"},\"sameAs\":[\"https:\/\/www.facebook.com\/Associaci-De-Mitjans-Digitals-238717099544439\/\",\"https:\/\/x.com\/AMDComVal\",\"https:\/\/www.linkedin.com\/groups\/3150654\/\"]},{\"@type\":\"Person\",\"@id\":\"https:\/\/amdcomval.com\/#\/schema\/person\/f15529598c810a38625abf10fd5bda3a\",\"name\":\"AMDComVal\",\"url\":\"https:\/\/amdcomval.com\/val\/author\/amdcomval\/\"}]}<\/script>\n<!-- \/ Yoast SEO plugin. -->","yoast_head_json":{"title":"Los medios digitales disfrutan de las Fallas gracias a la AMDComVal y Horchata Chufi - AMDComVal - Associaci\u00f3 de Mitjans Digitals de la Comunitat Valenciana","robots":{"index":"index","follow":"follow","max-snippet":"max-snippet:-1","max-image-preview":"max-image-preview:large","max-video-preview":"max-video-preview:-1"},"canonical":"https:\/\/amdcomval.com\/los-medios-digitales-disfrutan-de-las-fallas-gracias-a-la-amdcomval-y-horchata-chufi\/","og_locale":"en_US","og_type":"article","og_title":"Los medios digitales disfrutan de las Fallas gracias a la AMDComVal y Horchata Chufi - AMDComVal - Associaci\u00f3 de Mitjans Digitals de la Comunitat Valenciana","og_description":"Los medios que integran la Asociaci\u00f3n de Medios Digitales de la Comunitat Valenciana han participado hoy en el estreno del Chufibus, de Horchatas Chufi, que volver\u00e1 a recorrer la ciudad de Valencia y acercar\u00e1 las fallas a turistas y visitantes. Una jornada en compa\u00f1\u00eda de diversos medios que integran la asociaci\u00f3n que se ha iniciado [&hellip;]","og_url":"https:\/\/amdcomval.com\/los-medios-digitales-disfrutan-de-las-fallas-gracias-a-la-amdcomval-y-horchata-chufi\/","og_site_name":"AMDComVal - Associaci\u00f3 de Mitjans Digitals de la Comunitat Valenciana","article_publisher":"https:\/\/www.facebook.com\/Associaci-De-Mitjans-Digitals-238717099544439\/","article_published_time":"2014-03-14T12:34:03+00:00","og_image":[{"width":620,"height":392,"url":"https:\/\/amdcomval.com\/wp-content\/uploads\/2014\/03\/Hortanoticias.-Ruta-Fallera.jpg","type":"image\/jpeg"}],"author":"AMDComVal","twitter_card":"summary_large_image","twitter_creator":"@AMDComVal","twitter_site":"@AMDComVal","twitter_misc":{"Written by":"AMDComVal","Est. reading time":"1 minute"},"schema":{"@context":"https:\/\/schema.org","@graph":[{"@type":"Article","@id":"https:\/\/amdcomval.com\/los-medios-digitales-disfrutan-de-las-fallas-gracias-a-la-amdcomval-y-horchata-chufi\/#article","isPartOf":{"@id":"https:\/\/amdcomval.com\/los-medios-digitales-disfrutan-de-las-fallas-gracias-a-la-amdcomval-y-horchata-chufi\/"},"author":{"name":"AMDComVal","@id":"https:\/\/amdcomval.com\/#\/schema\/person\/f15529598c810a38625abf10fd5bda3a"},"headline":"Los medios digitales disfrutan de las Fallas gracias a la AMDComVal y Horchata Chufi","datePublished":"2014-03-14T12:34:03+00:00","mainEntityOfPage":{"@id":"https:\/\/amdcomval.com\/los-medios-digitales-disfrutan-de-las-fallas-gracias-a-la-amdcomval-y-horchata-chufi\/"},"wordCount":306,"commentCount":0,"publisher":{"@id":"https:\/\/amdcomval.com\/#organization"},"image":{"@id":"https:\/\/amdcomval.com\/los-medios-digitales-disfrutan-de-las-fallas-gracias-a-la-amdcomval-y-horchata-chufi\/#primaryimage"},"thumbnailUrl":"https:\/\/amdcomval.com\/wp-content\/uploads\/2014\/03\/Hortanoticias.-Ruta-Fallera.jpg","keywords":["amdcomval"],"articleSection":["Blog"],"inLanguage":"val","potentialAction":[{"@type":"CommentAction","name":"Comment","target":["https:\/\/amdcomval.com\/los-medios-digitales-disfrutan-de-las-fallas-gracias-a-la-amdcomval-y-horchata-chufi\/#respond"]}]},{"@type":"WebPage","@id":"https:\/\/amdcomval.com\/los-medios-digitales-disfrutan-de-las-fallas-gracias-a-la-amdcomval-y-horchata-chufi\/","url":"https:\/\/amdcomval.com\/los-medios-digitales-disfrutan-de-las-fallas-gracias-a-la-amdcomval-y-horchata-chufi\/","name":"Los medios digitales disfrutan de las Fallas gracias a la AMDComVal y Horchata Chufi - AMDComVal - Associaci\u00f3 de Mitjans Digitals de la Comunitat Valenciana","isPartOf":{"@id":"https:\/\/amdcomval.com\/#website"},"primaryImageOfPage":{"@id":"https:\/\/amdcomval.com\/los-medios-digitales-disfrutan-de-las-fallas-gracias-a-la-amdcomval-y-horchata-chufi\/#primaryimage"},"image":{"@id":"https:\/\/amdcomval.com\/los-medios-digitales-disfrutan-de-las-fallas-gracias-a-la-amdcomval-y-horchata-chufi\/#primaryimage"},"thumbnailUrl":"https:\/\/amdcomval.com\/wp-content\/uploads\/2014\/03\/Hortanoticias.-Ruta-Fallera.jpg","datePublished":"2014-03-14T12:34:03+00:00","breadcrumb":{"@id":"https:\/\/amdcomval.com\/los-medios-digitales-disfrutan-de-las-fallas-gracias-a-la-amdcomval-y-horchata-chufi\/#breadcrumb"},"inLanguage":"val","potentialAction":[{"@type":"ReadAction","target":["https:\/\/amdcomval.com\/los-medios-digitales-disfrutan-de-las-fallas-gracias-a-la-amdcomval-y-horchata-chufi\/"]}]},{"@type":"ImageObject","inLanguage":"val","@id":"https:\/\/amdcomval.com\/los-medios-digitales-disfrutan-de-las-fallas-gracias-a-la-amdcomval-y-horchata-chufi\/#primaryimage","url":"https:\/\/amdcomval.com\/wp-content\/uploads\/2014\/03\/Hortanoticias.-Ruta-Fallera.jpg","contentUrl":"https:\/\/amdcomval.com\/wp-content\/uploads\/2014\/03\/Hortanoticias.-Ruta-Fallera.jpg","width":620,"height":392},{"@type":"BreadcrumbList","@id":"https:\/\/amdcomval.com\/los-medios-digitales-disfrutan-de-las-fallas-gracias-a-la-amdcomval-y-horchata-chufi\/#breadcrumb","itemListElement":[{"@type":"ListItem","position":1,"name":"Portada","item":"https:\/\/amdcomval.com\/val\/"},{"@type":"ListItem","position":2,"name":"Los medios digitales disfrutan de las Fallas gracias a la AMDComVal y Horchata Chufi"}]},{"@type":"WebSite","@id":"https:\/\/amdcomval.com\/#website","url":"https:\/\/amdcomval.com\/","name":"AMDComVal - Associaci\u00f3 de Mitjans Digitals de la Comunitat Valenciana","description":"Web oficial de la Associaci\u00f3 de Mitjans Digitals de la Comunitat Valenciana (AMDComVal). Por la profesionalizaci\u00f3n y dignificaci\u00f3n de los medios de comunicaci\u00f3n digital","publisher":{"@id":"https:\/\/amdcomval.com\/#organization"},"potentialAction":[{"@type":"SearchAction","target":{"@type":"EntryPoint","urlTemplate":"https:\/\/amdcomval.com\/?s={search_term_string}"},"query-input":{"@type":"PropertyValueSpecification","valueRequired":true,"valueName":"search_term_string"}}],"inLanguage":"val"},{"@type":"Organization","@id":"https:\/\/amdcomval.com\/#organization","name":"AMDComVal - Associaci\u00f3 de Mitjans Digitals de la Comunitat Valenciana","url":"https:\/\/amdcomval.com\/","logo":{"@type":"ImageObject","inLanguage":"val","@id":"https:\/\/amdcomval.com\/#\/schema\/logo\/image\/","url":"https:\/\/amdcomval.com\/wp-content\/uploads\/2025\/10\/AMDComVal-logo-horizontal-2.png","contentUrl":"https:\/\/amdcomval.com\/wp-content\/uploads\/2025\/10\/AMDComVal-logo-horizontal-2.png","width":2560,"height":936,"caption":"AMDComVal - Associaci\u00f3 de Mitjans Digitals de la Comunitat Valenciana"},"image":{"@id":"https:\/\/amdcomval.com\/#\/schema\/logo\/image\/"},"sameAs":["https:\/\/www.facebook.com\/Associaci-De-Mitjans-Digitals-238717099544439\/","https:\/\/x.com\/AMDComVal","https:\/\/www.linkedin.com\/groups\/3150654\/"]},{"@type":"Person","@id":"https:\/\/amdcomval.com\/#\/schema\/person\/f15529598c810a38625abf10fd5bda3a","name":"AMDComVal","url":"https:\/\/amdcomval.com\/val\/author\/amdcomval\/"}]}},"_links":{"self":[{"href":"https:\/\/amdcomval.com\/val\/wp-json\/wp\/v2\/posts\/1000","targetHints":{"allow":["GET"]}}],"collection":[{"href":"https:\/\/amdcomval.com\/val\/wp-json\/wp\/v2\/posts"}],"about":[{"href":"https:\/\/amdcomval.com\/val\/wp-json\/wp\/v2\/types\/post"}],"author":[{"embeddable":true,"href":"https:\/\/amdcomval.com\/val\/wp-json\/wp\/v2\/users\/4"}],"replies":[{"embeddable":true,"href":"https:\/\/amdcomval.com\/val\/wp-json\/wp\/v2\/comments?post=1000"}],"version-history":[{"count":0,"href":"https:\/\/amdcomval.com\/val\/wp-json\/wp\/v2\/posts\/1000\/revisions"}],"wp:featuredmedia":[{"embeddable":true,"href":"https:\/\/amdcomval.com\/val\/wp-json\/wp\/v2\/media\/1002"}],"wp:attachment":[{"href":"https:\/\/amdcomval.com\/val\/wp-json\/wp\/v2\/media?parent=1000"}],"wp:term":[{"taxonomy":"category","embeddable":true,"href":"https:\/\/amdcomval.com\/val\/wp-json\/wp\/v2\/categories?post=1000"},{"taxonomy":"post_tag","embeddable":true,"href":"https:\/\/amdcomval.com\/val\/wp-json\/wp\/v2\/tags?post=1000"}],"curies":[{"name":"wp","href":"https:\/\/api.w.org\/{rel}","templated":true}]}}