{"id":1116,"date":"2016-08-01T11:38:39","date_gmt":"2016-08-01T11:38:39","guid":{"rendered":"https:\/\/www.amdcomval.com\/?p=1116"},"modified":"2016-08-01T11:38:39","modified_gmt":"2016-08-01T11:38:39","slug":"indumentat-y-diari-digital-se-incorporan-a-la-asociacion-de-medios-digitales-de-la-comunidad-valenciana","status":"publish","type":"post","link":"https:\/\/amdcomval.com\/val\/indumentat-y-diari-digital-se-incorporan-a-la-asociacion-de-medios-digitales-de-la-comunidad-valenciana\/","title":{"rendered":"Indumentat y Diari Digital se incorporan a la Asociaci\u00f3n de Medios Digitales de la Comunidad Valenciana"},"content":{"rendered":"<p>La\u00a0<strong>Asociaci\u00f3n\u00a0de Medios Digitales de la Comunidad Valenciana<\/strong>\u00a0(<a href=\"https:\/\/amdcomval.com\/\">AMDComVal<\/a>) sigue trabajando para incorporar nuevos asociados con el objetivo de seguir trabajando para ayudar, potenciar y prestigiar a los medios digitales de Alicante, Castell\u00f3n y Valencia.Con este objetivo, AMDComVal da la bienvenida a dos nuevos portales: <strong>Indumentat <\/strong>y<strong> Diari Digital<\/strong>.<\/p>\n<p><img loading=\"lazy\" decoding=\"async\" class=\"aligncenter size-large wp-image-1117\" src=\"https:\/\/amdcomval.com\/wp-content\/uploads\/2016\/08\/Indumentat.-Incorporracion-AMDComVal-1024x683.jpg\"  width=\"669\" height=\"446\" srcset=\"https:\/\/amdcomval.com\/wp-content\/uploads\/2016\/08\/Indumentat.-Incorporracion-AMDComVal-1024x683.jpg 1024w, https:\/\/amdcomval.com\/wp-content\/uploads\/2016\/08\/Indumentat.-Incorporracion-AMDComVal-300x200.jpg 300w, https:\/\/amdcomval.com\/wp-content\/uploads\/2016\/08\/Indumentat.-Incorporracion-AMDComVal-768x512.jpg 768w, https:\/\/amdcomval.com\/wp-content\/uploads\/2016\/08\/Indumentat.-Incorporracion-AMDComVal-1536x1024.jpg 1536w, https:\/\/amdcomval.com\/wp-content\/uploads\/2016\/08\/Indumentat.-Incorporracion-AMDComVal-2048x1365.jpg 2048w, https:\/\/amdcomval.com\/wp-content\/uploads\/2016\/08\/Indumentat.-Incorporracion-AMDComVal-1080x720.jpg 1080w, https:\/\/amdcomval.com\/wp-content\/uploads\/2016\/08\/Indumentat.-Incorporracion-AMDComVal-1280x854.jpg 1280w, https:\/\/amdcomval.com\/wp-content\/uploads\/2016\/08\/Indumentat.-Incorporracion-AMDComVal-980x653.jpg 980w, https:\/\/amdcomval.com\/wp-content\/uploads\/2016\/08\/Indumentat.-Incorporracion-AMDComVal-480x320.jpg 480w\" sizes=\"(max-width: 669px) 100vw, 669px\" \/><\/p>\n<p><strong>Indumentat <\/strong>(<a href=\"http:\/\/www.indumentat.com\">www.indumentat.com<\/a>), es la primera revista digital que nace del inter\u00e9s de mostrar la realidad de la moda valenciana y sus complementos. El portal creado hace m\u00e1s de un a\u00f1o por Amparo Soriano y M\u00f3nica Antequera se ha convertido en tan poco tiempo en un refente en el mundo de la indumentaria valenciana. Indumentat cuenta ya con m\u00e1s de 3.700 seguidores en facebook (<a href=\"https:\/\/www.facebook.com\/Indumentat\">https:\/\/www.facebook.com\/Indumentat<\/a>) y con m\u00e1s 400 seguidores en twitter (<a href=\"http:\/\/twitter.com\/Indumentat\">http:\/\/twitter.com\/Indumentat<\/a>).<\/p>\n<p>El otro portal que se incorpora a la asociaci\u00f3n es <strong>Diari Digital<\/strong> (<a href=\"http:\/\/diaridigital.es\">http:\/\/diaridigital.es<\/a>). El Diari Digital, portal creado por Gin\u00e9s Medina, es un peri\u00f3dico de noticias y actualidad de X\u00e0tiva, la Costera, la Canal de Navarr\u00e9s y la Vall d&#8217;Albaida, con informaci\u00f3n actualizada cada d\u00eda. Desde su nacimiento, Diari Digital ya cuenta con cerca de 3.000 seguidores en facebook (<a href=\"https:\/\/www.facebook.com\/Diaridigital.es\">https:\/\/www.facebook.com\/Diaridigital.es<\/a>) y con m\u00e1s de 350 seguidores en twitter (<a href=\"https:\/\/twitter.com\/diarixativa\" target=\"_blank\">https:\/\/twitter.com\/diarixativa<\/a>)<\/p>\n<p>Con estas incorporaciones, la <strong>AMDComVal<\/strong> ya cuenta con 20 asociados de las tres provincias de la Comunitat Valenciana mientras sigue trabajando en la incorporaci\u00f3n de nuevos medios de comunicaci\u00f3n que han solicitado su incorporaci\u00f3n para as\u00ed seguir \u00a0manteniendo su m\u00fasculo y capacidad de crecimiento.<\/p>\n<p>El presidente de AMDComVal, Manuel Furi\u00f3, ha dado la bienvenida a este nuevo medio de comunicaci\u00f3n, y ha asegurado que este es el camino\u00a0 a seguir por la <strong><em>AMDComVal<\/em><\/strong>.<\/p>\n<p>\u201cPoco a poco la<strong> <em>Asociaci\u00f3n de Medios Digitales de la Comunitat Valenciana<\/em><\/strong> va ampliando su potencial y adquiriendo mayor fuerza para trabajar por los medios digitales, pese a lo complicado de la situaci\u00f3n en el mundo del periodismo\u201d, seg\u00fan ha explicado el presidente.<\/p>\n","protected":false},"excerpt":{"rendered":"<p>La\u00a0Asociaci\u00f3n\u00a0de Medios Digitales de la Comunidad Valenciana\u00a0(AMDComVal) sigue trabajando para incorporar nuevos asociados con el objetivo de seguir trabajando para ayudar, potenciar y prestigiar a los medios digitales de Alicante, Castell\u00f3n y Valencia.Con este objetivo, AMDComVal da la bienvenida a dos nuevos portales: Indumentat y Diari Digital. Indumentat (www.indumentat.com), es la primera revista digital que [&hellip;]<\/p>\n","protected":false},"author":4,"featured_media":1117,"comment_status":"open","ping_status":"open","sticky":false,"template":"","format":"standard","meta":{"_acf_changed":false,"footnotes":""},"categories":[17],"tags":[12,59,302,303,304],"class_list":["post-1116","post","type-post","status-publish","format-standard","has-post-thumbnail","hentry","category-blog","tag-amdcomval","tag-asociacion-de-medios-digitales-de-la-comunidad-valenciana","tag-diari-digital","tag-indumentat","tag-nuevos-asociados"],"acf":[],"yoast_head":"<!-- This site is optimized with the Yoast SEO plugin v26.3 - https:\/\/yoast.com\/wordpress\/plugins\/seo\/ -->\n<title>Indumentat y Diari Digital se incorporan a la Asociaci\u00f3n de Medios Digitales de la Comunidad Valenciana - AMDComVal - Associaci\u00f3 de Mitjans Digitals de la Comunitat Valenciana<\/title>\n<meta name=\"robots\" content=\"index, follow, max-snippet:-1, max-image-preview:large, max-video-preview:-1\" \/>\n<link rel=\"canonical\" href=\"https:\/\/amdcomval.com\/indumentat-y-diari-digital-se-incorporan-a-la-asociacion-de-medios-digitales-de-la-comunidad-valenciana\/\" \/>\n<meta property=\"og:locale\" content=\"en_US\" \/>\n<meta property=\"og:type\" content=\"article\" \/>\n<meta property=\"og:title\" content=\"Indumentat y Diari Digital se incorporan a la Asociaci\u00f3n de Medios Digitales de la Comunidad Valenciana - AMDComVal - Associaci\u00f3 de Mitjans Digitals de la Comunitat Valenciana\" \/>\n<meta property=\"og:description\" content=\"La\u00a0Asociaci\u00f3n\u00a0de Medios Digitales de la Comunidad Valenciana\u00a0(AMDComVal) sigue trabajando para incorporar nuevos asociados con el objetivo de seguir trabajando para ayudar, potenciar y prestigiar a los medios digitales de Alicante, Castell\u00f3n y Valencia.Con este objetivo, AMDComVal da la bienvenida a dos nuevos portales: Indumentat y Diari Digital. Indumentat (www.indumentat.com), es la primera revista digital que [&hellip;]\" \/>\n<meta property=\"og:url\" content=\"https:\/\/amdcomval.com\/indumentat-y-diari-digital-se-incorporan-a-la-asociacion-de-medios-digitales-de-la-comunidad-valenciana\/\" \/>\n<meta property=\"og:site_name\" content=\"AMDComVal - Associaci\u00f3 de Mitjans Digitals de la Comunitat Valenciana\" \/>\n<meta property=\"article:publisher\" content=\"https:\/\/www.facebook.com\/Associaci-De-Mitjans-Digitals-238717099544439\/\" \/>\n<meta property=\"article:published_time\" content=\"2016-08-01T11:38:39+00:00\" \/>\n<meta property=\"og:image\" content=\"https:\/\/amdcomval.com\/wp-content\/uploads\/2016\/08\/Indumentat.-Incorporracion-AMDComVal-scaled.jpg\" \/>\n\t<meta property=\"og:image:width\" content=\"2560\" \/>\n\t<meta property=\"og:image:height\" content=\"1707\" \/>\n\t<meta property=\"og:image:type\" content=\"image\/jpeg\" \/>\n<meta name=\"author\" content=\"AMDComVal\" \/>\n<meta name=\"twitter:card\" content=\"summary_large_image\" \/>\n<meta name=\"twitter:creator\" content=\"@AMDComVal\" \/>\n<meta name=\"twitter:site\" content=\"@AMDComVal\" \/>\n<meta name=\"twitter:label1\" content=\"Written by\" \/>\n\t<meta name=\"twitter:data1\" content=\"AMDComVal\" \/>\n\t<meta name=\"twitter:label2\" content=\"Est. reading time\" \/>\n\t<meta name=\"twitter:data2\" content=\"2 minutes\" \/>\n<script type=\"application\/ld+json\" class=\"yoast-schema-graph\">{\"@context\":\"https:\/\/schema.org\",\"@graph\":[{\"@type\":\"Article\",\"@id\":\"https:\/\/amdcomval.com\/indumentat-y-diari-digital-se-incorporan-a-la-asociacion-de-medios-digitales-de-la-comunidad-valenciana\/#article\",\"isPartOf\":{\"@id\":\"https:\/\/amdcomval.com\/indumentat-y-diari-digital-se-incorporan-a-la-asociacion-de-medios-digitales-de-la-comunidad-valenciana\/\"},\"author\":{\"name\":\"AMDComVal\",\"@id\":\"https:\/\/amdcomval.com\/#\/schema\/person\/f15529598c810a38625abf10fd5bda3a\"},\"headline\":\"Indumentat y Diari Digital se incorporan a la Asociaci\u00f3n de Medios Digitales de la Comunidad Valenciana\",\"datePublished\":\"2016-08-01T11:38:39+00:00\",\"mainEntityOfPage\":{\"@id\":\"https:\/\/amdcomval.com\/indumentat-y-diari-digital-se-incorporan-a-la-asociacion-de-medios-digitales-de-la-comunidad-valenciana\/\"},\"wordCount\":363,\"commentCount\":0,\"publisher\":{\"@id\":\"https:\/\/amdcomval.com\/#organization\"},\"image\":{\"@id\":\"https:\/\/amdcomval.com\/indumentat-y-diari-digital-se-incorporan-a-la-asociacion-de-medios-digitales-de-la-comunidad-valenciana\/#primaryimage\"},\"thumbnailUrl\":\"https:\/\/amdcomval.com\/wp-content\/uploads\/2016\/08\/Indumentat.-Incorporracion-AMDComVal-scaled.jpg\",\"keywords\":[\"amdcomval\",\"Asociaci\u00f3n de Medios Digitales de la Comunidad Valenciana\",\"Diari Digital\",\"Indumentat\",\"nuevos asociados\"],\"articleSection\":[\"Blog\"],\"inLanguage\":\"val\",\"potentialAction\":[{\"@type\":\"CommentAction\",\"name\":\"Comment\",\"target\":[\"https:\/\/amdcomval.com\/indumentat-y-diari-digital-se-incorporan-a-la-asociacion-de-medios-digitales-de-la-comunidad-valenciana\/#respond\"]}]},{\"@type\":\"WebPage\",\"@id\":\"https:\/\/amdcomval.com\/indumentat-y-diari-digital-se-incorporan-a-la-asociacion-de-medios-digitales-de-la-comunidad-valenciana\/\",\"url\":\"https:\/\/amdcomval.com\/indumentat-y-diari-digital-se-incorporan-a-la-asociacion-de-medios-digitales-de-la-comunidad-valenciana\/\",\"name\":\"Indumentat y Diari Digital se incorporan a la Asociaci\u00f3n de Medios Digitales de la Comunidad Valenciana - AMDComVal - Associaci\u00f3 de Mitjans Digitals de la Comunitat Valenciana\",\"isPartOf\":{\"@id\":\"https:\/\/amdcomval.com\/#website\"},\"primaryImageOfPage\":{\"@id\":\"https:\/\/amdcomval.com\/indumentat-y-diari-digital-se-incorporan-a-la-asociacion-de-medios-digitales-de-la-comunidad-valenciana\/#primaryimage\"},\"image\":{\"@id\":\"https:\/\/amdcomval.com\/indumentat-y-diari-digital-se-incorporan-a-la-asociacion-de-medios-digitales-de-la-comunidad-valenciana\/#primaryimage\"},\"thumbnailUrl\":\"https:\/\/amdcomval.com\/wp-content\/uploads\/2016\/08\/Indumentat.-Incorporracion-AMDComVal-scaled.jpg\",\"datePublished\":\"2016-08-01T11:38:39+00:00\",\"breadcrumb\":{\"@id\":\"https:\/\/amdcomval.com\/indumentat-y-diari-digital-se-incorporan-a-la-asociacion-de-medios-digitales-de-la-comunidad-valenciana\/#breadcrumb\"},\"inLanguage\":\"val\",\"potentialAction\":[{\"@type\":\"ReadAction\",\"target\":[\"https:\/\/amdcomval.com\/indumentat-y-diari-digital-se-incorporan-a-la-asociacion-de-medios-digitales-de-la-comunidad-valenciana\/\"]}]},{\"@type\":\"ImageObject\",\"inLanguage\":\"val\",\"@id\":\"https:\/\/amdcomval.com\/indumentat-y-diari-digital-se-incorporan-a-la-asociacion-de-medios-digitales-de-la-comunidad-valenciana\/#primaryimage\",\"url\":\"https:\/\/amdcomval.com\/wp-content\/uploads\/2016\/08\/Indumentat.-Incorporracion-AMDComVal-scaled.jpg\",\"contentUrl\":\"https:\/\/amdcomval.com\/wp-content\/uploads\/2016\/08\/Indumentat.-Incorporracion-AMDComVal-scaled.jpg\",\"width\":2560,\"height\":1707,\"caption\":\"Indumentat. Incorporacion AMDComVal\"},{\"@type\":\"BreadcrumbList\",\"@id\":\"https:\/\/amdcomval.com\/indumentat-y-diari-digital-se-incorporan-a-la-asociacion-de-medios-digitales-de-la-comunidad-valenciana\/#breadcrumb\",\"itemListElement\":[{\"@type\":\"ListItem\",\"position\":1,\"name\":\"Portada\",\"item\":\"https:\/\/amdcomval.com\/val\/\"},{\"@type\":\"ListItem\",\"position\":2,\"name\":\"Indumentat y Diari Digital se incorporan a la Asociaci\u00f3n de Medios Digitales de la Comunidad Valenciana\"}]},{\"@type\":\"WebSite\",\"@id\":\"https:\/\/amdcomval.com\/#website\",\"url\":\"https:\/\/amdcomval.com\/\",\"name\":\"AMDComVal - Associaci\u00f3 de Mitjans Digitals de la Comunitat Valenciana\",\"description\":\"Web oficial de la Associaci\u00f3 de Mitjans Digitals de la Comunitat Valenciana (AMDComVal). Por la profesionalizaci\u00f3n y dignificaci\u00f3n de los medios de comunicaci\u00f3n digital\",\"publisher\":{\"@id\":\"https:\/\/amdcomval.com\/#organization\"},\"potentialAction\":[{\"@type\":\"SearchAction\",\"target\":{\"@type\":\"EntryPoint\",\"urlTemplate\":\"https:\/\/amdcomval.com\/?s={search_term_string}\"},\"query-input\":{\"@type\":\"PropertyValueSpecification\",\"valueRequired\":true,\"valueName\":\"search_term_string\"}}],\"inLanguage\":\"val\"},{\"@type\":\"Organization\",\"@id\":\"https:\/\/amdcomval.com\/#organization\",\"name\":\"AMDComVal - Associaci\u00f3 de Mitjans Digitals de la Comunitat Valenciana\",\"url\":\"https:\/\/amdcomval.com\/\",\"logo\":{\"@type\":\"ImageObject\",\"inLanguage\":\"val\",\"@id\":\"https:\/\/amdcomval.com\/#\/schema\/logo\/image\/\",\"url\":\"https:\/\/amdcomval.com\/wp-content\/uploads\/2025\/10\/AMDComVal-logo-horizontal-2.png\",\"contentUrl\":\"https:\/\/amdcomval.com\/wp-content\/uploads\/2025\/10\/AMDComVal-logo-horizontal-2.png\",\"width\":2560,\"height\":936,\"caption\":\"AMDComVal - Associaci\u00f3 de Mitjans Digitals de la Comunitat Valenciana\"},\"image\":{\"@id\":\"https:\/\/amdcomval.com\/#\/schema\/logo\/image\/\"},\"sameAs\":[\"https:\/\/www.facebook.com\/Associaci-De-Mitjans-Digitals-238717099544439\/\",\"https:\/\/x.com\/AMDComVal\",\"https:\/\/www.linkedin.com\/groups\/3150654\/\"]},{\"@type\":\"Person\",\"@id\":\"https:\/\/amdcomval.com\/#\/schema\/person\/f15529598c810a38625abf10fd5bda3a\",\"name\":\"AMDComVal\",\"url\":\"https:\/\/amdcomval.com\/val\/author\/amdcomval\/\"}]}<\/script>\n<!-- \/ Yoast SEO plugin. -->","yoast_head_json":{"title":"Indumentat y Diari Digital se incorporan a la Asociaci\u00f3n de Medios Digitales de la Comunidad Valenciana - AMDComVal - Associaci\u00f3 de Mitjans Digitals de la Comunitat Valenciana","robots":{"index":"index","follow":"follow","max-snippet":"max-snippet:-1","max-image-preview":"max-image-preview:large","max-video-preview":"max-video-preview:-1"},"canonical":"https:\/\/amdcomval.com\/indumentat-y-diari-digital-se-incorporan-a-la-asociacion-de-medios-digitales-de-la-comunidad-valenciana\/","og_locale":"en_US","og_type":"article","og_title":"Indumentat y Diari Digital se incorporan a la Asociaci\u00f3n de Medios Digitales de la Comunidad Valenciana - AMDComVal - Associaci\u00f3 de Mitjans Digitals de la Comunitat Valenciana","og_description":"La\u00a0Asociaci\u00f3n\u00a0de Medios Digitales de la Comunidad Valenciana\u00a0(AMDComVal) sigue trabajando para incorporar nuevos asociados con el objetivo de seguir trabajando para ayudar, potenciar y prestigiar a los medios digitales de Alicante, Castell\u00f3n y Valencia.Con este objetivo, AMDComVal da la bienvenida a dos nuevos portales: Indumentat y Diari Digital. Indumentat (www.indumentat.com), es la primera revista digital que [&hellip;]","og_url":"https:\/\/amdcomval.com\/indumentat-y-diari-digital-se-incorporan-a-la-asociacion-de-medios-digitales-de-la-comunidad-valenciana\/","og_site_name":"AMDComVal - Associaci\u00f3 de Mitjans Digitals de la Comunitat Valenciana","article_publisher":"https:\/\/www.facebook.com\/Associaci-De-Mitjans-Digitals-238717099544439\/","article_published_time":"2016-08-01T11:38:39+00:00","og_image":[{"width":2560,"height":1707,"url":"https:\/\/amdcomval.com\/wp-content\/uploads\/2016\/08\/Indumentat.-Incorporracion-AMDComVal-scaled.jpg","type":"image\/jpeg"}],"author":"AMDComVal","twitter_card":"summary_large_image","twitter_creator":"@AMDComVal","twitter_site":"@AMDComVal","twitter_misc":{"Written by":"AMDComVal","Est. reading time":"2 minutes"},"schema":{"@context":"https:\/\/schema.org","@graph":[{"@type":"Article","@id":"https:\/\/amdcomval.com\/indumentat-y-diari-digital-se-incorporan-a-la-asociacion-de-medios-digitales-de-la-comunidad-valenciana\/#article","isPartOf":{"@id":"https:\/\/amdcomval.com\/indumentat-y-diari-digital-se-incorporan-a-la-asociacion-de-medios-digitales-de-la-comunidad-valenciana\/"},"author":{"name":"AMDComVal","@id":"https:\/\/amdcomval.com\/#\/schema\/person\/f15529598c810a38625abf10fd5bda3a"},"headline":"Indumentat y Diari Digital se incorporan a la Asociaci\u00f3n de Medios Digitales de la Comunidad Valenciana","datePublished":"2016-08-01T11:38:39+00:00","mainEntityOfPage":{"@id":"https:\/\/amdcomval.com\/indumentat-y-diari-digital-se-incorporan-a-la-asociacion-de-medios-digitales-de-la-comunidad-valenciana\/"},"wordCount":363,"commentCount":0,"publisher":{"@id":"https:\/\/amdcomval.com\/#organization"},"image":{"@id":"https:\/\/amdcomval.com\/indumentat-y-diari-digital-se-incorporan-a-la-asociacion-de-medios-digitales-de-la-comunidad-valenciana\/#primaryimage"},"thumbnailUrl":"https:\/\/amdcomval.com\/wp-content\/uploads\/2016\/08\/Indumentat.-Incorporracion-AMDComVal-scaled.jpg","keywords":["amdcomval","Asociaci\u00f3n de Medios Digitales de la Comunidad Valenciana","Diari Digital","Indumentat","nuevos asociados"],"articleSection":["Blog"],"inLanguage":"val","potentialAction":[{"@type":"CommentAction","name":"Comment","target":["https:\/\/amdcomval.com\/indumentat-y-diari-digital-se-incorporan-a-la-asociacion-de-medios-digitales-de-la-comunidad-valenciana\/#respond"]}]},{"@type":"WebPage","@id":"https:\/\/amdcomval.com\/indumentat-y-diari-digital-se-incorporan-a-la-asociacion-de-medios-digitales-de-la-comunidad-valenciana\/","url":"https:\/\/amdcomval.com\/indumentat-y-diari-digital-se-incorporan-a-la-asociacion-de-medios-digitales-de-la-comunidad-valenciana\/","name":"Indumentat y Diari Digital se incorporan a la Asociaci\u00f3n de Medios Digitales de la Comunidad Valenciana - AMDComVal - Associaci\u00f3 de Mitjans Digitals de la Comunitat Valenciana","isPartOf":{"@id":"https:\/\/amdcomval.com\/#website"},"primaryImageOfPage":{"@id":"https:\/\/amdcomval.com\/indumentat-y-diari-digital-se-incorporan-a-la-asociacion-de-medios-digitales-de-la-comunidad-valenciana\/#primaryimage"},"image":{"@id":"https:\/\/amdcomval.com\/indumentat-y-diari-digital-se-incorporan-a-la-asociacion-de-medios-digitales-de-la-comunidad-valenciana\/#primaryimage"},"thumbnailUrl":"https:\/\/amdcomval.com\/wp-content\/uploads\/2016\/08\/Indumentat.-Incorporracion-AMDComVal-scaled.jpg","datePublished":"2016-08-01T11:38:39+00:00","breadcrumb":{"@id":"https:\/\/amdcomval.com\/indumentat-y-diari-digital-se-incorporan-a-la-asociacion-de-medios-digitales-de-la-comunidad-valenciana\/#breadcrumb"},"inLanguage":"val","potentialAction":[{"@type":"ReadAction","target":["https:\/\/amdcomval.com\/indumentat-y-diari-digital-se-incorporan-a-la-asociacion-de-medios-digitales-de-la-comunidad-valenciana\/"]}]},{"@type":"ImageObject","inLanguage":"val","@id":"https:\/\/amdcomval.com\/indumentat-y-diari-digital-se-incorporan-a-la-asociacion-de-medios-digitales-de-la-comunidad-valenciana\/#primaryimage","url":"https:\/\/amdcomval.com\/wp-content\/uploads\/2016\/08\/Indumentat.-Incorporracion-AMDComVal-scaled.jpg","contentUrl":"https:\/\/amdcomval.com\/wp-content\/uploads\/2016\/08\/Indumentat.-Incorporracion-AMDComVal-scaled.jpg","width":2560,"height":1707,"caption":"Indumentat. Incorporacion AMDComVal"},{"@type":"BreadcrumbList","@id":"https:\/\/amdcomval.com\/indumentat-y-diari-digital-se-incorporan-a-la-asociacion-de-medios-digitales-de-la-comunidad-valenciana\/#breadcrumb","itemListElement":[{"@type":"ListItem","position":1,"name":"Portada","item":"https:\/\/amdcomval.com\/val\/"},{"@type":"ListItem","position":2,"name":"Indumentat y Diari Digital se incorporan a la Asociaci\u00f3n de Medios Digitales de la Comunidad Valenciana"}]},{"@type":"WebSite","@id":"https:\/\/amdcomval.com\/#website","url":"https:\/\/amdcomval.com\/","name":"AMDComVal - Associaci\u00f3 de Mitjans Digitals de la Comunitat Valenciana","description":"Web oficial de la Associaci\u00f3 de Mitjans Digitals de la Comunitat Valenciana (AMDComVal). Por la profesionalizaci\u00f3n y dignificaci\u00f3n de los medios de comunicaci\u00f3n digital","publisher":{"@id":"https:\/\/amdcomval.com\/#organization"},"potentialAction":[{"@type":"SearchAction","target":{"@type":"EntryPoint","urlTemplate":"https:\/\/amdcomval.com\/?s={search_term_string}"},"query-input":{"@type":"PropertyValueSpecification","valueRequired":true,"valueName":"search_term_string"}}],"inLanguage":"val"},{"@type":"Organization","@id":"https:\/\/amdcomval.com\/#organization","name":"AMDComVal - Associaci\u00f3 de Mitjans Digitals de la Comunitat Valenciana","url":"https:\/\/amdcomval.com\/","logo":{"@type":"ImageObject","inLanguage":"val","@id":"https:\/\/amdcomval.com\/#\/schema\/logo\/image\/","url":"https:\/\/amdcomval.com\/wp-content\/uploads\/2025\/10\/AMDComVal-logo-horizontal-2.png","contentUrl":"https:\/\/amdcomval.com\/wp-content\/uploads\/2025\/10\/AMDComVal-logo-horizontal-2.png","width":2560,"height":936,"caption":"AMDComVal - Associaci\u00f3 de Mitjans Digitals de la Comunitat Valenciana"},"image":{"@id":"https:\/\/amdcomval.com\/#\/schema\/logo\/image\/"},"sameAs":["https:\/\/www.facebook.com\/Associaci-De-Mitjans-Digitals-238717099544439\/","https:\/\/x.com\/AMDComVal","https:\/\/www.linkedin.com\/groups\/3150654\/"]},{"@type":"Person","@id":"https:\/\/amdcomval.com\/#\/schema\/person\/f15529598c810a38625abf10fd5bda3a","name":"AMDComVal","url":"https:\/\/amdcomval.com\/val\/author\/amdcomval\/"}]}},"_links":{"self":[{"href":"https:\/\/amdcomval.com\/val\/wp-json\/wp\/v2\/posts\/1116","targetHints":{"allow":["GET"]}}],"collection":[{"href":"https:\/\/amdcomval.com\/val\/wp-json\/wp\/v2\/posts"}],"about":[{"href":"https:\/\/amdcomval.com\/val\/wp-json\/wp\/v2\/types\/post"}],"author":[{"embeddable":true,"href":"https:\/\/amdcomval.com\/val\/wp-json\/wp\/v2\/users\/4"}],"replies":[{"embeddable":true,"href":"https:\/\/amdcomval.com\/val\/wp-json\/wp\/v2\/comments?post=1116"}],"version-history":[{"count":0,"href":"https:\/\/amdcomval.com\/val\/wp-json\/wp\/v2\/posts\/1116\/revisions"}],"wp:featuredmedia":[{"embeddable":true,"href":"https:\/\/amdcomval.com\/val\/wp-json\/wp\/v2\/media\/1117"}],"wp:attachment":[{"href":"https:\/\/amdcomval.com\/val\/wp-json\/wp\/v2\/media?parent=1116"}],"wp:term":[{"taxonomy":"category","embeddable":true,"href":"https:\/\/amdcomval.com\/val\/wp-json\/wp\/v2\/categories?post=1116"},{"taxonomy":"post_tag","embeddable":true,"href":"https:\/\/amdcomval.com\/val\/wp-json\/wp\/v2\/tags?post=1116"}],"curies":[{"name":"wp","href":"https:\/\/api.w.org\/{rel}","templated":true}]}}