{"id":1127,"date":"2016-10-24T09:06:21","date_gmt":"2016-10-24T09:06:21","guid":{"rendered":"https:\/\/www.amdcomval.com\/?p=1127"},"modified":"2016-10-24T09:06:21","modified_gmt":"2016-10-24T09:06:21","slug":"amdcomval-bienvenida-nuevo-diario-valencia-extra","status":"publish","type":"post","link":"https:\/\/amdcomval.com\/val\/amdcomval-bienvenida-nuevo-diario-valencia-extra\/","title":{"rendered":"La Asociaci\u00f3n de Medios Digitales de la Comunidad Valenciana da la bienvenida al nuevo diario digital Val\u00e8ncia Extra"},"content":{"rendered":"<p>La\u00a0<strong>Asociaci\u00f3n\u00a0de Medios Digitales de la Comunidad Valenciana<\/strong>\u00a0(<a href=\"https:\/\/amdcomval.com\/\">AMDComVal<\/a>) sigue trabajando para incorporar nuevos asociados con el objetivo de seguir trabajando para ayudar, potenciar y prestigiar a los medios digitales de Alicante, Castell\u00f3n y Valencia. Con este objetivo, AMDComVal da la bienvenida a un nuevo diario digital: <strong>Val\u00e8ncia Extra<\/strong>.<\/p>\n<p><strong><img loading=\"lazy\" decoding=\"async\" class=\"aligncenter wp-image-1128 size-large\" title=\"La Asociaci\u00f3n de Medios Digitales de la Comunidad Valenciana da la bienvenida a nuevo diario: Val\u00e8ncia Extra\" src=\"https:\/\/amdcomval.com\/wp-content\/uploads\/2016\/10\/IMG_5577-1024x683.jpg\"  width=\"669\" height=\"446\" srcset=\"https:\/\/amdcomval.com\/wp-content\/uploads\/2016\/10\/IMG_5577-1024x683.jpg 1024w, https:\/\/amdcomval.com\/wp-content\/uploads\/2016\/10\/IMG_5577-300x200.jpg 300w, https:\/\/amdcomval.com\/wp-content\/uploads\/2016\/10\/IMG_5577-768x512.jpg 768w, https:\/\/amdcomval.com\/wp-content\/uploads\/2016\/10\/IMG_5577-1536x1024.jpg 1536w, https:\/\/amdcomval.com\/wp-content\/uploads\/2016\/10\/IMG_5577-2048x1365.jpg 2048w, https:\/\/amdcomval.com\/wp-content\/uploads\/2016\/10\/IMG_5577-1080x720.jpg 1080w, https:\/\/amdcomval.com\/wp-content\/uploads\/2016\/10\/IMG_5577-1280x854.jpg 1280w, https:\/\/amdcomval.com\/wp-content\/uploads\/2016\/10\/IMG_5577-980x653.jpg 980w, https:\/\/amdcomval.com\/wp-content\/uploads\/2016\/10\/IMG_5577-480x320.jpg 480w\" sizes=\"(max-width: 669px) 100vw, 669px\" \/><\/strong><\/p>\n<p><strong>Val\u00e8ncia Extra <\/strong>(<u><a href=\"http:\/\/www.valenciaextra.com\/\">www.valenciaextra.com<\/a><\/u>), es un nuevo diario digital en valenciano con informaci\u00f3n diaria, generalista que se centra en Valencia y abarca todos los contenidos: Val\u00e8ncia, barrios, pueblos, Comunidad Valenciana, sucesos, cultura, tecnolog\u00eda, econom\u00eda, deportes,&#8230;<\/p>\n<p>El portal, creado por <strong>Alex Ladr\u00f3n de Guevara, Tania L\u00f3pez Blesa, Lu\u00eds San Mart\u00edn, Sandra Paniagua y David Rodr\u00edguez Andr\u00e9s,<\/strong> nace como un nuevo diario digital en valenciano con una clara apuesta por la difusi\u00f3n de contenidos en valenciano no solo escritos sino tambi\u00e9n audiovisuales<\/p>\n<p>Val\u00e8ncia Extra cuenta ya con m\u00e1s de 4.300 seguidores en facebook (<a href=\"http:\/\/www.facebook.com\/valenciaextra\">www.facebook.com\/valenciaextra<\/a>) y con m\u00e1s 500 seguidores en twitter (<a href=\"http:\/\/twitter.com\/vlcextra\"><strong>http:\/\/twitter.com\/vlcextra<\/strong><\/a>). El medio ya cuenta con un APP (<a href=\"https:\/\/www.google.com\/newsstand\/s\/editions\/CAowkt-iCQ\/Valencia+Extra\">https:\/\/www.google.com\/newsstand\/s\/editions\/CAowkt-iCQ\/Valencia+Extra<\/a>) que supera las 20.000 p\u00e1ginas vistas y 3.000 usuarios \u00fanicos.<\/p>\n<p>Con estas incorporaci\u00f3n, y las del pasado mes de agosto, la <strong>AMDComVal<\/strong> ya cuenta con 20 asociados de las tres provincias de la Comunitat Valenciana mientras sigue trabajando en la incorporaci\u00f3n de nuevos medios de comunicaci\u00f3n que han solicitado su incorporaci\u00f3n para as\u00ed seguir \u00a0manteniendo su m\u00fasculo y capacidad de crecimiento.<\/p>\n<p>El presidente de AMDComVal, Manuel Furi\u00f3, ha dado la bienvenida a este nuevo medio de comunicaci\u00f3n, y ha asegurado que este es el camino\u00a0a seguir por la <strong><em>AMDComVal<\/em><\/strong>.<\/p>\n<p>\u201cPoco a poco la<strong> <em>Asociaci\u00f3n de Medios Digitales de la Comunitat Valenciana<\/em><\/strong> va ampliando su potencial y adquiriendo mayor fuerza para trabajar por los medios digitales, pese a lo complicado de la situaci\u00f3n en el mundo del periodismo\u201d, seg\u00fan ha explicado el presidente.<\/p>\n<p><strong>\u00a0<\/strong><\/p>\n","protected":false},"excerpt":{"rendered":"<p>La\u00a0Asociaci\u00f3n\u00a0de Medios Digitales de la Comunidad Valenciana\u00a0(AMDComVal) sigue trabajando para incorporar nuevos asociados con el objetivo de seguir trabajando para ayudar, potenciar y prestigiar a los medios digitales de Alicante, Castell\u00f3n y Valencia. Con este objetivo, AMDComVal da la bienvenida a un nuevo diario digital: Val\u00e8ncia Extra. Val\u00e8ncia Extra (www.valenciaextra.com), es un nuevo diario digital [&hellip;]<\/p>\n","protected":false},"author":4,"featured_media":1128,"comment_status":"open","ping_status":"open","sticky":false,"template":"","format":"standard","meta":{"_acf_changed":false,"footnotes":""},"categories":[17],"tags":[310,12,311,312,313,314,315],"class_list":["post-1127","post","type-post","status-publish","format-standard","has-post-thumbnail","hentry","category-blog","tag-alex-ladron-de-guevara","tag-amdcomval","tag-david-rodriguez-andres","tag-luis-san-martin","tag-sandra-paniagua","tag-tania-lopez-blesa","tag-valencia-extra"],"acf":[],"yoast_head":"<!-- This site is optimized with the Yoast SEO plugin v26.3 - https:\/\/yoast.com\/wordpress\/plugins\/seo\/ -->\n<title>La Asociaci\u00f3n de Medios Digitales de la Comunidad Valenciana da la bienvenida al nuevo diario digital Val\u00e8ncia Extra - AMDComVal - Associaci\u00f3 de Mitjans Digitals de la Comunitat Valenciana<\/title>\n<meta name=\"robots\" content=\"index, follow, max-snippet:-1, max-image-preview:large, max-video-preview:-1\" \/>\n<link rel=\"canonical\" href=\"https:\/\/amdcomval.com\/amdcomval-bienvenida-nuevo-diario-valencia-extra\/\" \/>\n<meta property=\"og:locale\" content=\"en_US\" \/>\n<meta property=\"og:type\" content=\"article\" \/>\n<meta property=\"og:title\" content=\"La Asociaci\u00f3n de Medios Digitales de la Comunidad Valenciana da la bienvenida al nuevo diario digital Val\u00e8ncia Extra - AMDComVal - Associaci\u00f3 de Mitjans Digitals de la Comunitat Valenciana\" \/>\n<meta property=\"og:description\" content=\"La\u00a0Asociaci\u00f3n\u00a0de Medios Digitales de la Comunidad Valenciana\u00a0(AMDComVal) sigue trabajando para incorporar nuevos asociados con el objetivo de seguir trabajando para ayudar, potenciar y prestigiar a los medios digitales de Alicante, Castell\u00f3n y Valencia. Con este objetivo, AMDComVal da la bienvenida a un nuevo diario digital: Val\u00e8ncia Extra. Val\u00e8ncia Extra (www.valenciaextra.com), es un nuevo diario digital [&hellip;]\" \/>\n<meta property=\"og:url\" content=\"https:\/\/amdcomval.com\/amdcomval-bienvenida-nuevo-diario-valencia-extra\/\" \/>\n<meta property=\"og:site_name\" content=\"AMDComVal - Associaci\u00f3 de Mitjans Digitals de la Comunitat Valenciana\" \/>\n<meta property=\"article:publisher\" content=\"https:\/\/www.facebook.com\/Associaci-De-Mitjans-Digitals-238717099544439\/\" \/>\n<meta property=\"article:published_time\" content=\"2016-10-24T09:06:21+00:00\" \/>\n<meta property=\"og:image\" content=\"https:\/\/amdcomval.com\/wp-content\/uploads\/2016\/10\/IMG_5577-scaled.jpg\" \/>\n\t<meta property=\"og:image:width\" content=\"2560\" \/>\n\t<meta property=\"og:image:height\" content=\"1707\" \/>\n\t<meta property=\"og:image:type\" content=\"image\/jpeg\" \/>\n<meta name=\"author\" content=\"AMDComVal\" \/>\n<meta name=\"twitter:card\" content=\"summary_large_image\" \/>\n<meta name=\"twitter:creator\" content=\"@AMDComVal\" \/>\n<meta name=\"twitter:site\" content=\"@AMDComVal\" \/>\n<meta name=\"twitter:label1\" content=\"Written by\" \/>\n\t<meta name=\"twitter:data1\" content=\"AMDComVal\" \/>\n\t<meta name=\"twitter:label2\" content=\"Est. reading time\" \/>\n\t<meta name=\"twitter:data2\" content=\"2 minutes\" \/>\n<script type=\"application\/ld+json\" class=\"yoast-schema-graph\">{\"@context\":\"https:\/\/schema.org\",\"@graph\":[{\"@type\":\"Article\",\"@id\":\"https:\/\/amdcomval.com\/amdcomval-bienvenida-nuevo-diario-valencia-extra\/#article\",\"isPartOf\":{\"@id\":\"https:\/\/amdcomval.com\/amdcomval-bienvenida-nuevo-diario-valencia-extra\/\"},\"author\":{\"name\":\"AMDComVal\",\"@id\":\"https:\/\/amdcomval.com\/#\/schema\/person\/f15529598c810a38625abf10fd5bda3a\"},\"headline\":\"La Asociaci\u00f3n de Medios Digitales de la Comunidad Valenciana da la bienvenida al nuevo diario digital Val\u00e8ncia Extra\",\"datePublished\":\"2016-10-24T09:06:21+00:00\",\"mainEntityOfPage\":{\"@id\":\"https:\/\/amdcomval.com\/amdcomval-bienvenida-nuevo-diario-valencia-extra\/\"},\"wordCount\":351,\"commentCount\":0,\"publisher\":{\"@id\":\"https:\/\/amdcomval.com\/#organization\"},\"image\":{\"@id\":\"https:\/\/amdcomval.com\/amdcomval-bienvenida-nuevo-diario-valencia-extra\/#primaryimage\"},\"thumbnailUrl\":\"https:\/\/amdcomval.com\/wp-content\/uploads\/2016\/10\/IMG_5577-scaled.jpg\",\"keywords\":[\"Alex Ladr\u00f3n de Guevara\",\"amdcomval\",\"David Rodr\u00edguez Andr\u00e9s\",\"Lu\u00eds San Mart\u00edn\",\"Sandra Paniagua\",\"Tania L\u00f3pez Blesa\",\"Val\u00e8ncia Extra\"],\"articleSection\":[\"Blog\"],\"inLanguage\":\"val\",\"potentialAction\":[{\"@type\":\"CommentAction\",\"name\":\"Comment\",\"target\":[\"https:\/\/amdcomval.com\/amdcomval-bienvenida-nuevo-diario-valencia-extra\/#respond\"]}]},{\"@type\":\"WebPage\",\"@id\":\"https:\/\/amdcomval.com\/amdcomval-bienvenida-nuevo-diario-valencia-extra\/\",\"url\":\"https:\/\/amdcomval.com\/amdcomval-bienvenida-nuevo-diario-valencia-extra\/\",\"name\":\"La Asociaci\u00f3n de Medios Digitales de la Comunidad Valenciana da la bienvenida al nuevo diario digital Val\u00e8ncia Extra - AMDComVal - Associaci\u00f3 de Mitjans Digitals de la Comunitat Valenciana\",\"isPartOf\":{\"@id\":\"https:\/\/amdcomval.com\/#website\"},\"primaryImageOfPage\":{\"@id\":\"https:\/\/amdcomval.com\/amdcomval-bienvenida-nuevo-diario-valencia-extra\/#primaryimage\"},\"image\":{\"@id\":\"https:\/\/amdcomval.com\/amdcomval-bienvenida-nuevo-diario-valencia-extra\/#primaryimage\"},\"thumbnailUrl\":\"https:\/\/amdcomval.com\/wp-content\/uploads\/2016\/10\/IMG_5577-scaled.jpg\",\"datePublished\":\"2016-10-24T09:06:21+00:00\",\"breadcrumb\":{\"@id\":\"https:\/\/amdcomval.com\/amdcomval-bienvenida-nuevo-diario-valencia-extra\/#breadcrumb\"},\"inLanguage\":\"val\",\"potentialAction\":[{\"@type\":\"ReadAction\",\"target\":[\"https:\/\/amdcomval.com\/amdcomval-bienvenida-nuevo-diario-valencia-extra\/\"]}]},{\"@type\":\"ImageObject\",\"inLanguage\":\"val\",\"@id\":\"https:\/\/amdcomval.com\/amdcomval-bienvenida-nuevo-diario-valencia-extra\/#primaryimage\",\"url\":\"https:\/\/amdcomval.com\/wp-content\/uploads\/2016\/10\/IMG_5577-scaled.jpg\",\"contentUrl\":\"https:\/\/amdcomval.com\/wp-content\/uploads\/2016\/10\/IMG_5577-scaled.jpg\",\"width\":2560,\"height\":1707,\"caption\":\"La Asociaci\u00f3n de Medios Digitales de la Comunidad Valenciana da la bienvenida a nuevo diario: Val\u00e8ncia Extra\"},{\"@type\":\"BreadcrumbList\",\"@id\":\"https:\/\/amdcomval.com\/amdcomval-bienvenida-nuevo-diario-valencia-extra\/#breadcrumb\",\"itemListElement\":[{\"@type\":\"ListItem\",\"position\":1,\"name\":\"Portada\",\"item\":\"https:\/\/amdcomval.com\/val\/\"},{\"@type\":\"ListItem\",\"position\":2,\"name\":\"La Asociaci\u00f3n de Medios Digitales de la Comunidad Valenciana da la bienvenida al nuevo diario digital Val\u00e8ncia Extra\"}]},{\"@type\":\"WebSite\",\"@id\":\"https:\/\/amdcomval.com\/#website\",\"url\":\"https:\/\/amdcomval.com\/\",\"name\":\"AMDComVal - Associaci\u00f3 de Mitjans Digitals de la Comunitat Valenciana\",\"description\":\"Web oficial de la Associaci\u00f3 de Mitjans Digitals de la Comunitat Valenciana (AMDComVal). Por la profesionalizaci\u00f3n y dignificaci\u00f3n de los medios de comunicaci\u00f3n digital\",\"publisher\":{\"@id\":\"https:\/\/amdcomval.com\/#organization\"},\"potentialAction\":[{\"@type\":\"SearchAction\",\"target\":{\"@type\":\"EntryPoint\",\"urlTemplate\":\"https:\/\/amdcomval.com\/?s={search_term_string}\"},\"query-input\":{\"@type\":\"PropertyValueSpecification\",\"valueRequired\":true,\"valueName\":\"search_term_string\"}}],\"inLanguage\":\"val\"},{\"@type\":\"Organization\",\"@id\":\"https:\/\/amdcomval.com\/#organization\",\"name\":\"AMDComVal - Associaci\u00f3 de Mitjans Digitals de la Comunitat Valenciana\",\"url\":\"https:\/\/amdcomval.com\/\",\"logo\":{\"@type\":\"ImageObject\",\"inLanguage\":\"val\",\"@id\":\"https:\/\/amdcomval.com\/#\/schema\/logo\/image\/\",\"url\":\"https:\/\/amdcomval.com\/wp-content\/uploads\/2025\/10\/AMDComVal-logo-horizontal-2.png\",\"contentUrl\":\"https:\/\/amdcomval.com\/wp-content\/uploads\/2025\/10\/AMDComVal-logo-horizontal-2.png\",\"width\":2560,\"height\":936,\"caption\":\"AMDComVal - Associaci\u00f3 de Mitjans Digitals de la Comunitat Valenciana\"},\"image\":{\"@id\":\"https:\/\/amdcomval.com\/#\/schema\/logo\/image\/\"},\"sameAs\":[\"https:\/\/www.facebook.com\/Associaci-De-Mitjans-Digitals-238717099544439\/\",\"https:\/\/x.com\/AMDComVal\",\"https:\/\/www.linkedin.com\/groups\/3150654\/\"]},{\"@type\":\"Person\",\"@id\":\"https:\/\/amdcomval.com\/#\/schema\/person\/f15529598c810a38625abf10fd5bda3a\",\"name\":\"AMDComVal\",\"url\":\"https:\/\/amdcomval.com\/val\/author\/amdcomval\/\"}]}<\/script>\n<!-- \/ Yoast SEO plugin. -->","yoast_head_json":{"title":"La Asociaci\u00f3n de Medios Digitales de la Comunidad Valenciana da la bienvenida al nuevo diario digital Val\u00e8ncia Extra - AMDComVal - Associaci\u00f3 de Mitjans Digitals de la Comunitat Valenciana","robots":{"index":"index","follow":"follow","max-snippet":"max-snippet:-1","max-image-preview":"max-image-preview:large","max-video-preview":"max-video-preview:-1"},"canonical":"https:\/\/amdcomval.com\/amdcomval-bienvenida-nuevo-diario-valencia-extra\/","og_locale":"en_US","og_type":"article","og_title":"La Asociaci\u00f3n de Medios Digitales de la Comunidad Valenciana da la bienvenida al nuevo diario digital Val\u00e8ncia Extra - AMDComVal - Associaci\u00f3 de Mitjans Digitals de la Comunitat Valenciana","og_description":"La\u00a0Asociaci\u00f3n\u00a0de Medios Digitales de la Comunidad Valenciana\u00a0(AMDComVal) sigue trabajando para incorporar nuevos asociados con el objetivo de seguir trabajando para ayudar, potenciar y prestigiar a los medios digitales de Alicante, Castell\u00f3n y Valencia. Con este objetivo, AMDComVal da la bienvenida a un nuevo diario digital: Val\u00e8ncia Extra. Val\u00e8ncia Extra (www.valenciaextra.com), es un nuevo diario digital [&hellip;]","og_url":"https:\/\/amdcomval.com\/amdcomval-bienvenida-nuevo-diario-valencia-extra\/","og_site_name":"AMDComVal - Associaci\u00f3 de Mitjans Digitals de la Comunitat Valenciana","article_publisher":"https:\/\/www.facebook.com\/Associaci-De-Mitjans-Digitals-238717099544439\/","article_published_time":"2016-10-24T09:06:21+00:00","og_image":[{"width":2560,"height":1707,"url":"https:\/\/amdcomval.com\/wp-content\/uploads\/2016\/10\/IMG_5577-scaled.jpg","type":"image\/jpeg"}],"author":"AMDComVal","twitter_card":"summary_large_image","twitter_creator":"@AMDComVal","twitter_site":"@AMDComVal","twitter_misc":{"Written by":"AMDComVal","Est. reading time":"2 minutes"},"schema":{"@context":"https:\/\/schema.org","@graph":[{"@type":"Article","@id":"https:\/\/amdcomval.com\/amdcomval-bienvenida-nuevo-diario-valencia-extra\/#article","isPartOf":{"@id":"https:\/\/amdcomval.com\/amdcomval-bienvenida-nuevo-diario-valencia-extra\/"},"author":{"name":"AMDComVal","@id":"https:\/\/amdcomval.com\/#\/schema\/person\/f15529598c810a38625abf10fd5bda3a"},"headline":"La Asociaci\u00f3n de Medios Digitales de la Comunidad Valenciana da la bienvenida al nuevo diario digital Val\u00e8ncia Extra","datePublished":"2016-10-24T09:06:21+00:00","mainEntityOfPage":{"@id":"https:\/\/amdcomval.com\/amdcomval-bienvenida-nuevo-diario-valencia-extra\/"},"wordCount":351,"commentCount":0,"publisher":{"@id":"https:\/\/amdcomval.com\/#organization"},"image":{"@id":"https:\/\/amdcomval.com\/amdcomval-bienvenida-nuevo-diario-valencia-extra\/#primaryimage"},"thumbnailUrl":"https:\/\/amdcomval.com\/wp-content\/uploads\/2016\/10\/IMG_5577-scaled.jpg","keywords":["Alex Ladr\u00f3n de Guevara","amdcomval","David Rodr\u00edguez Andr\u00e9s","Lu\u00eds San Mart\u00edn","Sandra Paniagua","Tania L\u00f3pez Blesa","Val\u00e8ncia Extra"],"articleSection":["Blog"],"inLanguage":"val","potentialAction":[{"@type":"CommentAction","name":"Comment","target":["https:\/\/amdcomval.com\/amdcomval-bienvenida-nuevo-diario-valencia-extra\/#respond"]}]},{"@type":"WebPage","@id":"https:\/\/amdcomval.com\/amdcomval-bienvenida-nuevo-diario-valencia-extra\/","url":"https:\/\/amdcomval.com\/amdcomval-bienvenida-nuevo-diario-valencia-extra\/","name":"La Asociaci\u00f3n de Medios Digitales de la Comunidad Valenciana da la bienvenida al nuevo diario digital Val\u00e8ncia Extra - AMDComVal - Associaci\u00f3 de Mitjans Digitals de la Comunitat Valenciana","isPartOf":{"@id":"https:\/\/amdcomval.com\/#website"},"primaryImageOfPage":{"@id":"https:\/\/amdcomval.com\/amdcomval-bienvenida-nuevo-diario-valencia-extra\/#primaryimage"},"image":{"@id":"https:\/\/amdcomval.com\/amdcomval-bienvenida-nuevo-diario-valencia-extra\/#primaryimage"},"thumbnailUrl":"https:\/\/amdcomval.com\/wp-content\/uploads\/2016\/10\/IMG_5577-scaled.jpg","datePublished":"2016-10-24T09:06:21+00:00","breadcrumb":{"@id":"https:\/\/amdcomval.com\/amdcomval-bienvenida-nuevo-diario-valencia-extra\/#breadcrumb"},"inLanguage":"val","potentialAction":[{"@type":"ReadAction","target":["https:\/\/amdcomval.com\/amdcomval-bienvenida-nuevo-diario-valencia-extra\/"]}]},{"@type":"ImageObject","inLanguage":"val","@id":"https:\/\/amdcomval.com\/amdcomval-bienvenida-nuevo-diario-valencia-extra\/#primaryimage","url":"https:\/\/amdcomval.com\/wp-content\/uploads\/2016\/10\/IMG_5577-scaled.jpg","contentUrl":"https:\/\/amdcomval.com\/wp-content\/uploads\/2016\/10\/IMG_5577-scaled.jpg","width":2560,"height":1707,"caption":"La Asociaci\u00f3n de Medios Digitales de la Comunidad Valenciana da la bienvenida a nuevo diario: Val\u00e8ncia Extra"},{"@type":"BreadcrumbList","@id":"https:\/\/amdcomval.com\/amdcomval-bienvenida-nuevo-diario-valencia-extra\/#breadcrumb","itemListElement":[{"@type":"ListItem","position":1,"name":"Portada","item":"https:\/\/amdcomval.com\/val\/"},{"@type":"ListItem","position":2,"name":"La Asociaci\u00f3n de Medios Digitales de la Comunidad Valenciana da la bienvenida al nuevo diario digital Val\u00e8ncia Extra"}]},{"@type":"WebSite","@id":"https:\/\/amdcomval.com\/#website","url":"https:\/\/amdcomval.com\/","name":"AMDComVal - Associaci\u00f3 de Mitjans Digitals de la Comunitat Valenciana","description":"Web oficial de la Associaci\u00f3 de Mitjans Digitals de la Comunitat Valenciana (AMDComVal). Por la profesionalizaci\u00f3n y dignificaci\u00f3n de los medios de comunicaci\u00f3n digital","publisher":{"@id":"https:\/\/amdcomval.com\/#organization"},"potentialAction":[{"@type":"SearchAction","target":{"@type":"EntryPoint","urlTemplate":"https:\/\/amdcomval.com\/?s={search_term_string}"},"query-input":{"@type":"PropertyValueSpecification","valueRequired":true,"valueName":"search_term_string"}}],"inLanguage":"val"},{"@type":"Organization","@id":"https:\/\/amdcomval.com\/#organization","name":"AMDComVal - Associaci\u00f3 de Mitjans Digitals de la Comunitat Valenciana","url":"https:\/\/amdcomval.com\/","logo":{"@type":"ImageObject","inLanguage":"val","@id":"https:\/\/amdcomval.com\/#\/schema\/logo\/image\/","url":"https:\/\/amdcomval.com\/wp-content\/uploads\/2025\/10\/AMDComVal-logo-horizontal-2.png","contentUrl":"https:\/\/amdcomval.com\/wp-content\/uploads\/2025\/10\/AMDComVal-logo-horizontal-2.png","width":2560,"height":936,"caption":"AMDComVal - Associaci\u00f3 de Mitjans Digitals de la Comunitat Valenciana"},"image":{"@id":"https:\/\/amdcomval.com\/#\/schema\/logo\/image\/"},"sameAs":["https:\/\/www.facebook.com\/Associaci-De-Mitjans-Digitals-238717099544439\/","https:\/\/x.com\/AMDComVal","https:\/\/www.linkedin.com\/groups\/3150654\/"]},{"@type":"Person","@id":"https:\/\/amdcomval.com\/#\/schema\/person\/f15529598c810a38625abf10fd5bda3a","name":"AMDComVal","url":"https:\/\/amdcomval.com\/val\/author\/amdcomval\/"}]}},"_links":{"self":[{"href":"https:\/\/amdcomval.com\/val\/wp-json\/wp\/v2\/posts\/1127","targetHints":{"allow":["GET"]}}],"collection":[{"href":"https:\/\/amdcomval.com\/val\/wp-json\/wp\/v2\/posts"}],"about":[{"href":"https:\/\/amdcomval.com\/val\/wp-json\/wp\/v2\/types\/post"}],"author":[{"embeddable":true,"href":"https:\/\/amdcomval.com\/val\/wp-json\/wp\/v2\/users\/4"}],"replies":[{"embeddable":true,"href":"https:\/\/amdcomval.com\/val\/wp-json\/wp\/v2\/comments?post=1127"}],"version-history":[{"count":0,"href":"https:\/\/amdcomval.com\/val\/wp-json\/wp\/v2\/posts\/1127\/revisions"}],"wp:featuredmedia":[{"embeddable":true,"href":"https:\/\/amdcomval.com\/val\/wp-json\/wp\/v2\/media\/1128"}],"wp:attachment":[{"href":"https:\/\/amdcomval.com\/val\/wp-json\/wp\/v2\/media?parent=1127"}],"wp:term":[{"taxonomy":"category","embeddable":true,"href":"https:\/\/amdcomval.com\/val\/wp-json\/wp\/v2\/categories?post=1127"},{"taxonomy":"post_tag","embeddable":true,"href":"https:\/\/amdcomval.com\/val\/wp-json\/wp\/v2\/tags?post=1127"}],"curies":[{"name":"wp","href":"https:\/\/api.w.org\/{rel}","templated":true}]}}