{"id":1178,"date":"2017-04-27T11:27:23","date_gmt":"2017-04-27T11:27:23","guid":{"rendered":"https:\/\/www.amdcomval.com\/?p=1178"},"modified":"2017-04-27T11:27:23","modified_gmt":"2017-04-27T11:27:23","slug":"amdcomval-en-el-ii-observatorio-de-empleabilidad-ceu-santander-que-analizo-los-nuevos-perfiles-profesionales-en-la-comunicacion","status":"publish","type":"post","link":"https:\/\/amdcomval.com\/val\/amdcomval-en-el-ii-observatorio-de-empleabilidad-ceu-santander-que-analizo-los-nuevos-perfiles-profesionales-en-la-comunicacion\/","title":{"rendered":"AMDComVal, en el II Observatorio de Empleabilidad CEU Santander que analiz\u00f3 los nuevos perfiles profesionales en la comunicaci\u00f3n"},"content":{"rendered":"<p>El entorno digital y los nuevos perfiles profesionales en la Comunicaci\u00f3n fueron los ejes del segundo Observatorio de Empleabilidad CEU Santander organizado conjuntamente por la <a href=\"http:\/\/www.ceu.es\/\"><strong>Fundaci\u00f3n Universitaria San Pablo CEU<\/strong><\/a> y el <a href=\"http:\/\/www.santander.com\/csgs\/Satellite\/CFWCSancomQP01\/es_ES\/Corporativo\/Sostenibilidad\/Santander-Universidades\/Banco-Santander-comprometido-con-la-educacion-superior.html\"><strong>Banco Santander <\/strong><\/a>y que se celebr\u00f3 en el <strong><a href=\"https:\/\/www.uchceu.es\/nuevo-alumno\/campus-valencia\/palacio-colomina\">Palacio de Colomina<\/a><\/strong>. \u00a0En este encuentro particip\u00f3 la AMDComVal que estuvo representada por Manuel Furi\u00f3, presidente de la Asociaci\u00f3n.<\/p>\n<p><img loading=\"lazy\" decoding=\"async\" class=\"aligncenter size-full wp-image-1179\" src=\"https:\/\/amdcomval.com\/wp-content\/uploads\/2017\/04\/observaotio-empleabilidad-comunicacion-ceu-santander.jpg\"  width=\"696\" height=\"380\" srcset=\"https:\/\/amdcomval.com\/wp-content\/uploads\/2017\/04\/observaotio-empleabilidad-comunicacion-ceu-santander.jpg 696w, https:\/\/amdcomval.com\/wp-content\/uploads\/2017\/04\/observaotio-empleabilidad-comunicacion-ceu-santander-300x164.jpg 300w, https:\/\/amdcomval.com\/wp-content\/uploads\/2017\/04\/observaotio-empleabilidad-comunicacion-ceu-santander-480x262.jpg 480w\" sizes=\"(max-width: 696px) 100vw, 696px\" \/><\/p>\n<p>Moderado por <a href=\"https:\/\/www.uchceu.es\/directorio\/gdetorres\"><strong>Elvira Garc\u00eda de Torres<\/strong><\/a>, profesora de Periodismo e investigadora principal de <a href=\"https:\/\/www.uchceu.es\/grupos-lineas-investigacion\/oimed-observatorio-de-investigacion-en-medios-digitales\"><strong>OIMED<\/strong><\/a> (Observatorio de Investigaci\u00f3n en Medios Digitales), el encuentro analiz\u00f3 el impacto de las nuevas tecnolog\u00edas en el periodismo, los cambios de roles y rutinas, los nuevos profesionales que demanda el sector y la percepci\u00f3n que tienen los estudiantes de Periodismo del nuevo panorama comunicativo en Espa\u00f1a.<\/p>\n<p>Para la investigadora de la Universidad CEU Cardenal Herrera, los dispositivos m\u00f3viles han supuesto un cambio dr\u00e1stico en el ecosistema period\u00edstico. La generalizaci\u00f3n de la competencia, la presencia de los<em> influencers<\/em> y comunidades virtuales, los nuevos canales de difusi\u00f3n, las nuevas narrativas, la viralidad, el entorno veloz y el cambio generacional, entre otros, son las nuevas realidades a la que se enfrentan hoy los periodistas.<\/p>\n<figure id=\"attachment_5609\" class=\"wp-caption aligncenter\">\n<p>[fusion_builder_container hundred_percent=&#8221;yes&#8221; overflow=&#8221;visible&#8221;][fusion_builder_row][fusion_builder_column type=&#8221;1_1&#8243; background_position=&#8221;left top&#8221; background_color=&#8221;&#8221; border_size=&#8221;&#8221; border_color=&#8221;&#8221; border_style=&#8221;solid&#8221; spacing=&#8221;yes&#8221; background_image=&#8221;&#8221; background_repeat=&#8221;no-repeat&#8221; padding=&#8221;&#8221; margin_top=&#8221;0px&#8221; margin_bottom=&#8221;0px&#8221; class=&#8221;&#8221; id=&#8221;&#8221; animation_type=&#8221;&#8221; animation_speed=&#8221;0.3&#8243; animation_direction=&#8221;left&#8221; hide_on_mobile=&#8221;no&#8221; center_content=&#8221;no&#8221; min_height=&#8221;none&#8221;]<div id=\"attachment_5609\" style=\"width: 650px\" class=\"wp-caption aligncenter\"><img loading=\"lazy\" decoding=\"async\" aria-describedby=\"caption-attachment-5609\" class=\"td-animation-stack-type0-2 wp-image-5609 size-large\" src=\"http:\/\/blog.uchceu.es\/periodismo\/wp-content\/uploads\/sites\/9\/2017\/04\/Elvira-Garcia-de-Torres-2-1-696x277.jpg\"  width=\"640\" height=\"255\" \/><p id=\"caption-attachment-5609\" class=\"wp-caption-text\">Marosa Monta\u00f1\u00e9s, Noa de la Torre, Elvira Garc\u00eda de Torres, Julio Monreal y Eduard Ure\u00f1a.<\/p><\/div><figcaption class=\"wp-caption-text\"><\/figcaption><\/figure>\n<p><strong>Noa de la Torre<\/strong>, presidenta de la <a href=\"https:\/\/www.unioperiodistes.org\/\"><strong>Uni\u00f3 de Periodistes Valencians<\/strong><\/a> y periodista del <strong>El Mundo Comunidad Valenciana<\/strong>, explic\u00f3 que el cambio de modelo de negocio no puede cambiar la esencia de lo que es el periodismo, un trabajo al servicio de la democracia y la ciudadan\u00eda.<\/p>\n<p>De la misma opini\u00f3n fueron <strong>Marosa Monta\u00f1\u00e9s<\/strong>, presidenta de la<a href=\"http:\/\/www.mujeresperiodistasdelmediterraneo.org\/\"><strong> Asociaci\u00f3n Mujeres Periodistas del Mediterr\u00e1neo<\/strong><\/a> y <strong>Silvia Tormo<\/strong>, vicepresidenta de Organizaci\u00f3n de la <a href=\"http:\/\/apperiodistasvalencianos.blogspot.com.es\/\"><strong>Asociaci\u00f3n Profesional de Periodistas Valencianos<\/strong><\/a>. Ambas incidieron en el hecho de que la formaci\u00f3n en las nuevas tecnolog\u00edas no debe ir en detrimento de materias human\u00edsticas, claves para todo comunicador. Para las dos periodistas es fundamental que las aulas universitarias refuercen a\u00fan m\u00e1s la vocaci\u00f3n period\u00edstica de sus estudiantes.<\/p>\n<figure id=\"attachment_5608\" class=\"wp-caption aligncenter\">\n<p>[\/fusion_builder_column][fusion_builder_column type=&#8221;1_1&#8243; background_position=&#8221;left top&#8221; background_color=&#8221;&#8221; border_size=&#8221;&#8221; border_color=&#8221;&#8221; border_style=&#8221;solid&#8221; spacing=&#8221;yes&#8221; background_image=&#8221;&#8221; background_repeat=&#8221;no-repeat&#8221; padding=&#8221;&#8221; margin_top=&#8221;0px&#8221; margin_bottom=&#8221;0px&#8221; class=&#8221;&#8221; id=&#8221;&#8221; animation_type=&#8221;&#8221; animation_speed=&#8221;0.3&#8243; animation_direction=&#8221;left&#8221; hide_on_mobile=&#8221;no&#8221; center_content=&#8221;no&#8221; min_height=&#8221;none&#8221;]<div id=\"attachment_5608\" style=\"width: 650px\" class=\"wp-caption aligncenter\"><img loading=\"lazy\" decoding=\"async\" aria-describedby=\"caption-attachment-5608\" class=\"td-animation-stack-type0-2 wp-image-5608 size-large\" src=\"http:\/\/blog.uchceu.es\/periodismo\/wp-content\/uploads\/sites\/9\/2017\/04\/IMG_0754-696x397.jpg\"  width=\"640\" height=\"365\" \/><p id=\"caption-attachment-5608\" class=\"wp-caption-text\">Jos\u00e9 Miguel Lorente Ayala, Arturo Checa, Manuel Furi\u00f3, Pau P\u00e9rez Rico, El\u00edas Dur\u00e1n y Jos\u00e9 Antonio Mart\u00ednez Carrascosa.<\/p><\/div><figcaption class=\"wp-caption-text\"><\/figcaption><\/figure>\n<p><strong>Arturo Checa<\/strong>, periodista de <strong>Las Provincias<\/strong>, reclam\u00f3 por su parte m\u00e1s formaci\u00f3n en periodismo m\u00f3vil y Big Data, porque las nuevas tecnolog\u00edas son en su opini\u00f3n una oportunidad magn\u00edfica para buscar noticias al margen de la agenda pol\u00edtica o empresarial.<\/p>\n<p><strong>Julio Monreal<\/strong>, director de <a href=\"http:\/\/www.levante-emv.com\/\"><strong>Levante-Emv<\/strong><\/a>, <strong>Manuel Furi\u00f3<\/strong>, presidente de la <a href=\"https:\/\/amdcomval.com\/\"><strong>Asociaci\u00f3n de Medios Digitales Comunidad Valenciana<\/strong><\/a> y director de <a href=\"http:\/\/www.hortanoticias.com\/\"><strong>Horta Noticias<\/strong><\/a>, y <strong>Eduard Ure\u00f1a<\/strong>, Jefe de Informativos de<a href=\"http:\/\/www.ondacero.es\/emisoras\/comunidad-valenciana\/valencia\/\"> <strong>Onda Cero Comunidad Valenciana<\/strong><\/a>, expusieron que el periodismo no solo se aprende en las aulas, sino tambi\u00e9n en las empresas. Seg\u00fan explicaron, el periodista dif\u00edcilmente puede aprender el oficio o incluso socializarse como profesional si no cuenta con una empresa que le respalde.<\/p>\n<p>Asimismo, como responsables de medios de comunicaci\u00f3n incidieron en el hecho de que el nuevo entorno digital no ha puesto en jaque a las empresas informativas, que siguen aumentando audiencias y contin\u00faan siendo la referencia de los ciudadanos.<\/p>\n<p><strong>Jos\u00e9 Antonio Mart\u00ednez Carrascosa<\/strong>, Socio Director de <a href=\"http:\/\/xn--mediterrnea%20de%20medios-kcc\/\"><strong>Mediterr\u00e1nea de Medios<\/strong><\/a>, y <strong>Pau P\u00e9rez Rico<\/strong>, Vicepresidente en la Comunidad Valenciana y Murcia de <span class=\"st\">La Asociaci\u00f3n de Directivos de Comunicaci\u00f3n <em>(<\/em><a href=\"http:\/\/www.dircom.org\/delegaciones\/dircom-comunitat-valenciana\"><strong>Dircom<\/strong><\/a><em>)<\/em> y director regional de comunicaci\u00f3n de <strong>El Corte Ingl\u00e9s<\/strong>, analizaron los nuevos perfiles de contrataci\u00f3n en Comunicaci\u00f3n y Publicidad y RRPP en sus sectores. Ambos fueron de la opini\u00f3n de que los nuevos egresados universitarios poseen una flexibilidad mayor, mayor dominio del entorno digital y en idiomas.<\/span><\/p>\n<p>El perfil de los nuevos estudiantes universitarios fue analizado por <strong>El\u00edas Dur\u00e1n<\/strong>, decano de la Facultad de Humanidades y ciencias de la Comunicaci\u00f3n de la <a href=\"http:\/\/www.uchceu.es\/\"><strong>Universidad CEU Cardenal Herrera<\/strong><\/a>, y <strong>Mar\u00eda Puchalt<\/strong>, coordinadora del <a href=\"https:\/\/www.uchceu.es\/estudios\/posgrado\/master-universitario-comunicacion-branding-digital\"><strong>M\u00e1ster en Comunicaci\u00f3n y Branding Digital <\/strong><\/a>y profesora del Grado de<a href=\"https:\/\/www.uchceu.es\/estudios\/grado\/publicidad-relaciones-publicas\"><strong> Publicidad y Relaciones P\u00fablicas<\/strong><\/a>.\u00a0 Para los dos docentes los estudiantes son ya agentes de cambio pero mantienen las esencias vocacionales de la comunicaci\u00f3n e informaci\u00f3n.<\/p>\n<p><strong>Jos\u00e9 Miguel Lorente Ayala<\/strong>, director de Instituciones de la Direcci\u00f3n Territorial Comunidad Valenciana y Murcia del <strong>Banco de Santander<\/strong>, cerr\u00f3 el desayuno sectorial tambi\u00e9n con una reflexi\u00f3n acerca de c\u00f3mo el entorno digital ha supuesto tambi\u00e9n un cambio dr\u00e1stico en el sector bancario, tanto por los nuevos perfiles y demandas de los clientes, como por los nuevos perfiles profesionales. Para el directivo las nuevas tecnolog\u00edas son una oportunidad inmejorable para los j\u00f3venes universitarios.[\/fusion_builder_column][\/fusion_builder_row][\/fusion_builder_container]<\/p>\n","protected":false},"excerpt":{"rendered":"<p>El entorno digital y los nuevos perfiles profesionales en la Comunicaci\u00f3n fueron los ejes del segundo Observatorio de Empleabilidad CEU Santander organizado conjuntamente por la Fundaci\u00f3n Universitaria San Pablo CEU y el Banco Santander y que se celebr\u00f3 en el Palacio de Colomina. \u00a0En este encuentro particip\u00f3 la AMDComVal que estuvo representada por Manuel Furi\u00f3, [&hellip;]<\/p>\n","protected":false},"author":4,"featured_media":1179,"comment_status":"open","ping_status":"open","sticky":false,"template":"","format":"standard","meta":{"_acf_changed":false,"footnotes":""},"categories":[17],"tags":[272,327,328,20,138,329,330,331,332,333,334,335,25,336,276,337,338,339,127],"class_list":["post-1178","post","type-post","status-publish","format-standard","has-post-thumbnail","hentry","category-blog","tag-appv","tag-arturo-checa","tag-banco-santader","tag-ceu","tag-comunicacion","tag-eduard-urena","tag-elias-duran","tag-elvira-garcia-de-torres","tag-empleabilidad","tag-jose-antonio-martinez-carrascosa","tag-jose-miguel-lorente-ayala","tag-julio-monreal","tag-manuel-furio","tag-marosa-montanes","tag-mujeres-periodistas-del-mediterraneo","tag-noa-de-la-torre","tag-pau-perez-rico","tag-silvia-tormo","tag-unio-de-periodistes"],"acf":[],"yoast_head":"<!-- This site is optimized with the Yoast SEO plugin v26.3 - https:\/\/yoast.com\/wordpress\/plugins\/seo\/ -->\n<title>AMDComVal, en el II Observatorio de Empleabilidad CEU Santander que analiz\u00f3 los nuevos perfiles profesionales en la comunicaci\u00f3n - AMDComVal - Associaci\u00f3 de Mitjans Digitals de la Comunitat Valenciana<\/title>\n<meta name=\"robots\" content=\"index, follow, max-snippet:-1, max-image-preview:large, max-video-preview:-1\" \/>\n<link rel=\"canonical\" href=\"https:\/\/amdcomval.com\/amdcomval-en-el-ii-observatorio-de-empleabilidad-ceu-santander-que-analizo-los-nuevos-perfiles-profesionales-en-la-comunicacion\/\" \/>\n<meta property=\"og:locale\" content=\"en_US\" \/>\n<meta property=\"og:type\" content=\"article\" \/>\n<meta property=\"og:title\" content=\"AMDComVal, en el II Observatorio de Empleabilidad CEU Santander que analiz\u00f3 los nuevos perfiles profesionales en la comunicaci\u00f3n - AMDComVal - Associaci\u00f3 de Mitjans Digitals de la Comunitat Valenciana\" \/>\n<meta property=\"og:description\" content=\"El entorno digital y los nuevos perfiles profesionales en la Comunicaci\u00f3n fueron los ejes del segundo Observatorio de Empleabilidad CEU Santander organizado conjuntamente por la Fundaci\u00f3n Universitaria San Pablo CEU y el Banco Santander y que se celebr\u00f3 en el Palacio de Colomina. \u00a0En este encuentro particip\u00f3 la AMDComVal que estuvo representada por Manuel Furi\u00f3, [&hellip;]\" \/>\n<meta property=\"og:url\" content=\"https:\/\/amdcomval.com\/amdcomval-en-el-ii-observatorio-de-empleabilidad-ceu-santander-que-analizo-los-nuevos-perfiles-profesionales-en-la-comunicacion\/\" \/>\n<meta property=\"og:site_name\" content=\"AMDComVal - Associaci\u00f3 de Mitjans Digitals de la Comunitat Valenciana\" \/>\n<meta property=\"article:publisher\" content=\"https:\/\/www.facebook.com\/Associaci-De-Mitjans-Digitals-238717099544439\/\" \/>\n<meta property=\"article:published_time\" content=\"2017-04-27T11:27:23+00:00\" \/>\n<meta property=\"og:image\" content=\"https:\/\/amdcomval.com\/wp-content\/uploads\/2017\/04\/observaotio-empleabilidad-comunicacion-ceu-santander.jpg\" \/>\n\t<meta property=\"og:image:width\" content=\"696\" \/>\n\t<meta property=\"og:image:height\" content=\"380\" \/>\n\t<meta property=\"og:image:type\" content=\"image\/jpeg\" \/>\n<meta name=\"author\" content=\"AMDComVal\" \/>\n<meta name=\"twitter:card\" content=\"summary_large_image\" \/>\n<meta name=\"twitter:creator\" content=\"@AMDComVal\" \/>\n<meta name=\"twitter:site\" content=\"@AMDComVal\" \/>\n<meta name=\"twitter:label1\" content=\"Written by\" \/>\n\t<meta name=\"twitter:data1\" content=\"AMDComVal\" \/>\n\t<meta name=\"twitter:label2\" content=\"Est. reading time\" \/>\n\t<meta name=\"twitter:data2\" content=\"5 minutes\" \/>\n<script type=\"application\/ld+json\" class=\"yoast-schema-graph\">{\"@context\":\"https:\/\/schema.org\",\"@graph\":[{\"@type\":\"Article\",\"@id\":\"https:\/\/amdcomval.com\/amdcomval-en-el-ii-observatorio-de-empleabilidad-ceu-santander-que-analizo-los-nuevos-perfiles-profesionales-en-la-comunicacion\/#article\",\"isPartOf\":{\"@id\":\"https:\/\/amdcomval.com\/amdcomval-en-el-ii-observatorio-de-empleabilidad-ceu-santander-que-analizo-los-nuevos-perfiles-profesionales-en-la-comunicacion\/\"},\"author\":{\"name\":\"AMDComVal\",\"@id\":\"https:\/\/amdcomval.com\/#\/schema\/person\/f15529598c810a38625abf10fd5bda3a\"},\"headline\":\"AMDComVal, en el II Observatorio de Empleabilidad CEU Santander que analiz\u00f3 los nuevos perfiles profesionales en la comunicaci\u00f3n\",\"datePublished\":\"2017-04-27T11:27:23+00:00\",\"mainEntityOfPage\":{\"@id\":\"https:\/\/amdcomval.com\/amdcomval-en-el-ii-observatorio-de-empleabilidad-ceu-santander-que-analizo-los-nuevos-perfiles-profesionales-en-la-comunicacion\/\"},\"wordCount\":935,\"commentCount\":0,\"publisher\":{\"@id\":\"https:\/\/amdcomval.com\/#organization\"},\"image\":{\"@id\":\"https:\/\/amdcomval.com\/amdcomval-en-el-ii-observatorio-de-empleabilidad-ceu-santander-que-analizo-los-nuevos-perfiles-profesionales-en-la-comunicacion\/#primaryimage\"},\"thumbnailUrl\":\"https:\/\/amdcomval.com\/wp-content\/uploads\/2017\/04\/observaotio-empleabilidad-comunicacion-ceu-santander.jpg\",\"keywords\":[\"APPV\",\"Arturo Checa\",\"banco Santader\",\"CEU\",\"comunicaci\u00f3n\",\"Eduard Ure\u00f1a\",\"El\u00edas Dur\u00e1n\",\"Elvira Garc\u00eda de Torres\",\"empleabilidad\",\"Jos\u00e9 Antonio Mart\u00ednez Carrascosa\",\"Jos\u00e9 Miguel Lorente Ayala\",\"Julio Monreal\",\"Manuel Furi\u00f3\",\"Marosa Monta\u00f1\u00e9s\",\"Mujeres Periodistas del Mediterr\u00e1neo\",\"Noa de la Torre\",\"Pau P\u00e9rez Rico\",\"Silvia Tormo\",\"Uni\u00f3 de Periodistes\"],\"articleSection\":[\"Blog\"],\"inLanguage\":\"val\",\"potentialAction\":[{\"@type\":\"CommentAction\",\"name\":\"Comment\",\"target\":[\"https:\/\/amdcomval.com\/amdcomval-en-el-ii-observatorio-de-empleabilidad-ceu-santander-que-analizo-los-nuevos-perfiles-profesionales-en-la-comunicacion\/#respond\"]}]},{\"@type\":\"WebPage\",\"@id\":\"https:\/\/amdcomval.com\/amdcomval-en-el-ii-observatorio-de-empleabilidad-ceu-santander-que-analizo-los-nuevos-perfiles-profesionales-en-la-comunicacion\/\",\"url\":\"https:\/\/amdcomval.com\/amdcomval-en-el-ii-observatorio-de-empleabilidad-ceu-santander-que-analizo-los-nuevos-perfiles-profesionales-en-la-comunicacion\/\",\"name\":\"AMDComVal, en el II Observatorio de Empleabilidad CEU Santander que analiz\u00f3 los nuevos perfiles profesionales en la comunicaci\u00f3n - AMDComVal - Associaci\u00f3 de Mitjans Digitals de la Comunitat Valenciana\",\"isPartOf\":{\"@id\":\"https:\/\/amdcomval.com\/#website\"},\"primaryImageOfPage\":{\"@id\":\"https:\/\/amdcomval.com\/amdcomval-en-el-ii-observatorio-de-empleabilidad-ceu-santander-que-analizo-los-nuevos-perfiles-profesionales-en-la-comunicacion\/#primaryimage\"},\"image\":{\"@id\":\"https:\/\/amdcomval.com\/amdcomval-en-el-ii-observatorio-de-empleabilidad-ceu-santander-que-analizo-los-nuevos-perfiles-profesionales-en-la-comunicacion\/#primaryimage\"},\"thumbnailUrl\":\"https:\/\/amdcomval.com\/wp-content\/uploads\/2017\/04\/observaotio-empleabilidad-comunicacion-ceu-santander.jpg\",\"datePublished\":\"2017-04-27T11:27:23+00:00\",\"breadcrumb\":{\"@id\":\"https:\/\/amdcomval.com\/amdcomval-en-el-ii-observatorio-de-empleabilidad-ceu-santander-que-analizo-los-nuevos-perfiles-profesionales-en-la-comunicacion\/#breadcrumb\"},\"inLanguage\":\"val\",\"potentialAction\":[{\"@type\":\"ReadAction\",\"target\":[\"https:\/\/amdcomval.com\/amdcomval-en-el-ii-observatorio-de-empleabilidad-ceu-santander-que-analizo-los-nuevos-perfiles-profesionales-en-la-comunicacion\/\"]}]},{\"@type\":\"ImageObject\",\"inLanguage\":\"val\",\"@id\":\"https:\/\/amdcomval.com\/amdcomval-en-el-ii-observatorio-de-empleabilidad-ceu-santander-que-analizo-los-nuevos-perfiles-profesionales-en-la-comunicacion\/#primaryimage\",\"url\":\"https:\/\/amdcomval.com\/wp-content\/uploads\/2017\/04\/observaotio-empleabilidad-comunicacion-ceu-santander.jpg\",\"contentUrl\":\"https:\/\/amdcomval.com\/wp-content\/uploads\/2017\/04\/observaotio-empleabilidad-comunicacion-ceu-santander.jpg\",\"width\":696,\"height\":380},{\"@type\":\"BreadcrumbList\",\"@id\":\"https:\/\/amdcomval.com\/amdcomval-en-el-ii-observatorio-de-empleabilidad-ceu-santander-que-analizo-los-nuevos-perfiles-profesionales-en-la-comunicacion\/#breadcrumb\",\"itemListElement\":[{\"@type\":\"ListItem\",\"position\":1,\"name\":\"Portada\",\"item\":\"https:\/\/amdcomval.com\/val\/\"},{\"@type\":\"ListItem\",\"position\":2,\"name\":\"AMDComVal, en el II Observatorio de Empleabilidad CEU Santander que analiz\u00f3 los nuevos perfiles profesionales en la comunicaci\u00f3n\"}]},{\"@type\":\"WebSite\",\"@id\":\"https:\/\/amdcomval.com\/#website\",\"url\":\"https:\/\/amdcomval.com\/\",\"name\":\"AMDComVal - Associaci\u00f3 de Mitjans Digitals de la Comunitat Valenciana\",\"description\":\"Web oficial de la Associaci\u00f3 de Mitjans Digitals de la Comunitat Valenciana (AMDComVal). Por la profesionalizaci\u00f3n y dignificaci\u00f3n de los medios de comunicaci\u00f3n digital\",\"publisher\":{\"@id\":\"https:\/\/amdcomval.com\/#organization\"},\"potentialAction\":[{\"@type\":\"SearchAction\",\"target\":{\"@type\":\"EntryPoint\",\"urlTemplate\":\"https:\/\/amdcomval.com\/?s={search_term_string}\"},\"query-input\":{\"@type\":\"PropertyValueSpecification\",\"valueRequired\":true,\"valueName\":\"search_term_string\"}}],\"inLanguage\":\"val\"},{\"@type\":\"Organization\",\"@id\":\"https:\/\/amdcomval.com\/#organization\",\"name\":\"AMDComVal - Associaci\u00f3 de Mitjans Digitals de la Comunitat Valenciana\",\"url\":\"https:\/\/amdcomval.com\/\",\"logo\":{\"@type\":\"ImageObject\",\"inLanguage\":\"val\",\"@id\":\"https:\/\/amdcomval.com\/#\/schema\/logo\/image\/\",\"url\":\"https:\/\/amdcomval.com\/wp-content\/uploads\/2025\/10\/AMDComVal-logo-horizontal-2.png\",\"contentUrl\":\"https:\/\/amdcomval.com\/wp-content\/uploads\/2025\/10\/AMDComVal-logo-horizontal-2.png\",\"width\":2560,\"height\":936,\"caption\":\"AMDComVal - Associaci\u00f3 de Mitjans Digitals de la Comunitat Valenciana\"},\"image\":{\"@id\":\"https:\/\/amdcomval.com\/#\/schema\/logo\/image\/\"},\"sameAs\":[\"https:\/\/www.facebook.com\/Associaci-De-Mitjans-Digitals-238717099544439\/\",\"https:\/\/x.com\/AMDComVal\",\"https:\/\/www.linkedin.com\/groups\/3150654\/\"]},{\"@type\":\"Person\",\"@id\":\"https:\/\/amdcomval.com\/#\/schema\/person\/f15529598c810a38625abf10fd5bda3a\",\"name\":\"AMDComVal\",\"url\":\"https:\/\/amdcomval.com\/val\/author\/amdcomval\/\"}]}<\/script>\n<!-- \/ Yoast SEO plugin. -->","yoast_head_json":{"title":"AMDComVal, en el II Observatorio de Empleabilidad CEU Santander que analiz\u00f3 los nuevos perfiles profesionales en la comunicaci\u00f3n - AMDComVal - Associaci\u00f3 de Mitjans Digitals de la Comunitat Valenciana","robots":{"index":"index","follow":"follow","max-snippet":"max-snippet:-1","max-image-preview":"max-image-preview:large","max-video-preview":"max-video-preview:-1"},"canonical":"https:\/\/amdcomval.com\/amdcomval-en-el-ii-observatorio-de-empleabilidad-ceu-santander-que-analizo-los-nuevos-perfiles-profesionales-en-la-comunicacion\/","og_locale":"en_US","og_type":"article","og_title":"AMDComVal, en el II Observatorio de Empleabilidad CEU Santander que analiz\u00f3 los nuevos perfiles profesionales en la comunicaci\u00f3n - AMDComVal - Associaci\u00f3 de Mitjans Digitals de la Comunitat Valenciana","og_description":"El entorno digital y los nuevos perfiles profesionales en la Comunicaci\u00f3n fueron los ejes del segundo Observatorio de Empleabilidad CEU Santander organizado conjuntamente por la Fundaci\u00f3n Universitaria San Pablo CEU y el Banco Santander y que se celebr\u00f3 en el Palacio de Colomina. \u00a0En este encuentro particip\u00f3 la AMDComVal que estuvo representada por Manuel Furi\u00f3, [&hellip;]","og_url":"https:\/\/amdcomval.com\/amdcomval-en-el-ii-observatorio-de-empleabilidad-ceu-santander-que-analizo-los-nuevos-perfiles-profesionales-en-la-comunicacion\/","og_site_name":"AMDComVal - Associaci\u00f3 de Mitjans Digitals de la Comunitat Valenciana","article_publisher":"https:\/\/www.facebook.com\/Associaci-De-Mitjans-Digitals-238717099544439\/","article_published_time":"2017-04-27T11:27:23+00:00","og_image":[{"width":696,"height":380,"url":"https:\/\/amdcomval.com\/wp-content\/uploads\/2017\/04\/observaotio-empleabilidad-comunicacion-ceu-santander.jpg","type":"image\/jpeg"}],"author":"AMDComVal","twitter_card":"summary_large_image","twitter_creator":"@AMDComVal","twitter_site":"@AMDComVal","twitter_misc":{"Written by":"AMDComVal","Est. reading time":"5 minutes"},"schema":{"@context":"https:\/\/schema.org","@graph":[{"@type":"Article","@id":"https:\/\/amdcomval.com\/amdcomval-en-el-ii-observatorio-de-empleabilidad-ceu-santander-que-analizo-los-nuevos-perfiles-profesionales-en-la-comunicacion\/#article","isPartOf":{"@id":"https:\/\/amdcomval.com\/amdcomval-en-el-ii-observatorio-de-empleabilidad-ceu-santander-que-analizo-los-nuevos-perfiles-profesionales-en-la-comunicacion\/"},"author":{"name":"AMDComVal","@id":"https:\/\/amdcomval.com\/#\/schema\/person\/f15529598c810a38625abf10fd5bda3a"},"headline":"AMDComVal, en el II Observatorio de Empleabilidad CEU Santander que analiz\u00f3 los nuevos perfiles profesionales en la comunicaci\u00f3n","datePublished":"2017-04-27T11:27:23+00:00","mainEntityOfPage":{"@id":"https:\/\/amdcomval.com\/amdcomval-en-el-ii-observatorio-de-empleabilidad-ceu-santander-que-analizo-los-nuevos-perfiles-profesionales-en-la-comunicacion\/"},"wordCount":935,"commentCount":0,"publisher":{"@id":"https:\/\/amdcomval.com\/#organization"},"image":{"@id":"https:\/\/amdcomval.com\/amdcomval-en-el-ii-observatorio-de-empleabilidad-ceu-santander-que-analizo-los-nuevos-perfiles-profesionales-en-la-comunicacion\/#primaryimage"},"thumbnailUrl":"https:\/\/amdcomval.com\/wp-content\/uploads\/2017\/04\/observaotio-empleabilidad-comunicacion-ceu-santander.jpg","keywords":["APPV","Arturo Checa","banco Santader","CEU","comunicaci\u00f3n","Eduard Ure\u00f1a","El\u00edas Dur\u00e1n","Elvira Garc\u00eda de Torres","empleabilidad","Jos\u00e9 Antonio Mart\u00ednez Carrascosa","Jos\u00e9 Miguel Lorente Ayala","Julio Monreal","Manuel Furi\u00f3","Marosa Monta\u00f1\u00e9s","Mujeres Periodistas del Mediterr\u00e1neo","Noa de la Torre","Pau P\u00e9rez Rico","Silvia Tormo","Uni\u00f3 de Periodistes"],"articleSection":["Blog"],"inLanguage":"val","potentialAction":[{"@type":"CommentAction","name":"Comment","target":["https:\/\/amdcomval.com\/amdcomval-en-el-ii-observatorio-de-empleabilidad-ceu-santander-que-analizo-los-nuevos-perfiles-profesionales-en-la-comunicacion\/#respond"]}]},{"@type":"WebPage","@id":"https:\/\/amdcomval.com\/amdcomval-en-el-ii-observatorio-de-empleabilidad-ceu-santander-que-analizo-los-nuevos-perfiles-profesionales-en-la-comunicacion\/","url":"https:\/\/amdcomval.com\/amdcomval-en-el-ii-observatorio-de-empleabilidad-ceu-santander-que-analizo-los-nuevos-perfiles-profesionales-en-la-comunicacion\/","name":"AMDComVal, en el II Observatorio de Empleabilidad CEU Santander que analiz\u00f3 los nuevos perfiles profesionales en la comunicaci\u00f3n - AMDComVal - Associaci\u00f3 de Mitjans Digitals de la Comunitat Valenciana","isPartOf":{"@id":"https:\/\/amdcomval.com\/#website"},"primaryImageOfPage":{"@id":"https:\/\/amdcomval.com\/amdcomval-en-el-ii-observatorio-de-empleabilidad-ceu-santander-que-analizo-los-nuevos-perfiles-profesionales-en-la-comunicacion\/#primaryimage"},"image":{"@id":"https:\/\/amdcomval.com\/amdcomval-en-el-ii-observatorio-de-empleabilidad-ceu-santander-que-analizo-los-nuevos-perfiles-profesionales-en-la-comunicacion\/#primaryimage"},"thumbnailUrl":"https:\/\/amdcomval.com\/wp-content\/uploads\/2017\/04\/observaotio-empleabilidad-comunicacion-ceu-santander.jpg","datePublished":"2017-04-27T11:27:23+00:00","breadcrumb":{"@id":"https:\/\/amdcomval.com\/amdcomval-en-el-ii-observatorio-de-empleabilidad-ceu-santander-que-analizo-los-nuevos-perfiles-profesionales-en-la-comunicacion\/#breadcrumb"},"inLanguage":"val","potentialAction":[{"@type":"ReadAction","target":["https:\/\/amdcomval.com\/amdcomval-en-el-ii-observatorio-de-empleabilidad-ceu-santander-que-analizo-los-nuevos-perfiles-profesionales-en-la-comunicacion\/"]}]},{"@type":"ImageObject","inLanguage":"val","@id":"https:\/\/amdcomval.com\/amdcomval-en-el-ii-observatorio-de-empleabilidad-ceu-santander-que-analizo-los-nuevos-perfiles-profesionales-en-la-comunicacion\/#primaryimage","url":"https:\/\/amdcomval.com\/wp-content\/uploads\/2017\/04\/observaotio-empleabilidad-comunicacion-ceu-santander.jpg","contentUrl":"https:\/\/amdcomval.com\/wp-content\/uploads\/2017\/04\/observaotio-empleabilidad-comunicacion-ceu-santander.jpg","width":696,"height":380},{"@type":"BreadcrumbList","@id":"https:\/\/amdcomval.com\/amdcomval-en-el-ii-observatorio-de-empleabilidad-ceu-santander-que-analizo-los-nuevos-perfiles-profesionales-en-la-comunicacion\/#breadcrumb","itemListElement":[{"@type":"ListItem","position":1,"name":"Portada","item":"https:\/\/amdcomval.com\/val\/"},{"@type":"ListItem","position":2,"name":"AMDComVal, en el II Observatorio de Empleabilidad CEU Santander que analiz\u00f3 los nuevos perfiles profesionales en la comunicaci\u00f3n"}]},{"@type":"WebSite","@id":"https:\/\/amdcomval.com\/#website","url":"https:\/\/amdcomval.com\/","name":"AMDComVal - Associaci\u00f3 de Mitjans Digitals de la Comunitat Valenciana","description":"Web oficial de la Associaci\u00f3 de Mitjans Digitals de la Comunitat Valenciana (AMDComVal). Por la profesionalizaci\u00f3n y dignificaci\u00f3n de los medios de comunicaci\u00f3n digital","publisher":{"@id":"https:\/\/amdcomval.com\/#organization"},"potentialAction":[{"@type":"SearchAction","target":{"@type":"EntryPoint","urlTemplate":"https:\/\/amdcomval.com\/?s={search_term_string}"},"query-input":{"@type":"PropertyValueSpecification","valueRequired":true,"valueName":"search_term_string"}}],"inLanguage":"val"},{"@type":"Organization","@id":"https:\/\/amdcomval.com\/#organization","name":"AMDComVal - Associaci\u00f3 de Mitjans Digitals de la Comunitat Valenciana","url":"https:\/\/amdcomval.com\/","logo":{"@type":"ImageObject","inLanguage":"val","@id":"https:\/\/amdcomval.com\/#\/schema\/logo\/image\/","url":"https:\/\/amdcomval.com\/wp-content\/uploads\/2025\/10\/AMDComVal-logo-horizontal-2.png","contentUrl":"https:\/\/amdcomval.com\/wp-content\/uploads\/2025\/10\/AMDComVal-logo-horizontal-2.png","width":2560,"height":936,"caption":"AMDComVal - Associaci\u00f3 de Mitjans Digitals de la Comunitat Valenciana"},"image":{"@id":"https:\/\/amdcomval.com\/#\/schema\/logo\/image\/"},"sameAs":["https:\/\/www.facebook.com\/Associaci-De-Mitjans-Digitals-238717099544439\/","https:\/\/x.com\/AMDComVal","https:\/\/www.linkedin.com\/groups\/3150654\/"]},{"@type":"Person","@id":"https:\/\/amdcomval.com\/#\/schema\/person\/f15529598c810a38625abf10fd5bda3a","name":"AMDComVal","url":"https:\/\/amdcomval.com\/val\/author\/amdcomval\/"}]}},"_links":{"self":[{"href":"https:\/\/amdcomval.com\/val\/wp-json\/wp\/v2\/posts\/1178","targetHints":{"allow":["GET"]}}],"collection":[{"href":"https:\/\/amdcomval.com\/val\/wp-json\/wp\/v2\/posts"}],"about":[{"href":"https:\/\/amdcomval.com\/val\/wp-json\/wp\/v2\/types\/post"}],"author":[{"embeddable":true,"href":"https:\/\/amdcomval.com\/val\/wp-json\/wp\/v2\/users\/4"}],"replies":[{"embeddable":true,"href":"https:\/\/amdcomval.com\/val\/wp-json\/wp\/v2\/comments?post=1178"}],"version-history":[{"count":0,"href":"https:\/\/amdcomval.com\/val\/wp-json\/wp\/v2\/posts\/1178\/revisions"}],"wp:featuredmedia":[{"embeddable":true,"href":"https:\/\/amdcomval.com\/val\/wp-json\/wp\/v2\/media\/1179"}],"wp:attachment":[{"href":"https:\/\/amdcomval.com\/val\/wp-json\/wp\/v2\/media?parent=1178"}],"wp:term":[{"taxonomy":"category","embeddable":true,"href":"https:\/\/amdcomval.com\/val\/wp-json\/wp\/v2\/categories?post=1178"},{"taxonomy":"post_tag","embeddable":true,"href":"https:\/\/amdcomval.com\/val\/wp-json\/wp\/v2\/tags?post=1178"}],"curies":[{"name":"wp","href":"https:\/\/api.w.org\/{rel}","templated":true}]}}