{"id":1349,"date":"2019-05-17T17:52:36","date_gmt":"2019-05-17T17:52:36","guid":{"rendered":"https:\/\/www.amdcomval.com\/?p=1349"},"modified":"2019-05-17T17:52:36","modified_gmt":"2019-05-17T17:52:36","slug":"oimed-celebra-el-dia-mundial-de-internet-con-el-xx-aniversario-de-sus-jornadas-de-periodismo-digital","status":"publish","type":"post","link":"https:\/\/amdcomval.com\/val\/oimed-celebra-el-dia-mundial-de-internet-con-el-xx-aniversario-de-sus-jornadas-de-periodismo-digital\/","title":{"rendered":"AMDComVal celebra el D\u00eda Mundial de Internet participando en el XX aniversario de las jornadas de periodismo digital de OIMED"},"content":{"rendered":"<p class=\"m_3263277012365686693x_MsoNormal\"><span lang=\"ES-TRAD\">El <\/span><span lang=\"ES-TRAD\"><a id=\"m_3263277012365686693LPlnk903148\" class=\"m_3263277012365686693x_OWAAutoLink\" title=\"Cmd+Haga clic o pulse para seguir el v\u00ednculo\" href=\"http:\/\/oimed.blogspot.com\/\" target=\"_blank\" rel=\"noopener\" data-saferedirecturl=\"https:\/\/www.google.com\/url?q=http:\/\/oimed.blogspot.com\/&amp;source=gmail&amp;ust=1558195253580000&amp;usg=AFQjCNH4gKt0Ig0lx3oc-SHI5HkdVSWpmA\">Observatorio de Investigaci\u00f3n en Medios Digitales (OIMED)<\/a><\/span> <span lang=\"ES-TRAD\">de la Universidad CEU Cardenal Herrera ha reunido hoy en Valencia a una quincena de expertos para conmemorar el D\u00eda de Internet, con una nueva edici\u00f3n de las Jornadas de Periodismo Digital, que cumplen 20 a\u00f1os de estudio de las tendencias y evoluci\u00f3n de los contenidos informativos en la red. <\/span><\/p>\n<p>La Asociaci\u00f3n de Medios Digitales de la Comunitat Valencia ha participado con la presencia de sus tres presidentes: los anteriores <strong>Jos\u00e9 Luis Silvestre<\/strong> (Nostresport) y <strong>Oscar Delgado<\/strong> (Soma Comunicaci\u00f3m) y el actual <strong>Manuel Furi\u00f3<\/strong> (Hortanoticias) y con la presencia de<strong> Javier Ruiz<\/strong> (ComarcalCV), actual vicepresidente primero. Todos ellos han formado parte de la mesa sobre periodismo hiperlocal que ha cerrado esta interesante jornada. Tambi\u00e9n ha participado en la jornada <span lang=\"ES-TRAD\"><strong>Sergi Pitarch<\/strong>, de eldiariocv.es, medio asociado recientemente a nuestra entidad.<\/span><\/p>\n<p class=\"m_3263277012365686693x_MsoNormal\"><span lang=\"ES-TRAD\">\u00a0<img loading=\"lazy\" decoding=\"async\" class=\"aligncenter size-large wp-image-1351\" src=\"https:\/\/amdcomval.com\/wp-content\/uploads\/2019\/05\/jornadas-periodismo-digital-oimed-ceu-uch-20-aniversario-1-1024x681.jpg\"  width=\"1024\" height=\"681\" srcset=\"https:\/\/amdcomval.com\/wp-content\/uploads\/2019\/05\/jornadas-periodismo-digital-oimed-ceu-uch-20-aniversario-1-1024x681.jpg 1024w, https:\/\/amdcomval.com\/wp-content\/uploads\/2019\/05\/jornadas-periodismo-digital-oimed-ceu-uch-20-aniversario-1-300x200.jpg 300w, https:\/\/amdcomval.com\/wp-content\/uploads\/2019\/05\/jornadas-periodismo-digital-oimed-ceu-uch-20-aniversario-1-768x511.jpg 768w, https:\/\/amdcomval.com\/wp-content\/uploads\/2019\/05\/jornadas-periodismo-digital-oimed-ceu-uch-20-aniversario-1-1536x1021.jpg 1536w, https:\/\/amdcomval.com\/wp-content\/uploads\/2019\/05\/jornadas-periodismo-digital-oimed-ceu-uch-20-aniversario-1-2048x1362.jpg 2048w, https:\/\/amdcomval.com\/wp-content\/uploads\/2019\/05\/jornadas-periodismo-digital-oimed-ceu-uch-20-aniversario-1-1080x718.jpg 1080w, https:\/\/amdcomval.com\/wp-content\/uploads\/2019\/05\/jornadas-periodismo-digital-oimed-ceu-uch-20-aniversario-1-1280x851.jpg 1280w, https:\/\/amdcomval.com\/wp-content\/uploads\/2019\/05\/jornadas-periodismo-digital-oimed-ceu-uch-20-aniversario-1-980x652.jpg 980w, https:\/\/amdcomval.com\/wp-content\/uploads\/2019\/05\/jornadas-periodismo-digital-oimed-ceu-uch-20-aniversario-1-480x319.jpg 480w\" sizes=\"(max-width: 1024px) 100vw, 1024px\" \/><\/span><\/p>\n<p class=\"m_3263277012365686693x_MsoNormal\"><b><span lang=\"ES-TRAD\">Nuevos modelos de negocio y periodismo hiperlocal<\/span><\/b><\/p>\n<p class=\"m_3263277012365686693x_MsoNormal\"><span lang=\"ES-TRAD\">Los nuevos modelos de negocio period\u00edstico han sido analizados en las Jornadas de Periodismo Digital del OIMED en la CEU UCH por el periodista y consultor Ismael Nafr\u00eda, autor de<i> La revoluci\u00f3n de The New York Times. <\/i>Y la evoluci\u00f3n del periodismo deportivo digital ha sido analizado por el profesor Jos\u00e9 Luis Rojas Torrijos, de la Universidad de Sevilla, autor del blog Periodismo deportivo de calidad.<\/span><\/p>\n<p class=\"m_3263277012365686693x_MsoNormal\"><span lang=\"ES-TRAD\">Las tendencias de la informaci\u00f3n digital se han tratado en la mesa redonda con el redactor jefe de Las Provincias.es, Mikel Labastida; el coordinador Multiplataforma de Levante-emv.com, Jos\u00e9 Manuel Sanchis; el delegado de <i>La Vanguardia<\/i> en la Comunidad Valenciana, Salvador Enguix; el director de Valenciaplaza.com, Javier Alfonso; y <strong>Sergi Pitarc<\/strong>h, de eldiario.es en la Comunidad Valenciana. <\/span><\/p>\n<p class=\"m_3263277012365686693x_MsoNormal\"><span lang=\"ES-TRAD\"><img loading=\"lazy\" decoding=\"async\" class=\"aligncenter size-large wp-image-1350\" src=\"https:\/\/amdcomval.com\/wp-content\/uploads\/2019\/05\/mario-tascon-jornadas-periodismo-digital-oimed-ceu-uch-20-aniversario-2-1024x768.jpg\"  width=\"1024\" height=\"768\" srcset=\"https:\/\/amdcomval.com\/wp-content\/uploads\/2019\/05\/mario-tascon-jornadas-periodismo-digital-oimed-ceu-uch-20-aniversario-2-1024x768.jpg 1024w, https:\/\/amdcomval.com\/wp-content\/uploads\/2019\/05\/mario-tascon-jornadas-periodismo-digital-oimed-ceu-uch-20-aniversario-2-300x225.jpg 300w, https:\/\/amdcomval.com\/wp-content\/uploads\/2019\/05\/mario-tascon-jornadas-periodismo-digital-oimed-ceu-uch-20-aniversario-2-768x576.jpg 768w, https:\/\/amdcomval.com\/wp-content\/uploads\/2019\/05\/mario-tascon-jornadas-periodismo-digital-oimed-ceu-uch-20-aniversario-2-1536x1152.jpg 1536w, https:\/\/amdcomval.com\/wp-content\/uploads\/2019\/05\/mario-tascon-jornadas-periodismo-digital-oimed-ceu-uch-20-aniversario-2-510x382.jpg 510w, https:\/\/amdcomval.com\/wp-content\/uploads\/2019\/05\/mario-tascon-jornadas-periodismo-digital-oimed-ceu-uch-20-aniversario-2-1080x810.jpg 1080w, https:\/\/amdcomval.com\/wp-content\/uploads\/2019\/05\/mario-tascon-jornadas-periodismo-digital-oimed-ceu-uch-20-aniversario-2-1280x960.jpg 1280w, https:\/\/amdcomval.com\/wp-content\/uploads\/2019\/05\/mario-tascon-jornadas-periodismo-digital-oimed-ceu-uch-20-aniversario-2-980x735.jpg 980w, https:\/\/amdcomval.com\/wp-content\/uploads\/2019\/05\/mario-tascon-jornadas-periodismo-digital-oimed-ceu-uch-20-aniversario-2-480x360.jpg 480w, https:\/\/amdcomval.com\/wp-content\/uploads\/2019\/05\/mario-tascon-jornadas-periodismo-digital-oimed-ceu-uch-20-aniversario-2.jpg 2048w\" sizes=\"(max-width: 1024px) 100vw, 1024px\" \/><\/span><\/p>\n<p class=\"m_3263277012365686693x_MsoNormal\"><span lang=\"ES-TRAD\">Otros los ponentes invitados ha sido el<\/span><span lang=\"ES-TRAD\"> especialista en medios digitales Mario Tasc\u00f3n, que ya particip\u00f3 en la primera edici\u00f3n de las Jornadas hace veinte a\u00f1os. Tasc\u00f3n <\/span><span lang=\"ES-TRAD\">se ha referido tambi\u00e9n en la CEU UCH a la proliferaci\u00f3n de noticias falsas en el \u00e1mbito digital: \u201cLa prensa est\u00e1 en desventaja ante las <i>fake news<\/i>, los manipuladores, que enmarcan y repiten. Funciona lo veros\u00edmil, no lo verdadero, porque no cuestionamos lo suficiente la informaci\u00f3n\u201d. Mario Tasc\u00f3n ha recordado que \u201cbasta con una imagen y un texto en may\u00fascula, un simple meme, para difundir un <i>fake<\/i>: cuanto m\u00e1s te acerques a lo que alguien quiere creer, a lo emocional, mejor funcionar\u00e1 esa noticia falsa, sin importar su calidad\u201d. Y ha recordado que este tipo de noticias falsas tienen un 70% m\u00e1s de probabilidad de ser retuiteadas que las verdaderas, por su factor de novedad, porque provocan sentimientos y porque los robots las comparten por igual que las verdaderas.<\/span><\/p>\n<p class=\"m_3263277012365686693x_MsoNormal\"><span lang=\"ES-TRAD\">Para analizar la \u00faltima d\u00e9cada de evoluci\u00f3n de la informaci\u00f3n hiperlocal en el \u00e1mbito valenciano, han participado tambi\u00e9n en las Jornadas de OIMED los directores de los medios digitales locales Hortanoticias.com (Manuel Furi\u00f3); Nostresport.com (Jos\u00e9 Luis Silvestre) y ComarcalCV (Javier Ruiz). <\/span><\/p>\n<p class=\"m_3263277012365686693x_MsoNormal\"><b><span lang=\"ES-TRAD\">20 a\u00f1os de periodismo en la red<\/span><\/b><\/p>\n<p class=\"m_3263277012365686693x_MsoNormal\"><span lang=\"ES-TRAD\">En la organizaci\u00f3n de las Jornadas de Periodismo Digital de este a\u00f1o colaboran con OIMED la Uni\u00f3 de Periodistes Valencians, la Asociaci\u00f3n Profesional de Periodistas Valencianos y la Associaci\u00f3 de Mitjans Digitals de la Comunitat Valenciana (AMDCOMVAL). Sus presidentes \u2013Noa de la Torre, H\u00e9ctor Gonz\u00e1lez y Manuel Furi\u00f3- han inaugurado las Jornadas, junto al decano de la Facultad de Ciencias de la Comunicaci\u00f3n de la CEU UCH, El\u00edas Dur\u00e1n, y la profesora y directora de OIMED, Elvira Garc\u00eda de Torres.<\/span><\/p>\n<p class=\"m_3263277012365686693x_MsoNormal\"><span lang=\"ES-TRAD\">Desde 1999, la Universidad CEU Cardenal Herrera acoge las Jornadas de Periodismo Digital, organizadas por OIMED, para analizar las tendencias de la comunicaci\u00f3n y los modelos innovadores de negocio de los medios en Internet. Est\u00e1n financiadas por un proyecto I+D del Ministerio de Econom\u00eda y Competitividad y forman parte de la oferta de actividades de la <\/span><span lang=\"ES-TRAD\"><a id=\"m_3263277012365686693LPlnk764421\" class=\"m_3263277012365686693x_OWAAutoLink\" href=\"http:\/\/www.onlinejournalismresearch.com\/\" target=\"_blank\" rel=\"noopener\" data-saferedirecturl=\"https:\/\/www.google.com\/url?q=http:\/\/www.onlinejournalismresearch.com\/&amp;source=gmail&amp;ust=1558195253581000&amp;usg=AFQjCNGxVUl88Mm2oxb90rIP8BgLKPrdJQ\">Red de Excelencia &#8220;Hacia un Periodismo Inclusivo&#8221;<\/a><\/span><span lang=\"ES-TRAD\">, coordinada por el doctor Pere Masip. La CEU UCH forma parte de esta Red de Excelencia junto a otras nueve universidades espa\u00f1olas.<\/span><\/p>\n\n\t\t<style type=\"text\/css\">\n\t\t\t#gallery-1 {\n\t\t\t\tmargin: auto;\n\t\t\t}\n\t\t\t#gallery-1 .gallery-item {\n\t\t\t\tfloat: left;\n\t\t\t\tmargin-top: 10px;\n\t\t\t\ttext-align: center;\n\t\t\t\twidth: 50%;\n\t\t\t}\n\t\t\t#gallery-1 img {\n\t\t\t\tborder: 2px solid #cfcfcf;\n\t\t\t}\n\t\t\t#gallery-1 .gallery-caption {\n\t\t\t\tmargin-left: 0;\n\t\t\t}\n\t\t\t\/* see gallery_shortcode() in wp-includes\/media.php *\/\n\t\t<\/style>\n\t\t<div id='gallery-1' class='gallery galleryid-1349 gallery-columns-2 gallery-size-medium'><dl class='gallery-item'>\n\t\t\t<dt class='gallery-icon landscape'>\n\t\t\t\t<a href='https:\/\/amdcomval.com\/wp-content\/uploads\/2019\/05\/Jornadas-periodismo-CEU-01.jpg' title=\"\" data-rl_title=\"\" class=\"rl-gallery-link\" data-rl_caption=\"\" data-rel=\"lightbox-gallery-1\"><img loading=\"lazy\" decoding=\"async\" width=\"300\" height=\"200\" src=\"https:\/\/amdcomval.com\/wp-content\/uploads\/2019\/05\/Jornadas-periodismo-CEU-01-300x200.jpg\" class=\"attachment-medium size-medium\"  aria-describedby=\"gallery-1-1369\" \/><\/a>\n\t\t\t<\/dt>\n\t\t\t\t<dd class='wp-caption-text gallery-caption' id='gallery-1-1369'>\n\t\t\t\tFoto: Javier Furi\u00f3\n\t\t\t\t<\/dd><\/dl><dl class='gallery-item'>\n\t\t\t<dt class='gallery-icon landscape'>\n\t\t\t\t<a href='https:\/\/amdcomval.com\/wp-content\/uploads\/2019\/05\/Jornadas-periodismo-CEU-03.jpg' title=\"\" data-rl_title=\"\" class=\"rl-gallery-link\" data-rl_caption=\"\" data-rel=\"lightbox-gallery-1\"><img loading=\"lazy\" decoding=\"async\" width=\"300\" height=\"200\" src=\"https:\/\/amdcomval.com\/wp-content\/uploads\/2019\/05\/Jornadas-periodismo-CEU-03-300x200.jpg\" class=\"attachment-medium size-medium\"  aria-describedby=\"gallery-1-1355\" \/><\/a>\n\t\t\t<\/dt>\n\t\t\t\t<dd class='wp-caption-text gallery-caption' id='gallery-1-1355'>\n\t\t\t\tFoto: Javier Furi\u00f3\n\t\t\t\t<\/dd><\/dl><br style=\"clear: both\" \/><dl class='gallery-item'>\n\t\t\t<dt class='gallery-icon landscape'>\n\t\t\t\t<a href='https:\/\/amdcomval.com\/wp-content\/uploads\/2019\/05\/Jornadas-periodismo-CEU-04.jpg' title=\"\" data-rl_title=\"\" class=\"rl-gallery-link\" data-rl_caption=\"\" data-rel=\"lightbox-gallery-1\"><img loading=\"lazy\" decoding=\"async\" width=\"300\" height=\"200\" src=\"https:\/\/amdcomval.com\/wp-content\/uploads\/2019\/05\/Jornadas-periodismo-CEU-04-300x200.jpg\" class=\"attachment-medium size-medium\"  aria-describedby=\"gallery-1-1356\" \/><\/a>\n\t\t\t<\/dt>\n\t\t\t\t<dd class='wp-caption-text gallery-caption' id='gallery-1-1356'>\n\t\t\t\tFoto: Javier Furi\u00f3\n\t\t\t\t<\/dd><\/dl><dl class='gallery-item'>\n\t\t\t<dt class='gallery-icon landscape'>\n\t\t\t\t<a href='https:\/\/amdcomval.com\/wp-content\/uploads\/2019\/05\/Jornadas-periodismo-CEU-05.jpg' title=\"\" data-rl_title=\"\" class=\"rl-gallery-link\" data-rl_caption=\"\" data-rel=\"lightbox-gallery-1\"><img loading=\"lazy\" decoding=\"async\" width=\"300\" height=\"200\" src=\"https:\/\/amdcomval.com\/wp-content\/uploads\/2019\/05\/Jornadas-periodismo-CEU-05-300x200.jpg\" class=\"attachment-medium size-medium\"  aria-describedby=\"gallery-1-1357\" \/><\/a>\n\t\t\t<\/dt>\n\t\t\t\t<dd class='wp-caption-text gallery-caption' id='gallery-1-1357'>\n\t\t\t\tFoto: Javier Furi\u00f3\n\t\t\t\t<\/dd><\/dl><br style=\"clear: both\" \/><dl class='gallery-item'>\n\t\t\t<dt class='gallery-icon landscape'>\n\t\t\t\t<a href='https:\/\/amdcomval.com\/wp-content\/uploads\/2019\/05\/Jornadas-periodismo-CEU-02.jpg' title=\"\" data-rl_title=\"\" class=\"rl-gallery-link\" data-rl_caption=\"\" data-rel=\"lightbox-gallery-1\"><img loading=\"lazy\" decoding=\"async\" width=\"300\" height=\"200\" src=\"https:\/\/amdcomval.com\/wp-content\/uploads\/2019\/05\/Jornadas-periodismo-CEU-02-300x200.jpg\" class=\"attachment-medium size-medium\"  aria-describedby=\"gallery-1-1354\" \/><\/a>\n\t\t\t<\/dt>\n\t\t\t\t<dd class='wp-caption-text gallery-caption' id='gallery-1-1354'>\n\t\t\t\tFoto: Javier Furi\u00f3\n\t\t\t\t<\/dd><\/dl><dl class='gallery-item'>\n\t\t\t<dt class='gallery-icon landscape'>\n\t\t\t\t<a href='https:\/\/amdcomval.com\/wp-content\/uploads\/2019\/05\/Jornadas-periodismo-CEU-08.jpg' title=\"\" data-rl_title=\"\" class=\"rl-gallery-link\" data-rl_caption=\"\" data-rel=\"lightbox-gallery-1\"><img loading=\"lazy\" decoding=\"async\" width=\"300\" height=\"200\" src=\"https:\/\/amdcomval.com\/wp-content\/uploads\/2019\/05\/Jornadas-periodismo-CEU-08-300x200.jpg\" class=\"attachment-medium size-medium\"  aria-describedby=\"gallery-1-1360\" \/><\/a>\n\t\t\t<\/dt>\n\t\t\t\t<dd class='wp-caption-text gallery-caption' id='gallery-1-1360'>\n\t\t\t\tFoto: Javier Furi\u00f3\n\t\t\t\t<\/dd><\/dl><br style=\"clear: both\" \/><dl class='gallery-item'>\n\t\t\t<dt class='gallery-icon landscape'>\n\t\t\t\t<a href='https:\/\/amdcomval.com\/wp-content\/uploads\/2019\/05\/Jornadas-periodismo-CEU-14.jpg' title=\"\" data-rl_title=\"\" class=\"rl-gallery-link\" data-rl_caption=\"\" data-rel=\"lightbox-gallery-1\"><img loading=\"lazy\" decoding=\"async\" width=\"300\" height=\"203\" src=\"https:\/\/amdcomval.com\/wp-content\/uploads\/2019\/05\/Jornadas-periodismo-CEU-14-300x203.jpg\" class=\"attachment-medium size-medium\"  aria-describedby=\"gallery-1-1366\" \/><\/a>\n\t\t\t<\/dt>\n\t\t\t\t<dd class='wp-caption-text gallery-caption' id='gallery-1-1366'>\n\t\t\t\tFoto: Javier Furi\u00f3\n\t\t\t\t<\/dd><\/dl><dl class='gallery-item'>\n\t\t\t<dt class='gallery-icon landscape'>\n\t\t\t\t<a href='https:\/\/amdcomval.com\/wp-content\/uploads\/2019\/05\/Jornadas-periodismo-CEU-13.jpg' title=\"\" data-rl_title=\"\" class=\"rl-gallery-link\" data-rl_caption=\"\" data-rel=\"lightbox-gallery-1\"><img loading=\"lazy\" decoding=\"async\" width=\"300\" height=\"216\" src=\"https:\/\/amdcomval.com\/wp-content\/uploads\/2019\/05\/Jornadas-periodismo-CEU-13-300x216.jpg\" class=\"attachment-medium size-medium\"  aria-describedby=\"gallery-1-1365\" \/><\/a>\n\t\t\t<\/dt>\n\t\t\t\t<dd class='wp-caption-text gallery-caption' id='gallery-1-1365'>\n\t\t\t\tFoto: Javier Furi\u00f3\n\t\t\t\t<\/dd><\/dl><br style=\"clear: both\" \/><dl class='gallery-item'>\n\t\t\t<dt class='gallery-icon landscape'>\n\t\t\t\t<a href='https:\/\/amdcomval.com\/wp-content\/uploads\/2019\/05\/Jornadas-periodismo-CEU-11.jpg' title=\"\" data-rl_title=\"\" class=\"rl-gallery-link\" data-rl_caption=\"\" data-rel=\"lightbox-gallery-1\"><img loading=\"lazy\" decoding=\"async\" width=\"300\" height=\"200\" src=\"https:\/\/amdcomval.com\/wp-content\/uploads\/2019\/05\/Jornadas-periodismo-CEU-11-300x200.jpg\" class=\"attachment-medium size-medium\"  aria-describedby=\"gallery-1-1363\" \/><\/a>\n\t\t\t<\/dt>\n\t\t\t\t<dd class='wp-caption-text gallery-caption' id='gallery-1-1363'>\n\t\t\t\tFoto: Javier Furi\u00f3\n\t\t\t\t<\/dd><\/dl><dl class='gallery-item'>\n\t\t\t<dt class='gallery-icon landscape'>\n\t\t\t\t<a href='https:\/\/amdcomval.com\/wp-content\/uploads\/2019\/05\/Jornadas-periodismo-CEU-10.jpg' title=\"\" data-rl_title=\"\" class=\"rl-gallery-link\" data-rl_caption=\"\" data-rel=\"lightbox-gallery-1\"><img loading=\"lazy\" decoding=\"async\" width=\"300\" height=\"200\" src=\"https:\/\/amdcomval.com\/wp-content\/uploads\/2019\/05\/Jornadas-periodismo-CEU-10-300x200.jpg\" class=\"attachment-medium size-medium\"  aria-describedby=\"gallery-1-1362\" \/><\/a>\n\t\t\t<\/dt>\n\t\t\t\t<dd class='wp-caption-text gallery-caption' id='gallery-1-1362'>\n\t\t\t\tFoto: Javier Furi\u00f3\n\t\t\t\t<\/dd><\/dl><br style=\"clear: both\" \/><dl class='gallery-item'>\n\t\t\t<dt class='gallery-icon landscape'>\n\t\t\t\t<a href='https:\/\/amdcomval.com\/wp-content\/uploads\/2019\/05\/Jornadas-periodismo-CEU-16.jpg' title=\"\" data-rl_title=\"\" class=\"rl-gallery-link\" data-rl_caption=\"\" data-rel=\"lightbox-gallery-1\"><img loading=\"lazy\" decoding=\"async\" width=\"300\" height=\"196\" src=\"https:\/\/amdcomval.com\/wp-content\/uploads\/2019\/05\/Jornadas-periodismo-CEU-16-300x196.jpg\" class=\"attachment-medium size-medium\"  aria-describedby=\"gallery-1-1368\" \/><\/a>\n\t\t\t<\/dt>\n\t\t\t\t<dd class='wp-caption-text gallery-caption' id='gallery-1-1368'>\n\t\t\t\tFoto: Javier Furi\u00f3\n\t\t\t\t<\/dd><\/dl><dl class='gallery-item'>\n\t\t\t<dt class='gallery-icon landscape'>\n\t\t\t\t<a href='https:\/\/amdcomval.com\/wp-content\/uploads\/2019\/05\/Jornadas-periodismo-CEU-06.jpg' title=\"\" data-rl_title=\"\" class=\"rl-gallery-link\" data-rl_caption=\"\" data-rel=\"lightbox-gallery-1\"><img loading=\"lazy\" decoding=\"async\" width=\"300\" height=\"200\" src=\"https:\/\/amdcomval.com\/wp-content\/uploads\/2019\/05\/Jornadas-periodismo-CEU-06-300x200.jpg\" class=\"attachment-medium size-medium\"  aria-describedby=\"gallery-1-1358\" \/><\/a>\n\t\t\t<\/dt>\n\t\t\t\t<dd class='wp-caption-text gallery-caption' id='gallery-1-1358'>\n\t\t\t\tFoto: Javier Furi\u00f3\n\t\t\t\t<\/dd><\/dl><br style=\"clear: both\" \/><dl class='gallery-item'>\n\t\t\t<dt class='gallery-icon landscape'>\n\t\t\t\t<a href='https:\/\/amdcomval.com\/wp-content\/uploads\/2019\/05\/Jornadas-periodismo-CEU-07.jpg' title=\"\" data-rl_title=\"\" class=\"rl-gallery-link\" data-rl_caption=\"\" data-rel=\"lightbox-gallery-1\"><img loading=\"lazy\" decoding=\"async\" width=\"300\" height=\"211\" src=\"https:\/\/amdcomval.com\/wp-content\/uploads\/2019\/05\/Jornadas-periodismo-CEU-07-300x211.jpg\" class=\"attachment-medium size-medium\"  aria-describedby=\"gallery-1-1359\" \/><\/a>\n\t\t\t<\/dt>\n\t\t\t\t<dd class='wp-caption-text gallery-caption' id='gallery-1-1359'>\n\t\t\t\tFoto: Javier Furi\u00f3\n\t\t\t\t<\/dd><\/dl>\n\t\t\t<br style='clear: both' \/>\n\t\t<\/div>\n\n","protected":false},"excerpt":{"rendered":"<p>El Observatorio de Investigaci\u00f3n en Medios Digitales (OIMED) de la Universidad CEU Cardenal Herrera ha reunido hoy en Valencia a una quincena de expertos para conmemorar el D\u00eda de Internet, con una nueva edici\u00f3n de las Jornadas de Periodismo Digital, que cumplen 20 a\u00f1os de estudio de las tendencias y evoluci\u00f3n de los contenidos informativos [&hellip;]<\/p>\n","protected":false},"author":4,"featured_media":1351,"comment_status":"open","ping_status":"open","sticky":false,"template":"","format":"standard","meta":{"_acf_changed":false,"footnotes":""},"categories":[17],"tags":[12,20,34,205,62],"class_list":["post-1349","post","type-post","status-publish","format-standard","has-post-thumbnail","hentry","category-blog","tag-amdcomval","tag-ceu","tag-jornadas-de-periodismo-digital","tag-oimed","tag-periodismo"],"acf":[],"yoast_head":"<!-- This site is optimized with the Yoast SEO plugin v26.3 - https:\/\/yoast.com\/wordpress\/plugins\/seo\/ -->\n<title>AMDComVal celebra el D\u00eda Mundial de Internet participando en el XX aniversario de las jornadas de periodismo digital de OIMED - AMDComVal - Associaci\u00f3 de Mitjans Digitals de la Comunitat Valenciana<\/title>\n<meta name=\"robots\" content=\"index, follow, max-snippet:-1, max-image-preview:large, max-video-preview:-1\" \/>\n<link rel=\"canonical\" href=\"https:\/\/amdcomval.com\/oimed-celebra-el-dia-mundial-de-internet-con-el-xx-aniversario-de-sus-jornadas-de-periodismo-digital\/\" \/>\n<meta property=\"og:locale\" content=\"en_US\" \/>\n<meta property=\"og:type\" content=\"article\" \/>\n<meta property=\"og:title\" content=\"AMDComVal celebra el D\u00eda Mundial de Internet participando en el XX aniversario de las jornadas de periodismo digital de OIMED - AMDComVal - Associaci\u00f3 de Mitjans Digitals de la Comunitat Valenciana\" \/>\n<meta property=\"og:description\" content=\"El Observatorio de Investigaci\u00f3n en Medios Digitales (OIMED) de la Universidad CEU Cardenal Herrera ha reunido hoy en Valencia a una quincena de expertos para conmemorar el D\u00eda de Internet, con una nueva edici\u00f3n de las Jornadas de Periodismo Digital, que cumplen 20 a\u00f1os de estudio de las tendencias y evoluci\u00f3n de los contenidos informativos [&hellip;]\" \/>\n<meta property=\"og:url\" content=\"https:\/\/amdcomval.com\/oimed-celebra-el-dia-mundial-de-internet-con-el-xx-aniversario-de-sus-jornadas-de-periodismo-digital\/\" \/>\n<meta property=\"og:site_name\" content=\"AMDComVal - Associaci\u00f3 de Mitjans Digitals de la Comunitat Valenciana\" \/>\n<meta property=\"article:publisher\" content=\"https:\/\/www.facebook.com\/Associaci-De-Mitjans-Digitals-238717099544439\/\" \/>\n<meta property=\"article:published_time\" content=\"2019-05-17T17:52:36+00:00\" \/>\n<meta property=\"og:image\" content=\"https:\/\/amdcomval.com\/wp-content\/uploads\/2019\/05\/jornadas-periodismo-digital-oimed-ceu-uch-20-aniversario-1-1024x681.jpg\" \/>\n\t<meta property=\"og:image:width\" content=\"1024\" \/>\n\t<meta property=\"og:image:height\" content=\"681\" \/>\n\t<meta property=\"og:image:type\" content=\"image\/jpeg\" \/>\n<meta name=\"author\" content=\"AMDComVal\" \/>\n<meta name=\"twitter:card\" content=\"summary_large_image\" \/>\n<meta name=\"twitter:creator\" content=\"@AMDComVal\" \/>\n<meta name=\"twitter:site\" content=\"@AMDComVal\" \/>\n<meta name=\"twitter:label1\" content=\"Written by\" \/>\n\t<meta name=\"twitter:data1\" content=\"AMDComVal\" \/>\n\t<meta name=\"twitter:label2\" content=\"Est. reading time\" \/>\n\t<meta name=\"twitter:data2\" content=\"3 minutes\" \/>\n<script type=\"application\/ld+json\" class=\"yoast-schema-graph\">{\"@context\":\"https:\/\/schema.org\",\"@graph\":[{\"@type\":\"Article\",\"@id\":\"https:\/\/amdcomval.com\/oimed-celebra-el-dia-mundial-de-internet-con-el-xx-aniversario-de-sus-jornadas-de-periodismo-digital\/#article\",\"isPartOf\":{\"@id\":\"https:\/\/amdcomval.com\/oimed-celebra-el-dia-mundial-de-internet-con-el-xx-aniversario-de-sus-jornadas-de-periodismo-digital\/\"},\"author\":{\"name\":\"AMDComVal\",\"@id\":\"https:\/\/amdcomval.com\/#\/schema\/person\/f15529598c810a38625abf10fd5bda3a\"},\"headline\":\"AMDComVal celebra el D\u00eda Mundial de Internet participando en el XX aniversario de las jornadas de periodismo digital de OIMED\",\"datePublished\":\"2019-05-17T17:52:36+00:00\",\"mainEntityOfPage\":{\"@id\":\"https:\/\/amdcomval.com\/oimed-celebra-el-dia-mundial-de-internet-con-el-xx-aniversario-de-sus-jornadas-de-periodismo-digital\/\"},\"wordCount\":711,\"commentCount\":0,\"publisher\":{\"@id\":\"https:\/\/amdcomval.com\/#organization\"},\"image\":{\"@id\":\"https:\/\/amdcomval.com\/oimed-celebra-el-dia-mundial-de-internet-con-el-xx-aniversario-de-sus-jornadas-de-periodismo-digital\/#primaryimage\"},\"thumbnailUrl\":\"https:\/\/amdcomval.com\/wp-content\/uploads\/2019\/05\/jornadas-periodismo-digital-oimed-ceu-uch-20-aniversario-1.jpg\",\"keywords\":[\"amdcomval\",\"CEU\",\"jornadas de periodismo digital\",\"Oimed\",\"periodismo\"],\"articleSection\":[\"Blog\"],\"inLanguage\":\"val\",\"potentialAction\":[{\"@type\":\"CommentAction\",\"name\":\"Comment\",\"target\":[\"https:\/\/amdcomval.com\/oimed-celebra-el-dia-mundial-de-internet-con-el-xx-aniversario-de-sus-jornadas-de-periodismo-digital\/#respond\"]}]},{\"@type\":\"WebPage\",\"@id\":\"https:\/\/amdcomval.com\/oimed-celebra-el-dia-mundial-de-internet-con-el-xx-aniversario-de-sus-jornadas-de-periodismo-digital\/\",\"url\":\"https:\/\/amdcomval.com\/oimed-celebra-el-dia-mundial-de-internet-con-el-xx-aniversario-de-sus-jornadas-de-periodismo-digital\/\",\"name\":\"AMDComVal celebra el D\u00eda Mundial de Internet participando en el XX aniversario de las jornadas de periodismo digital de OIMED - AMDComVal - Associaci\u00f3 de Mitjans Digitals de la Comunitat Valenciana\",\"isPartOf\":{\"@id\":\"https:\/\/amdcomval.com\/#website\"},\"primaryImageOfPage\":{\"@id\":\"https:\/\/amdcomval.com\/oimed-celebra-el-dia-mundial-de-internet-con-el-xx-aniversario-de-sus-jornadas-de-periodismo-digital\/#primaryimage\"},\"image\":{\"@id\":\"https:\/\/amdcomval.com\/oimed-celebra-el-dia-mundial-de-internet-con-el-xx-aniversario-de-sus-jornadas-de-periodismo-digital\/#primaryimage\"},\"thumbnailUrl\":\"https:\/\/amdcomval.com\/wp-content\/uploads\/2019\/05\/jornadas-periodismo-digital-oimed-ceu-uch-20-aniversario-1.jpg\",\"datePublished\":\"2019-05-17T17:52:36+00:00\",\"breadcrumb\":{\"@id\":\"https:\/\/amdcomval.com\/oimed-celebra-el-dia-mundial-de-internet-con-el-xx-aniversario-de-sus-jornadas-de-periodismo-digital\/#breadcrumb\"},\"inLanguage\":\"val\",\"potentialAction\":[{\"@type\":\"ReadAction\",\"target\":[\"https:\/\/amdcomval.com\/oimed-celebra-el-dia-mundial-de-internet-con-el-xx-aniversario-de-sus-jornadas-de-periodismo-digital\/\"]}]},{\"@type\":\"ImageObject\",\"inLanguage\":\"val\",\"@id\":\"https:\/\/amdcomval.com\/oimed-celebra-el-dia-mundial-de-internet-con-el-xx-aniversario-de-sus-jornadas-de-periodismo-digital\/#primaryimage\",\"url\":\"https:\/\/amdcomval.com\/wp-content\/uploads\/2019\/05\/jornadas-periodismo-digital-oimed-ceu-uch-20-aniversario-1.jpg\",\"contentUrl\":\"https:\/\/amdcomval.com\/wp-content\/uploads\/2019\/05\/jornadas-periodismo-digital-oimed-ceu-uch-20-aniversario-1.jpg\",\"width\":2400,\"height\":1596,\"caption\":\"Jornadas de Periodismo Digital CEU\"},{\"@type\":\"BreadcrumbList\",\"@id\":\"https:\/\/amdcomval.com\/oimed-celebra-el-dia-mundial-de-internet-con-el-xx-aniversario-de-sus-jornadas-de-periodismo-digital\/#breadcrumb\",\"itemListElement\":[{\"@type\":\"ListItem\",\"position\":1,\"name\":\"Portada\",\"item\":\"https:\/\/amdcomval.com\/val\/\"},{\"@type\":\"ListItem\",\"position\":2,\"name\":\"AMDComVal celebra el D\u00eda Mundial de Internet participando en el XX aniversario de las jornadas de periodismo digital de OIMED\"}]},{\"@type\":\"WebSite\",\"@id\":\"https:\/\/amdcomval.com\/#website\",\"url\":\"https:\/\/amdcomval.com\/\",\"name\":\"AMDComVal - Associaci\u00f3 de Mitjans Digitals de la Comunitat Valenciana\",\"description\":\"Web oficial de la Associaci\u00f3 de Mitjans Digitals de la Comunitat Valenciana (AMDComVal). Por la profesionalizaci\u00f3n y dignificaci\u00f3n de los medios de comunicaci\u00f3n digital\",\"publisher\":{\"@id\":\"https:\/\/amdcomval.com\/#organization\"},\"potentialAction\":[{\"@type\":\"SearchAction\",\"target\":{\"@type\":\"EntryPoint\",\"urlTemplate\":\"https:\/\/amdcomval.com\/?s={search_term_string}\"},\"query-input\":{\"@type\":\"PropertyValueSpecification\",\"valueRequired\":true,\"valueName\":\"search_term_string\"}}],\"inLanguage\":\"val\"},{\"@type\":\"Organization\",\"@id\":\"https:\/\/amdcomval.com\/#organization\",\"name\":\"AMDComVal - Associaci\u00f3 de Mitjans Digitals de la Comunitat Valenciana\",\"url\":\"https:\/\/amdcomval.com\/\",\"logo\":{\"@type\":\"ImageObject\",\"inLanguage\":\"val\",\"@id\":\"https:\/\/amdcomval.com\/#\/schema\/logo\/image\/\",\"url\":\"https:\/\/amdcomval.com\/wp-content\/uploads\/2025\/10\/AMDComVal-logo-horizontal-2.png\",\"contentUrl\":\"https:\/\/amdcomval.com\/wp-content\/uploads\/2025\/10\/AMDComVal-logo-horizontal-2.png\",\"width\":2560,\"height\":936,\"caption\":\"AMDComVal - Associaci\u00f3 de Mitjans Digitals de la Comunitat Valenciana\"},\"image\":{\"@id\":\"https:\/\/amdcomval.com\/#\/schema\/logo\/image\/\"},\"sameAs\":[\"https:\/\/www.facebook.com\/Associaci-De-Mitjans-Digitals-238717099544439\/\",\"https:\/\/x.com\/AMDComVal\",\"https:\/\/www.linkedin.com\/groups\/3150654\/\"]},{\"@type\":\"Person\",\"@id\":\"https:\/\/amdcomval.com\/#\/schema\/person\/f15529598c810a38625abf10fd5bda3a\",\"name\":\"AMDComVal\",\"url\":\"https:\/\/amdcomval.com\/val\/author\/amdcomval\/\"}]}<\/script>\n<!-- \/ Yoast SEO plugin. -->","yoast_head_json":{"title":"AMDComVal celebra el D\u00eda Mundial de Internet participando en el XX aniversario de las jornadas de periodismo digital de OIMED - AMDComVal - Associaci\u00f3 de Mitjans Digitals de la Comunitat Valenciana","robots":{"index":"index","follow":"follow","max-snippet":"max-snippet:-1","max-image-preview":"max-image-preview:large","max-video-preview":"max-video-preview:-1"},"canonical":"https:\/\/amdcomval.com\/oimed-celebra-el-dia-mundial-de-internet-con-el-xx-aniversario-de-sus-jornadas-de-periodismo-digital\/","og_locale":"en_US","og_type":"article","og_title":"AMDComVal celebra el D\u00eda Mundial de Internet participando en el XX aniversario de las jornadas de periodismo digital de OIMED - AMDComVal - Associaci\u00f3 de Mitjans Digitals de la Comunitat Valenciana","og_description":"El Observatorio de Investigaci\u00f3n en Medios Digitales (OIMED) de la Universidad CEU Cardenal Herrera ha reunido hoy en Valencia a una quincena de expertos para conmemorar el D\u00eda de Internet, con una nueva edici\u00f3n de las Jornadas de Periodismo Digital, que cumplen 20 a\u00f1os de estudio de las tendencias y evoluci\u00f3n de los contenidos informativos [&hellip;]","og_url":"https:\/\/amdcomval.com\/oimed-celebra-el-dia-mundial-de-internet-con-el-xx-aniversario-de-sus-jornadas-de-periodismo-digital\/","og_site_name":"AMDComVal - Associaci\u00f3 de Mitjans Digitals de la Comunitat Valenciana","article_publisher":"https:\/\/www.facebook.com\/Associaci-De-Mitjans-Digitals-238717099544439\/","article_published_time":"2019-05-17T17:52:36+00:00","og_image":[{"width":1024,"height":681,"url":"https:\/\/amdcomval.com\/wp-content\/uploads\/2019\/05\/jornadas-periodismo-digital-oimed-ceu-uch-20-aniversario-1-1024x681.jpg","type":"image\/jpeg"}],"author":"AMDComVal","twitter_card":"summary_large_image","twitter_creator":"@AMDComVal","twitter_site":"@AMDComVal","twitter_misc":{"Written by":"AMDComVal","Est. reading time":"3 minutes"},"schema":{"@context":"https:\/\/schema.org","@graph":[{"@type":"Article","@id":"https:\/\/amdcomval.com\/oimed-celebra-el-dia-mundial-de-internet-con-el-xx-aniversario-de-sus-jornadas-de-periodismo-digital\/#article","isPartOf":{"@id":"https:\/\/amdcomval.com\/oimed-celebra-el-dia-mundial-de-internet-con-el-xx-aniversario-de-sus-jornadas-de-periodismo-digital\/"},"author":{"name":"AMDComVal","@id":"https:\/\/amdcomval.com\/#\/schema\/person\/f15529598c810a38625abf10fd5bda3a"},"headline":"AMDComVal celebra el D\u00eda Mundial de Internet participando en el XX aniversario de las jornadas de periodismo digital de OIMED","datePublished":"2019-05-17T17:52:36+00:00","mainEntityOfPage":{"@id":"https:\/\/amdcomval.com\/oimed-celebra-el-dia-mundial-de-internet-con-el-xx-aniversario-de-sus-jornadas-de-periodismo-digital\/"},"wordCount":711,"commentCount":0,"publisher":{"@id":"https:\/\/amdcomval.com\/#organization"},"image":{"@id":"https:\/\/amdcomval.com\/oimed-celebra-el-dia-mundial-de-internet-con-el-xx-aniversario-de-sus-jornadas-de-periodismo-digital\/#primaryimage"},"thumbnailUrl":"https:\/\/amdcomval.com\/wp-content\/uploads\/2019\/05\/jornadas-periodismo-digital-oimed-ceu-uch-20-aniversario-1.jpg","keywords":["amdcomval","CEU","jornadas de periodismo digital","Oimed","periodismo"],"articleSection":["Blog"],"inLanguage":"val","potentialAction":[{"@type":"CommentAction","name":"Comment","target":["https:\/\/amdcomval.com\/oimed-celebra-el-dia-mundial-de-internet-con-el-xx-aniversario-de-sus-jornadas-de-periodismo-digital\/#respond"]}]},{"@type":"WebPage","@id":"https:\/\/amdcomval.com\/oimed-celebra-el-dia-mundial-de-internet-con-el-xx-aniversario-de-sus-jornadas-de-periodismo-digital\/","url":"https:\/\/amdcomval.com\/oimed-celebra-el-dia-mundial-de-internet-con-el-xx-aniversario-de-sus-jornadas-de-periodismo-digital\/","name":"AMDComVal celebra el D\u00eda Mundial de Internet participando en el XX aniversario de las jornadas de periodismo digital de OIMED - AMDComVal - Associaci\u00f3 de Mitjans Digitals de la Comunitat Valenciana","isPartOf":{"@id":"https:\/\/amdcomval.com\/#website"},"primaryImageOfPage":{"@id":"https:\/\/amdcomval.com\/oimed-celebra-el-dia-mundial-de-internet-con-el-xx-aniversario-de-sus-jornadas-de-periodismo-digital\/#primaryimage"},"image":{"@id":"https:\/\/amdcomval.com\/oimed-celebra-el-dia-mundial-de-internet-con-el-xx-aniversario-de-sus-jornadas-de-periodismo-digital\/#primaryimage"},"thumbnailUrl":"https:\/\/amdcomval.com\/wp-content\/uploads\/2019\/05\/jornadas-periodismo-digital-oimed-ceu-uch-20-aniversario-1.jpg","datePublished":"2019-05-17T17:52:36+00:00","breadcrumb":{"@id":"https:\/\/amdcomval.com\/oimed-celebra-el-dia-mundial-de-internet-con-el-xx-aniversario-de-sus-jornadas-de-periodismo-digital\/#breadcrumb"},"inLanguage":"val","potentialAction":[{"@type":"ReadAction","target":["https:\/\/amdcomval.com\/oimed-celebra-el-dia-mundial-de-internet-con-el-xx-aniversario-de-sus-jornadas-de-periodismo-digital\/"]}]},{"@type":"ImageObject","inLanguage":"val","@id":"https:\/\/amdcomval.com\/oimed-celebra-el-dia-mundial-de-internet-con-el-xx-aniversario-de-sus-jornadas-de-periodismo-digital\/#primaryimage","url":"https:\/\/amdcomval.com\/wp-content\/uploads\/2019\/05\/jornadas-periodismo-digital-oimed-ceu-uch-20-aniversario-1.jpg","contentUrl":"https:\/\/amdcomval.com\/wp-content\/uploads\/2019\/05\/jornadas-periodismo-digital-oimed-ceu-uch-20-aniversario-1.jpg","width":2400,"height":1596,"caption":"Jornadas de Periodismo Digital CEU"},{"@type":"BreadcrumbList","@id":"https:\/\/amdcomval.com\/oimed-celebra-el-dia-mundial-de-internet-con-el-xx-aniversario-de-sus-jornadas-de-periodismo-digital\/#breadcrumb","itemListElement":[{"@type":"ListItem","position":1,"name":"Portada","item":"https:\/\/amdcomval.com\/val\/"},{"@type":"ListItem","position":2,"name":"AMDComVal celebra el D\u00eda Mundial de Internet participando en el XX aniversario de las jornadas de periodismo digital de OIMED"}]},{"@type":"WebSite","@id":"https:\/\/amdcomval.com\/#website","url":"https:\/\/amdcomval.com\/","name":"AMDComVal - Associaci\u00f3 de Mitjans Digitals de la Comunitat Valenciana","description":"Web oficial de la Associaci\u00f3 de Mitjans Digitals de la Comunitat Valenciana (AMDComVal). Por la profesionalizaci\u00f3n y dignificaci\u00f3n de los medios de comunicaci\u00f3n digital","publisher":{"@id":"https:\/\/amdcomval.com\/#organization"},"potentialAction":[{"@type":"SearchAction","target":{"@type":"EntryPoint","urlTemplate":"https:\/\/amdcomval.com\/?s={search_term_string}"},"query-input":{"@type":"PropertyValueSpecification","valueRequired":true,"valueName":"search_term_string"}}],"inLanguage":"val"},{"@type":"Organization","@id":"https:\/\/amdcomval.com\/#organization","name":"AMDComVal - Associaci\u00f3 de Mitjans Digitals de la Comunitat Valenciana","url":"https:\/\/amdcomval.com\/","logo":{"@type":"ImageObject","inLanguage":"val","@id":"https:\/\/amdcomval.com\/#\/schema\/logo\/image\/","url":"https:\/\/amdcomval.com\/wp-content\/uploads\/2025\/10\/AMDComVal-logo-horizontal-2.png","contentUrl":"https:\/\/amdcomval.com\/wp-content\/uploads\/2025\/10\/AMDComVal-logo-horizontal-2.png","width":2560,"height":936,"caption":"AMDComVal - Associaci\u00f3 de Mitjans Digitals de la Comunitat Valenciana"},"image":{"@id":"https:\/\/amdcomval.com\/#\/schema\/logo\/image\/"},"sameAs":["https:\/\/www.facebook.com\/Associaci-De-Mitjans-Digitals-238717099544439\/","https:\/\/x.com\/AMDComVal","https:\/\/www.linkedin.com\/groups\/3150654\/"]},{"@type":"Person","@id":"https:\/\/amdcomval.com\/#\/schema\/person\/f15529598c810a38625abf10fd5bda3a","name":"AMDComVal","url":"https:\/\/amdcomval.com\/val\/author\/amdcomval\/"}]}},"_links":{"self":[{"href":"https:\/\/amdcomval.com\/val\/wp-json\/wp\/v2\/posts\/1349","targetHints":{"allow":["GET"]}}],"collection":[{"href":"https:\/\/amdcomval.com\/val\/wp-json\/wp\/v2\/posts"}],"about":[{"href":"https:\/\/amdcomval.com\/val\/wp-json\/wp\/v2\/types\/post"}],"author":[{"embeddable":true,"href":"https:\/\/amdcomval.com\/val\/wp-json\/wp\/v2\/users\/4"}],"replies":[{"embeddable":true,"href":"https:\/\/amdcomval.com\/val\/wp-json\/wp\/v2\/comments?post=1349"}],"version-history":[{"count":0,"href":"https:\/\/amdcomval.com\/val\/wp-json\/wp\/v2\/posts\/1349\/revisions"}],"wp:featuredmedia":[{"embeddable":true,"href":"https:\/\/amdcomval.com\/val\/wp-json\/wp\/v2\/media\/1351"}],"wp:attachment":[{"href":"https:\/\/amdcomval.com\/val\/wp-json\/wp\/v2\/media?parent=1349"}],"wp:term":[{"taxonomy":"category","embeddable":true,"href":"https:\/\/amdcomval.com\/val\/wp-json\/wp\/v2\/categories?post=1349"},{"taxonomy":"post_tag","embeddable":true,"href":"https:\/\/amdcomval.com\/val\/wp-json\/wp\/v2\/tags?post=1349"}],"curies":[{"name":"wp","href":"https:\/\/api.w.org\/{rel}","templated":true}]}}