{"id":1394,"date":"2019-07-23T09:22:53","date_gmt":"2019-07-23T09:22:53","guid":{"rendered":"https:\/\/www.amdcomval.com\/?p=1394"},"modified":"2019-07-23T09:22:53","modified_gmt":"2019-07-23T09:22:53","slug":"los-medios-asociados-celebran-una-jornada-de-trabajo-en-el-cubo-de-la-marina","status":"publish","type":"post","link":"https:\/\/amdcomval.com\/val\/los-medios-asociados-celebran-una-jornada-de-trabajo-en-el-cubo-de-la-marina\/","title":{"rendered":"Los medios asociados celebran una jornada de trabajo en el Cubo de la Marina"},"content":{"rendered":"<p><img loading=\"lazy\" decoding=\"async\" class=\"aligncenter size-large wp-image-1395\" src=\"https:\/\/amdcomval.com\/wp-content\/uploads\/2019\/07\/AmdComval-Cubo-1024x767.jpg\"  width=\"1024\" height=\"767\" \/><\/p>\n<p>La Asociaci\u00f3n de Medios Digitales de la Comunitat Valenciana (AMDComVal) celebr\u00f3 una reuni\u00f3n de trabajo de los medios asociados el pasado viernes, 19 de julio, en el Cubo de la Marina de Val\u00e8ncia Turisme.<\/p>\n<p>Fruto del acuerdo de la asociaci\u00f3n con el patronato de turismo provincial se dispuso de este espacio de trabajo donde poder reunir a asociados y desarrollar esta jornada.<\/p>\n<p>Los medios asociados\u00a0 AMDComVal han cerrado el primer semestre de 2019 con 17,5 millones de p\u00e1ginas vistas y 6,7 millones de usuarios \u00fanicos, un potencial que demuestra la implantaci\u00f3n de estos medios, la fidelidad de sus lectores y su capacidad para alcanzar todos los rincones de la comunidad aut\u00f3noma.<\/p>\n<p>Nueve cabeceras de toda la Comunitat participaron en esta reuni\u00f3n en la que se hizo un balance del crecimiento en asociados de los \u00faltimos meses, hasta alcanzar las 24 empresas editorias, con m\u00e1s de 30 cabeceras en el mercado.<\/p>\n<p>Adem\u00e1s, se trabaj\u00f3 sobre los acuerdos con la Asociaci\u00f3n Espa\u00f1ola de Empresas de Publicaciones Peri\u00f3dicas (AEEPP) y las posibilidades de organizar acciones conjuntas con empresas como Google o Facebook, herramientas de transparencia y acceso a informaci\u00f3n sobre campa\u00f1as de publicidad estatales.<\/p>\n<p>As\u00ed, una de las l\u00edneas de trabajo a partir de septiembre ser\u00e1n desayunos con centrales de medios para presentar la asociaci\u00f3n y las cabeceras que la componen.<\/p>\n<p>Por \u00faltimo se comenz\u00f3 a dar forma a la tercera edici\u00f3n de las Jornadas de Medios Digitales de la Comunitat Valenciana, que se celebrar\u00e1n el pr\u00f3ximo oto\u00f1o. Desde AMDComVal se ha trazado como objetivo traer a grandes expertos y empresas en diferentes tem\u00e1ticas que forman parte del d\u00eda a d\u00eda de los medios digitales, sea cual sea su tama\u00f1o, y que sea una de las grandes citas del a\u00f1o.<\/p>\n","protected":false},"excerpt":{"rendered":"<p>La Asociaci\u00f3n de Medios Digitales de la Comunitat Valenciana (AMDComVal) celebr\u00f3 una reuni\u00f3n de trabajo de los medios asociados el pasado viernes, 19 de julio, en el Cubo de la Marina de Val\u00e8ncia Turisme. Fruto del acuerdo de la asociaci\u00f3n con el patronato de turismo provincial se dispuso de este espacio de trabajo donde poder [&hellip;]<\/p>\n","protected":false},"author":4,"featured_media":1395,"comment_status":"open","ping_status":"open","sticky":false,"template":"","format":"standard","meta":{"_acf_changed":false,"footnotes":""},"categories":[17],"tags":[],"class_list":["post-1394","post","type-post","status-publish","format-standard","has-post-thumbnail","hentry","category-blog"],"acf":[],"yoast_head":"<!-- This site is optimized with the Yoast SEO plugin v26.3 - https:\/\/yoast.com\/wordpress\/plugins\/seo\/ -->\n<title>Los medios asociados celebran una jornada de trabajo en el Cubo de la Marina<\/title>\n<meta name=\"description\" content=\"Uno de los ejes de esta jornada de trabajo fue el calendario de desayunos con centrales de medios radicadas en la Comunitat Valenciana.\" \/>\n<meta name=\"robots\" content=\"index, follow, max-snippet:-1, max-image-preview:large, max-video-preview:-1\" \/>\n<link rel=\"canonical\" href=\"https:\/\/amdcomval.com\/los-medios-asociados-celebran-una-jornada-de-trabajo-en-el-cubo-de-la-marina\/\" \/>\n<meta property=\"og:locale\" content=\"en_US\" \/>\n<meta property=\"og:type\" content=\"article\" \/>\n<meta property=\"og:title\" content=\"Los medios asociados celebran una jornada de trabajo en el Cubo de la Marina\" \/>\n<meta property=\"og:description\" content=\"Uno de los ejes de esta jornada de trabajo fue el calendario de desayunos con centrales de medios radicadas en la Comunitat Valenciana.\" \/>\n<meta property=\"og:url\" content=\"https:\/\/amdcomval.com\/los-medios-asociados-celebran-una-jornada-de-trabajo-en-el-cubo-de-la-marina\/\" \/>\n<meta property=\"og:site_name\" content=\"AMDComVal - Associaci\u00f3 de Mitjans Digitals de la Comunitat Valenciana\" \/>\n<meta property=\"article:publisher\" content=\"https:\/\/www.facebook.com\/Associaci-De-Mitjans-Digitals-238717099544439\/\" \/>\n<meta property=\"article:published_time\" content=\"2019-07-23T09:22:53+00:00\" \/>\n<meta property=\"og:image\" content=\"https:\/\/amdcomval.com\/wp-content\/uploads\/2019\/07\/AmdComval-Cubo.jpg\" \/>\n\t<meta property=\"og:image:width\" content=\"1024\" \/>\n\t<meta property=\"og:image:height\" content=\"767\" \/>\n\t<meta property=\"og:image:type\" content=\"image\/jpeg\" \/>\n<meta name=\"author\" content=\"AMDComVal\" \/>\n<meta name=\"twitter:card\" content=\"summary_large_image\" \/>\n<meta name=\"twitter:creator\" content=\"@AMDComVal\" \/>\n<meta name=\"twitter:site\" content=\"@AMDComVal\" \/>\n<meta name=\"twitter:label1\" content=\"Written by\" \/>\n\t<meta name=\"twitter:data1\" content=\"AMDComVal\" \/>\n\t<meta name=\"twitter:label2\" content=\"Est. reading time\" \/>\n\t<meta name=\"twitter:data2\" content=\"2 minutes\" \/>\n<script type=\"application\/ld+json\" class=\"yoast-schema-graph\">{\"@context\":\"https:\/\/schema.org\",\"@graph\":[{\"@type\":\"Article\",\"@id\":\"https:\/\/amdcomval.com\/los-medios-asociados-celebran-una-jornada-de-trabajo-en-el-cubo-de-la-marina\/#article\",\"isPartOf\":{\"@id\":\"https:\/\/amdcomval.com\/los-medios-asociados-celebran-una-jornada-de-trabajo-en-el-cubo-de-la-marina\/\"},\"author\":{\"name\":\"AMDComVal\",\"@id\":\"https:\/\/amdcomval.com\/#\/schema\/person\/f15529598c810a38625abf10fd5bda3a\"},\"headline\":\"Los medios asociados celebran una jornada de trabajo en el Cubo de la Marina\",\"datePublished\":\"2019-07-23T09:22:53+00:00\",\"mainEntityOfPage\":{\"@id\":\"https:\/\/amdcomval.com\/los-medios-asociados-celebran-una-jornada-de-trabajo-en-el-cubo-de-la-marina\/\"},\"wordCount\":322,\"commentCount\":0,\"publisher\":{\"@id\":\"https:\/\/amdcomval.com\/#organization\"},\"image\":{\"@id\":\"https:\/\/amdcomval.com\/los-medios-asociados-celebran-una-jornada-de-trabajo-en-el-cubo-de-la-marina\/#primaryimage\"},\"thumbnailUrl\":\"https:\/\/amdcomval.com\/wp-content\/uploads\/2019\/07\/AmdComval-Cubo.jpg\",\"articleSection\":[\"Blog\"],\"inLanguage\":\"val\",\"potentialAction\":[{\"@type\":\"CommentAction\",\"name\":\"Comment\",\"target\":[\"https:\/\/amdcomval.com\/los-medios-asociados-celebran-una-jornada-de-trabajo-en-el-cubo-de-la-marina\/#respond\"]}]},{\"@type\":\"WebPage\",\"@id\":\"https:\/\/amdcomval.com\/los-medios-asociados-celebran-una-jornada-de-trabajo-en-el-cubo-de-la-marina\/\",\"url\":\"https:\/\/amdcomval.com\/los-medios-asociados-celebran-una-jornada-de-trabajo-en-el-cubo-de-la-marina\/\",\"name\":\"Los medios asociados celebran una jornada de trabajo en el Cubo de la Marina\",\"isPartOf\":{\"@id\":\"https:\/\/amdcomval.com\/#website\"},\"primaryImageOfPage\":{\"@id\":\"https:\/\/amdcomval.com\/los-medios-asociados-celebran-una-jornada-de-trabajo-en-el-cubo-de-la-marina\/#primaryimage\"},\"image\":{\"@id\":\"https:\/\/amdcomval.com\/los-medios-asociados-celebran-una-jornada-de-trabajo-en-el-cubo-de-la-marina\/#primaryimage\"},\"thumbnailUrl\":\"https:\/\/amdcomval.com\/wp-content\/uploads\/2019\/07\/AmdComval-Cubo.jpg\",\"datePublished\":\"2019-07-23T09:22:53+00:00\",\"description\":\"Uno de los ejes de esta jornada de trabajo fue el calendario de desayunos con centrales de medios radicadas en la Comunitat Valenciana.\",\"breadcrumb\":{\"@id\":\"https:\/\/amdcomval.com\/los-medios-asociados-celebran-una-jornada-de-trabajo-en-el-cubo-de-la-marina\/#breadcrumb\"},\"inLanguage\":\"val\",\"potentialAction\":[{\"@type\":\"ReadAction\",\"target\":[\"https:\/\/amdcomval.com\/los-medios-asociados-celebran-una-jornada-de-trabajo-en-el-cubo-de-la-marina\/\"]}]},{\"@type\":\"ImageObject\",\"inLanguage\":\"val\",\"@id\":\"https:\/\/amdcomval.com\/los-medios-asociados-celebran-una-jornada-de-trabajo-en-el-cubo-de-la-marina\/#primaryimage\",\"url\":\"https:\/\/amdcomval.com\/wp-content\/uploads\/2019\/07\/AmdComval-Cubo.jpg\",\"contentUrl\":\"https:\/\/amdcomval.com\/wp-content\/uploads\/2019\/07\/AmdComval-Cubo.jpg\",\"width\":1024,\"height\":767},{\"@type\":\"BreadcrumbList\",\"@id\":\"https:\/\/amdcomval.com\/los-medios-asociados-celebran-una-jornada-de-trabajo-en-el-cubo-de-la-marina\/#breadcrumb\",\"itemListElement\":[{\"@type\":\"ListItem\",\"position\":1,\"name\":\"Portada\",\"item\":\"https:\/\/amdcomval.com\/val\/\"},{\"@type\":\"ListItem\",\"position\":2,\"name\":\"Los medios asociados celebran una jornada de trabajo en el Cubo de la Marina\"}]},{\"@type\":\"WebSite\",\"@id\":\"https:\/\/amdcomval.com\/#website\",\"url\":\"https:\/\/amdcomval.com\/\",\"name\":\"AMDComVal - Associaci\u00f3 de Mitjans Digitals de la Comunitat Valenciana\",\"description\":\"Web oficial de la Associaci\u00f3 de Mitjans Digitals de la Comunitat Valenciana (AMDComVal). Por la profesionalizaci\u00f3n y dignificaci\u00f3n de los medios de comunicaci\u00f3n digital\",\"publisher\":{\"@id\":\"https:\/\/amdcomval.com\/#organization\"},\"potentialAction\":[{\"@type\":\"SearchAction\",\"target\":{\"@type\":\"EntryPoint\",\"urlTemplate\":\"https:\/\/amdcomval.com\/?s={search_term_string}\"},\"query-input\":{\"@type\":\"PropertyValueSpecification\",\"valueRequired\":true,\"valueName\":\"search_term_string\"}}],\"inLanguage\":\"val\"},{\"@type\":\"Organization\",\"@id\":\"https:\/\/amdcomval.com\/#organization\",\"name\":\"AMDComVal - Associaci\u00f3 de Mitjans Digitals de la Comunitat Valenciana\",\"url\":\"https:\/\/amdcomval.com\/\",\"logo\":{\"@type\":\"ImageObject\",\"inLanguage\":\"val\",\"@id\":\"https:\/\/amdcomval.com\/#\/schema\/logo\/image\/\",\"url\":\"https:\/\/amdcomval.com\/wp-content\/uploads\/2025\/10\/AMDComVal-logo-horizontal-2.png\",\"contentUrl\":\"https:\/\/amdcomval.com\/wp-content\/uploads\/2025\/10\/AMDComVal-logo-horizontal-2.png\",\"width\":2560,\"height\":936,\"caption\":\"AMDComVal - Associaci\u00f3 de Mitjans Digitals de la Comunitat Valenciana\"},\"image\":{\"@id\":\"https:\/\/amdcomval.com\/#\/schema\/logo\/image\/\"},\"sameAs\":[\"https:\/\/www.facebook.com\/Associaci-De-Mitjans-Digitals-238717099544439\/\",\"https:\/\/x.com\/AMDComVal\",\"https:\/\/www.linkedin.com\/groups\/3150654\/\"]},{\"@type\":\"Person\",\"@id\":\"https:\/\/amdcomval.com\/#\/schema\/person\/f15529598c810a38625abf10fd5bda3a\",\"name\":\"AMDComVal\",\"url\":\"https:\/\/amdcomval.com\/val\/author\/amdcomval\/\"}]}<\/script>\n<!-- \/ Yoast SEO plugin. -->","yoast_head_json":{"title":"Los medios asociados celebran una jornada de trabajo en el Cubo de la Marina","description":"Uno de los ejes de esta jornada de trabajo fue el calendario de desayunos con centrales de medios radicadas en la Comunitat Valenciana.","robots":{"index":"index","follow":"follow","max-snippet":"max-snippet:-1","max-image-preview":"max-image-preview:large","max-video-preview":"max-video-preview:-1"},"canonical":"https:\/\/amdcomval.com\/los-medios-asociados-celebran-una-jornada-de-trabajo-en-el-cubo-de-la-marina\/","og_locale":"en_US","og_type":"article","og_title":"Los medios asociados celebran una jornada de trabajo en el Cubo de la Marina","og_description":"Uno de los ejes de esta jornada de trabajo fue el calendario de desayunos con centrales de medios radicadas en la Comunitat Valenciana.","og_url":"https:\/\/amdcomval.com\/los-medios-asociados-celebran-una-jornada-de-trabajo-en-el-cubo-de-la-marina\/","og_site_name":"AMDComVal - Associaci\u00f3 de Mitjans Digitals de la Comunitat Valenciana","article_publisher":"https:\/\/www.facebook.com\/Associaci-De-Mitjans-Digitals-238717099544439\/","article_published_time":"2019-07-23T09:22:53+00:00","og_image":[{"width":1024,"height":767,"url":"https:\/\/amdcomval.com\/wp-content\/uploads\/2019\/07\/AmdComval-Cubo.jpg","type":"image\/jpeg"}],"author":"AMDComVal","twitter_card":"summary_large_image","twitter_creator":"@AMDComVal","twitter_site":"@AMDComVal","twitter_misc":{"Written by":"AMDComVal","Est. reading time":"2 minutes"},"schema":{"@context":"https:\/\/schema.org","@graph":[{"@type":"Article","@id":"https:\/\/amdcomval.com\/los-medios-asociados-celebran-una-jornada-de-trabajo-en-el-cubo-de-la-marina\/#article","isPartOf":{"@id":"https:\/\/amdcomval.com\/los-medios-asociados-celebran-una-jornada-de-trabajo-en-el-cubo-de-la-marina\/"},"author":{"name":"AMDComVal","@id":"https:\/\/amdcomval.com\/#\/schema\/person\/f15529598c810a38625abf10fd5bda3a"},"headline":"Los medios asociados celebran una jornada de trabajo en el Cubo de la Marina","datePublished":"2019-07-23T09:22:53+00:00","mainEntityOfPage":{"@id":"https:\/\/amdcomval.com\/los-medios-asociados-celebran-una-jornada-de-trabajo-en-el-cubo-de-la-marina\/"},"wordCount":322,"commentCount":0,"publisher":{"@id":"https:\/\/amdcomval.com\/#organization"},"image":{"@id":"https:\/\/amdcomval.com\/los-medios-asociados-celebran-una-jornada-de-trabajo-en-el-cubo-de-la-marina\/#primaryimage"},"thumbnailUrl":"https:\/\/amdcomval.com\/wp-content\/uploads\/2019\/07\/AmdComval-Cubo.jpg","articleSection":["Blog"],"inLanguage":"val","potentialAction":[{"@type":"CommentAction","name":"Comment","target":["https:\/\/amdcomval.com\/los-medios-asociados-celebran-una-jornada-de-trabajo-en-el-cubo-de-la-marina\/#respond"]}]},{"@type":"WebPage","@id":"https:\/\/amdcomval.com\/los-medios-asociados-celebran-una-jornada-de-trabajo-en-el-cubo-de-la-marina\/","url":"https:\/\/amdcomval.com\/los-medios-asociados-celebran-una-jornada-de-trabajo-en-el-cubo-de-la-marina\/","name":"Los medios asociados celebran una jornada de trabajo en el Cubo de la Marina","isPartOf":{"@id":"https:\/\/amdcomval.com\/#website"},"primaryImageOfPage":{"@id":"https:\/\/amdcomval.com\/los-medios-asociados-celebran-una-jornada-de-trabajo-en-el-cubo-de-la-marina\/#primaryimage"},"image":{"@id":"https:\/\/amdcomval.com\/los-medios-asociados-celebran-una-jornada-de-trabajo-en-el-cubo-de-la-marina\/#primaryimage"},"thumbnailUrl":"https:\/\/amdcomval.com\/wp-content\/uploads\/2019\/07\/AmdComval-Cubo.jpg","datePublished":"2019-07-23T09:22:53+00:00","description":"Uno de los ejes de esta jornada de trabajo fue el calendario de desayunos con centrales de medios radicadas en la Comunitat Valenciana.","breadcrumb":{"@id":"https:\/\/amdcomval.com\/los-medios-asociados-celebran-una-jornada-de-trabajo-en-el-cubo-de-la-marina\/#breadcrumb"},"inLanguage":"val","potentialAction":[{"@type":"ReadAction","target":["https:\/\/amdcomval.com\/los-medios-asociados-celebran-una-jornada-de-trabajo-en-el-cubo-de-la-marina\/"]}]},{"@type":"ImageObject","inLanguage":"val","@id":"https:\/\/amdcomval.com\/los-medios-asociados-celebran-una-jornada-de-trabajo-en-el-cubo-de-la-marina\/#primaryimage","url":"https:\/\/amdcomval.com\/wp-content\/uploads\/2019\/07\/AmdComval-Cubo.jpg","contentUrl":"https:\/\/amdcomval.com\/wp-content\/uploads\/2019\/07\/AmdComval-Cubo.jpg","width":1024,"height":767},{"@type":"BreadcrumbList","@id":"https:\/\/amdcomval.com\/los-medios-asociados-celebran-una-jornada-de-trabajo-en-el-cubo-de-la-marina\/#breadcrumb","itemListElement":[{"@type":"ListItem","position":1,"name":"Portada","item":"https:\/\/amdcomval.com\/val\/"},{"@type":"ListItem","position":2,"name":"Los medios asociados celebran una jornada de trabajo en el Cubo de la Marina"}]},{"@type":"WebSite","@id":"https:\/\/amdcomval.com\/#website","url":"https:\/\/amdcomval.com\/","name":"AMDComVal - Associaci\u00f3 de Mitjans Digitals de la Comunitat Valenciana","description":"Web oficial de la Associaci\u00f3 de Mitjans Digitals de la Comunitat Valenciana (AMDComVal). Por la profesionalizaci\u00f3n y dignificaci\u00f3n de los medios de comunicaci\u00f3n digital","publisher":{"@id":"https:\/\/amdcomval.com\/#organization"},"potentialAction":[{"@type":"SearchAction","target":{"@type":"EntryPoint","urlTemplate":"https:\/\/amdcomval.com\/?s={search_term_string}"},"query-input":{"@type":"PropertyValueSpecification","valueRequired":true,"valueName":"search_term_string"}}],"inLanguage":"val"},{"@type":"Organization","@id":"https:\/\/amdcomval.com\/#organization","name":"AMDComVal - Associaci\u00f3 de Mitjans Digitals de la Comunitat Valenciana","url":"https:\/\/amdcomval.com\/","logo":{"@type":"ImageObject","inLanguage":"val","@id":"https:\/\/amdcomval.com\/#\/schema\/logo\/image\/","url":"https:\/\/amdcomval.com\/wp-content\/uploads\/2025\/10\/AMDComVal-logo-horizontal-2.png","contentUrl":"https:\/\/amdcomval.com\/wp-content\/uploads\/2025\/10\/AMDComVal-logo-horizontal-2.png","width":2560,"height":936,"caption":"AMDComVal - Associaci\u00f3 de Mitjans Digitals de la Comunitat Valenciana"},"image":{"@id":"https:\/\/amdcomval.com\/#\/schema\/logo\/image\/"},"sameAs":["https:\/\/www.facebook.com\/Associaci-De-Mitjans-Digitals-238717099544439\/","https:\/\/x.com\/AMDComVal","https:\/\/www.linkedin.com\/groups\/3150654\/"]},{"@type":"Person","@id":"https:\/\/amdcomval.com\/#\/schema\/person\/f15529598c810a38625abf10fd5bda3a","name":"AMDComVal","url":"https:\/\/amdcomval.com\/val\/author\/amdcomval\/"}]}},"_links":{"self":[{"href":"https:\/\/amdcomval.com\/val\/wp-json\/wp\/v2\/posts\/1394","targetHints":{"allow":["GET"]}}],"collection":[{"href":"https:\/\/amdcomval.com\/val\/wp-json\/wp\/v2\/posts"}],"about":[{"href":"https:\/\/amdcomval.com\/val\/wp-json\/wp\/v2\/types\/post"}],"author":[{"embeddable":true,"href":"https:\/\/amdcomval.com\/val\/wp-json\/wp\/v2\/users\/4"}],"replies":[{"embeddable":true,"href":"https:\/\/amdcomval.com\/val\/wp-json\/wp\/v2\/comments?post=1394"}],"version-history":[{"count":0,"href":"https:\/\/amdcomval.com\/val\/wp-json\/wp\/v2\/posts\/1394\/revisions"}],"wp:featuredmedia":[{"embeddable":true,"href":"https:\/\/amdcomval.com\/val\/wp-json\/wp\/v2\/media\/1395"}],"wp:attachment":[{"href":"https:\/\/amdcomval.com\/val\/wp-json\/wp\/v2\/media?parent=1394"}],"wp:term":[{"taxonomy":"category","embeddable":true,"href":"https:\/\/amdcomval.com\/val\/wp-json\/wp\/v2\/categories?post=1394"},{"taxonomy":"post_tag","embeddable":true,"href":"https:\/\/amdcomval.com\/val\/wp-json\/wp\/v2\/tags?post=1394"}],"curies":[{"name":"wp","href":"https:\/\/api.w.org\/{rel}","templated":true}]}}