{"id":1569,"date":"2021-01-07T21:49:38","date_gmt":"2021-01-07T21:49:38","guid":{"rendered":"https:\/\/www.amdcomval.com\/?p=1569"},"modified":"2021-01-07T21:49:38","modified_gmt":"2021-01-07T21:49:38","slug":"portal-xativa-veu-lliria-nuevos-asociados-amdcomval","status":"publish","type":"post","link":"https:\/\/amdcomval.com\/val\/portal-xativa-veu-lliria-nuevos-asociados-amdcomval\/","title":{"rendered":"AMDComVal da la bienvenida a dos nuevos asociados: Portal de X\u00e0tiva y La Veu de Ll\u00edria"},"content":{"rendered":"<p class=\"LC20lb DKV0Md\">Dos medios digitales se incorporan a la Asociaci\u00f3n de Medios Digitales de la Comunidad Valenciana (AMDComVal)<strong>: <a href=\"https:\/\/portaldexativa.es\/\">Portal de X\u00e0tiva<\/a> y\u00a0 <a href=\"http:\/\/www.laveudelliria.com\/\">La Veu de Ll\u00edria<\/a>. <\/strong>Con estas 2 incorporaciones, la Asociaci\u00f3n cuenta ya con 46 medios digitales de Alicante, Castell\u00f3n y Valencia entre sus asociados.<\/p>\n<p><strong><img loading=\"lazy\" decoding=\"async\" class=\"aligncenter size-full wp-image-1573\" src=\"https:\/\/amdcomval.com\/wp-content\/uploads\/2021\/01\/Portal-de-Xativa.jpg\"  width=\"1234\" height=\"706\" srcset=\"https:\/\/amdcomval.com\/wp-content\/uploads\/2021\/01\/Portal-de-Xativa.jpg 1234w, https:\/\/amdcomval.com\/wp-content\/uploads\/2021\/01\/Portal-de-Xativa-300x172.jpg 300w, https:\/\/amdcomval.com\/wp-content\/uploads\/2021\/01\/Portal-de-Xativa-1024x586.jpg 1024w, https:\/\/amdcomval.com\/wp-content\/uploads\/2021\/01\/Portal-de-Xativa-768x439.jpg 768w, https:\/\/amdcomval.com\/wp-content\/uploads\/2021\/01\/Portal-de-Xativa-1080x618.jpg 1080w, https:\/\/amdcomval.com\/wp-content\/uploads\/2021\/01\/Portal-de-Xativa-980x561.jpg 980w, https:\/\/amdcomval.com\/wp-content\/uploads\/2021\/01\/Portal-de-Xativa-480x275.jpg 480w\" sizes=\"(max-width: 1234px) 100vw, 1234px\" \/>Portal de X\u00e0tiva<\/strong>\u00a0 es un diario digital con noticias e informaci\u00f3n de X\u00e0tiva y La Costera que ofrece adem\u00e1s las noticias m\u00e1s relevantes de toda la Comunidad Valenciana. Fundado en 2006, Portal de X\u00e0tiva contin\u00faa siendo el referente informativo de actualidad local de X\u00e0tiva con una media de casi 100.000 impresiones mensuales (seg\u00fan los datos del \u00faltimo trimestre de Google Analytics).<\/p>\n<p><strong><img loading=\"lazy\" decoding=\"async\" class=\"aligncenter size-full wp-image-1576\" src=\"https:\/\/amdcomval.com\/wp-content\/uploads\/2021\/01\/La-Veu-de-Lliria.jpg\"  width=\"1857\" height=\"889\" srcset=\"https:\/\/amdcomval.com\/wp-content\/uploads\/2021\/01\/La-Veu-de-Lliria.jpg 1857w, https:\/\/amdcomval.com\/wp-content\/uploads\/2021\/01\/La-Veu-de-Lliria-300x144.jpg 300w, https:\/\/amdcomval.com\/wp-content\/uploads\/2021\/01\/La-Veu-de-Lliria-1024x490.jpg 1024w, https:\/\/amdcomval.com\/wp-content\/uploads\/2021\/01\/La-Veu-de-Lliria-768x368.jpg 768w, https:\/\/amdcomval.com\/wp-content\/uploads\/2021\/01\/La-Veu-de-Lliria-1536x735.jpg 1536w, https:\/\/amdcomval.com\/wp-content\/uploads\/2021\/01\/La-Veu-de-Lliria-1080x517.jpg 1080w, https:\/\/amdcomval.com\/wp-content\/uploads\/2021\/01\/La-Veu-de-Lliria-1280x613.jpg 1280w, https:\/\/amdcomval.com\/wp-content\/uploads\/2021\/01\/La-Veu-de-Lliria-980x469.jpg 980w, https:\/\/amdcomval.com\/wp-content\/uploads\/2021\/01\/La-Veu-de-Lliria-480x230.jpg 480w\" sizes=\"(max-width: 1857px) 100vw, 1857px\" \/><\/strong><\/p>\n<p><strong>LaVeudeLliria <\/strong>es un diario de informaci\u00f3n local de la localidad de Ll\u00edria creando por OLOLLIR, SL, empresa editora de varias cabeceras en la comarca del Camp de Turia: Betera.com y CampDeTuria.es, entre otras publicaciones. Un nuevo proyecto de uno de los grupos editoriales m\u00e1s prolificos de nuestra asociaci\u00f3n de medios digitales.<\/p>\n<h2><strong>46 medios forman parte de AMDComVal<\/strong><\/h2>\n<p>Con estas 2 incorporaciones, la AMDComVal sigue reforzando su apuesta para incorporar nuevos asociados con el objetivo de apoyar potenciar y prestigiar a los medios digitales de Alicante, Castell\u00f3n y Valencia.<\/p>\n<p>Con este objetivo, AMDComVal sigue trabajando en la incorporaci\u00f3n de nuevos medios de comunicaci\u00f3n que han solicitado su incorporaci\u00f3n para as\u00ed seguir manteniendo su m\u00fasculo y capacidad de crecimiento.<\/p>\n","protected":false},"excerpt":{"rendered":"<p>Dos medios digitales se incorporan a la Asociaci\u00f3n de Medios Digitales de la Comunidad Valenciana (AMDComVal): Portal de X\u00e0tiva y\u00a0 La Veu de Ll\u00edria. Con estas 2 incorporaciones, la Asociaci\u00f3n cuenta ya con 46 medios digitales de Alicante, Castell\u00f3n y Valencia entre sus asociados. Portal de X\u00e0tiva\u00a0 es un diario digital con noticias e informaci\u00f3n [&hellip;]<\/p>\n","protected":false},"author":4,"featured_media":1573,"comment_status":"open","ping_status":"open","sticky":false,"template":"","format":"standard","meta":{"_acf_changed":false,"footnotes":""},"categories":[17],"tags":[12,404,351,405],"class_list":["post-1569","post","type-post","status-publish","format-standard","has-post-thumbnail","hentry","category-blog","tag-amdcomval","tag-la-veu-de-lliria","tag-nuevos-asociados-amdcomval","tag-portal-de-xativa"],"acf":[],"yoast_head":"<!-- This site is optimized with the Yoast SEO plugin v26.3 - https:\/\/yoast.com\/wordpress\/plugins\/seo\/ -->\n<title>AMDComVal da la bienvenida a dos nuevos asociados: Portal de X\u00e0tiva y La Veu de Ll\u00edria - AMDComVal - Associaci\u00f3 de Mitjans Digitals de la Comunitat Valenciana<\/title>\n<meta name=\"robots\" content=\"index, follow, max-snippet:-1, max-image-preview:large, max-video-preview:-1\" \/>\n<link rel=\"canonical\" href=\"https:\/\/amdcomval.com\/portal-xativa-veu-lliria-nuevos-asociados-amdcomval\/\" \/>\n<meta property=\"og:locale\" content=\"en_US\" \/>\n<meta property=\"og:type\" content=\"article\" \/>\n<meta property=\"og:title\" content=\"AMDComVal da la bienvenida a dos nuevos asociados: Portal de X\u00e0tiva y La Veu de Ll\u00edria - AMDComVal - Associaci\u00f3 de Mitjans Digitals de la Comunitat Valenciana\" \/>\n<meta property=\"og:description\" content=\"Dos medios digitales se incorporan a la Asociaci\u00f3n de Medios Digitales de la Comunidad Valenciana (AMDComVal): Portal de X\u00e0tiva y\u00a0 La Veu de Ll\u00edria. Con estas 2 incorporaciones, la Asociaci\u00f3n cuenta ya con 46 medios digitales de Alicante, Castell\u00f3n y Valencia entre sus asociados. Portal de X\u00e0tiva\u00a0 es un diario digital con noticias e informaci\u00f3n [&hellip;]\" \/>\n<meta property=\"og:url\" content=\"https:\/\/amdcomval.com\/portal-xativa-veu-lliria-nuevos-asociados-amdcomval\/\" \/>\n<meta property=\"og:site_name\" content=\"AMDComVal - Associaci\u00f3 de Mitjans Digitals de la Comunitat Valenciana\" \/>\n<meta property=\"article:publisher\" content=\"https:\/\/www.facebook.com\/Associaci-De-Mitjans-Digitals-238717099544439\/\" \/>\n<meta property=\"article:published_time\" content=\"2021-01-07T21:49:38+00:00\" \/>\n<meta property=\"og:image\" content=\"https:\/\/amdcomval.com\/wp-content\/uploads\/2021\/01\/Portal-de-Xativa.jpg\" \/>\n\t<meta property=\"og:image:width\" content=\"1234\" \/>\n\t<meta property=\"og:image:height\" content=\"706\" \/>\n\t<meta property=\"og:image:type\" content=\"image\/jpeg\" \/>\n<meta name=\"author\" content=\"AMDComVal\" \/>\n<meta name=\"twitter:card\" content=\"summary_large_image\" \/>\n<meta name=\"twitter:creator\" content=\"@AMDComVal\" \/>\n<meta name=\"twitter:site\" content=\"@AMDComVal\" \/>\n<meta name=\"twitter:label1\" content=\"Written by\" \/>\n\t<meta name=\"twitter:data1\" content=\"AMDComVal\" \/>\n\t<meta name=\"twitter:label2\" content=\"Est. reading time\" \/>\n\t<meta name=\"twitter:data2\" content=\"1 minute\" \/>\n<script type=\"application\/ld+json\" class=\"yoast-schema-graph\">{\"@context\":\"https:\/\/schema.org\",\"@graph\":[{\"@type\":\"Article\",\"@id\":\"https:\/\/amdcomval.com\/portal-xativa-veu-lliria-nuevos-asociados-amdcomval\/#article\",\"isPartOf\":{\"@id\":\"https:\/\/amdcomval.com\/portal-xativa-veu-lliria-nuevos-asociados-amdcomval\/\"},\"author\":{\"name\":\"AMDComVal\",\"@id\":\"https:\/\/amdcomval.com\/#\/schema\/person\/f15529598c810a38625abf10fd5bda3a\"},\"headline\":\"AMDComVal da la bienvenida a dos nuevos asociados: Portal de X\u00e0tiva y La Veu de Ll\u00edria\",\"datePublished\":\"2021-01-07T21:49:38+00:00\",\"mainEntityOfPage\":{\"@id\":\"https:\/\/amdcomval.com\/portal-xativa-veu-lliria-nuevos-asociados-amdcomval\/\"},\"wordCount\":259,\"commentCount\":0,\"publisher\":{\"@id\":\"https:\/\/amdcomval.com\/#organization\"},\"image\":{\"@id\":\"https:\/\/amdcomval.com\/portal-xativa-veu-lliria-nuevos-asociados-amdcomval\/#primaryimage\"},\"thumbnailUrl\":\"https:\/\/amdcomval.com\/wp-content\/uploads\/2021\/01\/Portal-de-Xativa.jpg\",\"keywords\":[\"amdcomval\",\"La Veu de Ll\u00edria\",\"nuevos asociados AMDComVal\",\"Portal de X\u00e0tiva\"],\"articleSection\":[\"Blog\"],\"inLanguage\":\"val\",\"potentialAction\":[{\"@type\":\"CommentAction\",\"name\":\"Comment\",\"target\":[\"https:\/\/amdcomval.com\/portal-xativa-veu-lliria-nuevos-asociados-amdcomval\/#respond\"]}]},{\"@type\":\"WebPage\",\"@id\":\"https:\/\/amdcomval.com\/portal-xativa-veu-lliria-nuevos-asociados-amdcomval\/\",\"url\":\"https:\/\/amdcomval.com\/portal-xativa-veu-lliria-nuevos-asociados-amdcomval\/\",\"name\":\"AMDComVal da la bienvenida a dos nuevos asociados: Portal de X\u00e0tiva y La Veu de Ll\u00edria - AMDComVal - Associaci\u00f3 de Mitjans Digitals de la Comunitat Valenciana\",\"isPartOf\":{\"@id\":\"https:\/\/amdcomval.com\/#website\"},\"primaryImageOfPage\":{\"@id\":\"https:\/\/amdcomval.com\/portal-xativa-veu-lliria-nuevos-asociados-amdcomval\/#primaryimage\"},\"image\":{\"@id\":\"https:\/\/amdcomval.com\/portal-xativa-veu-lliria-nuevos-asociados-amdcomval\/#primaryimage\"},\"thumbnailUrl\":\"https:\/\/amdcomval.com\/wp-content\/uploads\/2021\/01\/Portal-de-Xativa.jpg\",\"datePublished\":\"2021-01-07T21:49:38+00:00\",\"breadcrumb\":{\"@id\":\"https:\/\/amdcomval.com\/portal-xativa-veu-lliria-nuevos-asociados-amdcomval\/#breadcrumb\"},\"inLanguage\":\"val\",\"potentialAction\":[{\"@type\":\"ReadAction\",\"target\":[\"https:\/\/amdcomval.com\/portal-xativa-veu-lliria-nuevos-asociados-amdcomval\/\"]}]},{\"@type\":\"ImageObject\",\"inLanguage\":\"val\",\"@id\":\"https:\/\/amdcomval.com\/portal-xativa-veu-lliria-nuevos-asociados-amdcomval\/#primaryimage\",\"url\":\"https:\/\/amdcomval.com\/wp-content\/uploads\/2021\/01\/Portal-de-Xativa.jpg\",\"contentUrl\":\"https:\/\/amdcomval.com\/wp-content\/uploads\/2021\/01\/Portal-de-Xativa.jpg\",\"width\":1234,\"height\":706},{\"@type\":\"BreadcrumbList\",\"@id\":\"https:\/\/amdcomval.com\/portal-xativa-veu-lliria-nuevos-asociados-amdcomval\/#breadcrumb\",\"itemListElement\":[{\"@type\":\"ListItem\",\"position\":1,\"name\":\"Portada\",\"item\":\"https:\/\/amdcomval.com\/val\/\"},{\"@type\":\"ListItem\",\"position\":2,\"name\":\"AMDComVal da la bienvenida a dos nuevos asociados: Portal de X\u00e0tiva y La Veu de Ll\u00edria\"}]},{\"@type\":\"WebSite\",\"@id\":\"https:\/\/amdcomval.com\/#website\",\"url\":\"https:\/\/amdcomval.com\/\",\"name\":\"AMDComVal - Associaci\u00f3 de Mitjans Digitals de la Comunitat Valenciana\",\"description\":\"Web oficial de la Associaci\u00f3 de Mitjans Digitals de la Comunitat Valenciana (AMDComVal). Por la profesionalizaci\u00f3n y dignificaci\u00f3n de los medios de comunicaci\u00f3n digital\",\"publisher\":{\"@id\":\"https:\/\/amdcomval.com\/#organization\"},\"potentialAction\":[{\"@type\":\"SearchAction\",\"target\":{\"@type\":\"EntryPoint\",\"urlTemplate\":\"https:\/\/amdcomval.com\/?s={search_term_string}\"},\"query-input\":{\"@type\":\"PropertyValueSpecification\",\"valueRequired\":true,\"valueName\":\"search_term_string\"}}],\"inLanguage\":\"val\"},{\"@type\":\"Organization\",\"@id\":\"https:\/\/amdcomval.com\/#organization\",\"name\":\"AMDComVal - Associaci\u00f3 de Mitjans Digitals de la Comunitat Valenciana\",\"url\":\"https:\/\/amdcomval.com\/\",\"logo\":{\"@type\":\"ImageObject\",\"inLanguage\":\"val\",\"@id\":\"https:\/\/amdcomval.com\/#\/schema\/logo\/image\/\",\"url\":\"https:\/\/amdcomval.com\/wp-content\/uploads\/2025\/10\/AMDComVal-logo-horizontal-2.png\",\"contentUrl\":\"https:\/\/amdcomval.com\/wp-content\/uploads\/2025\/10\/AMDComVal-logo-horizontal-2.png\",\"width\":2560,\"height\":936,\"caption\":\"AMDComVal - Associaci\u00f3 de Mitjans Digitals de la Comunitat Valenciana\"},\"image\":{\"@id\":\"https:\/\/amdcomval.com\/#\/schema\/logo\/image\/\"},\"sameAs\":[\"https:\/\/www.facebook.com\/Associaci-De-Mitjans-Digitals-238717099544439\/\",\"https:\/\/x.com\/AMDComVal\",\"https:\/\/www.linkedin.com\/groups\/3150654\/\"]},{\"@type\":\"Person\",\"@id\":\"https:\/\/amdcomval.com\/#\/schema\/person\/f15529598c810a38625abf10fd5bda3a\",\"name\":\"AMDComVal\",\"url\":\"https:\/\/amdcomval.com\/val\/author\/amdcomval\/\"}]}<\/script>\n<!-- \/ Yoast SEO plugin. -->","yoast_head_json":{"title":"AMDComVal da la bienvenida a dos nuevos asociados: Portal de X\u00e0tiva y La Veu de Ll\u00edria - AMDComVal - Associaci\u00f3 de Mitjans Digitals de la Comunitat Valenciana","robots":{"index":"index","follow":"follow","max-snippet":"max-snippet:-1","max-image-preview":"max-image-preview:large","max-video-preview":"max-video-preview:-1"},"canonical":"https:\/\/amdcomval.com\/portal-xativa-veu-lliria-nuevos-asociados-amdcomval\/","og_locale":"en_US","og_type":"article","og_title":"AMDComVal da la bienvenida a dos nuevos asociados: Portal de X\u00e0tiva y La Veu de Ll\u00edria - AMDComVal - Associaci\u00f3 de Mitjans Digitals de la Comunitat Valenciana","og_description":"Dos medios digitales se incorporan a la Asociaci\u00f3n de Medios Digitales de la Comunidad Valenciana (AMDComVal): Portal de X\u00e0tiva y\u00a0 La Veu de Ll\u00edria. Con estas 2 incorporaciones, la Asociaci\u00f3n cuenta ya con 46 medios digitales de Alicante, Castell\u00f3n y Valencia entre sus asociados. Portal de X\u00e0tiva\u00a0 es un diario digital con noticias e informaci\u00f3n [&hellip;]","og_url":"https:\/\/amdcomval.com\/portal-xativa-veu-lliria-nuevos-asociados-amdcomval\/","og_site_name":"AMDComVal - Associaci\u00f3 de Mitjans Digitals de la Comunitat Valenciana","article_publisher":"https:\/\/www.facebook.com\/Associaci-De-Mitjans-Digitals-238717099544439\/","article_published_time":"2021-01-07T21:49:38+00:00","og_image":[{"width":1234,"height":706,"url":"https:\/\/amdcomval.com\/wp-content\/uploads\/2021\/01\/Portal-de-Xativa.jpg","type":"image\/jpeg"}],"author":"AMDComVal","twitter_card":"summary_large_image","twitter_creator":"@AMDComVal","twitter_site":"@AMDComVal","twitter_misc":{"Written by":"AMDComVal","Est. reading time":"1 minute"},"schema":{"@context":"https:\/\/schema.org","@graph":[{"@type":"Article","@id":"https:\/\/amdcomval.com\/portal-xativa-veu-lliria-nuevos-asociados-amdcomval\/#article","isPartOf":{"@id":"https:\/\/amdcomval.com\/portal-xativa-veu-lliria-nuevos-asociados-amdcomval\/"},"author":{"name":"AMDComVal","@id":"https:\/\/amdcomval.com\/#\/schema\/person\/f15529598c810a38625abf10fd5bda3a"},"headline":"AMDComVal da la bienvenida a dos nuevos asociados: Portal de X\u00e0tiva y La Veu de Ll\u00edria","datePublished":"2021-01-07T21:49:38+00:00","mainEntityOfPage":{"@id":"https:\/\/amdcomval.com\/portal-xativa-veu-lliria-nuevos-asociados-amdcomval\/"},"wordCount":259,"commentCount":0,"publisher":{"@id":"https:\/\/amdcomval.com\/#organization"},"image":{"@id":"https:\/\/amdcomval.com\/portal-xativa-veu-lliria-nuevos-asociados-amdcomval\/#primaryimage"},"thumbnailUrl":"https:\/\/amdcomval.com\/wp-content\/uploads\/2021\/01\/Portal-de-Xativa.jpg","keywords":["amdcomval","La Veu de Ll\u00edria","nuevos asociados AMDComVal","Portal de X\u00e0tiva"],"articleSection":["Blog"],"inLanguage":"val","potentialAction":[{"@type":"CommentAction","name":"Comment","target":["https:\/\/amdcomval.com\/portal-xativa-veu-lliria-nuevos-asociados-amdcomval\/#respond"]}]},{"@type":"WebPage","@id":"https:\/\/amdcomval.com\/portal-xativa-veu-lliria-nuevos-asociados-amdcomval\/","url":"https:\/\/amdcomval.com\/portal-xativa-veu-lliria-nuevos-asociados-amdcomval\/","name":"AMDComVal da la bienvenida a dos nuevos asociados: Portal de X\u00e0tiva y La Veu de Ll\u00edria - AMDComVal - Associaci\u00f3 de Mitjans Digitals de la Comunitat Valenciana","isPartOf":{"@id":"https:\/\/amdcomval.com\/#website"},"primaryImageOfPage":{"@id":"https:\/\/amdcomval.com\/portal-xativa-veu-lliria-nuevos-asociados-amdcomval\/#primaryimage"},"image":{"@id":"https:\/\/amdcomval.com\/portal-xativa-veu-lliria-nuevos-asociados-amdcomval\/#primaryimage"},"thumbnailUrl":"https:\/\/amdcomval.com\/wp-content\/uploads\/2021\/01\/Portal-de-Xativa.jpg","datePublished":"2021-01-07T21:49:38+00:00","breadcrumb":{"@id":"https:\/\/amdcomval.com\/portal-xativa-veu-lliria-nuevos-asociados-amdcomval\/#breadcrumb"},"inLanguage":"val","potentialAction":[{"@type":"ReadAction","target":["https:\/\/amdcomval.com\/portal-xativa-veu-lliria-nuevos-asociados-amdcomval\/"]}]},{"@type":"ImageObject","inLanguage":"val","@id":"https:\/\/amdcomval.com\/portal-xativa-veu-lliria-nuevos-asociados-amdcomval\/#primaryimage","url":"https:\/\/amdcomval.com\/wp-content\/uploads\/2021\/01\/Portal-de-Xativa.jpg","contentUrl":"https:\/\/amdcomval.com\/wp-content\/uploads\/2021\/01\/Portal-de-Xativa.jpg","width":1234,"height":706},{"@type":"BreadcrumbList","@id":"https:\/\/amdcomval.com\/portal-xativa-veu-lliria-nuevos-asociados-amdcomval\/#breadcrumb","itemListElement":[{"@type":"ListItem","position":1,"name":"Portada","item":"https:\/\/amdcomval.com\/val\/"},{"@type":"ListItem","position":2,"name":"AMDComVal da la bienvenida a dos nuevos asociados: Portal de X\u00e0tiva y La Veu de Ll\u00edria"}]},{"@type":"WebSite","@id":"https:\/\/amdcomval.com\/#website","url":"https:\/\/amdcomval.com\/","name":"AMDComVal - Associaci\u00f3 de Mitjans Digitals de la Comunitat Valenciana","description":"Web oficial de la Associaci\u00f3 de Mitjans Digitals de la Comunitat Valenciana (AMDComVal). Por la profesionalizaci\u00f3n y dignificaci\u00f3n de los medios de comunicaci\u00f3n digital","publisher":{"@id":"https:\/\/amdcomval.com\/#organization"},"potentialAction":[{"@type":"SearchAction","target":{"@type":"EntryPoint","urlTemplate":"https:\/\/amdcomval.com\/?s={search_term_string}"},"query-input":{"@type":"PropertyValueSpecification","valueRequired":true,"valueName":"search_term_string"}}],"inLanguage":"val"},{"@type":"Organization","@id":"https:\/\/amdcomval.com\/#organization","name":"AMDComVal - Associaci\u00f3 de Mitjans Digitals de la Comunitat Valenciana","url":"https:\/\/amdcomval.com\/","logo":{"@type":"ImageObject","inLanguage":"val","@id":"https:\/\/amdcomval.com\/#\/schema\/logo\/image\/","url":"https:\/\/amdcomval.com\/wp-content\/uploads\/2025\/10\/AMDComVal-logo-horizontal-2.png","contentUrl":"https:\/\/amdcomval.com\/wp-content\/uploads\/2025\/10\/AMDComVal-logo-horizontal-2.png","width":2560,"height":936,"caption":"AMDComVal - Associaci\u00f3 de Mitjans Digitals de la Comunitat Valenciana"},"image":{"@id":"https:\/\/amdcomval.com\/#\/schema\/logo\/image\/"},"sameAs":["https:\/\/www.facebook.com\/Associaci-De-Mitjans-Digitals-238717099544439\/","https:\/\/x.com\/AMDComVal","https:\/\/www.linkedin.com\/groups\/3150654\/"]},{"@type":"Person","@id":"https:\/\/amdcomval.com\/#\/schema\/person\/f15529598c810a38625abf10fd5bda3a","name":"AMDComVal","url":"https:\/\/amdcomval.com\/val\/author\/amdcomval\/"}]}},"_links":{"self":[{"href":"https:\/\/amdcomval.com\/val\/wp-json\/wp\/v2\/posts\/1569","targetHints":{"allow":["GET"]}}],"collection":[{"href":"https:\/\/amdcomval.com\/val\/wp-json\/wp\/v2\/posts"}],"about":[{"href":"https:\/\/amdcomval.com\/val\/wp-json\/wp\/v2\/types\/post"}],"author":[{"embeddable":true,"href":"https:\/\/amdcomval.com\/val\/wp-json\/wp\/v2\/users\/4"}],"replies":[{"embeddable":true,"href":"https:\/\/amdcomval.com\/val\/wp-json\/wp\/v2\/comments?post=1569"}],"version-history":[{"count":0,"href":"https:\/\/amdcomval.com\/val\/wp-json\/wp\/v2\/posts\/1569\/revisions"}],"wp:featuredmedia":[{"embeddable":true,"href":"https:\/\/amdcomval.com\/val\/wp-json\/wp\/v2\/media\/1573"}],"wp:attachment":[{"href":"https:\/\/amdcomval.com\/val\/wp-json\/wp\/v2\/media?parent=1569"}],"wp:term":[{"taxonomy":"category","embeddable":true,"href":"https:\/\/amdcomval.com\/val\/wp-json\/wp\/v2\/categories?post=1569"},{"taxonomy":"post_tag","embeddable":true,"href":"https:\/\/amdcomval.com\/val\/wp-json\/wp\/v2\/tags?post=1569"}],"curies":[{"name":"wp","href":"https:\/\/api.w.org\/{rel}","templated":true}]}}