{"id":1849,"date":"2023-03-12T20:36:48","date_gmt":"2023-03-12T20:36:48","guid":{"rendered":"https:\/\/www.amdcomval.com\/?p=1849"},"modified":"2023-03-12T20:36:48","modified_gmt":"2023-03-12T20:36:48","slug":"getxo-acogera-una-nueva-reunion-de-las-asociaciones-de-prensa-de-proximidad-de-euskadi-catalunya-baleares-y-comunitat-valenciana","status":"publish","type":"post","link":"https:\/\/amdcomval.com\/val\/getxo-acogera-una-nueva-reunion-de-las-asociaciones-de-prensa-de-proximidad-de-euskadi-catalunya-baleares-y-comunitat-valenciana\/","title":{"rendered":"Getxo acoger\u00e1 una nueva reuni\u00f3n de las asociaciones de prensa de proximidad de Euskadi, Catalunya, Baleares y Comunitat Valenciana"},"content":{"rendered":"<p>Con motivo de su 10\u00ba aniversario, el grupo<strong> TOKIKOM<\/strong>, que aglutina a 76 medios de comunicaci\u00f3n locales en euskera ha organizado unas jornadas de periodismo de proximidad en el que participar\u00e1n <strong>AMDComVal<\/strong> en presentaci\u00f3n de 52 medios digitales de la Comunitat Valenciana. La cita de Euskadi es continuidad de la reuni\u00f3n de la prensa de proximidad celebrada a finales del pasado a\u00f1o en Barcelona.<\/p>\n<p><img loading=\"lazy\" decoding=\"async\" class=\"aligncenter size-full wp-image-1850\" src=\"https:\/\/amdcomval.com\/wp-content\/uploads\/2023\/03\/TOKIKOM_X_JARDUNALDIAK-BEREIZGARRIA-rgb.jpg\"  width=\"2479\" height=\"2479\" srcset=\"https:\/\/amdcomval.com\/wp-content\/uploads\/2023\/03\/TOKIKOM_X_JARDUNALDIAK-BEREIZGARRIA-rgb.jpg 2479w, https:\/\/amdcomval.com\/wp-content\/uploads\/2023\/03\/TOKIKOM_X_JARDUNALDIAK-BEREIZGARRIA-rgb-300x300.jpg 300w, https:\/\/amdcomval.com\/wp-content\/uploads\/2023\/03\/TOKIKOM_X_JARDUNALDIAK-BEREIZGARRIA-rgb-1024x1024.jpg 1024w, https:\/\/amdcomval.com\/wp-content\/uploads\/2023\/03\/TOKIKOM_X_JARDUNALDIAK-BEREIZGARRIA-rgb-150x150.jpg 150w, https:\/\/amdcomval.com\/wp-content\/uploads\/2023\/03\/TOKIKOM_X_JARDUNALDIAK-BEREIZGARRIA-rgb-768x768.jpg 768w, https:\/\/amdcomval.com\/wp-content\/uploads\/2023\/03\/TOKIKOM_X_JARDUNALDIAK-BEREIZGARRIA-rgb-1536x1536.jpg 1536w, https:\/\/amdcomval.com\/wp-content\/uploads\/2023\/03\/TOKIKOM_X_JARDUNALDIAK-BEREIZGARRIA-rgb-2048x2048.jpg 2048w, https:\/\/amdcomval.com\/wp-content\/uploads\/2023\/03\/TOKIKOM_X_JARDUNALDIAK-BEREIZGARRIA-rgb-1080x1080.jpg 1080w, https:\/\/amdcomval.com\/wp-content\/uploads\/2023\/03\/TOKIKOM_X_JARDUNALDIAK-BEREIZGARRIA-rgb-1280x1280.jpg 1280w, https:\/\/amdcomval.com\/wp-content\/uploads\/2023\/03\/TOKIKOM_X_JARDUNALDIAK-BEREIZGARRIA-rgb-980x980.jpg 980w, https:\/\/amdcomval.com\/wp-content\/uploads\/2023\/03\/TOKIKOM_X_JARDUNALDIAK-BEREIZGARRIA-rgb-480x480.jpg 480w\" sizes=\"(max-width: 2479px) 100vw, 2479px\" \/>Las jornadas tendr\u00e1n lugar el <strong>24 de marzo en la terminal de cruceros \u2018Olatua\u2019 de Getxo<\/strong>. El plazo de <strong>reserva de plazas para estas jornadas ya est\u00e1 abierto y se cerrar\u00e1 el 17 de marzo. <\/strong><\/p>\n<p>TOKIKOM organiza las jornadas <strong><em>Komunikabideak etorkizuna ehuntzen<\/em><\/strong> (\u2018Los medios de comunicaci\u00f3n tejiendo el futuro\u2019), con el apoyo de la Diputaci\u00f3n Foral de Bizkaia, el Ayuntamiento de Getxo, el Gobierno Vasco, el Gobierno de Navarra y EiTB, y con la colaboraci\u00f3n de Hiruka, medio local de la comarca de Uribe Kosta.<\/p>\n<h2>Reflexi\u00f3n, reivindicaci\u00f3n y celebraci\u00f3n<\/h2>\n<p>El acto comenzar\u00e1 a las 9 de la ma\u00f1ana y constar\u00e1 de tres partes: <strong>reflexi\u00f3n, reivindicaci\u00f3n y celebraci\u00f3n<\/strong>.<\/p>\n<p>En lo que respecta a la reflexi\u00f3n, la jornada se centrar\u00e1 en tres grandes temas: el primero ser\u00e1 la <strong>importancia de los medios de comunicaci\u00f3n locales en la construcci\u00f3n de la democracia social<\/strong>. Para profundizar en ello, se dar\u00e1n a conocer las experiencias de la televisi\u00f3n p\u00fablica brit\u00e1nica BBC \u2018Local Democracy Report\u2019 y \u2018Shared Data Unit\u2019, tanto desde el punto de vista de la corporaci\u00f3n p\u00fablica como de los medios de comunicaci\u00f3n locales que participan en ellas. Adem\u00e1s, se dar\u00e1 a conocer el programa de colaboraci\u00f3n de la Asociaci\u00f3n de Medios De Comunicaci\u00f3n Locales de Noruega de con la televisi\u00f3n p\u00fablica noruega, y se presentar\u00e1n los primeros frutos del proyecto Saretzen, desarrollado conjuntamente por TOKIKOM y EiTB.<\/p>\n<p>Bajando a aspectos m\u00e1s t\u00e9cnicos, <strong>el periodismo y el ocio<\/strong> ser\u00e1 otros de los temas que se tratar\u00e1n en la jornada. As\u00ed, los miembros del grupo de investigaci\u00f3n IKUSIKER de la Universidad del Pa\u00eds Vasco\/Euskal Herriko Unibertsitatea dar\u00e1n a conocer los h\u00e1bitos de consumo de noticias y contenidos por parte de los j\u00f3venes en Euskal Herria. Adem\u00e1s, EiTB mostrar\u00e1 un adelanto de la plataforma audiovisual p\u00fablica <em>Primeran. <\/em><\/p>\n<p>Siguiendo con los temas t\u00e9cnicos, otro punto de atenci\u00f3n ser\u00e1 <strong>el periodismo y la digitalizaci\u00f3n<\/strong>. Por un lado, de la mano de expertos de la UNAV, analizaremos el informe Digital News Report del Instituto Reuters, y qu\u00e9 dice sobre los h\u00e1bitos de consumo de contenidos y noticias en todo el mundo y en Espa\u00f1a. Adem\u00e1s, se detallar\u00e1n las posibilidades y retos de las herramientas de inteligencia artificial aplicables al periodismo local.<\/p>\n<h2>Manifiesto de las asociaciones de medios de comunicaci\u00f3n locales<\/h2>\n<p>Una vez finalizada la parte m\u00e1s acad\u00e9mica, las jornadas incluir\u00e1n tambi\u00e9n un momento para la reivindicaci\u00f3n. Junto con las asociaciones de medios de comunicaci\u00f3n locales de Catalunya, Valencia, Mallorca y Menorca, TOKIKOM\u00a0 firmar\u00e1 en Getxo un manifiesto com\u00fan de las asociaciones de medios de comunicaci\u00f3n locales, para poner en valor el trabajo de estos medios.<\/p>\n<p>Desde la celebraci\u00f3n en noviembre de 2022 del 40 aniversario de la Asociaci\u00f3n Catalana de Prensa Comarcal, la din\u00e1mica de colaboraci\u00f3n ha sido constante con las asociaciones de medios de comunicaci\u00f3n locales de Catalunya, Valencia, Mallorca y Menorca, y este manifiesto ser\u00e1 el primer paso para llevar este esp\u00edritu de colaboraci\u00f3n a pasos m\u00e1s concretos.<\/p>\n<h2>Espect\u00e1culo y celebraci\u00f3n<\/h2>\n<p>Las jornadas terminar\u00e1n con un con un espect\u00e1culo art\u00edstico en torno al aniversario de TOKIKOM, tras el cual no faltar\u00e1 la oportunidad de compartir un lunch y celebrarlo.<\/p>\n<h2>Informaci\u00f3n e inscripci\u00f3n<\/h2>\n<p>El programa detallado de las jornadas y el sistema de reserva de plazas se encuentran disponibles en la p\u00e1gina web de TOKIKOM <a href=\"https:\/\/tokikom.eus\/jardunaldiak\">https:\/\/tokikom.eus\/jardunaldiak<\/a><\/p>\n<h2><strong>Programa Jornadas TOKIKOM 2023<\/strong><\/h2>\n<p>&nbsp;<\/p>\n<table width=\"569\">\n<tbody>\n<tr>\n<td width=\"47\"><strong>8:30<\/strong><\/p>\n<p><strong>\u00a0<\/strong><\/td>\n<td width=\"521\"><strong>Check-in <\/strong><\/td>\n<\/tr>\n<tr>\n<td width=\"47\"><strong>9:00<\/strong><\/td>\n<td width=\"521\"><strong>Recepci\u00f3n<\/strong><\/p>\n<p>Bienvenida por parte del Ayuntamiento de Getxo, medio local Hiruka y\u00a0\u00a0\u00a0 representantes de TOKIKOM.<\/p>\n<p>&nbsp;<\/td>\n<\/tr>\n<tr>\n<td width=\"47\"><strong>9:20\u00a0 <\/strong><\/p>\n<p>&nbsp;<\/td>\n<td width=\"521\"><strong>La democracia social y el periodismo local <\/strong><\/p>\n<p>\u2022\u00a0\u00a0\u00a0\u00a0\u00a0\u00a0\u00a0 <strong>Jason Gibbins y Peter Sherlock:<\/strong> representantes de las secciones Local News Partnership y Shared Data Unit de la BBC, respectivamente.<\/p>\n<p>\u2022\u00a0\u00a0\u00a0\u00a0\u00a0\u00a0\u00a0 <strong>Richard Gurner,<\/strong> representante del Caerphylly Observer en Gales.<\/p>\n<p>\u2022\u00a0\u00a0\u00a0\u00a0\u00a0\u00a0\u00a0 <strong>Tom\u00e1s Bruvi<\/strong>, Secretario General de LLA, Asociaci\u00f3n de Medios de Comunicaci\u00f3n Local de Noruega.<\/p>\n<p>\u2022\u00a0\u00a0\u00a0\u00a0\u00a0\u00a0\u00a0 <strong><em>Saretzen:<\/em><\/strong> Proyecto de colaboraci\u00f3n entre Tokikom y EITB sobre periodismo de datos.<\/td>\n<\/tr>\n<tr>\n<td width=\"47\"><strong>10:50 <\/strong><\/td>\n<td width=\"521\"><strong>\u00a0Descanso <\/strong><\/td>\n<\/tr>\n<tr>\n<td width=\"47\"><strong>11:10 <\/strong><\/p>\n<p>&nbsp;<\/td>\n<td width=\"521\"><strong>\u00a0Periodismo y ocio <\/strong><\/p>\n<p>\u2022\u00a0\u00a0\u00a0\u00a0\u00a0\u00a0\u00a0 Edorta Arana y Bea Narbaiza. Grupo de investigaci\u00f3n de la UPV\/EHU IKUSIKER.<\/p>\n<p>\u2022\u00a0\u00a0\u00a0\u00a0\u00a0\u00a0\u00a0 Avance de la plataforma audiovisual <em>Primeran<\/em>. EiTB<\/td>\n<\/tr>\n<tr>\n<td width=\"47\"><strong>11:45 <\/strong><\/p>\n<p>&nbsp;<\/td>\n<td width=\"521\"><strong>\u00a0Periodismo y digitalizaci\u00f3n <\/strong><\/p>\n<p>\u2022\u00a0\u00a0\u00a0\u00a0\u00a0\u00a0\u00a0 Avelino Amoedo, UNAV. Digital News Report, tendencias globales de consumo de contenidos.<\/p>\n<p>\u2022\u00a0\u00a0\u00a0\u00a0\u00a0\u00a0\u00a0 Karma Peir\u00f3, periodista especializada en TICs. La inteligencia artificial en el periodismo local: oportunidades y retos.<\/td>\n<\/tr>\n<tr>\n<td width=\"47\"><strong>12:30\u00a0 <\/strong><\/p>\n<p>&nbsp;<\/td>\n<td width=\"521\"><strong>Manifiesto de las asociaciones de medios de comunicaci\u00f3n locales. <\/strong><\/p>\n<p>\u2022\u00a0\u00a0\u00a0\u00a0\u00a0\u00a0\u00a0 Breve presentaci\u00f3n de las Asociaciones de Medios de Comunicaci\u00f3n Locales de de Catalunya, Valencia, Mallorca y Menorca.<\/p>\n<p>\u2022\u00a0\u00a0\u00a0\u00a0\u00a0\u00a0\u00a0 Acto de firma del manifiesto de las asociaciones de medios de comunicaci\u00f3n locales<\/td>\n<\/tr>\n<tr>\n<td width=\"47\"><strong>13:00\u00a0 <\/strong><\/td>\n<td width=\"521\"><strong>Acta gr\u00e1fica de la ma\u00f1ana y conclusiones a cargo del ilustrador Pernan Go\u00f1i. <\/strong><\/td>\n<\/tr>\n<tr>\n<td width=\"47\"><strong>13:15\u00a0 <\/strong><\/td>\n<td width=\"521\"><strong>Intervenci\u00f3n y saludo de representantes instituciones p\u00fablicas y TOKIKOM. <\/strong><\/td>\n<\/tr>\n<tr>\n<td width=\"47\"><strong>13:45 <\/strong><\/td>\n<td width=\"521\"><strong>Espect\u00e1culo y celebraci\u00f3n 10\u00ba aniversario TOKIKOM. <\/strong><\/td>\n<\/tr>\n<tr>\n<td width=\"47\"><strong>14:30\u00a0 <\/strong><\/td>\n<td width=\"521\"><strong>Tentempi\u00e9 <\/strong><\/td>\n<\/tr>\n<\/tbody>\n<\/table>\n","protected":false},"excerpt":{"rendered":"<p>Con motivo de su 10\u00ba aniversario, el grupo TOKIKOM, que aglutina a 76 medios de comunicaci\u00f3n locales en euskera ha organizado unas jornadas de periodismo de proximidad en el que participar\u00e1n AMDComVal en presentaci\u00f3n de 52 medios digitales de la Comunitat Valenciana. La cita de Euskadi es continuidad de la reuni\u00f3n de la prensa de [&hellip;]<\/p>\n","protected":false},"author":4,"featured_media":1850,"comment_status":"open","ping_status":"open","sticky":false,"template":"","format":"standard","meta":{"_acf_changed":false,"footnotes":""},"categories":[17],"tags":[12,439,440],"class_list":["post-1849","post","type-post","status-publish","format-standard","has-post-thumbnail","hentry","category-blog","tag-amdcomval","tag-prensa-de-proximidad","tag-tokikom"],"acf":[],"yoast_head":"<!-- This site is optimized with the Yoast SEO plugin v26.3 - https:\/\/yoast.com\/wordpress\/plugins\/seo\/ -->\n<title>Getxo acoger\u00e1 una nueva reuni\u00f3n de las asociaciones de prensa de proximidad de Euskadi, Catalunya, Baleares y Comunitat Valenciana - AMDComVal - Associaci\u00f3 de Mitjans Digitals de la Comunitat Valenciana<\/title>\n<meta name=\"robots\" content=\"index, follow, max-snippet:-1, max-image-preview:large, max-video-preview:-1\" \/>\n<link rel=\"canonical\" href=\"https:\/\/amdcomval.com\/getxo-acogera-una-nueva-reunion-de-las-asociaciones-de-prensa-de-proximidad-de-euskadi-catalunya-baleares-y-comunitat-valenciana\/\" \/>\n<meta property=\"og:locale\" content=\"en_US\" \/>\n<meta property=\"og:type\" content=\"article\" \/>\n<meta property=\"og:title\" content=\"Getxo acoger\u00e1 una nueva reuni\u00f3n de las asociaciones de prensa de proximidad de Euskadi, Catalunya, Baleares y Comunitat Valenciana - AMDComVal - Associaci\u00f3 de Mitjans Digitals de la Comunitat Valenciana\" \/>\n<meta property=\"og:description\" content=\"Con motivo de su 10\u00ba aniversario, el grupo TOKIKOM, que aglutina a 76 medios de comunicaci\u00f3n locales en euskera ha organizado unas jornadas de periodismo de proximidad en el que participar\u00e1n AMDComVal en presentaci\u00f3n de 52 medios digitales de la Comunitat Valenciana. La cita de Euskadi es continuidad de la reuni\u00f3n de la prensa de [&hellip;]\" \/>\n<meta property=\"og:url\" content=\"https:\/\/amdcomval.com\/getxo-acogera-una-nueva-reunion-de-las-asociaciones-de-prensa-de-proximidad-de-euskadi-catalunya-baleares-y-comunitat-valenciana\/\" \/>\n<meta property=\"og:site_name\" content=\"AMDComVal - Associaci\u00f3 de Mitjans Digitals de la Comunitat Valenciana\" \/>\n<meta property=\"article:publisher\" content=\"https:\/\/www.facebook.com\/Associaci-De-Mitjans-Digitals-238717099544439\/\" \/>\n<meta property=\"article:published_time\" content=\"2023-03-12T20:36:48+00:00\" \/>\n<meta property=\"og:image\" content=\"https:\/\/amdcomval.com\/wp-content\/uploads\/2023\/03\/TOKIKOM_X_JARDUNALDIAK-BEREIZGARRIA-rgb.jpg\" \/>\n\t<meta property=\"og:image:width\" content=\"2479\" \/>\n\t<meta property=\"og:image:height\" content=\"2479\" \/>\n\t<meta property=\"og:image:type\" content=\"image\/jpeg\" \/>\n<meta name=\"author\" content=\"AMDComVal\" \/>\n<meta name=\"twitter:card\" content=\"summary_large_image\" \/>\n<meta name=\"twitter:creator\" content=\"@AMDComVal\" \/>\n<meta name=\"twitter:site\" content=\"@AMDComVal\" \/>\n<meta name=\"twitter:label1\" content=\"Written by\" \/>\n\t<meta name=\"twitter:data1\" content=\"AMDComVal\" \/>\n\t<meta name=\"twitter:label2\" content=\"Est. reading time\" \/>\n\t<meta name=\"twitter:data2\" content=\"4 minutes\" \/>\n<script type=\"application\/ld+json\" class=\"yoast-schema-graph\">{\"@context\":\"https:\/\/schema.org\",\"@graph\":[{\"@type\":\"Article\",\"@id\":\"https:\/\/amdcomval.com\/getxo-acogera-una-nueva-reunion-de-las-asociaciones-de-prensa-de-proximidad-de-euskadi-catalunya-baleares-y-comunitat-valenciana\/#article\",\"isPartOf\":{\"@id\":\"https:\/\/amdcomval.com\/getxo-acogera-una-nueva-reunion-de-las-asociaciones-de-prensa-de-proximidad-de-euskadi-catalunya-baleares-y-comunitat-valenciana\/\"},\"author\":{\"name\":\"AMDComVal\",\"@id\":\"https:\/\/amdcomval.com\/#\/schema\/person\/f15529598c810a38625abf10fd5bda3a\"},\"headline\":\"Getxo acoger\u00e1 una nueva reuni\u00f3n de las asociaciones de prensa de proximidad de Euskadi, Catalunya, Baleares y Comunitat Valenciana\",\"datePublished\":\"2023-03-12T20:36:48+00:00\",\"mainEntityOfPage\":{\"@id\":\"https:\/\/amdcomval.com\/getxo-acogera-una-nueva-reunion-de-las-asociaciones-de-prensa-de-proximidad-de-euskadi-catalunya-baleares-y-comunitat-valenciana\/\"},\"wordCount\":919,\"commentCount\":0,\"publisher\":{\"@id\":\"https:\/\/amdcomval.com\/#organization\"},\"image\":{\"@id\":\"https:\/\/amdcomval.com\/getxo-acogera-una-nueva-reunion-de-las-asociaciones-de-prensa-de-proximidad-de-euskadi-catalunya-baleares-y-comunitat-valenciana\/#primaryimage\"},\"thumbnailUrl\":\"https:\/\/amdcomval.com\/wp-content\/uploads\/2023\/03\/TOKIKOM_X_JARDUNALDIAK-BEREIZGARRIA-rgb.jpg\",\"keywords\":[\"amdcomval\",\"prensa de proximidad\",\"Tokikom\"],\"articleSection\":[\"Blog\"],\"inLanguage\":\"val\",\"potentialAction\":[{\"@type\":\"CommentAction\",\"name\":\"Comment\",\"target\":[\"https:\/\/amdcomval.com\/getxo-acogera-una-nueva-reunion-de-las-asociaciones-de-prensa-de-proximidad-de-euskadi-catalunya-baleares-y-comunitat-valenciana\/#respond\"]}]},{\"@type\":\"WebPage\",\"@id\":\"https:\/\/amdcomval.com\/getxo-acogera-una-nueva-reunion-de-las-asociaciones-de-prensa-de-proximidad-de-euskadi-catalunya-baleares-y-comunitat-valenciana\/\",\"url\":\"https:\/\/amdcomval.com\/getxo-acogera-una-nueva-reunion-de-las-asociaciones-de-prensa-de-proximidad-de-euskadi-catalunya-baleares-y-comunitat-valenciana\/\",\"name\":\"Getxo acoger\u00e1 una nueva reuni\u00f3n de las asociaciones de prensa de proximidad de Euskadi, Catalunya, Baleares y Comunitat Valenciana - AMDComVal - Associaci\u00f3 de Mitjans Digitals de la Comunitat Valenciana\",\"isPartOf\":{\"@id\":\"https:\/\/amdcomval.com\/#website\"},\"primaryImageOfPage\":{\"@id\":\"https:\/\/amdcomval.com\/getxo-acogera-una-nueva-reunion-de-las-asociaciones-de-prensa-de-proximidad-de-euskadi-catalunya-baleares-y-comunitat-valenciana\/#primaryimage\"},\"image\":{\"@id\":\"https:\/\/amdcomval.com\/getxo-acogera-una-nueva-reunion-de-las-asociaciones-de-prensa-de-proximidad-de-euskadi-catalunya-baleares-y-comunitat-valenciana\/#primaryimage\"},\"thumbnailUrl\":\"https:\/\/amdcomval.com\/wp-content\/uploads\/2023\/03\/TOKIKOM_X_JARDUNALDIAK-BEREIZGARRIA-rgb.jpg\",\"datePublished\":\"2023-03-12T20:36:48+00:00\",\"breadcrumb\":{\"@id\":\"https:\/\/amdcomval.com\/getxo-acogera-una-nueva-reunion-de-las-asociaciones-de-prensa-de-proximidad-de-euskadi-catalunya-baleares-y-comunitat-valenciana\/#breadcrumb\"},\"inLanguage\":\"val\",\"potentialAction\":[{\"@type\":\"ReadAction\",\"target\":[\"https:\/\/amdcomval.com\/getxo-acogera-una-nueva-reunion-de-las-asociaciones-de-prensa-de-proximidad-de-euskadi-catalunya-baleares-y-comunitat-valenciana\/\"]}]},{\"@type\":\"ImageObject\",\"inLanguage\":\"val\",\"@id\":\"https:\/\/amdcomval.com\/getxo-acogera-una-nueva-reunion-de-las-asociaciones-de-prensa-de-proximidad-de-euskadi-catalunya-baleares-y-comunitat-valenciana\/#primaryimage\",\"url\":\"https:\/\/amdcomval.com\/wp-content\/uploads\/2023\/03\/TOKIKOM_X_JARDUNALDIAK-BEREIZGARRIA-rgb.jpg\",\"contentUrl\":\"https:\/\/amdcomval.com\/wp-content\/uploads\/2023\/03\/TOKIKOM_X_JARDUNALDIAK-BEREIZGARRIA-rgb.jpg\",\"width\":2479,\"height\":2479,\"caption\":\"Jornadas medios proximidad Tokikom\"},{\"@type\":\"BreadcrumbList\",\"@id\":\"https:\/\/amdcomval.com\/getxo-acogera-una-nueva-reunion-de-las-asociaciones-de-prensa-de-proximidad-de-euskadi-catalunya-baleares-y-comunitat-valenciana\/#breadcrumb\",\"itemListElement\":[{\"@type\":\"ListItem\",\"position\":1,\"name\":\"Portada\",\"item\":\"https:\/\/amdcomval.com\/val\/\"},{\"@type\":\"ListItem\",\"position\":2,\"name\":\"Getxo acoger\u00e1 una nueva reuni\u00f3n de las asociaciones de prensa de proximidad de Euskadi, Catalunya, Baleares y Comunitat Valenciana\"}]},{\"@type\":\"WebSite\",\"@id\":\"https:\/\/amdcomval.com\/#website\",\"url\":\"https:\/\/amdcomval.com\/\",\"name\":\"AMDComVal - Associaci\u00f3 de Mitjans Digitals de la Comunitat Valenciana\",\"description\":\"Web oficial de la Associaci\u00f3 de Mitjans Digitals de la Comunitat Valenciana (AMDComVal). Por la profesionalizaci\u00f3n y dignificaci\u00f3n de los medios de comunicaci\u00f3n digital\",\"publisher\":{\"@id\":\"https:\/\/amdcomval.com\/#organization\"},\"potentialAction\":[{\"@type\":\"SearchAction\",\"target\":{\"@type\":\"EntryPoint\",\"urlTemplate\":\"https:\/\/amdcomval.com\/?s={search_term_string}\"},\"query-input\":{\"@type\":\"PropertyValueSpecification\",\"valueRequired\":true,\"valueName\":\"search_term_string\"}}],\"inLanguage\":\"val\"},{\"@type\":\"Organization\",\"@id\":\"https:\/\/amdcomval.com\/#organization\",\"name\":\"AMDComVal - Associaci\u00f3 de Mitjans Digitals de la Comunitat Valenciana\",\"url\":\"https:\/\/amdcomval.com\/\",\"logo\":{\"@type\":\"ImageObject\",\"inLanguage\":\"val\",\"@id\":\"https:\/\/amdcomval.com\/#\/schema\/logo\/image\/\",\"url\":\"https:\/\/amdcomval.com\/wp-content\/uploads\/2025\/10\/AMDComVal-logo-horizontal-2.png\",\"contentUrl\":\"https:\/\/amdcomval.com\/wp-content\/uploads\/2025\/10\/AMDComVal-logo-horizontal-2.png\",\"width\":2560,\"height\":936,\"caption\":\"AMDComVal - Associaci\u00f3 de Mitjans Digitals de la Comunitat Valenciana\"},\"image\":{\"@id\":\"https:\/\/amdcomval.com\/#\/schema\/logo\/image\/\"},\"sameAs\":[\"https:\/\/www.facebook.com\/Associaci-De-Mitjans-Digitals-238717099544439\/\",\"https:\/\/x.com\/AMDComVal\",\"https:\/\/www.linkedin.com\/groups\/3150654\/\"]},{\"@type\":\"Person\",\"@id\":\"https:\/\/amdcomval.com\/#\/schema\/person\/f15529598c810a38625abf10fd5bda3a\",\"name\":\"AMDComVal\",\"url\":\"https:\/\/amdcomval.com\/val\/author\/amdcomval\/\"}]}<\/script>\n<!-- \/ Yoast SEO plugin. -->","yoast_head_json":{"title":"Getxo acoger\u00e1 una nueva reuni\u00f3n de las asociaciones de prensa de proximidad de Euskadi, Catalunya, Baleares y Comunitat Valenciana - AMDComVal - Associaci\u00f3 de Mitjans Digitals de la Comunitat Valenciana","robots":{"index":"index","follow":"follow","max-snippet":"max-snippet:-1","max-image-preview":"max-image-preview:large","max-video-preview":"max-video-preview:-1"},"canonical":"https:\/\/amdcomval.com\/getxo-acogera-una-nueva-reunion-de-las-asociaciones-de-prensa-de-proximidad-de-euskadi-catalunya-baleares-y-comunitat-valenciana\/","og_locale":"en_US","og_type":"article","og_title":"Getxo acoger\u00e1 una nueva reuni\u00f3n de las asociaciones de prensa de proximidad de Euskadi, Catalunya, Baleares y Comunitat Valenciana - AMDComVal - Associaci\u00f3 de Mitjans Digitals de la Comunitat Valenciana","og_description":"Con motivo de su 10\u00ba aniversario, el grupo TOKIKOM, que aglutina a 76 medios de comunicaci\u00f3n locales en euskera ha organizado unas jornadas de periodismo de proximidad en el que participar\u00e1n AMDComVal en presentaci\u00f3n de 52 medios digitales de la Comunitat Valenciana. La cita de Euskadi es continuidad de la reuni\u00f3n de la prensa de [&hellip;]","og_url":"https:\/\/amdcomval.com\/getxo-acogera-una-nueva-reunion-de-las-asociaciones-de-prensa-de-proximidad-de-euskadi-catalunya-baleares-y-comunitat-valenciana\/","og_site_name":"AMDComVal - Associaci\u00f3 de Mitjans Digitals de la Comunitat Valenciana","article_publisher":"https:\/\/www.facebook.com\/Associaci-De-Mitjans-Digitals-238717099544439\/","article_published_time":"2023-03-12T20:36:48+00:00","og_image":[{"width":2479,"height":2479,"url":"https:\/\/amdcomval.com\/wp-content\/uploads\/2023\/03\/TOKIKOM_X_JARDUNALDIAK-BEREIZGARRIA-rgb.jpg","type":"image\/jpeg"}],"author":"AMDComVal","twitter_card":"summary_large_image","twitter_creator":"@AMDComVal","twitter_site":"@AMDComVal","twitter_misc":{"Written by":"AMDComVal","Est. reading time":"4 minutes"},"schema":{"@context":"https:\/\/schema.org","@graph":[{"@type":"Article","@id":"https:\/\/amdcomval.com\/getxo-acogera-una-nueva-reunion-de-las-asociaciones-de-prensa-de-proximidad-de-euskadi-catalunya-baleares-y-comunitat-valenciana\/#article","isPartOf":{"@id":"https:\/\/amdcomval.com\/getxo-acogera-una-nueva-reunion-de-las-asociaciones-de-prensa-de-proximidad-de-euskadi-catalunya-baleares-y-comunitat-valenciana\/"},"author":{"name":"AMDComVal","@id":"https:\/\/amdcomval.com\/#\/schema\/person\/f15529598c810a38625abf10fd5bda3a"},"headline":"Getxo acoger\u00e1 una nueva reuni\u00f3n de las asociaciones de prensa de proximidad de Euskadi, Catalunya, Baleares y Comunitat Valenciana","datePublished":"2023-03-12T20:36:48+00:00","mainEntityOfPage":{"@id":"https:\/\/amdcomval.com\/getxo-acogera-una-nueva-reunion-de-las-asociaciones-de-prensa-de-proximidad-de-euskadi-catalunya-baleares-y-comunitat-valenciana\/"},"wordCount":919,"commentCount":0,"publisher":{"@id":"https:\/\/amdcomval.com\/#organization"},"image":{"@id":"https:\/\/amdcomval.com\/getxo-acogera-una-nueva-reunion-de-las-asociaciones-de-prensa-de-proximidad-de-euskadi-catalunya-baleares-y-comunitat-valenciana\/#primaryimage"},"thumbnailUrl":"https:\/\/amdcomval.com\/wp-content\/uploads\/2023\/03\/TOKIKOM_X_JARDUNALDIAK-BEREIZGARRIA-rgb.jpg","keywords":["amdcomval","prensa de proximidad","Tokikom"],"articleSection":["Blog"],"inLanguage":"val","potentialAction":[{"@type":"CommentAction","name":"Comment","target":["https:\/\/amdcomval.com\/getxo-acogera-una-nueva-reunion-de-las-asociaciones-de-prensa-de-proximidad-de-euskadi-catalunya-baleares-y-comunitat-valenciana\/#respond"]}]},{"@type":"WebPage","@id":"https:\/\/amdcomval.com\/getxo-acogera-una-nueva-reunion-de-las-asociaciones-de-prensa-de-proximidad-de-euskadi-catalunya-baleares-y-comunitat-valenciana\/","url":"https:\/\/amdcomval.com\/getxo-acogera-una-nueva-reunion-de-las-asociaciones-de-prensa-de-proximidad-de-euskadi-catalunya-baleares-y-comunitat-valenciana\/","name":"Getxo acoger\u00e1 una nueva reuni\u00f3n de las asociaciones de prensa de proximidad de Euskadi, Catalunya, Baleares y Comunitat Valenciana - AMDComVal - Associaci\u00f3 de Mitjans Digitals de la Comunitat Valenciana","isPartOf":{"@id":"https:\/\/amdcomval.com\/#website"},"primaryImageOfPage":{"@id":"https:\/\/amdcomval.com\/getxo-acogera-una-nueva-reunion-de-las-asociaciones-de-prensa-de-proximidad-de-euskadi-catalunya-baleares-y-comunitat-valenciana\/#primaryimage"},"image":{"@id":"https:\/\/amdcomval.com\/getxo-acogera-una-nueva-reunion-de-las-asociaciones-de-prensa-de-proximidad-de-euskadi-catalunya-baleares-y-comunitat-valenciana\/#primaryimage"},"thumbnailUrl":"https:\/\/amdcomval.com\/wp-content\/uploads\/2023\/03\/TOKIKOM_X_JARDUNALDIAK-BEREIZGARRIA-rgb.jpg","datePublished":"2023-03-12T20:36:48+00:00","breadcrumb":{"@id":"https:\/\/amdcomval.com\/getxo-acogera-una-nueva-reunion-de-las-asociaciones-de-prensa-de-proximidad-de-euskadi-catalunya-baleares-y-comunitat-valenciana\/#breadcrumb"},"inLanguage":"val","potentialAction":[{"@type":"ReadAction","target":["https:\/\/amdcomval.com\/getxo-acogera-una-nueva-reunion-de-las-asociaciones-de-prensa-de-proximidad-de-euskadi-catalunya-baleares-y-comunitat-valenciana\/"]}]},{"@type":"ImageObject","inLanguage":"val","@id":"https:\/\/amdcomval.com\/getxo-acogera-una-nueva-reunion-de-las-asociaciones-de-prensa-de-proximidad-de-euskadi-catalunya-baleares-y-comunitat-valenciana\/#primaryimage","url":"https:\/\/amdcomval.com\/wp-content\/uploads\/2023\/03\/TOKIKOM_X_JARDUNALDIAK-BEREIZGARRIA-rgb.jpg","contentUrl":"https:\/\/amdcomval.com\/wp-content\/uploads\/2023\/03\/TOKIKOM_X_JARDUNALDIAK-BEREIZGARRIA-rgb.jpg","width":2479,"height":2479,"caption":"Jornadas medios proximidad Tokikom"},{"@type":"BreadcrumbList","@id":"https:\/\/amdcomval.com\/getxo-acogera-una-nueva-reunion-de-las-asociaciones-de-prensa-de-proximidad-de-euskadi-catalunya-baleares-y-comunitat-valenciana\/#breadcrumb","itemListElement":[{"@type":"ListItem","position":1,"name":"Portada","item":"https:\/\/amdcomval.com\/val\/"},{"@type":"ListItem","position":2,"name":"Getxo acoger\u00e1 una nueva reuni\u00f3n de las asociaciones de prensa de proximidad de Euskadi, Catalunya, Baleares y Comunitat Valenciana"}]},{"@type":"WebSite","@id":"https:\/\/amdcomval.com\/#website","url":"https:\/\/amdcomval.com\/","name":"AMDComVal - Associaci\u00f3 de Mitjans Digitals de la Comunitat Valenciana","description":"Web oficial de la Associaci\u00f3 de Mitjans Digitals de la Comunitat Valenciana (AMDComVal). Por la profesionalizaci\u00f3n y dignificaci\u00f3n de los medios de comunicaci\u00f3n digital","publisher":{"@id":"https:\/\/amdcomval.com\/#organization"},"potentialAction":[{"@type":"SearchAction","target":{"@type":"EntryPoint","urlTemplate":"https:\/\/amdcomval.com\/?s={search_term_string}"},"query-input":{"@type":"PropertyValueSpecification","valueRequired":true,"valueName":"search_term_string"}}],"inLanguage":"val"},{"@type":"Organization","@id":"https:\/\/amdcomval.com\/#organization","name":"AMDComVal - Associaci\u00f3 de Mitjans Digitals de la Comunitat Valenciana","url":"https:\/\/amdcomval.com\/","logo":{"@type":"ImageObject","inLanguage":"val","@id":"https:\/\/amdcomval.com\/#\/schema\/logo\/image\/","url":"https:\/\/amdcomval.com\/wp-content\/uploads\/2025\/10\/AMDComVal-logo-horizontal-2.png","contentUrl":"https:\/\/amdcomval.com\/wp-content\/uploads\/2025\/10\/AMDComVal-logo-horizontal-2.png","width":2560,"height":936,"caption":"AMDComVal - Associaci\u00f3 de Mitjans Digitals de la Comunitat Valenciana"},"image":{"@id":"https:\/\/amdcomval.com\/#\/schema\/logo\/image\/"},"sameAs":["https:\/\/www.facebook.com\/Associaci-De-Mitjans-Digitals-238717099544439\/","https:\/\/x.com\/AMDComVal","https:\/\/www.linkedin.com\/groups\/3150654\/"]},{"@type":"Person","@id":"https:\/\/amdcomval.com\/#\/schema\/person\/f15529598c810a38625abf10fd5bda3a","name":"AMDComVal","url":"https:\/\/amdcomval.com\/val\/author\/amdcomval\/"}]}},"_links":{"self":[{"href":"https:\/\/amdcomval.com\/val\/wp-json\/wp\/v2\/posts\/1849","targetHints":{"allow":["GET"]}}],"collection":[{"href":"https:\/\/amdcomval.com\/val\/wp-json\/wp\/v2\/posts"}],"about":[{"href":"https:\/\/amdcomval.com\/val\/wp-json\/wp\/v2\/types\/post"}],"author":[{"embeddable":true,"href":"https:\/\/amdcomval.com\/val\/wp-json\/wp\/v2\/users\/4"}],"replies":[{"embeddable":true,"href":"https:\/\/amdcomval.com\/val\/wp-json\/wp\/v2\/comments?post=1849"}],"version-history":[{"count":0,"href":"https:\/\/amdcomval.com\/val\/wp-json\/wp\/v2\/posts\/1849\/revisions"}],"wp:featuredmedia":[{"embeddable":true,"href":"https:\/\/amdcomval.com\/val\/wp-json\/wp\/v2\/media\/1850"}],"wp:attachment":[{"href":"https:\/\/amdcomval.com\/val\/wp-json\/wp\/v2\/media?parent=1849"}],"wp:term":[{"taxonomy":"category","embeddable":true,"href":"https:\/\/amdcomval.com\/val\/wp-json\/wp\/v2\/categories?post=1849"},{"taxonomy":"post_tag","embeddable":true,"href":"https:\/\/amdcomval.com\/val\/wp-json\/wp\/v2\/tags?post=1849"}],"curies":[{"name":"wp","href":"https:\/\/api.w.org\/{rel}","templated":true}]}}