{"id":1926,"date":"2024-02-24T20:32:32","date_gmt":"2024-02-24T20:32:32","guid":{"rendered":"https:\/\/www.amdcomval.com\/?p=1926"},"modified":"2024-02-24T20:32:32","modified_gmt":"2024-02-24T20:32:32","slug":"los-56-medios-asociados-amdcomval-superaron-la-cifra-de-251-millones-de-paginas-vistas-en-2023","status":"publish","type":"post","link":"https:\/\/amdcomval.com\/val\/los-56-medios-asociados-amdcomval-superaron-la-cifra-de-251-millones-de-paginas-vistas-en-2023\/","title":{"rendered":"Los 56 medios asociados AMDComVal superaron la cifra de 251 millones de p\u00e1ginas vistas en 2023"},"content":{"rendered":"<p>Los 56 medios de comunicaci\u00f3n que forman parte de la Asociaci\u00f3n de Medios Digitales de la Comunitat Valenciana (AMDComVal) han alcanzado la cifra de 251 millones de p\u00e1ginas en 2023, seg\u00fan la Oficina de Justificaci\u00f3n de la Difusi\u00f3n (OJD). En concreto la cifra total del a\u00f1o es de 251.195.420 p\u00e1ginas vistas.<\/p>\n<p><img loading=\"lazy\" decoding=\"async\" class=\"aligncenter size-full wp-image-1780\" src=\"https:\/\/amdcomval.com\/wp-content\/uploads\/2022\/07\/AMDComVal-web.jpeg\"  width=\"2048\" height=\"1153\" srcset=\"https:\/\/amdcomval.com\/wp-content\/uploads\/2022\/07\/AMDComVal-web.jpeg 2048w, https:\/\/amdcomval.com\/wp-content\/uploads\/2022\/07\/AMDComVal-web-300x169.jpeg 300w, https:\/\/amdcomval.com\/wp-content\/uploads\/2022\/07\/AMDComVal-web-1024x577.jpeg 1024w, https:\/\/amdcomval.com\/wp-content\/uploads\/2022\/07\/AMDComVal-web-768x432.jpeg 768w, https:\/\/amdcomval.com\/wp-content\/uploads\/2022\/07\/AMDComVal-web-1536x865.jpeg 1536w, https:\/\/amdcomval.com\/wp-content\/uploads\/2022\/07\/AMDComVal-web-1080x608.jpeg 1080w, https:\/\/amdcomval.com\/wp-content\/uploads\/2022\/07\/AMDComVal-web-1280x721.jpeg 1280w, https:\/\/amdcomval.com\/wp-content\/uploads\/2022\/07\/AMDComVal-web-980x552.jpeg 980w, https:\/\/amdcomval.com\/wp-content\/uploads\/2022\/07\/AMDComVal-web-480x270.jpeg 480w\" sizes=\"(max-width: 2048px) 100vw, 2048px\" \/><\/p>\n<p>Estos datos suponen un incremento del 29,31% con respecto a las cifras del a\u00f1o 2022 en el que<a href=\"https:\/\/amdcomval.com\/los-53-medios-asociados-amdcomval-superaron-los-194-millones-de-paginas-vistas-en-2022\/\"><strong> los entonces 52 medios AMDComVal lograron alcanzar la cifra de 194 millones de p\u00e1ginas vistas en el a\u00f1o 2022<\/strong><\/a>.<\/p>\n<h2><strong>Un incremento del 29,31%<\/strong><\/h2>\n<p><a href=\"https:\/\/www.ojdinteractiva.es\/medios-digitales-comunidad-valenciana\"><strong>Seg\u00fan los datos p\u00fablicos que se pueden consultar en la web de OJD<\/strong><\/a>, los medios asociados AMDComVal auditados por este organismo que se encarga de controlar la difusi\u00f3n de los medios de comunicaci\u00f3n lograron 129,2 millones de p\u00e1ginas vistas en el segundo semestre de 2023 y 121,9 millones de p\u00e1ginas vistas en el primer semestre del a\u00f1o 2023.<\/p>\n<p>Por trimestre, los 56 medios asociados lograron<strong> 61,8 millones de p\u00e1ginas vistas en el primer trimestre del a\u00f1o; 60 millones en el segundo trimestre; 69,2 en el tercer trimestre y 60 millones de p\u00e1ginas vistas en el \u00faltimo trimestre del a\u00f1o<\/strong>.<\/p>\n<h2><strong>Proximidad y capilaridad territorial <\/strong><\/h2>\n<p>Estas cifras suponen un refrendo importante para AMDComVal en un momento de crecimiento con la incorporaci\u00f3n de nuevos asociados que <strong>refuerza su posici\u00f3n privilegiada de proximidad y capilaridad territorial<\/strong> gracias a su presencia en todas las comarcas de Alicante, Castell\u00f3n y Valencia.<\/p>\n<p>Estas cifras y estas nuevas incorporaciones permitir\u00e1n a la AMDComVal, fundada en 2008, s<strong>eguir construyendo un espacio comunicacional valenciano<\/strong>, basado en el apoyo a los medios, defendiendo la generaci\u00f3n de informaci\u00f3n y contenidos de calidad y proximidad como una industria m\u00e1s de la Comunitat, que crea empleo y riqueza.<\/p>\n","protected":false},"excerpt":{"rendered":"<p>Los 56 medios de comunicaci\u00f3n que forman parte de la Asociaci\u00f3n de Medios Digitales de la Comunitat Valenciana (AMDComVal) han alcanzado la cifra de 251 millones de p\u00e1ginas en 2023, seg\u00fan la Oficina de Justificaci\u00f3n de la Difusi\u00f3n (OJD). En concreto la cifra total del a\u00f1o es de 251.195.420 p\u00e1ginas vistas. Estos datos suponen un [&hellip;]<\/p>\n","protected":false},"author":4,"featured_media":1782,"comment_status":"open","ping_status":"open","sticky":false,"template":"","format":"standard","meta":{"_acf_changed":false,"footnotes":""},"categories":[17],"tags":[12,453,138,29,454],"class_list":["post-1926","post","type-post","status-publish","format-standard","has-post-thumbnail","hentry","category-blog","tag-amdcomval","tag-capilaridad","tag-comunicacion","tag-medios-digitales","tag-proximidad"],"acf":[],"yoast_head":"<!-- This site is optimized with the Yoast SEO plugin v26.3 - https:\/\/yoast.com\/wordpress\/plugins\/seo\/ -->\n<title>Los 56 medios asociados AMDComVal superaron la cifra de 251 millones de p\u00e1ginas vistas en 2023 - AMDComVal - Associaci\u00f3 de Mitjans Digitals de la Comunitat Valenciana<\/title>\n<meta name=\"description\" content=\"Los 56 medios asociados AMDComval superaron la cifra de 251 millones de p\u00e1ginas vistas en 2023, seg\u00fan datos de OJD\" \/>\n<meta name=\"robots\" content=\"index, follow, max-snippet:-1, max-image-preview:large, max-video-preview:-1\" \/>\n<link rel=\"canonical\" href=\"https:\/\/amdcomval.com\/los-56-medios-asociados-amdcomval-superaron-la-cifra-de-251-millones-de-paginas-vistas-en-2023\/\" \/>\n<meta property=\"og:locale\" content=\"en_US\" \/>\n<meta property=\"og:type\" content=\"article\" \/>\n<meta property=\"og:title\" content=\"Los 56 medios asociados AMDComVal superaron la cifra de 251 millones de p\u00e1ginas vistas en 2023 - AMDComVal - Associaci\u00f3 de Mitjans Digitals de la Comunitat Valenciana\" \/>\n<meta property=\"og:description\" content=\"Los 56 medios asociados AMDComval superaron la cifra de 251 millones de p\u00e1ginas vistas en 2023, seg\u00fan datos de OJD\" \/>\n<meta property=\"og:url\" content=\"https:\/\/amdcomval.com\/los-56-medios-asociados-amdcomval-superaron-la-cifra-de-251-millones-de-paginas-vistas-en-2023\/\" \/>\n<meta property=\"og:site_name\" content=\"AMDComVal - Associaci\u00f3 de Mitjans Digitals de la Comunitat Valenciana\" \/>\n<meta property=\"article:publisher\" content=\"https:\/\/www.facebook.com\/Associaci-De-Mitjans-Digitals-238717099544439\/\" \/>\n<meta property=\"article:published_time\" content=\"2024-02-24T20:32:32+00:00\" \/>\n<meta property=\"og:image\" content=\"https:\/\/amdcomval.com\/wp-content\/uploads\/2022\/07\/AMDComval-recurso.jpeg\" \/>\n\t<meta property=\"og:image:width\" content=\"2048\" \/>\n\t<meta property=\"og:image:height\" content=\"1153\" \/>\n\t<meta property=\"og:image:type\" content=\"image\/jpeg\" \/>\n<meta name=\"author\" content=\"AMDComVal\" \/>\n<meta name=\"twitter:card\" content=\"summary_large_image\" \/>\n<meta name=\"twitter:creator\" content=\"@AMDComVal\" \/>\n<meta name=\"twitter:site\" content=\"@AMDComVal\" \/>\n<meta name=\"twitter:label1\" content=\"Written by\" \/>\n\t<meta name=\"twitter:data1\" content=\"AMDComVal\" \/>\n\t<meta name=\"twitter:label2\" content=\"Est. reading time\" \/>\n\t<meta name=\"twitter:data2\" content=\"2 minutes\" \/>\n<script type=\"application\/ld+json\" class=\"yoast-schema-graph\">{\"@context\":\"https:\/\/schema.org\",\"@graph\":[{\"@type\":\"Article\",\"@id\":\"https:\/\/amdcomval.com\/los-56-medios-asociados-amdcomval-superaron-la-cifra-de-251-millones-de-paginas-vistas-en-2023\/#article\",\"isPartOf\":{\"@id\":\"https:\/\/amdcomval.com\/los-56-medios-asociados-amdcomval-superaron-la-cifra-de-251-millones-de-paginas-vistas-en-2023\/\"},\"author\":{\"name\":\"AMDComVal\",\"@id\":\"https:\/\/amdcomval.com\/#\/schema\/person\/f15529598c810a38625abf10fd5bda3a\"},\"headline\":\"Los 56 medios asociados AMDComVal superaron la cifra de 251 millones de p\u00e1ginas vistas en 2023\",\"datePublished\":\"2024-02-24T20:32:32+00:00\",\"mainEntityOfPage\":{\"@id\":\"https:\/\/amdcomval.com\/los-56-medios-asociados-amdcomval-superaron-la-cifra-de-251-millones-de-paginas-vistas-en-2023\/\"},\"wordCount\":309,\"commentCount\":0,\"publisher\":{\"@id\":\"https:\/\/amdcomval.com\/#organization\"},\"image\":{\"@id\":\"https:\/\/amdcomval.com\/los-56-medios-asociados-amdcomval-superaron-la-cifra-de-251-millones-de-paginas-vistas-en-2023\/#primaryimage\"},\"thumbnailUrl\":\"https:\/\/amdcomval.com\/wp-content\/uploads\/2022\/07\/AMDComval-recurso.jpeg\",\"keywords\":[\"amdcomval\",\"capilaridad\",\"comunicaci\u00f3n\",\"medios digitales\",\"proximidad\"],\"articleSection\":[\"Blog\"],\"inLanguage\":\"val\",\"potentialAction\":[{\"@type\":\"CommentAction\",\"name\":\"Comment\",\"target\":[\"https:\/\/amdcomval.com\/los-56-medios-asociados-amdcomval-superaron-la-cifra-de-251-millones-de-paginas-vistas-en-2023\/#respond\"]}]},{\"@type\":\"WebPage\",\"@id\":\"https:\/\/amdcomval.com\/los-56-medios-asociados-amdcomval-superaron-la-cifra-de-251-millones-de-paginas-vistas-en-2023\/\",\"url\":\"https:\/\/amdcomval.com\/los-56-medios-asociados-amdcomval-superaron-la-cifra-de-251-millones-de-paginas-vistas-en-2023\/\",\"name\":\"Los 56 medios asociados AMDComVal superaron la cifra de 251 millones de p\u00e1ginas vistas en 2023 - AMDComVal - Associaci\u00f3 de Mitjans Digitals de la Comunitat Valenciana\",\"isPartOf\":{\"@id\":\"https:\/\/amdcomval.com\/#website\"},\"primaryImageOfPage\":{\"@id\":\"https:\/\/amdcomval.com\/los-56-medios-asociados-amdcomval-superaron-la-cifra-de-251-millones-de-paginas-vistas-en-2023\/#primaryimage\"},\"image\":{\"@id\":\"https:\/\/amdcomval.com\/los-56-medios-asociados-amdcomval-superaron-la-cifra-de-251-millones-de-paginas-vistas-en-2023\/#primaryimage\"},\"thumbnailUrl\":\"https:\/\/amdcomval.com\/wp-content\/uploads\/2022\/07\/AMDComval-recurso.jpeg\",\"datePublished\":\"2024-02-24T20:32:32+00:00\",\"description\":\"Los 56 medios asociados AMDComval superaron la cifra de 251 millones de p\u00e1ginas vistas en 2023, seg\u00fan datos de OJD\",\"breadcrumb\":{\"@id\":\"https:\/\/amdcomval.com\/los-56-medios-asociados-amdcomval-superaron-la-cifra-de-251-millones-de-paginas-vistas-en-2023\/#breadcrumb\"},\"inLanguage\":\"val\",\"potentialAction\":[{\"@type\":\"ReadAction\",\"target\":[\"https:\/\/amdcomval.com\/los-56-medios-asociados-amdcomval-superaron-la-cifra-de-251-millones-de-paginas-vistas-en-2023\/\"]}]},{\"@type\":\"ImageObject\",\"inLanguage\":\"val\",\"@id\":\"https:\/\/amdcomval.com\/los-56-medios-asociados-amdcomval-superaron-la-cifra-de-251-millones-de-paginas-vistas-en-2023\/#primaryimage\",\"url\":\"https:\/\/amdcomval.com\/wp-content\/uploads\/2022\/07\/AMDComval-recurso.jpeg\",\"contentUrl\":\"https:\/\/amdcomval.com\/wp-content\/uploads\/2022\/07\/AMDComval-recurso.jpeg\",\"width\":2048,\"height\":1153,\"caption\":\"web AMDComval\"},{\"@type\":\"BreadcrumbList\",\"@id\":\"https:\/\/amdcomval.com\/los-56-medios-asociados-amdcomval-superaron-la-cifra-de-251-millones-de-paginas-vistas-en-2023\/#breadcrumb\",\"itemListElement\":[{\"@type\":\"ListItem\",\"position\":1,\"name\":\"Portada\",\"item\":\"https:\/\/amdcomval.com\/val\/\"},{\"@type\":\"ListItem\",\"position\":2,\"name\":\"Los 56 medios asociados AMDComVal superaron la cifra de 251 millones de p\u00e1ginas vistas en 2023\"}]},{\"@type\":\"WebSite\",\"@id\":\"https:\/\/amdcomval.com\/#website\",\"url\":\"https:\/\/amdcomval.com\/\",\"name\":\"AMDComVal - Associaci\u00f3 de Mitjans Digitals de la Comunitat Valenciana\",\"description\":\"Web oficial de la Associaci\u00f3 de Mitjans Digitals de la Comunitat Valenciana (AMDComVal). Por la profesionalizaci\u00f3n y dignificaci\u00f3n de los medios de comunicaci\u00f3n digital\",\"publisher\":{\"@id\":\"https:\/\/amdcomval.com\/#organization\"},\"potentialAction\":[{\"@type\":\"SearchAction\",\"target\":{\"@type\":\"EntryPoint\",\"urlTemplate\":\"https:\/\/amdcomval.com\/?s={search_term_string}\"},\"query-input\":{\"@type\":\"PropertyValueSpecification\",\"valueRequired\":true,\"valueName\":\"search_term_string\"}}],\"inLanguage\":\"val\"},{\"@type\":\"Organization\",\"@id\":\"https:\/\/amdcomval.com\/#organization\",\"name\":\"AMDComVal - Associaci\u00f3 de Mitjans Digitals de la Comunitat Valenciana\",\"url\":\"https:\/\/amdcomval.com\/\",\"logo\":{\"@type\":\"ImageObject\",\"inLanguage\":\"val\",\"@id\":\"https:\/\/amdcomval.com\/#\/schema\/logo\/image\/\",\"url\":\"https:\/\/amdcomval.com\/wp-content\/uploads\/2025\/10\/AMDComVal-logo-horizontal-2.png\",\"contentUrl\":\"https:\/\/amdcomval.com\/wp-content\/uploads\/2025\/10\/AMDComVal-logo-horizontal-2.png\",\"width\":2560,\"height\":936,\"caption\":\"AMDComVal - Associaci\u00f3 de Mitjans Digitals de la Comunitat Valenciana\"},\"image\":{\"@id\":\"https:\/\/amdcomval.com\/#\/schema\/logo\/image\/\"},\"sameAs\":[\"https:\/\/www.facebook.com\/Associaci-De-Mitjans-Digitals-238717099544439\/\",\"https:\/\/x.com\/AMDComVal\",\"https:\/\/www.linkedin.com\/groups\/3150654\/\"]},{\"@type\":\"Person\",\"@id\":\"https:\/\/amdcomval.com\/#\/schema\/person\/f15529598c810a38625abf10fd5bda3a\",\"name\":\"AMDComVal\",\"url\":\"https:\/\/amdcomval.com\/val\/author\/amdcomval\/\"}]}<\/script>\n<!-- \/ Yoast SEO plugin. -->","yoast_head_json":{"title":"Los 56 medios asociados AMDComVal superaron la cifra de 251 millones de p\u00e1ginas vistas en 2023 - AMDComVal - Associaci\u00f3 de Mitjans Digitals de la Comunitat Valenciana","description":"Los 56 medios asociados AMDComval superaron la cifra de 251 millones de p\u00e1ginas vistas en 2023, seg\u00fan datos de OJD","robots":{"index":"index","follow":"follow","max-snippet":"max-snippet:-1","max-image-preview":"max-image-preview:large","max-video-preview":"max-video-preview:-1"},"canonical":"https:\/\/amdcomval.com\/los-56-medios-asociados-amdcomval-superaron-la-cifra-de-251-millones-de-paginas-vistas-en-2023\/","og_locale":"en_US","og_type":"article","og_title":"Los 56 medios asociados AMDComVal superaron la cifra de 251 millones de p\u00e1ginas vistas en 2023 - AMDComVal - Associaci\u00f3 de Mitjans Digitals de la Comunitat Valenciana","og_description":"Los 56 medios asociados AMDComval superaron la cifra de 251 millones de p\u00e1ginas vistas en 2023, seg\u00fan datos de OJD","og_url":"https:\/\/amdcomval.com\/los-56-medios-asociados-amdcomval-superaron-la-cifra-de-251-millones-de-paginas-vistas-en-2023\/","og_site_name":"AMDComVal - Associaci\u00f3 de Mitjans Digitals de la Comunitat Valenciana","article_publisher":"https:\/\/www.facebook.com\/Associaci-De-Mitjans-Digitals-238717099544439\/","article_published_time":"2024-02-24T20:32:32+00:00","og_image":[{"width":2048,"height":1153,"url":"https:\/\/amdcomval.com\/wp-content\/uploads\/2022\/07\/AMDComval-recurso.jpeg","type":"image\/jpeg"}],"author":"AMDComVal","twitter_card":"summary_large_image","twitter_creator":"@AMDComVal","twitter_site":"@AMDComVal","twitter_misc":{"Written by":"AMDComVal","Est. reading time":"2 minutes"},"schema":{"@context":"https:\/\/schema.org","@graph":[{"@type":"Article","@id":"https:\/\/amdcomval.com\/los-56-medios-asociados-amdcomval-superaron-la-cifra-de-251-millones-de-paginas-vistas-en-2023\/#article","isPartOf":{"@id":"https:\/\/amdcomval.com\/los-56-medios-asociados-amdcomval-superaron-la-cifra-de-251-millones-de-paginas-vistas-en-2023\/"},"author":{"name":"AMDComVal","@id":"https:\/\/amdcomval.com\/#\/schema\/person\/f15529598c810a38625abf10fd5bda3a"},"headline":"Los 56 medios asociados AMDComVal superaron la cifra de 251 millones de p\u00e1ginas vistas en 2023","datePublished":"2024-02-24T20:32:32+00:00","mainEntityOfPage":{"@id":"https:\/\/amdcomval.com\/los-56-medios-asociados-amdcomval-superaron-la-cifra-de-251-millones-de-paginas-vistas-en-2023\/"},"wordCount":309,"commentCount":0,"publisher":{"@id":"https:\/\/amdcomval.com\/#organization"},"image":{"@id":"https:\/\/amdcomval.com\/los-56-medios-asociados-amdcomval-superaron-la-cifra-de-251-millones-de-paginas-vistas-en-2023\/#primaryimage"},"thumbnailUrl":"https:\/\/amdcomval.com\/wp-content\/uploads\/2022\/07\/AMDComval-recurso.jpeg","keywords":["amdcomval","capilaridad","comunicaci\u00f3n","medios digitales","proximidad"],"articleSection":["Blog"],"inLanguage":"val","potentialAction":[{"@type":"CommentAction","name":"Comment","target":["https:\/\/amdcomval.com\/los-56-medios-asociados-amdcomval-superaron-la-cifra-de-251-millones-de-paginas-vistas-en-2023\/#respond"]}]},{"@type":"WebPage","@id":"https:\/\/amdcomval.com\/los-56-medios-asociados-amdcomval-superaron-la-cifra-de-251-millones-de-paginas-vistas-en-2023\/","url":"https:\/\/amdcomval.com\/los-56-medios-asociados-amdcomval-superaron-la-cifra-de-251-millones-de-paginas-vistas-en-2023\/","name":"Los 56 medios asociados AMDComVal superaron la cifra de 251 millones de p\u00e1ginas vistas en 2023 - AMDComVal - Associaci\u00f3 de Mitjans Digitals de la Comunitat Valenciana","isPartOf":{"@id":"https:\/\/amdcomval.com\/#website"},"primaryImageOfPage":{"@id":"https:\/\/amdcomval.com\/los-56-medios-asociados-amdcomval-superaron-la-cifra-de-251-millones-de-paginas-vistas-en-2023\/#primaryimage"},"image":{"@id":"https:\/\/amdcomval.com\/los-56-medios-asociados-amdcomval-superaron-la-cifra-de-251-millones-de-paginas-vistas-en-2023\/#primaryimage"},"thumbnailUrl":"https:\/\/amdcomval.com\/wp-content\/uploads\/2022\/07\/AMDComval-recurso.jpeg","datePublished":"2024-02-24T20:32:32+00:00","description":"Los 56 medios asociados AMDComval superaron la cifra de 251 millones de p\u00e1ginas vistas en 2023, seg\u00fan datos de OJD","breadcrumb":{"@id":"https:\/\/amdcomval.com\/los-56-medios-asociados-amdcomval-superaron-la-cifra-de-251-millones-de-paginas-vistas-en-2023\/#breadcrumb"},"inLanguage":"val","potentialAction":[{"@type":"ReadAction","target":["https:\/\/amdcomval.com\/los-56-medios-asociados-amdcomval-superaron-la-cifra-de-251-millones-de-paginas-vistas-en-2023\/"]}]},{"@type":"ImageObject","inLanguage":"val","@id":"https:\/\/amdcomval.com\/los-56-medios-asociados-amdcomval-superaron-la-cifra-de-251-millones-de-paginas-vistas-en-2023\/#primaryimage","url":"https:\/\/amdcomval.com\/wp-content\/uploads\/2022\/07\/AMDComval-recurso.jpeg","contentUrl":"https:\/\/amdcomval.com\/wp-content\/uploads\/2022\/07\/AMDComval-recurso.jpeg","width":2048,"height":1153,"caption":"web AMDComval"},{"@type":"BreadcrumbList","@id":"https:\/\/amdcomval.com\/los-56-medios-asociados-amdcomval-superaron-la-cifra-de-251-millones-de-paginas-vistas-en-2023\/#breadcrumb","itemListElement":[{"@type":"ListItem","position":1,"name":"Portada","item":"https:\/\/amdcomval.com\/val\/"},{"@type":"ListItem","position":2,"name":"Los 56 medios asociados AMDComVal superaron la cifra de 251 millones de p\u00e1ginas vistas en 2023"}]},{"@type":"WebSite","@id":"https:\/\/amdcomval.com\/#website","url":"https:\/\/amdcomval.com\/","name":"AMDComVal - Associaci\u00f3 de Mitjans Digitals de la Comunitat Valenciana","description":"Web oficial de la Associaci\u00f3 de Mitjans Digitals de la Comunitat Valenciana (AMDComVal). Por la profesionalizaci\u00f3n y dignificaci\u00f3n de los medios de comunicaci\u00f3n digital","publisher":{"@id":"https:\/\/amdcomval.com\/#organization"},"potentialAction":[{"@type":"SearchAction","target":{"@type":"EntryPoint","urlTemplate":"https:\/\/amdcomval.com\/?s={search_term_string}"},"query-input":{"@type":"PropertyValueSpecification","valueRequired":true,"valueName":"search_term_string"}}],"inLanguage":"val"},{"@type":"Organization","@id":"https:\/\/amdcomval.com\/#organization","name":"AMDComVal - Associaci\u00f3 de Mitjans Digitals de la Comunitat Valenciana","url":"https:\/\/amdcomval.com\/","logo":{"@type":"ImageObject","inLanguage":"val","@id":"https:\/\/amdcomval.com\/#\/schema\/logo\/image\/","url":"https:\/\/amdcomval.com\/wp-content\/uploads\/2025\/10\/AMDComVal-logo-horizontal-2.png","contentUrl":"https:\/\/amdcomval.com\/wp-content\/uploads\/2025\/10\/AMDComVal-logo-horizontal-2.png","width":2560,"height":936,"caption":"AMDComVal - Associaci\u00f3 de Mitjans Digitals de la Comunitat Valenciana"},"image":{"@id":"https:\/\/amdcomval.com\/#\/schema\/logo\/image\/"},"sameAs":["https:\/\/www.facebook.com\/Associaci-De-Mitjans-Digitals-238717099544439\/","https:\/\/x.com\/AMDComVal","https:\/\/www.linkedin.com\/groups\/3150654\/"]},{"@type":"Person","@id":"https:\/\/amdcomval.com\/#\/schema\/person\/f15529598c810a38625abf10fd5bda3a","name":"AMDComVal","url":"https:\/\/amdcomval.com\/val\/author\/amdcomval\/"}]}},"_links":{"self":[{"href":"https:\/\/amdcomval.com\/val\/wp-json\/wp\/v2\/posts\/1926","targetHints":{"allow":["GET"]}}],"collection":[{"href":"https:\/\/amdcomval.com\/val\/wp-json\/wp\/v2\/posts"}],"about":[{"href":"https:\/\/amdcomval.com\/val\/wp-json\/wp\/v2\/types\/post"}],"author":[{"embeddable":true,"href":"https:\/\/amdcomval.com\/val\/wp-json\/wp\/v2\/users\/4"}],"replies":[{"embeddable":true,"href":"https:\/\/amdcomval.com\/val\/wp-json\/wp\/v2\/comments?post=1926"}],"version-history":[{"count":0,"href":"https:\/\/amdcomval.com\/val\/wp-json\/wp\/v2\/posts\/1926\/revisions"}],"wp:featuredmedia":[{"embeddable":true,"href":"https:\/\/amdcomval.com\/val\/wp-json\/wp\/v2\/media\/1782"}],"wp:attachment":[{"href":"https:\/\/amdcomval.com\/val\/wp-json\/wp\/v2\/media?parent=1926"}],"wp:term":[{"taxonomy":"category","embeddable":true,"href":"https:\/\/amdcomval.com\/val\/wp-json\/wp\/v2\/categories?post=1926"},{"taxonomy":"post_tag","embeddable":true,"href":"https:\/\/amdcomval.com\/val\/wp-json\/wp\/v2\/tags?post=1926"}],"curies":[{"name":"wp","href":"https:\/\/api.w.org\/{rel}","templated":true}]}}