{"id":1931,"date":"2024-04-10T15:28:00","date_gmt":"2024-04-10T15:28:00","guid":{"rendered":"https:\/\/www.amdcomval.com\/?p=1931"},"modified":"2024-04-10T15:28:00","modified_gmt":"2024-04-10T15:28:00","slug":"tejiendo-territorio-lema-de-las-primeras-jornadas-sobre-periodismo-de-proximidad-de-amdcomval-y-generalitat-en-alicante","status":"publish","type":"post","link":"https:\/\/amdcomval.com\/val\/tejiendo-territorio-lema-de-las-primeras-jornadas-sobre-periodismo-de-proximidad-de-amdcomval-y-generalitat-en-alicante\/","title":{"rendered":"\u2018Tejiendo territorio\u2019, lema de las primeras jornadas sobre periodismo de proximidad de AMDComVal y Generalitat en Alicante"},"content":{"rendered":"<p>La <strong>Asociaci\u00f3n de Medios Digitales de la Comunitat Valenciana<\/strong> (AMDComVal) y la <strong>Generalitat<\/strong> organizan conjuntamente el pr\u00f3ximo 16 de abril en el Museo de Aguas de Alicante las primeras jornadas sobre periodismo de proximidad bajo el lema \u2018Tejiendo territorio\u2019.<\/p>\n<p><img loading=\"lazy\" decoding=\"async\" class=\"aligncenter size-full wp-image-1932\" src=\"https:\/\/amdcomval.com\/wp-content\/uploads\/2024\/04\/museo-aguas-de-alicante.jpg\"  width=\"800\" height=\"533\" srcset=\"https:\/\/amdcomval.com\/wp-content\/uploads\/2024\/04\/museo-aguas-de-alicante.jpg 800w, https:\/\/amdcomval.com\/wp-content\/uploads\/2024\/04\/museo-aguas-de-alicante-300x200.jpg 300w, https:\/\/amdcomval.com\/wp-content\/uploads\/2024\/04\/museo-aguas-de-alicante-768x512.jpg 768w, https:\/\/amdcomval.com\/wp-content\/uploads\/2024\/04\/museo-aguas-de-alicante-480x320.jpg 480w\" sizes=\"(max-width: 800px) 100vw, 800px\" \/><\/p>\n<p>La jornada reunir\u00e1 en Alicante a <strong>medios de proximidad con instituciones, empresas y agencias para analizar la actualidad del sector y a expertos en inteligencia artificial<\/strong> para conocer el presente pero tambi\u00e9n el futuro de esta potente herramienta en el d\u00eda a d\u00eda de los medios de comunicaci\u00f3n.<\/p>\n<p>En la jornada estar\u00e1n presentes <strong>las principales instituciones alicantinas<\/strong>, para acercar y dar a conocer las posibilidades de los medios alicantinos a la hora de difundir sus contenidos; <strong>las m\u00e1s destacadas empresas de la provincia de Alicante<\/strong>, para tratar de tejer sinergias entre empresarios y medios; y<strong> las agencias de publicidad<\/strong>, para dar a conocer el trabajo, difusi\u00f3n y alcance de los medios de comunicaci\u00f3n de Alicante a sus clientes.<\/p>\n<p>La cita en <a href=\"https:\/\/www.aguasdealicante.es\/el-museo-de-aguas-de-alicante\"><strong>este espacio gestionado por Aguas de Alicante<\/strong><\/a>, empresa del grupo Hidraqua, ser\u00e1 la primera de las jornadas que este 2024 tiene previsto realizar la AMDComVal. La segunda parada tendr\u00e1 lugar en Castell\u00f3n antes del verano. El tercer evento se celebrar\u00e1 en Valencia en el segundo semestre del a\u00f1o.<\/p>\n<p>La intenci\u00f3n de estas jornadas es t<strong>ejer el territorio de la Comunitat Valenciana tambi\u00e9n a trav\u00e9s de los medios de comunicaci\u00f3n de proximidad<\/strong>, aquellos que son capaces de calar en lo m\u00e1s profundo del territorio de Alicante, Castell\u00f3n y Valencia gracias a su capilaridad.<\/p>\n<p>La Asociaci\u00f3n de Medios Digitales de la Comunitat Valenciana (AMDComVal) re\u00fane en la actualidad a 56 medios de comunicaci\u00f3n de la Alicante, Castell\u00f3n y Valencia que han alcanzado <a href=\"https:\/\/amdcomval.com\/los-56-medios-asociados-amdcomval-superaron-la-cifra-de-251-millones-de-paginas-vistas-en-2023\/\">la cifra de 251 millones de p\u00e1ginas en 2023, seg\u00fan la Oficina de Justificaci\u00f3n de la Difusi\u00f3n (OJD<\/a>). Estos datos suponen un incremento del 29,31% con respecto a las cifras del a\u00f1o 2022 en el que<a href=\"https:\/\/amdcomval.com\/los-53-medios-asociados-amdcomval-superaron-los-194-millones-de-paginas-vistas-en-2022\/\"><strong>\u00a0 lograron alcanzar la cifra de 194 millones de p\u00e1ginas vistas en el a\u00f1o 2022<\/strong><\/a><strong>.<\/strong><\/p>\n","protected":false},"excerpt":{"rendered":"<p>La Asociaci\u00f3n de Medios Digitales de la Comunitat Valenciana (AMDComVal) y la Generalitat organizan conjuntamente el pr\u00f3ximo 16 de abril en el Museo de Aguas de Alicante las primeras jornadas sobre periodismo de proximidad bajo el lema \u2018Tejiendo territorio\u2019. La jornada reunir\u00e1 en Alicante a medios de proximidad con instituciones, empresas y agencias para analizar [&hellip;]<\/p>\n","protected":false},"author":4,"featured_media":1932,"comment_status":"open","ping_status":"open","sticky":false,"template":"","format":"standard","meta":{"_acf_changed":false,"footnotes":""},"categories":[17],"tags":[455,290,456,246,457],"class_list":["post-1931","post","type-post","status-publish","format-standard","has-post-thumbnail","hentry","category-blog","tag-aguas-de-alicante","tag-generalitat","tag-hidraqua","tag-periodismo-de-proximidad","tag-tejiendo-territorio"],"acf":[],"yoast_head":"<!-- This site is optimized with the Yoast SEO plugin v26.3 - https:\/\/yoast.com\/wordpress\/plugins\/seo\/ -->\n<title>\u2018Tejiendo territorio\u2019, lema de las primeras jornadas sobre periodismo de proximidad de AMDComVal y Generalitat en Alicante - AMDComVal - Associaci\u00f3 de Mitjans Digitals de la Comunitat Valenciana<\/title>\n<meta name=\"description\" content=\"\u2018Tejiendo territorio\u2019, lema de las primeras jornadas sobre periodismo de proximidad de AMDComVal y Generalitat en Alicante\" \/>\n<meta name=\"robots\" content=\"index, follow, max-snippet:-1, max-image-preview:large, max-video-preview:-1\" \/>\n<link rel=\"canonical\" href=\"https:\/\/amdcomval.com\/tejiendo-territorio-lema-de-las-primeras-jornadas-sobre-periodismo-de-proximidad-de-amdcomval-y-generalitat-en-alicante\/\" \/>\n<meta property=\"og:locale\" content=\"en_US\" \/>\n<meta property=\"og:type\" content=\"article\" \/>\n<meta property=\"og:title\" content=\"\u2018Tejiendo territorio\u2019, lema de las primeras jornadas sobre periodismo de proximidad de AMDComVal y Generalitat en Alicante - AMDComVal - Associaci\u00f3 de Mitjans Digitals de la Comunitat Valenciana\" \/>\n<meta property=\"og:description\" content=\"\u2018Tejiendo territorio\u2019, lema de las primeras jornadas sobre periodismo de proximidad de AMDComVal y Generalitat en Alicante\" \/>\n<meta property=\"og:url\" content=\"https:\/\/amdcomval.com\/tejiendo-territorio-lema-de-las-primeras-jornadas-sobre-periodismo-de-proximidad-de-amdcomval-y-generalitat-en-alicante\/\" \/>\n<meta property=\"og:site_name\" content=\"AMDComVal - Associaci\u00f3 de Mitjans Digitals de la Comunitat Valenciana\" \/>\n<meta property=\"article:publisher\" content=\"https:\/\/www.facebook.com\/Associaci-De-Mitjans-Digitals-238717099544439\/\" \/>\n<meta property=\"article:published_time\" content=\"2024-04-10T15:28:00+00:00\" \/>\n<meta property=\"og:image\" content=\"https:\/\/amdcomval.com\/wp-content\/uploads\/2024\/04\/museo-aguas-de-alicante.jpg\" \/>\n\t<meta property=\"og:image:width\" content=\"800\" \/>\n\t<meta property=\"og:image:height\" content=\"533\" \/>\n\t<meta property=\"og:image:type\" content=\"image\/jpeg\" \/>\n<meta name=\"author\" content=\"AMDComVal\" \/>\n<meta name=\"twitter:card\" content=\"summary_large_image\" \/>\n<meta name=\"twitter:creator\" content=\"@AMDComVal\" \/>\n<meta name=\"twitter:site\" content=\"@AMDComVal\" \/>\n<meta name=\"twitter:label1\" content=\"Written by\" \/>\n\t<meta name=\"twitter:data1\" content=\"AMDComVal\" \/>\n\t<meta name=\"twitter:label2\" content=\"Est. reading time\" \/>\n\t<meta name=\"twitter:data2\" content=\"2 minutes\" \/>\n<script type=\"application\/ld+json\" class=\"yoast-schema-graph\">{\"@context\":\"https:\/\/schema.org\",\"@graph\":[{\"@type\":\"Article\",\"@id\":\"https:\/\/amdcomval.com\/tejiendo-territorio-lema-de-las-primeras-jornadas-sobre-periodismo-de-proximidad-de-amdcomval-y-generalitat-en-alicante\/#article\",\"isPartOf\":{\"@id\":\"https:\/\/amdcomval.com\/tejiendo-territorio-lema-de-las-primeras-jornadas-sobre-periodismo-de-proximidad-de-amdcomval-y-generalitat-en-alicante\/\"},\"author\":{\"name\":\"AMDComVal\",\"@id\":\"https:\/\/amdcomval.com\/#\/schema\/person\/f15529598c810a38625abf10fd5bda3a\"},\"headline\":\"\u2018Tejiendo territorio\u2019, lema de las primeras jornadas sobre periodismo de proximidad de AMDComVal y Generalitat en Alicante\",\"datePublished\":\"2024-04-10T15:28:00+00:00\",\"mainEntityOfPage\":{\"@id\":\"https:\/\/amdcomval.com\/tejiendo-territorio-lema-de-las-primeras-jornadas-sobre-periodismo-de-proximidad-de-amdcomval-y-generalitat-en-alicante\/\"},\"wordCount\":367,\"commentCount\":0,\"publisher\":{\"@id\":\"https:\/\/amdcomval.com\/#organization\"},\"image\":{\"@id\":\"https:\/\/amdcomval.com\/tejiendo-territorio-lema-de-las-primeras-jornadas-sobre-periodismo-de-proximidad-de-amdcomval-y-generalitat-en-alicante\/#primaryimage\"},\"thumbnailUrl\":\"https:\/\/amdcomval.com\/wp-content\/uploads\/2024\/04\/museo-aguas-de-alicante.jpg\",\"keywords\":[\"Aguas de Alicante\",\"Generalitat\",\"Hidraqua\",\"periodismo de proximidad\",\"Tejiendo Territorio\"],\"articleSection\":[\"Blog\"],\"inLanguage\":\"val\",\"potentialAction\":[{\"@type\":\"CommentAction\",\"name\":\"Comment\",\"target\":[\"https:\/\/amdcomval.com\/tejiendo-territorio-lema-de-las-primeras-jornadas-sobre-periodismo-de-proximidad-de-amdcomval-y-generalitat-en-alicante\/#respond\"]}]},{\"@type\":\"WebPage\",\"@id\":\"https:\/\/amdcomval.com\/tejiendo-territorio-lema-de-las-primeras-jornadas-sobre-periodismo-de-proximidad-de-amdcomval-y-generalitat-en-alicante\/\",\"url\":\"https:\/\/amdcomval.com\/tejiendo-territorio-lema-de-las-primeras-jornadas-sobre-periodismo-de-proximidad-de-amdcomval-y-generalitat-en-alicante\/\",\"name\":\"\u2018Tejiendo territorio\u2019, lema de las primeras jornadas sobre periodismo de proximidad de AMDComVal y Generalitat en Alicante - AMDComVal - Associaci\u00f3 de Mitjans Digitals de la Comunitat Valenciana\",\"isPartOf\":{\"@id\":\"https:\/\/amdcomval.com\/#website\"},\"primaryImageOfPage\":{\"@id\":\"https:\/\/amdcomval.com\/tejiendo-territorio-lema-de-las-primeras-jornadas-sobre-periodismo-de-proximidad-de-amdcomval-y-generalitat-en-alicante\/#primaryimage\"},\"image\":{\"@id\":\"https:\/\/amdcomval.com\/tejiendo-territorio-lema-de-las-primeras-jornadas-sobre-periodismo-de-proximidad-de-amdcomval-y-generalitat-en-alicante\/#primaryimage\"},\"thumbnailUrl\":\"https:\/\/amdcomval.com\/wp-content\/uploads\/2024\/04\/museo-aguas-de-alicante.jpg\",\"datePublished\":\"2024-04-10T15:28:00+00:00\",\"description\":\"\u2018Tejiendo territorio\u2019, lema de las primeras jornadas sobre periodismo de proximidad de AMDComVal y Generalitat en Alicante\",\"breadcrumb\":{\"@id\":\"https:\/\/amdcomval.com\/tejiendo-territorio-lema-de-las-primeras-jornadas-sobre-periodismo-de-proximidad-de-amdcomval-y-generalitat-en-alicante\/#breadcrumb\"},\"inLanguage\":\"val\",\"potentialAction\":[{\"@type\":\"ReadAction\",\"target\":[\"https:\/\/amdcomval.com\/tejiendo-territorio-lema-de-las-primeras-jornadas-sobre-periodismo-de-proximidad-de-amdcomval-y-generalitat-en-alicante\/\"]}]},{\"@type\":\"ImageObject\",\"inLanguage\":\"val\",\"@id\":\"https:\/\/amdcomval.com\/tejiendo-territorio-lema-de-las-primeras-jornadas-sobre-periodismo-de-proximidad-de-amdcomval-y-generalitat-en-alicante\/#primaryimage\",\"url\":\"https:\/\/amdcomval.com\/wp-content\/uploads\/2024\/04\/museo-aguas-de-alicante.jpg\",\"contentUrl\":\"https:\/\/amdcomval.com\/wp-content\/uploads\/2024\/04\/museo-aguas-de-alicante.jpg\",\"width\":800,\"height\":533,\"caption\":\"Museo de Aguas de Alicante\"},{\"@type\":\"BreadcrumbList\",\"@id\":\"https:\/\/amdcomval.com\/tejiendo-territorio-lema-de-las-primeras-jornadas-sobre-periodismo-de-proximidad-de-amdcomval-y-generalitat-en-alicante\/#breadcrumb\",\"itemListElement\":[{\"@type\":\"ListItem\",\"position\":1,\"name\":\"Portada\",\"item\":\"https:\/\/amdcomval.com\/val\/\"},{\"@type\":\"ListItem\",\"position\":2,\"name\":\"\u2018Tejiendo territorio\u2019, lema de las primeras jornadas sobre periodismo de proximidad de AMDComVal y Generalitat en Alicante\"}]},{\"@type\":\"WebSite\",\"@id\":\"https:\/\/amdcomval.com\/#website\",\"url\":\"https:\/\/amdcomval.com\/\",\"name\":\"AMDComVal - Associaci\u00f3 de Mitjans Digitals de la Comunitat Valenciana\",\"description\":\"Web oficial de la Associaci\u00f3 de Mitjans Digitals de la Comunitat Valenciana (AMDComVal). Por la profesionalizaci\u00f3n y dignificaci\u00f3n de los medios de comunicaci\u00f3n digital\",\"publisher\":{\"@id\":\"https:\/\/amdcomval.com\/#organization\"},\"potentialAction\":[{\"@type\":\"SearchAction\",\"target\":{\"@type\":\"EntryPoint\",\"urlTemplate\":\"https:\/\/amdcomval.com\/?s={search_term_string}\"},\"query-input\":{\"@type\":\"PropertyValueSpecification\",\"valueRequired\":true,\"valueName\":\"search_term_string\"}}],\"inLanguage\":\"val\"},{\"@type\":\"Organization\",\"@id\":\"https:\/\/amdcomval.com\/#organization\",\"name\":\"AMDComVal - Associaci\u00f3 de Mitjans Digitals de la Comunitat Valenciana\",\"url\":\"https:\/\/amdcomval.com\/\",\"logo\":{\"@type\":\"ImageObject\",\"inLanguage\":\"val\",\"@id\":\"https:\/\/amdcomval.com\/#\/schema\/logo\/image\/\",\"url\":\"https:\/\/amdcomval.com\/wp-content\/uploads\/2025\/10\/AMDComVal-logo-horizontal-2.png\",\"contentUrl\":\"https:\/\/amdcomval.com\/wp-content\/uploads\/2025\/10\/AMDComVal-logo-horizontal-2.png\",\"width\":2560,\"height\":936,\"caption\":\"AMDComVal - Associaci\u00f3 de Mitjans Digitals de la Comunitat Valenciana\"},\"image\":{\"@id\":\"https:\/\/amdcomval.com\/#\/schema\/logo\/image\/\"},\"sameAs\":[\"https:\/\/www.facebook.com\/Associaci-De-Mitjans-Digitals-238717099544439\/\",\"https:\/\/x.com\/AMDComVal\",\"https:\/\/www.linkedin.com\/groups\/3150654\/\"]},{\"@type\":\"Person\",\"@id\":\"https:\/\/amdcomval.com\/#\/schema\/person\/f15529598c810a38625abf10fd5bda3a\",\"name\":\"AMDComVal\",\"url\":\"https:\/\/amdcomval.com\/val\/author\/amdcomval\/\"}]}<\/script>\n<!-- \/ Yoast SEO plugin. -->","yoast_head_json":{"title":"\u2018Tejiendo territorio\u2019, lema de las primeras jornadas sobre periodismo de proximidad de AMDComVal y Generalitat en Alicante - AMDComVal - Associaci\u00f3 de Mitjans Digitals de la Comunitat Valenciana","description":"\u2018Tejiendo territorio\u2019, lema de las primeras jornadas sobre periodismo de proximidad de AMDComVal y Generalitat en Alicante","robots":{"index":"index","follow":"follow","max-snippet":"max-snippet:-1","max-image-preview":"max-image-preview:large","max-video-preview":"max-video-preview:-1"},"canonical":"https:\/\/amdcomval.com\/tejiendo-territorio-lema-de-las-primeras-jornadas-sobre-periodismo-de-proximidad-de-amdcomval-y-generalitat-en-alicante\/","og_locale":"en_US","og_type":"article","og_title":"\u2018Tejiendo territorio\u2019, lema de las primeras jornadas sobre periodismo de proximidad de AMDComVal y Generalitat en Alicante - AMDComVal - Associaci\u00f3 de Mitjans Digitals de la Comunitat Valenciana","og_description":"\u2018Tejiendo territorio\u2019, lema de las primeras jornadas sobre periodismo de proximidad de AMDComVal y Generalitat en Alicante","og_url":"https:\/\/amdcomval.com\/tejiendo-territorio-lema-de-las-primeras-jornadas-sobre-periodismo-de-proximidad-de-amdcomval-y-generalitat-en-alicante\/","og_site_name":"AMDComVal - Associaci\u00f3 de Mitjans Digitals de la Comunitat Valenciana","article_publisher":"https:\/\/www.facebook.com\/Associaci-De-Mitjans-Digitals-238717099544439\/","article_published_time":"2024-04-10T15:28:00+00:00","og_image":[{"width":800,"height":533,"url":"https:\/\/amdcomval.com\/wp-content\/uploads\/2024\/04\/museo-aguas-de-alicante.jpg","type":"image\/jpeg"}],"author":"AMDComVal","twitter_card":"summary_large_image","twitter_creator":"@AMDComVal","twitter_site":"@AMDComVal","twitter_misc":{"Written by":"AMDComVal","Est. reading time":"2 minutes"},"schema":{"@context":"https:\/\/schema.org","@graph":[{"@type":"Article","@id":"https:\/\/amdcomval.com\/tejiendo-territorio-lema-de-las-primeras-jornadas-sobre-periodismo-de-proximidad-de-amdcomval-y-generalitat-en-alicante\/#article","isPartOf":{"@id":"https:\/\/amdcomval.com\/tejiendo-territorio-lema-de-las-primeras-jornadas-sobre-periodismo-de-proximidad-de-amdcomval-y-generalitat-en-alicante\/"},"author":{"name":"AMDComVal","@id":"https:\/\/amdcomval.com\/#\/schema\/person\/f15529598c810a38625abf10fd5bda3a"},"headline":"\u2018Tejiendo territorio\u2019, lema de las primeras jornadas sobre periodismo de proximidad de AMDComVal y Generalitat en Alicante","datePublished":"2024-04-10T15:28:00+00:00","mainEntityOfPage":{"@id":"https:\/\/amdcomval.com\/tejiendo-territorio-lema-de-las-primeras-jornadas-sobre-periodismo-de-proximidad-de-amdcomval-y-generalitat-en-alicante\/"},"wordCount":367,"commentCount":0,"publisher":{"@id":"https:\/\/amdcomval.com\/#organization"},"image":{"@id":"https:\/\/amdcomval.com\/tejiendo-territorio-lema-de-las-primeras-jornadas-sobre-periodismo-de-proximidad-de-amdcomval-y-generalitat-en-alicante\/#primaryimage"},"thumbnailUrl":"https:\/\/amdcomval.com\/wp-content\/uploads\/2024\/04\/museo-aguas-de-alicante.jpg","keywords":["Aguas de Alicante","Generalitat","Hidraqua","periodismo de proximidad","Tejiendo Territorio"],"articleSection":["Blog"],"inLanguage":"val","potentialAction":[{"@type":"CommentAction","name":"Comment","target":["https:\/\/amdcomval.com\/tejiendo-territorio-lema-de-las-primeras-jornadas-sobre-periodismo-de-proximidad-de-amdcomval-y-generalitat-en-alicante\/#respond"]}]},{"@type":"WebPage","@id":"https:\/\/amdcomval.com\/tejiendo-territorio-lema-de-las-primeras-jornadas-sobre-periodismo-de-proximidad-de-amdcomval-y-generalitat-en-alicante\/","url":"https:\/\/amdcomval.com\/tejiendo-territorio-lema-de-las-primeras-jornadas-sobre-periodismo-de-proximidad-de-amdcomval-y-generalitat-en-alicante\/","name":"\u2018Tejiendo territorio\u2019, lema de las primeras jornadas sobre periodismo de proximidad de AMDComVal y Generalitat en Alicante - AMDComVal - Associaci\u00f3 de Mitjans Digitals de la Comunitat Valenciana","isPartOf":{"@id":"https:\/\/amdcomval.com\/#website"},"primaryImageOfPage":{"@id":"https:\/\/amdcomval.com\/tejiendo-territorio-lema-de-las-primeras-jornadas-sobre-periodismo-de-proximidad-de-amdcomval-y-generalitat-en-alicante\/#primaryimage"},"image":{"@id":"https:\/\/amdcomval.com\/tejiendo-territorio-lema-de-las-primeras-jornadas-sobre-periodismo-de-proximidad-de-amdcomval-y-generalitat-en-alicante\/#primaryimage"},"thumbnailUrl":"https:\/\/amdcomval.com\/wp-content\/uploads\/2024\/04\/museo-aguas-de-alicante.jpg","datePublished":"2024-04-10T15:28:00+00:00","description":"\u2018Tejiendo territorio\u2019, lema de las primeras jornadas sobre periodismo de proximidad de AMDComVal y Generalitat en Alicante","breadcrumb":{"@id":"https:\/\/amdcomval.com\/tejiendo-territorio-lema-de-las-primeras-jornadas-sobre-periodismo-de-proximidad-de-amdcomval-y-generalitat-en-alicante\/#breadcrumb"},"inLanguage":"val","potentialAction":[{"@type":"ReadAction","target":["https:\/\/amdcomval.com\/tejiendo-territorio-lema-de-las-primeras-jornadas-sobre-periodismo-de-proximidad-de-amdcomval-y-generalitat-en-alicante\/"]}]},{"@type":"ImageObject","inLanguage":"val","@id":"https:\/\/amdcomval.com\/tejiendo-territorio-lema-de-las-primeras-jornadas-sobre-periodismo-de-proximidad-de-amdcomval-y-generalitat-en-alicante\/#primaryimage","url":"https:\/\/amdcomval.com\/wp-content\/uploads\/2024\/04\/museo-aguas-de-alicante.jpg","contentUrl":"https:\/\/amdcomval.com\/wp-content\/uploads\/2024\/04\/museo-aguas-de-alicante.jpg","width":800,"height":533,"caption":"Museo de Aguas de Alicante"},{"@type":"BreadcrumbList","@id":"https:\/\/amdcomval.com\/tejiendo-territorio-lema-de-las-primeras-jornadas-sobre-periodismo-de-proximidad-de-amdcomval-y-generalitat-en-alicante\/#breadcrumb","itemListElement":[{"@type":"ListItem","position":1,"name":"Portada","item":"https:\/\/amdcomval.com\/val\/"},{"@type":"ListItem","position":2,"name":"\u2018Tejiendo territorio\u2019, lema de las primeras jornadas sobre periodismo de proximidad de AMDComVal y Generalitat en Alicante"}]},{"@type":"WebSite","@id":"https:\/\/amdcomval.com\/#website","url":"https:\/\/amdcomval.com\/","name":"AMDComVal - Associaci\u00f3 de Mitjans Digitals de la Comunitat Valenciana","description":"Web oficial de la Associaci\u00f3 de Mitjans Digitals de la Comunitat Valenciana (AMDComVal). Por la profesionalizaci\u00f3n y dignificaci\u00f3n de los medios de comunicaci\u00f3n digital","publisher":{"@id":"https:\/\/amdcomval.com\/#organization"},"potentialAction":[{"@type":"SearchAction","target":{"@type":"EntryPoint","urlTemplate":"https:\/\/amdcomval.com\/?s={search_term_string}"},"query-input":{"@type":"PropertyValueSpecification","valueRequired":true,"valueName":"search_term_string"}}],"inLanguage":"val"},{"@type":"Organization","@id":"https:\/\/amdcomval.com\/#organization","name":"AMDComVal - Associaci\u00f3 de Mitjans Digitals de la Comunitat Valenciana","url":"https:\/\/amdcomval.com\/","logo":{"@type":"ImageObject","inLanguage":"val","@id":"https:\/\/amdcomval.com\/#\/schema\/logo\/image\/","url":"https:\/\/amdcomval.com\/wp-content\/uploads\/2025\/10\/AMDComVal-logo-horizontal-2.png","contentUrl":"https:\/\/amdcomval.com\/wp-content\/uploads\/2025\/10\/AMDComVal-logo-horizontal-2.png","width":2560,"height":936,"caption":"AMDComVal - Associaci\u00f3 de Mitjans Digitals de la Comunitat Valenciana"},"image":{"@id":"https:\/\/amdcomval.com\/#\/schema\/logo\/image\/"},"sameAs":["https:\/\/www.facebook.com\/Associaci-De-Mitjans-Digitals-238717099544439\/","https:\/\/x.com\/AMDComVal","https:\/\/www.linkedin.com\/groups\/3150654\/"]},{"@type":"Person","@id":"https:\/\/amdcomval.com\/#\/schema\/person\/f15529598c810a38625abf10fd5bda3a","name":"AMDComVal","url":"https:\/\/amdcomval.com\/val\/author\/amdcomval\/"}]}},"_links":{"self":[{"href":"https:\/\/amdcomval.com\/val\/wp-json\/wp\/v2\/posts\/1931","targetHints":{"allow":["GET"]}}],"collection":[{"href":"https:\/\/amdcomval.com\/val\/wp-json\/wp\/v2\/posts"}],"about":[{"href":"https:\/\/amdcomval.com\/val\/wp-json\/wp\/v2\/types\/post"}],"author":[{"embeddable":true,"href":"https:\/\/amdcomval.com\/val\/wp-json\/wp\/v2\/users\/4"}],"replies":[{"embeddable":true,"href":"https:\/\/amdcomval.com\/val\/wp-json\/wp\/v2\/comments?post=1931"}],"version-history":[{"count":0,"href":"https:\/\/amdcomval.com\/val\/wp-json\/wp\/v2\/posts\/1931\/revisions"}],"wp:featuredmedia":[{"embeddable":true,"href":"https:\/\/amdcomval.com\/val\/wp-json\/wp\/v2\/media\/1932"}],"wp:attachment":[{"href":"https:\/\/amdcomval.com\/val\/wp-json\/wp\/v2\/media?parent=1931"}],"wp:term":[{"taxonomy":"category","embeddable":true,"href":"https:\/\/amdcomval.com\/val\/wp-json\/wp\/v2\/categories?post=1931"},{"taxonomy":"post_tag","embeddable":true,"href":"https:\/\/amdcomval.com\/val\/wp-json\/wp\/v2\/tags?post=1931"}],"curies":[{"name":"wp","href":"https:\/\/api.w.org\/{rel}","templated":true}]}}