{"id":1997,"date":"2024-06-21T08:48:08","date_gmt":"2024-06-21T08:48:08","guid":{"rendered":"https:\/\/www.amdcomval.com\/?p=1997"},"modified":"2024-06-21T08:48:08","modified_gmt":"2024-06-21T08:48:08","slug":"medios-instituciones-empresas-y-agencias-tejen-nuevas-sinergias-en-las-jornadas-sobre-periodismo-de-proximidad-de-amdcomval-y-generalitat-en-castellon","status":"publish","type":"post","link":"https:\/\/amdcomval.com\/val\/medios-instituciones-empresas-y-agencias-tejen-nuevas-sinergias-en-las-jornadas-sobre-periodismo-de-proximidad-de-amdcomval-y-generalitat-en-castellon\/","title":{"rendered":"Medios, instituciones, empresas y agencias tejen nuevas sinergias en las jornadas #TejiendoTerritorio en Castell\u00f3n"},"content":{"rendered":"<p>La Llotja del C\u00e0nem en Castell\u00f3n acogi\u00f3 la segunda jornada de periodismo de proximidad, organizada conjuntamente por la Asociaci\u00f3n de Medios Digitales de la Comunitat Valenciana (AMDComVal) y la Generalitat. El evento reuni\u00f3 a las principales instituciones, empresas, medios y agencias de publicidad de Castell\u00f3n en <strong>un foro de ideas, sinergias y debate <\/strong>sobre el presente y el futuro de los medios de proximidad.<\/p>\n<p><img loading=\"lazy\" decoding=\"async\" class=\"aligncenter size-full wp-image-1999\" src=\"https:\/\/amdcomval.com\/wp-content\/uploads\/2024\/06\/Jornada-AMDComVal-Castellon.jpeg\"  width=\"1600\" height=\"1066\" srcset=\"https:\/\/amdcomval.com\/wp-content\/uploads\/2024\/06\/Jornada-AMDComVal-Castellon.jpeg 1600w, https:\/\/amdcomval.com\/wp-content\/uploads\/2024\/06\/Jornada-AMDComVal-Castellon-300x200.jpeg 300w, https:\/\/amdcomval.com\/wp-content\/uploads\/2024\/06\/Jornada-AMDComVal-Castellon-1024x682.jpeg 1024w, https:\/\/amdcomval.com\/wp-content\/uploads\/2024\/06\/Jornada-AMDComVal-Castellon-768x512.jpeg 768w, https:\/\/amdcomval.com\/wp-content\/uploads\/2024\/06\/Jornada-AMDComVal-Castellon-1536x1023.jpeg 1536w, https:\/\/amdcomval.com\/wp-content\/uploads\/2024\/06\/Jornada-AMDComVal-Castellon-1080x720.jpeg 1080w, https:\/\/amdcomval.com\/wp-content\/uploads\/2024\/06\/Jornada-AMDComVal-Castellon-1280x853.jpeg 1280w, https:\/\/amdcomval.com\/wp-content\/uploads\/2024\/06\/Jornada-AMDComVal-Castellon-980x653.jpeg 980w, https:\/\/amdcomval.com\/wp-content\/uploads\/2024\/06\/Jornada-AMDComVal-Castellon-480x320.jpeg 480w\" sizes=\"(max-width: 1600px) 100vw, 1600px\" \/><\/p>\n<p>La delegada del Consell en Castell\u00f3n, <strong>Susana Fabregat<\/strong>, inaugur\u00f3 las jornadas junto al delegado de la rectora para la Transformaci\u00f3n Docente, la Comunicaci\u00f3n y la Direcci\u00f3n del Gabinete de la UJI, <strong>Francesc Esteve<\/strong>, mientras que el vicepresidente de la Diputaci\u00f3n, <strong>H\u00e9ctor Folgado<\/strong>, clausur\u00f3 el evento que debati\u00f3 sobre la importancia del periodismo local y su papel como actor en la vertebraci\u00f3n del territorio.<\/p>\n<p><img loading=\"lazy\" decoding=\"async\" class=\"aligncenter size-full wp-image-2002\" src=\"https:\/\/amdcomval.com\/wp-content\/uploads\/2024\/06\/Jornadas-AMDComVal-en-Castellon-5.jpeg\"  width=\"1600\" height=\"1066\" srcset=\"https:\/\/amdcomval.com\/wp-content\/uploads\/2024\/06\/Jornadas-AMDComVal-en-Castellon-5.jpeg 1600w, https:\/\/amdcomval.com\/wp-content\/uploads\/2024\/06\/Jornadas-AMDComVal-en-Castellon-5-300x200.jpeg 300w, https:\/\/amdcomval.com\/wp-content\/uploads\/2024\/06\/Jornadas-AMDComVal-en-Castellon-5-1024x682.jpeg 1024w, https:\/\/amdcomval.com\/wp-content\/uploads\/2024\/06\/Jornadas-AMDComVal-en-Castellon-5-768x512.jpeg 768w, https:\/\/amdcomval.com\/wp-content\/uploads\/2024\/06\/Jornadas-AMDComVal-en-Castellon-5-1536x1023.jpeg 1536w, https:\/\/amdcomval.com\/wp-content\/uploads\/2024\/06\/Jornadas-AMDComVal-en-Castellon-5-1080x720.jpeg 1080w, https:\/\/amdcomval.com\/wp-content\/uploads\/2024\/06\/Jornadas-AMDComVal-en-Castellon-5-1280x853.jpeg 1280w, https:\/\/amdcomval.com\/wp-content\/uploads\/2024\/06\/Jornadas-AMDComVal-en-Castellon-5-980x653.jpeg 980w, https:\/\/amdcomval.com\/wp-content\/uploads\/2024\/06\/Jornadas-AMDComVal-en-Castellon-5-480x320.jpeg 480w\" sizes=\"(max-width: 1600px) 100vw, 1600px\" \/><\/p>\n<p>En su discurso de apertura, Fabregat destac\u00f3 el valor de los medios de comunicaci\u00f3n de proximidad, afirmando que &#8220;con <strong>su mirada cercana y su compromiso con la verdad<\/strong>, nos conectan con nuestras ra\u00edces, nos informan sobre nuestras necesidades y nos ofrecen una visi\u00f3n aut\u00e9ntica y completa de nuestra realidad&#8221;.<\/p>\n<p><img loading=\"lazy\" decoding=\"async\" class=\"aligncenter size-full wp-image-2003\" src=\"https:\/\/amdcomval.com\/wp-content\/uploads\/2024\/06\/Jornadas-AMDComVal-en-Castellon-1.jpeg\"  width=\"1600\" height=\"1066\" srcset=\"https:\/\/amdcomval.com\/wp-content\/uploads\/2024\/06\/Jornadas-AMDComVal-en-Castellon-1.jpeg 1600w, https:\/\/amdcomval.com\/wp-content\/uploads\/2024\/06\/Jornadas-AMDComVal-en-Castellon-1-300x200.jpeg 300w, https:\/\/amdcomval.com\/wp-content\/uploads\/2024\/06\/Jornadas-AMDComVal-en-Castellon-1-1024x682.jpeg 1024w, https:\/\/amdcomval.com\/wp-content\/uploads\/2024\/06\/Jornadas-AMDComVal-en-Castellon-1-768x512.jpeg 768w, https:\/\/amdcomval.com\/wp-content\/uploads\/2024\/06\/Jornadas-AMDComVal-en-Castellon-1-1536x1023.jpeg 1536w, https:\/\/amdcomval.com\/wp-content\/uploads\/2024\/06\/Jornadas-AMDComVal-en-Castellon-1-1080x720.jpeg 1080w, https:\/\/amdcomval.com\/wp-content\/uploads\/2024\/06\/Jornadas-AMDComVal-en-Castellon-1-1280x853.jpeg 1280w, https:\/\/amdcomval.com\/wp-content\/uploads\/2024\/06\/Jornadas-AMDComVal-en-Castellon-1-980x653.jpeg 980w, https:\/\/amdcomval.com\/wp-content\/uploads\/2024\/06\/Jornadas-AMDComVal-en-Castellon-1-480x320.jpeg 480w\" sizes=\"(max-width: 1600px) 100vw, 1600px\" \/><\/p>\n<p>Por su parte, el vicepresidente de la Diputaci\u00f3n subray\u00f3 la importancia del periodismo de proximidad, se\u00f1alando que &#8220;da oportunidades a todos los municipios por igual, tejiendo provincia desde la igualdad de oportunidades<strong>. Esa justicia comunicativa solo la pueden lograr los medios de proximidad<\/strong>&#8220;.<\/p>\n<p><img loading=\"lazy\" decoding=\"async\" class=\"aligncenter size-full wp-image-2007\" src=\"https:\/\/amdcomval.com\/wp-content\/uploads\/2024\/06\/Jornadas-AMDComVal-Castellon.jpeg\"  width=\"1600\" height=\"1066\" srcset=\"https:\/\/amdcomval.com\/wp-content\/uploads\/2024\/06\/Jornadas-AMDComVal-Castellon.jpeg 1600w, https:\/\/amdcomval.com\/wp-content\/uploads\/2024\/06\/Jornadas-AMDComVal-Castellon-300x200.jpeg 300w, https:\/\/amdcomval.com\/wp-content\/uploads\/2024\/06\/Jornadas-AMDComVal-Castellon-1024x682.jpeg 1024w, https:\/\/amdcomval.com\/wp-content\/uploads\/2024\/06\/Jornadas-AMDComVal-Castellon-768x512.jpeg 768w, https:\/\/amdcomval.com\/wp-content\/uploads\/2024\/06\/Jornadas-AMDComVal-Castellon-1536x1023.jpeg 1536w, https:\/\/amdcomval.com\/wp-content\/uploads\/2024\/06\/Jornadas-AMDComVal-Castellon-1080x720.jpeg 1080w, https:\/\/amdcomval.com\/wp-content\/uploads\/2024\/06\/Jornadas-AMDComVal-Castellon-1280x853.jpeg 1280w, https:\/\/amdcomval.com\/wp-content\/uploads\/2024\/06\/Jornadas-AMDComVal-Castellon-980x653.jpeg 980w, https:\/\/amdcomval.com\/wp-content\/uploads\/2024\/06\/Jornadas-AMDComVal-Castellon-480x320.jpeg 480w\" sizes=\"(max-width: 1600px) 100vw, 1600px\" \/><\/p>\n<p>La jornada comenz\u00f3 con una mesa sobre <strong>inteligencia artificial<\/strong>, sus posibilidades de crecimiento y sus peligros desde el punto de vista de los usuarios y sus connotaciones \u00e9ticas. <strong>Patrici Calvo<\/strong>, profesor de Filosof\u00eda Moral en la UJI; <strong>\u00c1lex Rubio<\/strong>, planner en publicidad e innovaci\u00f3n tecnol\u00f3gica; y <strong>Emilio S\u00e1ez<\/strong>, profesor de Ciencias de la Comunicaci\u00f3n en la UJI, reflexionaron sobre la necesidad de conocer todo lo que est\u00e1 ocurriendo en torno a la IA, \u201c<strong>las posibilidades que ofrece, el riesgo de quedarse descolgado frente al resto si no se utiliza<\/strong>\u201d, pero tambi\u00e9n abordaron los errores que \u201ca\u00fan cometen las herramientas de IA, los peligros que pueden representar en un futuro cercano y lo que supone su implantaci\u00f3n desde un punto de vista \u00e9tico cuando afectan a la configuraci\u00f3n de una opini\u00f3n p\u00fablica\u201d.<\/p>\n<p><img loading=\"lazy\" decoding=\"async\" class=\"aligncenter size-full wp-image-2006\" src=\"https:\/\/amdcomval.com\/wp-content\/uploads\/2024\/06\/Jornadas-AMDComVal-en-Castellon-4.jpeg\"  width=\"1600\" height=\"1066\" srcset=\"https:\/\/amdcomval.com\/wp-content\/uploads\/2024\/06\/Jornadas-AMDComVal-en-Castellon-4.jpeg 1600w, https:\/\/amdcomval.com\/wp-content\/uploads\/2024\/06\/Jornadas-AMDComVal-en-Castellon-4-300x200.jpeg 300w, https:\/\/amdcomval.com\/wp-content\/uploads\/2024\/06\/Jornadas-AMDComVal-en-Castellon-4-1024x682.jpeg 1024w, https:\/\/amdcomval.com\/wp-content\/uploads\/2024\/06\/Jornadas-AMDComVal-en-Castellon-4-768x512.jpeg 768w, https:\/\/amdcomval.com\/wp-content\/uploads\/2024\/06\/Jornadas-AMDComVal-en-Castellon-4-1536x1023.jpeg 1536w, https:\/\/amdcomval.com\/wp-content\/uploads\/2024\/06\/Jornadas-AMDComVal-en-Castellon-4-1080x720.jpeg 1080w, https:\/\/amdcomval.com\/wp-content\/uploads\/2024\/06\/Jornadas-AMDComVal-en-Castellon-4-1280x853.jpeg 1280w, https:\/\/amdcomval.com\/wp-content\/uploads\/2024\/06\/Jornadas-AMDComVal-en-Castellon-4-980x653.jpeg 980w, https:\/\/amdcomval.com\/wp-content\/uploads\/2024\/06\/Jornadas-AMDComVal-en-Castellon-4-480x320.jpeg 480w\" sizes=\"(max-width: 1600px) 100vw, 1600px\" \/><\/p>\n<p>En la segunda mesa se analiz\u00f3 <strong>la siempre dif\u00edcil relaci\u00f3n entre empresas, comunicaci\u00f3n y medios locales<\/strong>. <strong>Romina Moya<\/strong> (directora general de GAIN), <strong>Carolina Beguer<\/strong> (directora de Comunicaci\u00f3n Corporativa y Sostenibilidad en Grupo Gimeno) y <strong>Marco Antonio Esteve<\/strong> (gerente del Grupo Cano Lopera) hablaron de la importancia de los medios de proximidad, &#8220;<strong>vitales para llegar a nuestro p\u00fablico potencial de forma m\u00e1s directa, precisa y cuantificable<\/strong>&#8220;, y del &#8220;arraigo&#8221; como factor fundamental para trabajar con los medios de comunicaci\u00f3n de proximidad por su &#8220;<strong>vinculaci\u00f3n, proximidad y profesionalidad<\/strong>&#8220;.<\/p>\n<p><img loading=\"lazy\" decoding=\"async\" class=\"aligncenter size-full wp-image-2005\" src=\"https:\/\/amdcomval.com\/wp-content\/uploads\/2024\/06\/Jornadas-AMDComVal-en-Castellon-3.jpeg\"  width=\"1600\" height=\"1066\" srcset=\"https:\/\/amdcomval.com\/wp-content\/uploads\/2024\/06\/Jornadas-AMDComVal-en-Castellon-3.jpeg 1600w, https:\/\/amdcomval.com\/wp-content\/uploads\/2024\/06\/Jornadas-AMDComVal-en-Castellon-3-300x200.jpeg 300w, https:\/\/amdcomval.com\/wp-content\/uploads\/2024\/06\/Jornadas-AMDComVal-en-Castellon-3-1024x682.jpeg 1024w, https:\/\/amdcomval.com\/wp-content\/uploads\/2024\/06\/Jornadas-AMDComVal-en-Castellon-3-768x512.jpeg 768w, https:\/\/amdcomval.com\/wp-content\/uploads\/2024\/06\/Jornadas-AMDComVal-en-Castellon-3-1536x1023.jpeg 1536w, https:\/\/amdcomval.com\/wp-content\/uploads\/2024\/06\/Jornadas-AMDComVal-en-Castellon-3-1080x720.jpeg 1080w, https:\/\/amdcomval.com\/wp-content\/uploads\/2024\/06\/Jornadas-AMDComVal-en-Castellon-3-1280x853.jpeg 1280w, https:\/\/amdcomval.com\/wp-content\/uploads\/2024\/06\/Jornadas-AMDComVal-en-Castellon-3-980x653.jpeg 980w, https:\/\/amdcomval.com\/wp-content\/uploads\/2024\/06\/Jornadas-AMDComVal-en-Castellon-3-480x320.jpeg 480w\" sizes=\"(max-width: 1600px) 100vw, 1600px\" \/><\/p>\n<p>La mesa de debate sobre instituciones y medios de proximidad cont\u00f3 con la presencia de <strong>\u00c1ngel Portol\u00e9s<\/strong> (responsable del programa de Extensi\u00f3n Universitaria de la UJI), <strong>Adri\u00e1n Beltr\u00e1n <\/strong>(jefe de gabinete del Ayuntamiento de Onda) y <strong>Elena Rinc\u00f3n<\/strong> (directora de comunicaci\u00f3n de la Autoridad Portuaria de Castell\u00f3n), quienes explicaron la importancia de \u201cponer el baremo del <strong>rigor, profesionalidad y calidad como defensa y garant\u00eda del periodismo de proximidad en tiempos en los que cualquiera puede abrir un medio digital<\/strong>\u201d. Los tres reconocieron el trabajo de AMDComVal como garante de esta profesionalidad.<\/p>\n<p><img loading=\"lazy\" decoding=\"async\" class=\"aligncenter size-full wp-image-2004\" src=\"https:\/\/amdcomval.com\/wp-content\/uploads\/2024\/06\/Jornadas-AMDComVal-en-Castellon-2.jpeg\"  width=\"1600\" height=\"1066\" srcset=\"https:\/\/amdcomval.com\/wp-content\/uploads\/2024\/06\/Jornadas-AMDComVal-en-Castellon-2.jpeg 1600w, https:\/\/amdcomval.com\/wp-content\/uploads\/2024\/06\/Jornadas-AMDComVal-en-Castellon-2-300x200.jpeg 300w, https:\/\/amdcomval.com\/wp-content\/uploads\/2024\/06\/Jornadas-AMDComVal-en-Castellon-2-1024x682.jpeg 1024w, https:\/\/amdcomval.com\/wp-content\/uploads\/2024\/06\/Jornadas-AMDComVal-en-Castellon-2-768x512.jpeg 768w, https:\/\/amdcomval.com\/wp-content\/uploads\/2024\/06\/Jornadas-AMDComVal-en-Castellon-2-1536x1023.jpeg 1536w, https:\/\/amdcomval.com\/wp-content\/uploads\/2024\/06\/Jornadas-AMDComVal-en-Castellon-2-1080x720.jpeg 1080w, https:\/\/amdcomval.com\/wp-content\/uploads\/2024\/06\/Jornadas-AMDComVal-en-Castellon-2-1280x853.jpeg 1280w, https:\/\/amdcomval.com\/wp-content\/uploads\/2024\/06\/Jornadas-AMDComVal-en-Castellon-2-980x653.jpeg 980w, https:\/\/amdcomval.com\/wp-content\/uploads\/2024\/06\/Jornadas-AMDComVal-en-Castellon-2-480x320.jpeg 480w\" sizes=\"(max-width: 1600px) 100vw, 1600px\" \/><\/p>\n<p>La jornada se cerr\u00f3 con una mesa en la que participaron las principales agencias de publicidad de Castell\u00f3n para analizar la importancia de la prensa cercana en las estrategias hiperlocales. <strong>Estela Bernad<\/strong> (presidenta de ADComunica), <strong>H\u00e9ctor Berenguer <\/strong>(director de Semeve) y <strong>Paco Pellicer<\/strong> (responsable de Comunicaci\u00f3n de Arquetipo) afirmaron la importancia de \u201cconocer los p\u00fablicos. <strong>Hacer un buen mapa de p\u00fablico es fundamental para una agencia y para una campa\u00f1a<\/strong>. Las agencias buscamos efectividad y ah\u00ed los medios de proximidad sois fundamentales&#8221;, pero tambi\u00e9n pidieron al sector \u201c<strong>mejorar la visibilidad de los medios de proximidad entre tanto ruido comunicativo<\/strong>&#8220;.<\/p>\n","protected":false},"excerpt":{"rendered":"<p>La Llotja del C\u00e0nem en Castell\u00f3n acogi\u00f3 la segunda jornada de periodismo de proximidad, organizada conjuntamente por la Asociaci\u00f3n de Medios Digitales de la Comunitat Valenciana (AMDComVal) y la Generalitat. El evento reuni\u00f3 a las principales instituciones, empresas, medios y agencias de publicidad de Castell\u00f3n en un foro de ideas, sinergias y debate sobre el [&hellip;]<\/p>\n","protected":false},"author":4,"featured_media":1999,"comment_status":"open","ping_status":"open","sticky":false,"template":"","format":"standard","meta":{"_acf_changed":false,"footnotes":""},"categories":[17],"tags":[12,393],"class_list":["post-1997","post","type-post","status-publish","format-standard","has-post-thumbnail","hentry","category-blog","tag-amdcomval","tag-castellon"],"acf":[],"yoast_head":"<!-- This site is optimized with the Yoast SEO plugin v26.3 - https:\/\/yoast.com\/wordpress\/plugins\/seo\/ -->\n<title>Medios, instituciones, empresas y agencias tejen nuevas sinergias en las jornadas #TejiendoTerritorio en Castell\u00f3n - AMDComVal - Associaci\u00f3 de Mitjans Digitals de la Comunitat Valenciana<\/title>\n<meta name=\"robots\" content=\"index, follow, max-snippet:-1, max-image-preview:large, max-video-preview:-1\" \/>\n<link rel=\"canonical\" href=\"https:\/\/amdcomval.com\/medios-instituciones-empresas-y-agencias-tejen-nuevas-sinergias-en-las-jornadas-sobre-periodismo-de-proximidad-de-amdcomval-y-generalitat-en-castellon\/\" \/>\n<meta property=\"og:locale\" content=\"en_US\" \/>\n<meta property=\"og:type\" content=\"article\" \/>\n<meta property=\"og:title\" content=\"Medios, instituciones, empresas y agencias tejen nuevas sinergias en las jornadas #TejiendoTerritorio en Castell\u00f3n - AMDComVal - Associaci\u00f3 de Mitjans Digitals de la Comunitat Valenciana\" \/>\n<meta property=\"og:description\" content=\"La Llotja del C\u00e0nem en Castell\u00f3n acogi\u00f3 la segunda jornada de periodismo de proximidad, organizada conjuntamente por la Asociaci\u00f3n de Medios Digitales de la Comunitat Valenciana (AMDComVal) y la Generalitat. El evento reuni\u00f3 a las principales instituciones, empresas, medios y agencias de publicidad de Castell\u00f3n en un foro de ideas, sinergias y debate sobre el [&hellip;]\" \/>\n<meta property=\"og:url\" content=\"https:\/\/amdcomval.com\/medios-instituciones-empresas-y-agencias-tejen-nuevas-sinergias-en-las-jornadas-sobre-periodismo-de-proximidad-de-amdcomval-y-generalitat-en-castellon\/\" \/>\n<meta property=\"og:site_name\" content=\"AMDComVal - Associaci\u00f3 de Mitjans Digitals de la Comunitat Valenciana\" \/>\n<meta property=\"article:publisher\" content=\"https:\/\/www.facebook.com\/Associaci-De-Mitjans-Digitals-238717099544439\/\" \/>\n<meta property=\"article:published_time\" content=\"2024-06-21T08:48:08+00:00\" \/>\n<meta property=\"og:image\" content=\"https:\/\/amdcomval.com\/wp-content\/uploads\/2024\/06\/Jornada-AMDComVal-Castellon.jpeg\" \/>\n\t<meta property=\"og:image:width\" content=\"1600\" \/>\n\t<meta property=\"og:image:height\" content=\"1066\" \/>\n\t<meta property=\"og:image:type\" content=\"image\/jpeg\" \/>\n<meta name=\"author\" content=\"AMDComVal\" \/>\n<meta name=\"twitter:card\" content=\"summary_large_image\" \/>\n<meta name=\"twitter:creator\" content=\"@AMDComVal\" \/>\n<meta name=\"twitter:site\" content=\"@AMDComVal\" \/>\n<meta name=\"twitter:label1\" content=\"Written by\" \/>\n\t<meta name=\"twitter:data1\" content=\"AMDComVal\" \/>\n\t<meta name=\"twitter:label2\" content=\"Est. reading time\" \/>\n\t<meta name=\"twitter:data2\" content=\"5 minutes\" \/>\n<script type=\"application\/ld+json\" class=\"yoast-schema-graph\">{\"@context\":\"https:\/\/schema.org\",\"@graph\":[{\"@type\":\"Article\",\"@id\":\"https:\/\/amdcomval.com\/medios-instituciones-empresas-y-agencias-tejen-nuevas-sinergias-en-las-jornadas-sobre-periodismo-de-proximidad-de-amdcomval-y-generalitat-en-castellon\/#article\",\"isPartOf\":{\"@id\":\"https:\/\/amdcomval.com\/medios-instituciones-empresas-y-agencias-tejen-nuevas-sinergias-en-las-jornadas-sobre-periodismo-de-proximidad-de-amdcomval-y-generalitat-en-castellon\/\"},\"author\":{\"name\":\"AMDComVal\",\"@id\":\"https:\/\/amdcomval.com\/#\/schema\/person\/f15529598c810a38625abf10fd5bda3a\"},\"headline\":\"Medios, instituciones, empresas y agencias tejen nuevas sinergias en las jornadas #TejiendoTerritorio en Castell\u00f3n\",\"datePublished\":\"2024-06-21T08:48:08+00:00\",\"mainEntityOfPage\":{\"@id\":\"https:\/\/amdcomval.com\/medios-instituciones-empresas-y-agencias-tejen-nuevas-sinergias-en-las-jornadas-sobre-periodismo-de-proximidad-de-amdcomval-y-generalitat-en-castellon\/\"},\"wordCount\":692,\"commentCount\":0,\"publisher\":{\"@id\":\"https:\/\/amdcomval.com\/#organization\"},\"image\":{\"@id\":\"https:\/\/amdcomval.com\/medios-instituciones-empresas-y-agencias-tejen-nuevas-sinergias-en-las-jornadas-sobre-periodismo-de-proximidad-de-amdcomval-y-generalitat-en-castellon\/#primaryimage\"},\"thumbnailUrl\":\"https:\/\/amdcomval.com\/wp-content\/uploads\/2024\/06\/Jornada-AMDComVal-Castellon.jpeg\",\"keywords\":[\"amdcomval\",\"Castell\u00f3n\"],\"articleSection\":[\"Blog\"],\"inLanguage\":\"val\",\"potentialAction\":[{\"@type\":\"CommentAction\",\"name\":\"Comment\",\"target\":[\"https:\/\/amdcomval.com\/medios-instituciones-empresas-y-agencias-tejen-nuevas-sinergias-en-las-jornadas-sobre-periodismo-de-proximidad-de-amdcomval-y-generalitat-en-castellon\/#respond\"]}]},{\"@type\":\"WebPage\",\"@id\":\"https:\/\/amdcomval.com\/medios-instituciones-empresas-y-agencias-tejen-nuevas-sinergias-en-las-jornadas-sobre-periodismo-de-proximidad-de-amdcomval-y-generalitat-en-castellon\/\",\"url\":\"https:\/\/amdcomval.com\/medios-instituciones-empresas-y-agencias-tejen-nuevas-sinergias-en-las-jornadas-sobre-periodismo-de-proximidad-de-amdcomval-y-generalitat-en-castellon\/\",\"name\":\"Medios, instituciones, empresas y agencias tejen nuevas sinergias en las jornadas #TejiendoTerritorio en Castell\u00f3n - AMDComVal - Associaci\u00f3 de Mitjans Digitals de la Comunitat Valenciana\",\"isPartOf\":{\"@id\":\"https:\/\/amdcomval.com\/#website\"},\"primaryImageOfPage\":{\"@id\":\"https:\/\/amdcomval.com\/medios-instituciones-empresas-y-agencias-tejen-nuevas-sinergias-en-las-jornadas-sobre-periodismo-de-proximidad-de-amdcomval-y-generalitat-en-castellon\/#primaryimage\"},\"image\":{\"@id\":\"https:\/\/amdcomval.com\/medios-instituciones-empresas-y-agencias-tejen-nuevas-sinergias-en-las-jornadas-sobre-periodismo-de-proximidad-de-amdcomval-y-generalitat-en-castellon\/#primaryimage\"},\"thumbnailUrl\":\"https:\/\/amdcomval.com\/wp-content\/uploads\/2024\/06\/Jornada-AMDComVal-Castellon.jpeg\",\"datePublished\":\"2024-06-21T08:48:08+00:00\",\"breadcrumb\":{\"@id\":\"https:\/\/amdcomval.com\/medios-instituciones-empresas-y-agencias-tejen-nuevas-sinergias-en-las-jornadas-sobre-periodismo-de-proximidad-de-amdcomval-y-generalitat-en-castellon\/#breadcrumb\"},\"inLanguage\":\"val\",\"potentialAction\":[{\"@type\":\"ReadAction\",\"target\":[\"https:\/\/amdcomval.com\/medios-instituciones-empresas-y-agencias-tejen-nuevas-sinergias-en-las-jornadas-sobre-periodismo-de-proximidad-de-amdcomval-y-generalitat-en-castellon\/\"]}]},{\"@type\":\"ImageObject\",\"inLanguage\":\"val\",\"@id\":\"https:\/\/amdcomval.com\/medios-instituciones-empresas-y-agencias-tejen-nuevas-sinergias-en-las-jornadas-sobre-periodismo-de-proximidad-de-amdcomval-y-generalitat-en-castellon\/#primaryimage\",\"url\":\"https:\/\/amdcomval.com\/wp-content\/uploads\/2024\/06\/Jornada-AMDComVal-Castellon.jpeg\",\"contentUrl\":\"https:\/\/amdcomval.com\/wp-content\/uploads\/2024\/06\/Jornada-AMDComVal-Castellon.jpeg\",\"width\":1600,\"height\":1066},{\"@type\":\"BreadcrumbList\",\"@id\":\"https:\/\/amdcomval.com\/medios-instituciones-empresas-y-agencias-tejen-nuevas-sinergias-en-las-jornadas-sobre-periodismo-de-proximidad-de-amdcomval-y-generalitat-en-castellon\/#breadcrumb\",\"itemListElement\":[{\"@type\":\"ListItem\",\"position\":1,\"name\":\"Portada\",\"item\":\"https:\/\/amdcomval.com\/val\/\"},{\"@type\":\"ListItem\",\"position\":2,\"name\":\"Medios, instituciones, empresas y agencias tejen nuevas sinergias en las jornadas #TejiendoTerritorio en Castell\u00f3n\"}]},{\"@type\":\"WebSite\",\"@id\":\"https:\/\/amdcomval.com\/#website\",\"url\":\"https:\/\/amdcomval.com\/\",\"name\":\"AMDComVal - Associaci\u00f3 de Mitjans Digitals de la Comunitat Valenciana\",\"description\":\"Web oficial de la Associaci\u00f3 de Mitjans Digitals de la Comunitat Valenciana (AMDComVal). Por la profesionalizaci\u00f3n y dignificaci\u00f3n de los medios de comunicaci\u00f3n digital\",\"publisher\":{\"@id\":\"https:\/\/amdcomval.com\/#organization\"},\"potentialAction\":[{\"@type\":\"SearchAction\",\"target\":{\"@type\":\"EntryPoint\",\"urlTemplate\":\"https:\/\/amdcomval.com\/?s={search_term_string}\"},\"query-input\":{\"@type\":\"PropertyValueSpecification\",\"valueRequired\":true,\"valueName\":\"search_term_string\"}}],\"inLanguage\":\"val\"},{\"@type\":\"Organization\",\"@id\":\"https:\/\/amdcomval.com\/#organization\",\"name\":\"AMDComVal - Associaci\u00f3 de Mitjans Digitals de la Comunitat Valenciana\",\"url\":\"https:\/\/amdcomval.com\/\",\"logo\":{\"@type\":\"ImageObject\",\"inLanguage\":\"val\",\"@id\":\"https:\/\/amdcomval.com\/#\/schema\/logo\/image\/\",\"url\":\"https:\/\/amdcomval.com\/wp-content\/uploads\/2025\/10\/AMDComVal-logo-horizontal-2.png\",\"contentUrl\":\"https:\/\/amdcomval.com\/wp-content\/uploads\/2025\/10\/AMDComVal-logo-horizontal-2.png\",\"width\":2560,\"height\":936,\"caption\":\"AMDComVal - Associaci\u00f3 de Mitjans Digitals de la Comunitat Valenciana\"},\"image\":{\"@id\":\"https:\/\/amdcomval.com\/#\/schema\/logo\/image\/\"},\"sameAs\":[\"https:\/\/www.facebook.com\/Associaci-De-Mitjans-Digitals-238717099544439\/\",\"https:\/\/x.com\/AMDComVal\",\"https:\/\/www.linkedin.com\/groups\/3150654\/\"]},{\"@type\":\"Person\",\"@id\":\"https:\/\/amdcomval.com\/#\/schema\/person\/f15529598c810a38625abf10fd5bda3a\",\"name\":\"AMDComVal\",\"url\":\"https:\/\/amdcomval.com\/val\/author\/amdcomval\/\"}]}<\/script>\n<!-- \/ Yoast SEO plugin. -->","yoast_head_json":{"title":"Medios, instituciones, empresas y agencias tejen nuevas sinergias en las jornadas #TejiendoTerritorio en Castell\u00f3n - AMDComVal - Associaci\u00f3 de Mitjans Digitals de la Comunitat Valenciana","robots":{"index":"index","follow":"follow","max-snippet":"max-snippet:-1","max-image-preview":"max-image-preview:large","max-video-preview":"max-video-preview:-1"},"canonical":"https:\/\/amdcomval.com\/medios-instituciones-empresas-y-agencias-tejen-nuevas-sinergias-en-las-jornadas-sobre-periodismo-de-proximidad-de-amdcomval-y-generalitat-en-castellon\/","og_locale":"en_US","og_type":"article","og_title":"Medios, instituciones, empresas y agencias tejen nuevas sinergias en las jornadas #TejiendoTerritorio en Castell\u00f3n - AMDComVal - Associaci\u00f3 de Mitjans Digitals de la Comunitat Valenciana","og_description":"La Llotja del C\u00e0nem en Castell\u00f3n acogi\u00f3 la segunda jornada de periodismo de proximidad, organizada conjuntamente por la Asociaci\u00f3n de Medios Digitales de la Comunitat Valenciana (AMDComVal) y la Generalitat. El evento reuni\u00f3 a las principales instituciones, empresas, medios y agencias de publicidad de Castell\u00f3n en un foro de ideas, sinergias y debate sobre el [&hellip;]","og_url":"https:\/\/amdcomval.com\/medios-instituciones-empresas-y-agencias-tejen-nuevas-sinergias-en-las-jornadas-sobre-periodismo-de-proximidad-de-amdcomval-y-generalitat-en-castellon\/","og_site_name":"AMDComVal - Associaci\u00f3 de Mitjans Digitals de la Comunitat Valenciana","article_publisher":"https:\/\/www.facebook.com\/Associaci-De-Mitjans-Digitals-238717099544439\/","article_published_time":"2024-06-21T08:48:08+00:00","og_image":[{"width":1600,"height":1066,"url":"https:\/\/amdcomval.com\/wp-content\/uploads\/2024\/06\/Jornada-AMDComVal-Castellon.jpeg","type":"image\/jpeg"}],"author":"AMDComVal","twitter_card":"summary_large_image","twitter_creator":"@AMDComVal","twitter_site":"@AMDComVal","twitter_misc":{"Written by":"AMDComVal","Est. reading time":"5 minutes"},"schema":{"@context":"https:\/\/schema.org","@graph":[{"@type":"Article","@id":"https:\/\/amdcomval.com\/medios-instituciones-empresas-y-agencias-tejen-nuevas-sinergias-en-las-jornadas-sobre-periodismo-de-proximidad-de-amdcomval-y-generalitat-en-castellon\/#article","isPartOf":{"@id":"https:\/\/amdcomval.com\/medios-instituciones-empresas-y-agencias-tejen-nuevas-sinergias-en-las-jornadas-sobre-periodismo-de-proximidad-de-amdcomval-y-generalitat-en-castellon\/"},"author":{"name":"AMDComVal","@id":"https:\/\/amdcomval.com\/#\/schema\/person\/f15529598c810a38625abf10fd5bda3a"},"headline":"Medios, instituciones, empresas y agencias tejen nuevas sinergias en las jornadas #TejiendoTerritorio en Castell\u00f3n","datePublished":"2024-06-21T08:48:08+00:00","mainEntityOfPage":{"@id":"https:\/\/amdcomval.com\/medios-instituciones-empresas-y-agencias-tejen-nuevas-sinergias-en-las-jornadas-sobre-periodismo-de-proximidad-de-amdcomval-y-generalitat-en-castellon\/"},"wordCount":692,"commentCount":0,"publisher":{"@id":"https:\/\/amdcomval.com\/#organization"},"image":{"@id":"https:\/\/amdcomval.com\/medios-instituciones-empresas-y-agencias-tejen-nuevas-sinergias-en-las-jornadas-sobre-periodismo-de-proximidad-de-amdcomval-y-generalitat-en-castellon\/#primaryimage"},"thumbnailUrl":"https:\/\/amdcomval.com\/wp-content\/uploads\/2024\/06\/Jornada-AMDComVal-Castellon.jpeg","keywords":["amdcomval","Castell\u00f3n"],"articleSection":["Blog"],"inLanguage":"val","potentialAction":[{"@type":"CommentAction","name":"Comment","target":["https:\/\/amdcomval.com\/medios-instituciones-empresas-y-agencias-tejen-nuevas-sinergias-en-las-jornadas-sobre-periodismo-de-proximidad-de-amdcomval-y-generalitat-en-castellon\/#respond"]}]},{"@type":"WebPage","@id":"https:\/\/amdcomval.com\/medios-instituciones-empresas-y-agencias-tejen-nuevas-sinergias-en-las-jornadas-sobre-periodismo-de-proximidad-de-amdcomval-y-generalitat-en-castellon\/","url":"https:\/\/amdcomval.com\/medios-instituciones-empresas-y-agencias-tejen-nuevas-sinergias-en-las-jornadas-sobre-periodismo-de-proximidad-de-amdcomval-y-generalitat-en-castellon\/","name":"Medios, instituciones, empresas y agencias tejen nuevas sinergias en las jornadas #TejiendoTerritorio en Castell\u00f3n - AMDComVal - Associaci\u00f3 de Mitjans Digitals de la Comunitat Valenciana","isPartOf":{"@id":"https:\/\/amdcomval.com\/#website"},"primaryImageOfPage":{"@id":"https:\/\/amdcomval.com\/medios-instituciones-empresas-y-agencias-tejen-nuevas-sinergias-en-las-jornadas-sobre-periodismo-de-proximidad-de-amdcomval-y-generalitat-en-castellon\/#primaryimage"},"image":{"@id":"https:\/\/amdcomval.com\/medios-instituciones-empresas-y-agencias-tejen-nuevas-sinergias-en-las-jornadas-sobre-periodismo-de-proximidad-de-amdcomval-y-generalitat-en-castellon\/#primaryimage"},"thumbnailUrl":"https:\/\/amdcomval.com\/wp-content\/uploads\/2024\/06\/Jornada-AMDComVal-Castellon.jpeg","datePublished":"2024-06-21T08:48:08+00:00","breadcrumb":{"@id":"https:\/\/amdcomval.com\/medios-instituciones-empresas-y-agencias-tejen-nuevas-sinergias-en-las-jornadas-sobre-periodismo-de-proximidad-de-amdcomval-y-generalitat-en-castellon\/#breadcrumb"},"inLanguage":"val","potentialAction":[{"@type":"ReadAction","target":["https:\/\/amdcomval.com\/medios-instituciones-empresas-y-agencias-tejen-nuevas-sinergias-en-las-jornadas-sobre-periodismo-de-proximidad-de-amdcomval-y-generalitat-en-castellon\/"]}]},{"@type":"ImageObject","inLanguage":"val","@id":"https:\/\/amdcomval.com\/medios-instituciones-empresas-y-agencias-tejen-nuevas-sinergias-en-las-jornadas-sobre-periodismo-de-proximidad-de-amdcomval-y-generalitat-en-castellon\/#primaryimage","url":"https:\/\/amdcomval.com\/wp-content\/uploads\/2024\/06\/Jornada-AMDComVal-Castellon.jpeg","contentUrl":"https:\/\/amdcomval.com\/wp-content\/uploads\/2024\/06\/Jornada-AMDComVal-Castellon.jpeg","width":1600,"height":1066},{"@type":"BreadcrumbList","@id":"https:\/\/amdcomval.com\/medios-instituciones-empresas-y-agencias-tejen-nuevas-sinergias-en-las-jornadas-sobre-periodismo-de-proximidad-de-amdcomval-y-generalitat-en-castellon\/#breadcrumb","itemListElement":[{"@type":"ListItem","position":1,"name":"Portada","item":"https:\/\/amdcomval.com\/val\/"},{"@type":"ListItem","position":2,"name":"Medios, instituciones, empresas y agencias tejen nuevas sinergias en las jornadas #TejiendoTerritorio en Castell\u00f3n"}]},{"@type":"WebSite","@id":"https:\/\/amdcomval.com\/#website","url":"https:\/\/amdcomval.com\/","name":"AMDComVal - Associaci\u00f3 de Mitjans Digitals de la Comunitat Valenciana","description":"Web oficial de la Associaci\u00f3 de Mitjans Digitals de la Comunitat Valenciana (AMDComVal). Por la profesionalizaci\u00f3n y dignificaci\u00f3n de los medios de comunicaci\u00f3n digital","publisher":{"@id":"https:\/\/amdcomval.com\/#organization"},"potentialAction":[{"@type":"SearchAction","target":{"@type":"EntryPoint","urlTemplate":"https:\/\/amdcomval.com\/?s={search_term_string}"},"query-input":{"@type":"PropertyValueSpecification","valueRequired":true,"valueName":"search_term_string"}}],"inLanguage":"val"},{"@type":"Organization","@id":"https:\/\/amdcomval.com\/#organization","name":"AMDComVal - Associaci\u00f3 de Mitjans Digitals de la Comunitat Valenciana","url":"https:\/\/amdcomval.com\/","logo":{"@type":"ImageObject","inLanguage":"val","@id":"https:\/\/amdcomval.com\/#\/schema\/logo\/image\/","url":"https:\/\/amdcomval.com\/wp-content\/uploads\/2025\/10\/AMDComVal-logo-horizontal-2.png","contentUrl":"https:\/\/amdcomval.com\/wp-content\/uploads\/2025\/10\/AMDComVal-logo-horizontal-2.png","width":2560,"height":936,"caption":"AMDComVal - Associaci\u00f3 de Mitjans Digitals de la Comunitat Valenciana"},"image":{"@id":"https:\/\/amdcomval.com\/#\/schema\/logo\/image\/"},"sameAs":["https:\/\/www.facebook.com\/Associaci-De-Mitjans-Digitals-238717099544439\/","https:\/\/x.com\/AMDComVal","https:\/\/www.linkedin.com\/groups\/3150654\/"]},{"@type":"Person","@id":"https:\/\/amdcomval.com\/#\/schema\/person\/f15529598c810a38625abf10fd5bda3a","name":"AMDComVal","url":"https:\/\/amdcomval.com\/val\/author\/amdcomval\/"}]}},"_links":{"self":[{"href":"https:\/\/amdcomval.com\/val\/wp-json\/wp\/v2\/posts\/1997","targetHints":{"allow":["GET"]}}],"collection":[{"href":"https:\/\/amdcomval.com\/val\/wp-json\/wp\/v2\/posts"}],"about":[{"href":"https:\/\/amdcomval.com\/val\/wp-json\/wp\/v2\/types\/post"}],"author":[{"embeddable":true,"href":"https:\/\/amdcomval.com\/val\/wp-json\/wp\/v2\/users\/4"}],"replies":[{"embeddable":true,"href":"https:\/\/amdcomval.com\/val\/wp-json\/wp\/v2\/comments?post=1997"}],"version-history":[{"count":0,"href":"https:\/\/amdcomval.com\/val\/wp-json\/wp\/v2\/posts\/1997\/revisions"}],"wp:featuredmedia":[{"embeddable":true,"href":"https:\/\/amdcomval.com\/val\/wp-json\/wp\/v2\/media\/1999"}],"wp:attachment":[{"href":"https:\/\/amdcomval.com\/val\/wp-json\/wp\/v2\/media?parent=1997"}],"wp:term":[{"taxonomy":"category","embeddable":true,"href":"https:\/\/amdcomval.com\/val\/wp-json\/wp\/v2\/categories?post=1997"},{"taxonomy":"post_tag","embeddable":true,"href":"https:\/\/amdcomval.com\/val\/wp-json\/wp\/v2\/tags?post=1997"}],"curies":[{"name":"wp","href":"https:\/\/api.w.org\/{rel}","templated":true}]}}