{"id":2033,"date":"2024-10-15T17:28:11","date_gmt":"2024-10-15T17:28:11","guid":{"rendered":"https:\/\/www.amdcomval.com\/?p=2033"},"modified":"2024-10-15T17:28:11","modified_gmt":"2024-10-15T17:28:11","slug":"todo-listo-para-la-jornada-sobre-periodismo-de-proximidad-de-amdcomval-y-generalitat-en-valencia","status":"publish","type":"post","link":"https:\/\/amdcomval.com\/val\/todo-listo-para-la-jornada-sobre-periodismo-de-proximidad-de-amdcomval-y-generalitat-en-valencia\/","title":{"rendered":"Todo listo para la jornada sobre periodismo de proximidad de AMDComVal y Generalitat en Valencia"},"content":{"rendered":"<p>La vicepresidenta del Consell, Susana Camarero, y el presidente de la Diputaci\u00f3n de Valencia, Vicente Momp\u00f3, ser\u00e1n los encargados de abrir y cerrar la nueva jornada sobre periodismo de proximidad que bajo el lema \u2018Tejiendo territorio\u2019 que la\u00a0<strong>Asociaci\u00f3n de Medios Digitales de la Comunitat Valenciana<\/strong>\u00a0(AMDComVal) y la\u00a0<strong>Generalitat<\/strong>\u00a0organizan conjuntamente este pr\u00f3ximo 17 de octubre en Dinapsis Valencia.<\/p>\n<p><img loading=\"lazy\" decoding=\"async\" class=\"aligncenter size-full wp-image-2035\" src=\"https:\/\/amdcomval.com\/wp-content\/uploads\/2024\/10\/hub-dinapsis-Valencia.jpeg\"  width=\"1280\" height=\"622\" srcset=\"https:\/\/amdcomval.com\/wp-content\/uploads\/2024\/10\/hub-dinapsis-Valencia.jpeg 1280w, https:\/\/amdcomval.com\/wp-content\/uploads\/2024\/10\/hub-dinapsis-Valencia-300x146.jpeg 300w, https:\/\/amdcomval.com\/wp-content\/uploads\/2024\/10\/hub-dinapsis-Valencia-1024x498.jpeg 1024w, https:\/\/amdcomval.com\/wp-content\/uploads\/2024\/10\/hub-dinapsis-Valencia-768x373.jpeg 768w, https:\/\/amdcomval.com\/wp-content\/uploads\/2024\/10\/hub-dinapsis-Valencia-1080x525.jpeg 1080w, https:\/\/amdcomval.com\/wp-content\/uploads\/2024\/10\/hub-dinapsis-Valencia-980x476.jpeg 980w, https:\/\/amdcomval.com\/wp-content\/uploads\/2024\/10\/hub-dinapsis-Valencia-480x233.jpeg 480w\" sizes=\"(max-width: 1280px) 100vw, 1280px\" \/><\/p>\n<p>La jornada reunir\u00e1 en Valencia a\u00a0<strong>medios de proximidad con instituciones, empresas y agencias para analizar la actualidad del sector y a expertos en inteligencia artificial<\/strong>\u00a0para conocer el presente pero tambi\u00e9n el futuro de esta potente herramienta en el d\u00eda a d\u00eda de los medios de comunicaci\u00f3n.<\/p>\n<p>En la jornada estar\u00e1n presentes\u00a0<strong>las principales instituciones de Valencia<\/strong>, para acercar y dar a conocer las posibilidades de los medios de proximidad a la hora de difundir sus contenidos;\u00a0<strong>las m\u00e1s destacadas empresas de la provincia<\/strong>, para tratar de tejer sinergias entre empresarios y medios; y<strong>\u00a0las agencias de publicidad<\/strong>, para dar a conocer el trabajo, difusi\u00f3n y alcance de los medios de comunicaci\u00f3n de Valencia a sus clientes.<\/p>\n<p><img loading=\"lazy\" decoding=\"async\" class=\"aligncenter size-full wp-image-1945\" src=\"https:\/\/amdcomval.com\/wp-content\/uploads\/2024\/04\/jornadas-Tejiendo-Territorio-Alicante-2-scaled.jpeg\"  width=\"2560\" height=\"1441\" \/><\/p>\n<p>La cita en\u00a0<a href=\"https:\/\/www.aguasdealicante.es\/el-museo-de-aguas-de-alicante\"><strong>este espacio gestionado por Dinapis en la Marina de Valencia <\/strong><\/a>ser\u00e1 la tercera de las jornadas que este 2024 tiene previsto realizar la AMDComVal. La primera parada tuvo lugar en Alicante el pasado 16 de abril. Y el segundo evento se celebr\u00f3 en Castell\u00f3n el pasado 20 de junio.<\/p>\n<p>La intenci\u00f3n de estas jornadas es <strong>tejer el territorio de la Comunitat Valenciana tambi\u00e9n a trav\u00e9s de los medios de comunicaci\u00f3n de proximidad<\/strong>, aquellos que son capaces de calar en lo m\u00e1s profundo del territorio de Alicante, Castell\u00f3n y Valencia gracias a su capilaridad.<\/p>\n<p>La Asociaci\u00f3n de Medios Digitales de la Comunitat Valenciana (AMDComVal) re\u00fane en la actualidad a <a href=\"https:\/\/amdcomval.com\/amdcomval-nuevos-medios-asociados-con-la-incorporacion-de-aramultimedia-nostresnoticies-y-valenciafiestaytradicion\/\"><strong>66 medios de comunicaci\u00f3n de Alicante, Castell\u00f3n y Valencia<\/strong><\/a>. Seg\u00fan datos de Oficina de Justificaci\u00f3n de la Difusi\u00f3n (OJD), los medios AMDComVal han alcanzado\u00a0<a href=\"https:\/\/amdcomval.com\/los-56-medios-asociados-amdcomval-superaron-la-cifra-de-251-millones-de-paginas-vistas-en-2023\/\">la cifra de 251 millones de p\u00e1ginas en 2023, seg\u00fan la Oficina de Justificaci\u00f3n de la Difusi\u00f3n (OJD<\/a>).<\/p>\n","protected":false},"excerpt":{"rendered":"<p>La vicepresidenta del Consell, Susana Camarero, y el presidente de la Diputaci\u00f3n de Valencia, Vicente Momp\u00f3, ser\u00e1n los encargados de abrir y cerrar la nueva jornada sobre periodismo de proximidad que bajo el lema \u2018Tejiendo territorio\u2019 que la\u00a0Asociaci\u00f3n de Medios Digitales de la Comunitat Valenciana\u00a0(AMDComVal) y la\u00a0Generalitat\u00a0organizan conjuntamente este pr\u00f3ximo 17 de octubre en Dinapsis [&hellip;]<\/p>\n","protected":false},"author":4,"featured_media":1945,"comment_status":"open","ping_status":"open","sticky":false,"template":"","format":"standard","meta":{"_acf_changed":false,"footnotes":""},"categories":[17],"tags":[475,29,62,246,457,92],"class_list":["post-2033","post","type-post","status-publish","format-standard","has-post-thumbnail","hentry","category-blog","tag-dinapsis","tag-medios-digitales","tag-periodismo","tag-periodismo-de-proximidad","tag-tejiendo-territorio","tag-valencia"],"acf":[],"yoast_head":"<!-- This site is optimized with the Yoast SEO plugin v26.3 - https:\/\/yoast.com\/wordpress\/plugins\/seo\/ -->\n<title>Todo listo para la jornada sobre periodismo de proximidad de AMDComVal y Generalitat en Valencia - AMDComVal - Associaci\u00f3 de Mitjans Digitals de la Comunitat Valenciana<\/title>\n<meta name=\"robots\" content=\"index, follow, max-snippet:-1, max-image-preview:large, max-video-preview:-1\" \/>\n<link rel=\"canonical\" href=\"https:\/\/amdcomval.com\/todo-listo-para-la-jornada-sobre-periodismo-de-proximidad-de-amdcomval-y-generalitat-en-valencia\/\" \/>\n<meta property=\"og:locale\" content=\"en_US\" \/>\n<meta property=\"og:type\" content=\"article\" \/>\n<meta property=\"og:title\" content=\"Todo listo para la jornada sobre periodismo de proximidad de AMDComVal y Generalitat en Valencia - AMDComVal - Associaci\u00f3 de Mitjans Digitals de la Comunitat Valenciana\" \/>\n<meta property=\"og:description\" content=\"La vicepresidenta del Consell, Susana Camarero, y el presidente de la Diputaci\u00f3n de Valencia, Vicente Momp\u00f3, ser\u00e1n los encargados de abrir y cerrar la nueva jornada sobre periodismo de proximidad que bajo el lema \u2018Tejiendo territorio\u2019 que la\u00a0Asociaci\u00f3n de Medios Digitales de la Comunitat Valenciana\u00a0(AMDComVal) y la\u00a0Generalitat\u00a0organizan conjuntamente este pr\u00f3ximo 17 de octubre en Dinapsis [&hellip;]\" \/>\n<meta property=\"og:url\" content=\"https:\/\/amdcomval.com\/todo-listo-para-la-jornada-sobre-periodismo-de-proximidad-de-amdcomval-y-generalitat-en-valencia\/\" \/>\n<meta property=\"og:site_name\" content=\"AMDComVal - Associaci\u00f3 de Mitjans Digitals de la Comunitat Valenciana\" \/>\n<meta property=\"article:publisher\" content=\"https:\/\/www.facebook.com\/Associaci-De-Mitjans-Digitals-238717099544439\/\" \/>\n<meta property=\"article:published_time\" content=\"2024-10-15T17:28:11+00:00\" \/>\n<meta property=\"og:image\" content=\"https:\/\/amdcomval.com\/wp-content\/uploads\/2024\/04\/jornadas-Tejiendo-Territorio-Alicante-2-scaled-1.jpeg\" \/>\n\t<meta property=\"og:image:width\" content=\"2560\" \/>\n\t<meta property=\"og:image:height\" content=\"1441\" \/>\n\t<meta property=\"og:image:type\" content=\"image\/jpeg\" \/>\n<meta name=\"author\" content=\"AMDComVal\" \/>\n<meta name=\"twitter:card\" content=\"summary_large_image\" \/>\n<meta name=\"twitter:creator\" content=\"@AMDComVal\" \/>\n<meta name=\"twitter:site\" content=\"@AMDComVal\" \/>\n<meta name=\"twitter:label1\" content=\"Written by\" \/>\n\t<meta name=\"twitter:data1\" content=\"AMDComVal\" \/>\n\t<meta name=\"twitter:label2\" content=\"Est. reading time\" \/>\n\t<meta name=\"twitter:data2\" content=\"2 minutes\" \/>\n<script type=\"application\/ld+json\" class=\"yoast-schema-graph\">{\"@context\":\"https:\/\/schema.org\",\"@graph\":[{\"@type\":\"Article\",\"@id\":\"https:\/\/amdcomval.com\/todo-listo-para-la-jornada-sobre-periodismo-de-proximidad-de-amdcomval-y-generalitat-en-valencia\/#article\",\"isPartOf\":{\"@id\":\"https:\/\/amdcomval.com\/todo-listo-para-la-jornada-sobre-periodismo-de-proximidad-de-amdcomval-y-generalitat-en-valencia\/\"},\"author\":{\"name\":\"AMDComVal\",\"@id\":\"https:\/\/amdcomval.com\/#\/schema\/person\/f15529598c810a38625abf10fd5bda3a\"},\"headline\":\"Todo listo para la jornada sobre periodismo de proximidad de AMDComVal y Generalitat en Valencia\",\"datePublished\":\"2024-10-15T17:28:11+00:00\",\"mainEntityOfPage\":{\"@id\":\"https:\/\/amdcomval.com\/todo-listo-para-la-jornada-sobre-periodismo-de-proximidad-de-amdcomval-y-generalitat-en-valencia\/\"},\"wordCount\":369,\"commentCount\":0,\"publisher\":{\"@id\":\"https:\/\/amdcomval.com\/#organization\"},\"image\":{\"@id\":\"https:\/\/amdcomval.com\/todo-listo-para-la-jornada-sobre-periodismo-de-proximidad-de-amdcomval-y-generalitat-en-valencia\/#primaryimage\"},\"thumbnailUrl\":\"https:\/\/amdcomval.com\/wp-content\/uploads\/2024\/04\/jornadas-Tejiendo-Territorio-Alicante-2-scaled-1.jpeg\",\"keywords\":[\"Dinapsis\",\"medios digitales\",\"periodismo\",\"periodismo de proximidad\",\"Tejiendo Territorio\",\"Valencia\"],\"articleSection\":[\"Blog\"],\"inLanguage\":\"val\",\"potentialAction\":[{\"@type\":\"CommentAction\",\"name\":\"Comment\",\"target\":[\"https:\/\/amdcomval.com\/todo-listo-para-la-jornada-sobre-periodismo-de-proximidad-de-amdcomval-y-generalitat-en-valencia\/#respond\"]}]},{\"@type\":\"WebPage\",\"@id\":\"https:\/\/amdcomval.com\/todo-listo-para-la-jornada-sobre-periodismo-de-proximidad-de-amdcomval-y-generalitat-en-valencia\/\",\"url\":\"https:\/\/amdcomval.com\/todo-listo-para-la-jornada-sobre-periodismo-de-proximidad-de-amdcomval-y-generalitat-en-valencia\/\",\"name\":\"Todo listo para la jornada sobre periodismo de proximidad de AMDComVal y Generalitat en Valencia - AMDComVal - Associaci\u00f3 de Mitjans Digitals de la Comunitat Valenciana\",\"isPartOf\":{\"@id\":\"https:\/\/amdcomval.com\/#website\"},\"primaryImageOfPage\":{\"@id\":\"https:\/\/amdcomval.com\/todo-listo-para-la-jornada-sobre-periodismo-de-proximidad-de-amdcomval-y-generalitat-en-valencia\/#primaryimage\"},\"image\":{\"@id\":\"https:\/\/amdcomval.com\/todo-listo-para-la-jornada-sobre-periodismo-de-proximidad-de-amdcomval-y-generalitat-en-valencia\/#primaryimage\"},\"thumbnailUrl\":\"https:\/\/amdcomval.com\/wp-content\/uploads\/2024\/04\/jornadas-Tejiendo-Territorio-Alicante-2-scaled-1.jpeg\",\"datePublished\":\"2024-10-15T17:28:11+00:00\",\"breadcrumb\":{\"@id\":\"https:\/\/amdcomval.com\/todo-listo-para-la-jornada-sobre-periodismo-de-proximidad-de-amdcomval-y-generalitat-en-valencia\/#breadcrumb\"},\"inLanguage\":\"val\",\"potentialAction\":[{\"@type\":\"ReadAction\",\"target\":[\"https:\/\/amdcomval.com\/todo-listo-para-la-jornada-sobre-periodismo-de-proximidad-de-amdcomval-y-generalitat-en-valencia\/\"]}]},{\"@type\":\"ImageObject\",\"inLanguage\":\"val\",\"@id\":\"https:\/\/amdcomval.com\/todo-listo-para-la-jornada-sobre-periodismo-de-proximidad-de-amdcomval-y-generalitat-en-valencia\/#primaryimage\",\"url\":\"https:\/\/amdcomval.com\/wp-content\/uploads\/2024\/04\/jornadas-Tejiendo-Territorio-Alicante-2-scaled-1.jpeg\",\"contentUrl\":\"https:\/\/amdcomval.com\/wp-content\/uploads\/2024\/04\/jornadas-Tejiendo-Territorio-Alicante-2-scaled-1.jpeg\",\"width\":2560,\"height\":1441,\"caption\":\"jornadas Tejiendo Territorio Alicante\"},{\"@type\":\"BreadcrumbList\",\"@id\":\"https:\/\/amdcomval.com\/todo-listo-para-la-jornada-sobre-periodismo-de-proximidad-de-amdcomval-y-generalitat-en-valencia\/#breadcrumb\",\"itemListElement\":[{\"@type\":\"ListItem\",\"position\":1,\"name\":\"Portada\",\"item\":\"https:\/\/amdcomval.com\/val\/\"},{\"@type\":\"ListItem\",\"position\":2,\"name\":\"Todo listo para la jornada sobre periodismo de proximidad de AMDComVal y Generalitat en Valencia\"}]},{\"@type\":\"WebSite\",\"@id\":\"https:\/\/amdcomval.com\/#website\",\"url\":\"https:\/\/amdcomval.com\/\",\"name\":\"AMDComVal - Associaci\u00f3 de Mitjans Digitals de la Comunitat Valenciana\",\"description\":\"Web oficial de la Associaci\u00f3 de Mitjans Digitals de la Comunitat Valenciana (AMDComVal). Por la profesionalizaci\u00f3n y dignificaci\u00f3n de los medios de comunicaci\u00f3n digital\",\"publisher\":{\"@id\":\"https:\/\/amdcomval.com\/#organization\"},\"potentialAction\":[{\"@type\":\"SearchAction\",\"target\":{\"@type\":\"EntryPoint\",\"urlTemplate\":\"https:\/\/amdcomval.com\/?s={search_term_string}\"},\"query-input\":{\"@type\":\"PropertyValueSpecification\",\"valueRequired\":true,\"valueName\":\"search_term_string\"}}],\"inLanguage\":\"val\"},{\"@type\":\"Organization\",\"@id\":\"https:\/\/amdcomval.com\/#organization\",\"name\":\"AMDComVal - Associaci\u00f3 de Mitjans Digitals de la Comunitat Valenciana\",\"url\":\"https:\/\/amdcomval.com\/\",\"logo\":{\"@type\":\"ImageObject\",\"inLanguage\":\"val\",\"@id\":\"https:\/\/amdcomval.com\/#\/schema\/logo\/image\/\",\"url\":\"https:\/\/amdcomval.com\/wp-content\/uploads\/2025\/10\/AMDComVal-logo-horizontal-2.png\",\"contentUrl\":\"https:\/\/amdcomval.com\/wp-content\/uploads\/2025\/10\/AMDComVal-logo-horizontal-2.png\",\"width\":2560,\"height\":936,\"caption\":\"AMDComVal - Associaci\u00f3 de Mitjans Digitals de la Comunitat Valenciana\"},\"image\":{\"@id\":\"https:\/\/amdcomval.com\/#\/schema\/logo\/image\/\"},\"sameAs\":[\"https:\/\/www.facebook.com\/Associaci-De-Mitjans-Digitals-238717099544439\/\",\"https:\/\/x.com\/AMDComVal\",\"https:\/\/www.linkedin.com\/groups\/3150654\/\"]},{\"@type\":\"Person\",\"@id\":\"https:\/\/amdcomval.com\/#\/schema\/person\/f15529598c810a38625abf10fd5bda3a\",\"name\":\"AMDComVal\",\"url\":\"https:\/\/amdcomval.com\/val\/author\/amdcomval\/\"}]}<\/script>\n<!-- \/ Yoast SEO plugin. -->","yoast_head_json":{"title":"Todo listo para la jornada sobre periodismo de proximidad de AMDComVal y Generalitat en Valencia - AMDComVal - Associaci\u00f3 de Mitjans Digitals de la Comunitat Valenciana","robots":{"index":"index","follow":"follow","max-snippet":"max-snippet:-1","max-image-preview":"max-image-preview:large","max-video-preview":"max-video-preview:-1"},"canonical":"https:\/\/amdcomval.com\/todo-listo-para-la-jornada-sobre-periodismo-de-proximidad-de-amdcomval-y-generalitat-en-valencia\/","og_locale":"en_US","og_type":"article","og_title":"Todo listo para la jornada sobre periodismo de proximidad de AMDComVal y Generalitat en Valencia - AMDComVal - Associaci\u00f3 de Mitjans Digitals de la Comunitat Valenciana","og_description":"La vicepresidenta del Consell, Susana Camarero, y el presidente de la Diputaci\u00f3n de Valencia, Vicente Momp\u00f3, ser\u00e1n los encargados de abrir y cerrar la nueva jornada sobre periodismo de proximidad que bajo el lema \u2018Tejiendo territorio\u2019 que la\u00a0Asociaci\u00f3n de Medios Digitales de la Comunitat Valenciana\u00a0(AMDComVal) y la\u00a0Generalitat\u00a0organizan conjuntamente este pr\u00f3ximo 17 de octubre en Dinapsis [&hellip;]","og_url":"https:\/\/amdcomval.com\/todo-listo-para-la-jornada-sobre-periodismo-de-proximidad-de-amdcomval-y-generalitat-en-valencia\/","og_site_name":"AMDComVal - Associaci\u00f3 de Mitjans Digitals de la Comunitat Valenciana","article_publisher":"https:\/\/www.facebook.com\/Associaci-De-Mitjans-Digitals-238717099544439\/","article_published_time":"2024-10-15T17:28:11+00:00","og_image":[{"width":2560,"height":1441,"url":"https:\/\/amdcomval.com\/wp-content\/uploads\/2024\/04\/jornadas-Tejiendo-Territorio-Alicante-2-scaled-1.jpeg","type":"image\/jpeg"}],"author":"AMDComVal","twitter_card":"summary_large_image","twitter_creator":"@AMDComVal","twitter_site":"@AMDComVal","twitter_misc":{"Written by":"AMDComVal","Est. reading time":"2 minutes"},"schema":{"@context":"https:\/\/schema.org","@graph":[{"@type":"Article","@id":"https:\/\/amdcomval.com\/todo-listo-para-la-jornada-sobre-periodismo-de-proximidad-de-amdcomval-y-generalitat-en-valencia\/#article","isPartOf":{"@id":"https:\/\/amdcomval.com\/todo-listo-para-la-jornada-sobre-periodismo-de-proximidad-de-amdcomval-y-generalitat-en-valencia\/"},"author":{"name":"AMDComVal","@id":"https:\/\/amdcomval.com\/#\/schema\/person\/f15529598c810a38625abf10fd5bda3a"},"headline":"Todo listo para la jornada sobre periodismo de proximidad de AMDComVal y Generalitat en Valencia","datePublished":"2024-10-15T17:28:11+00:00","mainEntityOfPage":{"@id":"https:\/\/amdcomval.com\/todo-listo-para-la-jornada-sobre-periodismo-de-proximidad-de-amdcomval-y-generalitat-en-valencia\/"},"wordCount":369,"commentCount":0,"publisher":{"@id":"https:\/\/amdcomval.com\/#organization"},"image":{"@id":"https:\/\/amdcomval.com\/todo-listo-para-la-jornada-sobre-periodismo-de-proximidad-de-amdcomval-y-generalitat-en-valencia\/#primaryimage"},"thumbnailUrl":"https:\/\/amdcomval.com\/wp-content\/uploads\/2024\/04\/jornadas-Tejiendo-Territorio-Alicante-2-scaled-1.jpeg","keywords":["Dinapsis","medios digitales","periodismo","periodismo de proximidad","Tejiendo Territorio","Valencia"],"articleSection":["Blog"],"inLanguage":"val","potentialAction":[{"@type":"CommentAction","name":"Comment","target":["https:\/\/amdcomval.com\/todo-listo-para-la-jornada-sobre-periodismo-de-proximidad-de-amdcomval-y-generalitat-en-valencia\/#respond"]}]},{"@type":"WebPage","@id":"https:\/\/amdcomval.com\/todo-listo-para-la-jornada-sobre-periodismo-de-proximidad-de-amdcomval-y-generalitat-en-valencia\/","url":"https:\/\/amdcomval.com\/todo-listo-para-la-jornada-sobre-periodismo-de-proximidad-de-amdcomval-y-generalitat-en-valencia\/","name":"Todo listo para la jornada sobre periodismo de proximidad de AMDComVal y Generalitat en Valencia - AMDComVal - Associaci\u00f3 de Mitjans Digitals de la Comunitat Valenciana","isPartOf":{"@id":"https:\/\/amdcomval.com\/#website"},"primaryImageOfPage":{"@id":"https:\/\/amdcomval.com\/todo-listo-para-la-jornada-sobre-periodismo-de-proximidad-de-amdcomval-y-generalitat-en-valencia\/#primaryimage"},"image":{"@id":"https:\/\/amdcomval.com\/todo-listo-para-la-jornada-sobre-periodismo-de-proximidad-de-amdcomval-y-generalitat-en-valencia\/#primaryimage"},"thumbnailUrl":"https:\/\/amdcomval.com\/wp-content\/uploads\/2024\/04\/jornadas-Tejiendo-Territorio-Alicante-2-scaled-1.jpeg","datePublished":"2024-10-15T17:28:11+00:00","breadcrumb":{"@id":"https:\/\/amdcomval.com\/todo-listo-para-la-jornada-sobre-periodismo-de-proximidad-de-amdcomval-y-generalitat-en-valencia\/#breadcrumb"},"inLanguage":"val","potentialAction":[{"@type":"ReadAction","target":["https:\/\/amdcomval.com\/todo-listo-para-la-jornada-sobre-periodismo-de-proximidad-de-amdcomval-y-generalitat-en-valencia\/"]}]},{"@type":"ImageObject","inLanguage":"val","@id":"https:\/\/amdcomval.com\/todo-listo-para-la-jornada-sobre-periodismo-de-proximidad-de-amdcomval-y-generalitat-en-valencia\/#primaryimage","url":"https:\/\/amdcomval.com\/wp-content\/uploads\/2024\/04\/jornadas-Tejiendo-Territorio-Alicante-2-scaled-1.jpeg","contentUrl":"https:\/\/amdcomval.com\/wp-content\/uploads\/2024\/04\/jornadas-Tejiendo-Territorio-Alicante-2-scaled-1.jpeg","width":2560,"height":1441,"caption":"jornadas Tejiendo Territorio Alicante"},{"@type":"BreadcrumbList","@id":"https:\/\/amdcomval.com\/todo-listo-para-la-jornada-sobre-periodismo-de-proximidad-de-amdcomval-y-generalitat-en-valencia\/#breadcrumb","itemListElement":[{"@type":"ListItem","position":1,"name":"Portada","item":"https:\/\/amdcomval.com\/val\/"},{"@type":"ListItem","position":2,"name":"Todo listo para la jornada sobre periodismo de proximidad de AMDComVal y Generalitat en Valencia"}]},{"@type":"WebSite","@id":"https:\/\/amdcomval.com\/#website","url":"https:\/\/amdcomval.com\/","name":"AMDComVal - Associaci\u00f3 de Mitjans Digitals de la Comunitat Valenciana","description":"Web oficial de la Associaci\u00f3 de Mitjans Digitals de la Comunitat Valenciana (AMDComVal). Por la profesionalizaci\u00f3n y dignificaci\u00f3n de los medios de comunicaci\u00f3n digital","publisher":{"@id":"https:\/\/amdcomval.com\/#organization"},"potentialAction":[{"@type":"SearchAction","target":{"@type":"EntryPoint","urlTemplate":"https:\/\/amdcomval.com\/?s={search_term_string}"},"query-input":{"@type":"PropertyValueSpecification","valueRequired":true,"valueName":"search_term_string"}}],"inLanguage":"val"},{"@type":"Organization","@id":"https:\/\/amdcomval.com\/#organization","name":"AMDComVal - Associaci\u00f3 de Mitjans Digitals de la Comunitat Valenciana","url":"https:\/\/amdcomval.com\/","logo":{"@type":"ImageObject","inLanguage":"val","@id":"https:\/\/amdcomval.com\/#\/schema\/logo\/image\/","url":"https:\/\/amdcomval.com\/wp-content\/uploads\/2025\/10\/AMDComVal-logo-horizontal-2.png","contentUrl":"https:\/\/amdcomval.com\/wp-content\/uploads\/2025\/10\/AMDComVal-logo-horizontal-2.png","width":2560,"height":936,"caption":"AMDComVal - Associaci\u00f3 de Mitjans Digitals de la Comunitat Valenciana"},"image":{"@id":"https:\/\/amdcomval.com\/#\/schema\/logo\/image\/"},"sameAs":["https:\/\/www.facebook.com\/Associaci-De-Mitjans-Digitals-238717099544439\/","https:\/\/x.com\/AMDComVal","https:\/\/www.linkedin.com\/groups\/3150654\/"]},{"@type":"Person","@id":"https:\/\/amdcomval.com\/#\/schema\/person\/f15529598c810a38625abf10fd5bda3a","name":"AMDComVal","url":"https:\/\/amdcomval.com\/val\/author\/amdcomval\/"}]}},"_links":{"self":[{"href":"https:\/\/amdcomval.com\/val\/wp-json\/wp\/v2\/posts\/2033","targetHints":{"allow":["GET"]}}],"collection":[{"href":"https:\/\/amdcomval.com\/val\/wp-json\/wp\/v2\/posts"}],"about":[{"href":"https:\/\/amdcomval.com\/val\/wp-json\/wp\/v2\/types\/post"}],"author":[{"embeddable":true,"href":"https:\/\/amdcomval.com\/val\/wp-json\/wp\/v2\/users\/4"}],"replies":[{"embeddable":true,"href":"https:\/\/amdcomval.com\/val\/wp-json\/wp\/v2\/comments?post=2033"}],"version-history":[{"count":0,"href":"https:\/\/amdcomval.com\/val\/wp-json\/wp\/v2\/posts\/2033\/revisions"}],"wp:featuredmedia":[{"embeddable":true,"href":"https:\/\/amdcomval.com\/val\/wp-json\/wp\/v2\/media\/1945"}],"wp:attachment":[{"href":"https:\/\/amdcomval.com\/val\/wp-json\/wp\/v2\/media?parent=2033"}],"wp:term":[{"taxonomy":"category","embeddable":true,"href":"https:\/\/amdcomval.com\/val\/wp-json\/wp\/v2\/categories?post=2033"},{"taxonomy":"post_tag","embeddable":true,"href":"https:\/\/amdcomval.com\/val\/wp-json\/wp\/v2\/tags?post=2033"}],"curies":[{"name":"wp","href":"https:\/\/api.w.org\/{rel}","templated":true}]}}