{"id":2277,"date":"2025-09-02T18:00:49","date_gmt":"2025-09-02T18:00:49","guid":{"rendered":"https:\/\/www.amdcomval.com\/?p=2277"},"modified":"2025-09-02T18:00:49","modified_gmt":"2025-09-02T18:00:49","slug":"la-asociacion-de-medios-digitales-de-la-comunidad-valenciana-muestra-su-solidaridad-con-los-periodistas-de-a-punt-agredidos-en-alcala-de-xivert","status":"publish","type":"post","link":"https:\/\/amdcomval.com\/val\/la-asociacion-de-medios-digitales-de-la-comunidad-valenciana-muestra-su-solidaridad-con-los-periodistas-de-a-punt-agredidos-en-alcala-de-xivert\/","title":{"rendered":"La Asociaci\u00f3n de Medios Digitales de la Comunidad Valenciana muestra su solidaridad con los periodistas de \u00c0 Punt agredidos en Alcal\u00e0 de Xivert"},"content":{"rendered":"<p>La Asociaci\u00f3n de Medios Digitales de la Comunidad Valenciana (AMDComVal) quiere expresar su m\u00e1s en\u00e9rgica condena a la agresi\u00f3n sufrida por dos profesionales de la delegaci\u00f3n de Castell\u00f3 de \u00c0 Punt mientras desempe\u00f1aban su labor informativa en la localidad de Alcal\u00e0 de Xivert.<\/p>\n<p>Desde la AMDComVal consideramos estos hechos un <strong>ataque intolerable en un estado democr\u00e1tico y de derecho<\/strong>, pues suponen una vulneraci\u00f3n del derecho constitucional a la libertad de prensa y del deber de los medios de comunicaci\u00f3n de informar con rigor a la ciudadan\u00eda.<\/p>\n<p>La Asociaci\u00f3n quiere trasladar todo su apoyo y solidaridad a los periodistas de \u00c0 Punt, as\u00ed como a la Corporaci\u00f3 Audiovisual de la Comunitat Valenciana, y hace un llamamiento a las instituciones y a las fuerzas de seguridad para que se tomen las medidas necesarias que garanticen la protecci\u00f3n de los profesionales de la comunicaci\u00f3n en el ejercicio de su labor.<\/p>\n<p>Reafirmamos, una vez m\u00e1s, que <strong>sin periodismo libre y sin periodistas seguros no hay democracia posible<\/strong>.<\/p>\n","protected":false},"excerpt":{"rendered":"<p>La Asociaci\u00f3n de Medios Digitales de la Comunidad Valenciana (AMDComVal) quiere expresar su m\u00e1s en\u00e9rgica condena a la agresi\u00f3n sufrida por dos profesionales de la delegaci\u00f3n de Castell\u00f3 de \u00c0 Punt mientras desempe\u00f1aban su labor informativa en la localidad de Alcal\u00e0 de Xivert. Desde la AMDComVal consideramos estos hechos un ataque intolerable en un estado [&hellip;]<\/p>\n","protected":false},"author":4,"featured_media":2279,"comment_status":"closed","ping_status":"open","sticky":false,"template":"","format":"standard","meta":{"_acf_changed":false,"footnotes":""},"categories":[17],"tags":[],"class_list":["post-2277","post","type-post","status-publish","format-standard","has-post-thumbnail","hentry","category-blog"],"acf":[],"yoast_head":"<!-- This site is optimized with the Yoast SEO plugin v26.3 - https:\/\/yoast.com\/wordpress\/plugins\/seo\/ -->\n<title>La Asociaci\u00f3n de Medios Digitales de la Comunidad Valenciana muestra su solidaridad con los periodistas de \u00c0 Punt agredidos en Alcal\u00e0 de Xivert - AMDComVal - Associaci\u00f3 de Mitjans Digitals de la Comunitat Valenciana<\/title>\n<meta name=\"robots\" content=\"index, follow, max-snippet:-1, max-image-preview:large, max-video-preview:-1\" \/>\n<link rel=\"canonical\" href=\"https:\/\/amdcomval.com\/la-asociacion-de-medios-digitales-de-la-comunidad-valenciana-muestra-su-solidaridad-con-los-periodistas-de-a-punt-agredidos-en-alcala-de-xivert\/\" \/>\n<meta property=\"og:locale\" content=\"en_US\" \/>\n<meta property=\"og:type\" content=\"article\" \/>\n<meta property=\"og:title\" content=\"La Asociaci\u00f3n de Medios Digitales de la Comunidad Valenciana muestra su solidaridad con los periodistas de \u00c0 Punt agredidos en Alcal\u00e0 de Xivert - AMDComVal - Associaci\u00f3 de Mitjans Digitals de la Comunitat Valenciana\" \/>\n<meta property=\"og:description\" content=\"La Asociaci\u00f3n de Medios Digitales de la Comunidad Valenciana (AMDComVal) quiere expresar su m\u00e1s en\u00e9rgica condena a la agresi\u00f3n sufrida por dos profesionales de la delegaci\u00f3n de Castell\u00f3 de \u00c0 Punt mientras desempe\u00f1aban su labor informativa en la localidad de Alcal\u00e0 de Xivert. Desde la AMDComVal consideramos estos hechos un ataque intolerable en un estado [&hellip;]\" \/>\n<meta property=\"og:url\" content=\"https:\/\/amdcomval.com\/la-asociacion-de-medios-digitales-de-la-comunidad-valenciana-muestra-su-solidaridad-con-los-periodistas-de-a-punt-agredidos-en-alcala-de-xivert\/\" \/>\n<meta property=\"og:site_name\" content=\"AMDComVal - Associaci\u00f3 de Mitjans Digitals de la Comunitat Valenciana\" \/>\n<meta property=\"article:publisher\" content=\"https:\/\/www.facebook.com\/Associaci-De-Mitjans-Digitals-238717099544439\/\" \/>\n<meta property=\"article:published_time\" content=\"2025-09-02T18:00:49+00:00\" \/>\n<meta property=\"og:image\" content=\"https:\/\/amdcomval.com\/wp-content\/uploads\/2025\/09\/insolito-dos-pastores-que-buscaban-cinco-vacas-perdidas-agreden-dos-periodistas-punt-alcala-xivert-c.jpeg\" \/>\n\t<meta property=\"og:image:width\" content=\"640\" \/>\n\t<meta property=\"og:image:height\" content=\"360\" \/>\n\t<meta property=\"og:image:type\" content=\"image\/jpeg\" \/>\n<meta name=\"author\" content=\"AMDComVal\" \/>\n<meta name=\"twitter:card\" content=\"summary_large_image\" \/>\n<meta name=\"twitter:creator\" content=\"@AMDComVal\" \/>\n<meta name=\"twitter:site\" content=\"@AMDComVal\" \/>\n<meta name=\"twitter:label1\" content=\"Written by\" \/>\n\t<meta name=\"twitter:data1\" content=\"AMDComVal\" \/>\n\t<meta name=\"twitter:label2\" content=\"Est. reading time\" \/>\n\t<meta name=\"twitter:data2\" content=\"1 minute\" \/>\n<script type=\"application\/ld+json\" class=\"yoast-schema-graph\">{\"@context\":\"https:\/\/schema.org\",\"@graph\":[{\"@type\":\"Article\",\"@id\":\"https:\/\/amdcomval.com\/la-asociacion-de-medios-digitales-de-la-comunidad-valenciana-muestra-su-solidaridad-con-los-periodistas-de-a-punt-agredidos-en-alcala-de-xivert\/#article\",\"isPartOf\":{\"@id\":\"https:\/\/amdcomval.com\/la-asociacion-de-medios-digitales-de-la-comunidad-valenciana-muestra-su-solidaridad-con-los-periodistas-de-a-punt-agredidos-en-alcala-de-xivert\/\"},\"author\":{\"name\":\"AMDComVal\",\"@id\":\"https:\/\/amdcomval.com\/#\/schema\/person\/f15529598c810a38625abf10fd5bda3a\"},\"headline\":\"La Asociaci\u00f3n de Medios Digitales de la Comunidad Valenciana muestra su solidaridad con los periodistas de \u00c0 Punt agredidos en Alcal\u00e0 de Xivert\",\"datePublished\":\"2025-09-02T18:00:49+00:00\",\"mainEntityOfPage\":{\"@id\":\"https:\/\/amdcomval.com\/la-asociacion-de-medios-digitales-de-la-comunidad-valenciana-muestra-su-solidaridad-con-los-periodistas-de-a-punt-agredidos-en-alcala-de-xivert\/\"},\"wordCount\":198,\"publisher\":{\"@id\":\"https:\/\/amdcomval.com\/#organization\"},\"image\":{\"@id\":\"https:\/\/amdcomval.com\/la-asociacion-de-medios-digitales-de-la-comunidad-valenciana-muestra-su-solidaridad-con-los-periodistas-de-a-punt-agredidos-en-alcala-de-xivert\/#primaryimage\"},\"thumbnailUrl\":\"https:\/\/amdcomval.com\/wp-content\/uploads\/2025\/09\/insolito-dos-pastores-que-buscaban-cinco-vacas-perdidas-agreden-dos-periodistas-punt-alcala-xivert-c.jpeg\",\"articleSection\":[\"Blog\"],\"inLanguage\":\"val\"},{\"@type\":\"WebPage\",\"@id\":\"https:\/\/amdcomval.com\/la-asociacion-de-medios-digitales-de-la-comunidad-valenciana-muestra-su-solidaridad-con-los-periodistas-de-a-punt-agredidos-en-alcala-de-xivert\/\",\"url\":\"https:\/\/amdcomval.com\/la-asociacion-de-medios-digitales-de-la-comunidad-valenciana-muestra-su-solidaridad-con-los-periodistas-de-a-punt-agredidos-en-alcala-de-xivert\/\",\"name\":\"La Asociaci\u00f3n de Medios Digitales de la Comunidad Valenciana muestra su solidaridad con los periodistas de \u00c0 Punt agredidos en Alcal\u00e0 de Xivert - AMDComVal - Associaci\u00f3 de Mitjans Digitals de la Comunitat Valenciana\",\"isPartOf\":{\"@id\":\"https:\/\/amdcomval.com\/#website\"},\"primaryImageOfPage\":{\"@id\":\"https:\/\/amdcomval.com\/la-asociacion-de-medios-digitales-de-la-comunidad-valenciana-muestra-su-solidaridad-con-los-periodistas-de-a-punt-agredidos-en-alcala-de-xivert\/#primaryimage\"},\"image\":{\"@id\":\"https:\/\/amdcomval.com\/la-asociacion-de-medios-digitales-de-la-comunidad-valenciana-muestra-su-solidaridad-con-los-periodistas-de-a-punt-agredidos-en-alcala-de-xivert\/#primaryimage\"},\"thumbnailUrl\":\"https:\/\/amdcomval.com\/wp-content\/uploads\/2025\/09\/insolito-dos-pastores-que-buscaban-cinco-vacas-perdidas-agreden-dos-periodistas-punt-alcala-xivert-c.jpeg\",\"datePublished\":\"2025-09-02T18:00:49+00:00\",\"breadcrumb\":{\"@id\":\"https:\/\/amdcomval.com\/la-asociacion-de-medios-digitales-de-la-comunidad-valenciana-muestra-su-solidaridad-con-los-periodistas-de-a-punt-agredidos-en-alcala-de-xivert\/#breadcrumb\"},\"inLanguage\":\"val\",\"potentialAction\":[{\"@type\":\"ReadAction\",\"target\":[\"https:\/\/amdcomval.com\/la-asociacion-de-medios-digitales-de-la-comunidad-valenciana-muestra-su-solidaridad-con-los-periodistas-de-a-punt-agredidos-en-alcala-de-xivert\/\"]}]},{\"@type\":\"ImageObject\",\"inLanguage\":\"val\",\"@id\":\"https:\/\/amdcomval.com\/la-asociacion-de-medios-digitales-de-la-comunidad-valenciana-muestra-su-solidaridad-con-los-periodistas-de-a-punt-agredidos-en-alcala-de-xivert\/#primaryimage\",\"url\":\"https:\/\/amdcomval.com\/wp-content\/uploads\/2025\/09\/insolito-dos-pastores-que-buscaban-cinco-vacas-perdidas-agreden-dos-periodistas-punt-alcala-xivert-c.jpeg\",\"contentUrl\":\"https:\/\/amdcomval.com\/wp-content\/uploads\/2025\/09\/insolito-dos-pastores-que-buscaban-cinco-vacas-perdidas-agreden-dos-periodistas-punt-alcala-xivert-c.jpeg\",\"width\":640,\"height\":360},{\"@type\":\"BreadcrumbList\",\"@id\":\"https:\/\/amdcomval.com\/la-asociacion-de-medios-digitales-de-la-comunidad-valenciana-muestra-su-solidaridad-con-los-periodistas-de-a-punt-agredidos-en-alcala-de-xivert\/#breadcrumb\",\"itemListElement\":[{\"@type\":\"ListItem\",\"position\":1,\"name\":\"Portada\",\"item\":\"https:\/\/amdcomval.com\/val\/\"},{\"@type\":\"ListItem\",\"position\":2,\"name\":\"La Asociaci\u00f3n de Medios Digitales de la Comunidad Valenciana muestra su solidaridad con los periodistas de \u00c0 Punt agredidos en Alcal\u00e0 de Xivert\"}]},{\"@type\":\"WebSite\",\"@id\":\"https:\/\/amdcomval.com\/#website\",\"url\":\"https:\/\/amdcomval.com\/\",\"name\":\"AMDComVal - Associaci\u00f3 de Mitjans Digitals de la Comunitat Valenciana\",\"description\":\"Web oficial de la Associaci\u00f3 de Mitjans Digitals de la Comunitat Valenciana (AMDComVal). Por la profesionalizaci\u00f3n y dignificaci\u00f3n de los medios de comunicaci\u00f3n digital\",\"publisher\":{\"@id\":\"https:\/\/amdcomval.com\/#organization\"},\"potentialAction\":[{\"@type\":\"SearchAction\",\"target\":{\"@type\":\"EntryPoint\",\"urlTemplate\":\"https:\/\/amdcomval.com\/?s={search_term_string}\"},\"query-input\":{\"@type\":\"PropertyValueSpecification\",\"valueRequired\":true,\"valueName\":\"search_term_string\"}}],\"inLanguage\":\"val\"},{\"@type\":\"Organization\",\"@id\":\"https:\/\/amdcomval.com\/#organization\",\"name\":\"AMDComVal - Associaci\u00f3 de Mitjans Digitals de la Comunitat Valenciana\",\"url\":\"https:\/\/amdcomval.com\/\",\"logo\":{\"@type\":\"ImageObject\",\"inLanguage\":\"val\",\"@id\":\"https:\/\/amdcomval.com\/#\/schema\/logo\/image\/\",\"url\":\"https:\/\/amdcomval.com\/wp-content\/uploads\/2025\/10\/AMDComVal-logo-horizontal-2.png\",\"contentUrl\":\"https:\/\/amdcomval.com\/wp-content\/uploads\/2025\/10\/AMDComVal-logo-horizontal-2.png\",\"width\":2560,\"height\":936,\"caption\":\"AMDComVal - Associaci\u00f3 de Mitjans Digitals de la Comunitat Valenciana\"},\"image\":{\"@id\":\"https:\/\/amdcomval.com\/#\/schema\/logo\/image\/\"},\"sameAs\":[\"https:\/\/www.facebook.com\/Associaci-De-Mitjans-Digitals-238717099544439\/\",\"https:\/\/x.com\/AMDComVal\",\"https:\/\/www.linkedin.com\/groups\/3150654\/\"]},{\"@type\":\"Person\",\"@id\":\"https:\/\/amdcomval.com\/#\/schema\/person\/f15529598c810a38625abf10fd5bda3a\",\"name\":\"AMDComVal\",\"url\":\"https:\/\/amdcomval.com\/val\/author\/amdcomval\/\"}]}<\/script>\n<!-- \/ Yoast SEO plugin. -->","yoast_head_json":{"title":"La Asociaci\u00f3n de Medios Digitales de la Comunidad Valenciana muestra su solidaridad con los periodistas de \u00c0 Punt agredidos en Alcal\u00e0 de Xivert - AMDComVal - Associaci\u00f3 de Mitjans Digitals de la Comunitat Valenciana","robots":{"index":"index","follow":"follow","max-snippet":"max-snippet:-1","max-image-preview":"max-image-preview:large","max-video-preview":"max-video-preview:-1"},"canonical":"https:\/\/amdcomval.com\/la-asociacion-de-medios-digitales-de-la-comunidad-valenciana-muestra-su-solidaridad-con-los-periodistas-de-a-punt-agredidos-en-alcala-de-xivert\/","og_locale":"en_US","og_type":"article","og_title":"La Asociaci\u00f3n de Medios Digitales de la Comunidad Valenciana muestra su solidaridad con los periodistas de \u00c0 Punt agredidos en Alcal\u00e0 de Xivert - AMDComVal - Associaci\u00f3 de Mitjans Digitals de la Comunitat Valenciana","og_description":"La Asociaci\u00f3n de Medios Digitales de la Comunidad Valenciana (AMDComVal) quiere expresar su m\u00e1s en\u00e9rgica condena a la agresi\u00f3n sufrida por dos profesionales de la delegaci\u00f3n de Castell\u00f3 de \u00c0 Punt mientras desempe\u00f1aban su labor informativa en la localidad de Alcal\u00e0 de Xivert. Desde la AMDComVal consideramos estos hechos un ataque intolerable en un estado [&hellip;]","og_url":"https:\/\/amdcomval.com\/la-asociacion-de-medios-digitales-de-la-comunidad-valenciana-muestra-su-solidaridad-con-los-periodistas-de-a-punt-agredidos-en-alcala-de-xivert\/","og_site_name":"AMDComVal - Associaci\u00f3 de Mitjans Digitals de la Comunitat Valenciana","article_publisher":"https:\/\/www.facebook.com\/Associaci-De-Mitjans-Digitals-238717099544439\/","article_published_time":"2025-09-02T18:00:49+00:00","og_image":[{"width":640,"height":360,"url":"https:\/\/amdcomval.com\/wp-content\/uploads\/2025\/09\/insolito-dos-pastores-que-buscaban-cinco-vacas-perdidas-agreden-dos-periodistas-punt-alcala-xivert-c.jpeg","type":"image\/jpeg"}],"author":"AMDComVal","twitter_card":"summary_large_image","twitter_creator":"@AMDComVal","twitter_site":"@AMDComVal","twitter_misc":{"Written by":"AMDComVal","Est. reading time":"1 minute"},"schema":{"@context":"https:\/\/schema.org","@graph":[{"@type":"Article","@id":"https:\/\/amdcomval.com\/la-asociacion-de-medios-digitales-de-la-comunidad-valenciana-muestra-su-solidaridad-con-los-periodistas-de-a-punt-agredidos-en-alcala-de-xivert\/#article","isPartOf":{"@id":"https:\/\/amdcomval.com\/la-asociacion-de-medios-digitales-de-la-comunidad-valenciana-muestra-su-solidaridad-con-los-periodistas-de-a-punt-agredidos-en-alcala-de-xivert\/"},"author":{"name":"AMDComVal","@id":"https:\/\/amdcomval.com\/#\/schema\/person\/f15529598c810a38625abf10fd5bda3a"},"headline":"La Asociaci\u00f3n de Medios Digitales de la Comunidad Valenciana muestra su solidaridad con los periodistas de \u00c0 Punt agredidos en Alcal\u00e0 de Xivert","datePublished":"2025-09-02T18:00:49+00:00","mainEntityOfPage":{"@id":"https:\/\/amdcomval.com\/la-asociacion-de-medios-digitales-de-la-comunidad-valenciana-muestra-su-solidaridad-con-los-periodistas-de-a-punt-agredidos-en-alcala-de-xivert\/"},"wordCount":198,"publisher":{"@id":"https:\/\/amdcomval.com\/#organization"},"image":{"@id":"https:\/\/amdcomval.com\/la-asociacion-de-medios-digitales-de-la-comunidad-valenciana-muestra-su-solidaridad-con-los-periodistas-de-a-punt-agredidos-en-alcala-de-xivert\/#primaryimage"},"thumbnailUrl":"https:\/\/amdcomval.com\/wp-content\/uploads\/2025\/09\/insolito-dos-pastores-que-buscaban-cinco-vacas-perdidas-agreden-dos-periodistas-punt-alcala-xivert-c.jpeg","articleSection":["Blog"],"inLanguage":"val"},{"@type":"WebPage","@id":"https:\/\/amdcomval.com\/la-asociacion-de-medios-digitales-de-la-comunidad-valenciana-muestra-su-solidaridad-con-los-periodistas-de-a-punt-agredidos-en-alcala-de-xivert\/","url":"https:\/\/amdcomval.com\/la-asociacion-de-medios-digitales-de-la-comunidad-valenciana-muestra-su-solidaridad-con-los-periodistas-de-a-punt-agredidos-en-alcala-de-xivert\/","name":"La Asociaci\u00f3n de Medios Digitales de la Comunidad Valenciana muestra su solidaridad con los periodistas de \u00c0 Punt agredidos en Alcal\u00e0 de Xivert - AMDComVal - Associaci\u00f3 de Mitjans Digitals de la Comunitat Valenciana","isPartOf":{"@id":"https:\/\/amdcomval.com\/#website"},"primaryImageOfPage":{"@id":"https:\/\/amdcomval.com\/la-asociacion-de-medios-digitales-de-la-comunidad-valenciana-muestra-su-solidaridad-con-los-periodistas-de-a-punt-agredidos-en-alcala-de-xivert\/#primaryimage"},"image":{"@id":"https:\/\/amdcomval.com\/la-asociacion-de-medios-digitales-de-la-comunidad-valenciana-muestra-su-solidaridad-con-los-periodistas-de-a-punt-agredidos-en-alcala-de-xivert\/#primaryimage"},"thumbnailUrl":"https:\/\/amdcomval.com\/wp-content\/uploads\/2025\/09\/insolito-dos-pastores-que-buscaban-cinco-vacas-perdidas-agreden-dos-periodistas-punt-alcala-xivert-c.jpeg","datePublished":"2025-09-02T18:00:49+00:00","breadcrumb":{"@id":"https:\/\/amdcomval.com\/la-asociacion-de-medios-digitales-de-la-comunidad-valenciana-muestra-su-solidaridad-con-los-periodistas-de-a-punt-agredidos-en-alcala-de-xivert\/#breadcrumb"},"inLanguage":"val","potentialAction":[{"@type":"ReadAction","target":["https:\/\/amdcomval.com\/la-asociacion-de-medios-digitales-de-la-comunidad-valenciana-muestra-su-solidaridad-con-los-periodistas-de-a-punt-agredidos-en-alcala-de-xivert\/"]}]},{"@type":"ImageObject","inLanguage":"val","@id":"https:\/\/amdcomval.com\/la-asociacion-de-medios-digitales-de-la-comunidad-valenciana-muestra-su-solidaridad-con-los-periodistas-de-a-punt-agredidos-en-alcala-de-xivert\/#primaryimage","url":"https:\/\/amdcomval.com\/wp-content\/uploads\/2025\/09\/insolito-dos-pastores-que-buscaban-cinco-vacas-perdidas-agreden-dos-periodistas-punt-alcala-xivert-c.jpeg","contentUrl":"https:\/\/amdcomval.com\/wp-content\/uploads\/2025\/09\/insolito-dos-pastores-que-buscaban-cinco-vacas-perdidas-agreden-dos-periodistas-punt-alcala-xivert-c.jpeg","width":640,"height":360},{"@type":"BreadcrumbList","@id":"https:\/\/amdcomval.com\/la-asociacion-de-medios-digitales-de-la-comunidad-valenciana-muestra-su-solidaridad-con-los-periodistas-de-a-punt-agredidos-en-alcala-de-xivert\/#breadcrumb","itemListElement":[{"@type":"ListItem","position":1,"name":"Portada","item":"https:\/\/amdcomval.com\/val\/"},{"@type":"ListItem","position":2,"name":"La Asociaci\u00f3n de Medios Digitales de la Comunidad Valenciana muestra su solidaridad con los periodistas de \u00c0 Punt agredidos en Alcal\u00e0 de Xivert"}]},{"@type":"WebSite","@id":"https:\/\/amdcomval.com\/#website","url":"https:\/\/amdcomval.com\/","name":"AMDComVal - Associaci\u00f3 de Mitjans Digitals de la Comunitat Valenciana","description":"Web oficial de la Associaci\u00f3 de Mitjans Digitals de la Comunitat Valenciana (AMDComVal). Por la profesionalizaci\u00f3n y dignificaci\u00f3n de los medios de comunicaci\u00f3n digital","publisher":{"@id":"https:\/\/amdcomval.com\/#organization"},"potentialAction":[{"@type":"SearchAction","target":{"@type":"EntryPoint","urlTemplate":"https:\/\/amdcomval.com\/?s={search_term_string}"},"query-input":{"@type":"PropertyValueSpecification","valueRequired":true,"valueName":"search_term_string"}}],"inLanguage":"val"},{"@type":"Organization","@id":"https:\/\/amdcomval.com\/#organization","name":"AMDComVal - Associaci\u00f3 de Mitjans Digitals de la Comunitat Valenciana","url":"https:\/\/amdcomval.com\/","logo":{"@type":"ImageObject","inLanguage":"val","@id":"https:\/\/amdcomval.com\/#\/schema\/logo\/image\/","url":"https:\/\/amdcomval.com\/wp-content\/uploads\/2025\/10\/AMDComVal-logo-horizontal-2.png","contentUrl":"https:\/\/amdcomval.com\/wp-content\/uploads\/2025\/10\/AMDComVal-logo-horizontal-2.png","width":2560,"height":936,"caption":"AMDComVal - Associaci\u00f3 de Mitjans Digitals de la Comunitat Valenciana"},"image":{"@id":"https:\/\/amdcomval.com\/#\/schema\/logo\/image\/"},"sameAs":["https:\/\/www.facebook.com\/Associaci-De-Mitjans-Digitals-238717099544439\/","https:\/\/x.com\/AMDComVal","https:\/\/www.linkedin.com\/groups\/3150654\/"]},{"@type":"Person","@id":"https:\/\/amdcomval.com\/#\/schema\/person\/f15529598c810a38625abf10fd5bda3a","name":"AMDComVal","url":"https:\/\/amdcomval.com\/val\/author\/amdcomval\/"}]}},"_links":{"self":[{"href":"https:\/\/amdcomval.com\/val\/wp-json\/wp\/v2\/posts\/2277","targetHints":{"allow":["GET"]}}],"collection":[{"href":"https:\/\/amdcomval.com\/val\/wp-json\/wp\/v2\/posts"}],"about":[{"href":"https:\/\/amdcomval.com\/val\/wp-json\/wp\/v2\/types\/post"}],"author":[{"embeddable":true,"href":"https:\/\/amdcomval.com\/val\/wp-json\/wp\/v2\/users\/4"}],"replies":[{"embeddable":true,"href":"https:\/\/amdcomval.com\/val\/wp-json\/wp\/v2\/comments?post=2277"}],"version-history":[{"count":0,"href":"https:\/\/amdcomval.com\/val\/wp-json\/wp\/v2\/posts\/2277\/revisions"}],"wp:featuredmedia":[{"embeddable":true,"href":"https:\/\/amdcomval.com\/val\/wp-json\/wp\/v2\/media\/2279"}],"wp:attachment":[{"href":"https:\/\/amdcomval.com\/val\/wp-json\/wp\/v2\/media?parent=2277"}],"wp:term":[{"taxonomy":"category","embeddable":true,"href":"https:\/\/amdcomval.com\/val\/wp-json\/wp\/v2\/categories?post=2277"},{"taxonomy":"post_tag","embeddable":true,"href":"https:\/\/amdcomval.com\/val\/wp-json\/wp\/v2\/tags?post=2277"}],"curies":[{"name":"wp","href":"https:\/\/api.w.org\/{rel}","templated":true}]}}