{"id":2699,"date":"2025-10-24T06:40:38","date_gmt":"2025-10-24T06:40:38","guid":{"rendered":"https:\/\/www.amdcomval.com\/?p=2295"},"modified":"2025-10-24T06:40:38","modified_gmt":"2025-10-24T06:40:38","slug":"amdcomval-participa-en-la-iii-jornada-contra-la-desinformacion-de-clabe","status":"publish","type":"post","link":"https:\/\/amdcomval.com\/val\/amdcomval-participa-en-la-iii-jornada-contra-la-desinformacion-de-clabe\/","title":{"rendered":"AMDComVal participa en la III Jornada contra la Desinformaci\u00f3n de CLABE"},"content":{"rendered":"<p><img loading=\"lazy\" decoding=\"async\" class=\"aligncenter size-large wp-image-2297\" src=\"https:\/\/amdcomval.com\/wp-content\/uploads\/2025\/10\/G39kZzCW4AAJ4xS-1024x823.jpeg\"  width=\"1024\" height=\"823\" \/>La Asociaci\u00f3n de Medios Digitales de la Comunidad Valenciana (AMDComVal) ha participado en la <strong data-start=\"204\" data-end=\"244\">III Jornada contra la desinformaci\u00f3n<\/strong> organizada por el Club Abierto de Editores (CLABE), celebrada en el Ateneo de Madrid y concebida como un gran punto de encuentro para periodistas, acad\u00e9micos y representantes institucionales comprometidos con la calidad informativa.<\/p>\n<p>Durante la jornada se analizaron el impacto y la evoluci\u00f3n de la desinformaci\u00f3n y se compartieron estrategias para combatirla, enmarcadas en la iniciativa <strong data-start=\"672\" data-end=\"705\">\u201cComprometidos con la verdad\u201d<\/strong>, impulsada por CLABE desde 2023. Entre los hitos del d\u00eda, se present\u00f3 la segunda edici\u00f3n del libro <em data-start=\"805\" data-end=\"885\">Comprometidos con la verdad. Propuestas para mejorar la calidad del periodismo<\/em>, coordinado por Ra\u00fal Magall\u00f3n (UC3M), distribuido gratuitamente a las personas asistentes.<\/p>\n<p class=\"not-prose mt-0! mb-0! flex-auto truncate\">AMDComVal estuvo representada por su presidente, <strong data-start=\"1065\" data-end=\"1087\">Santiago Calaforra<\/strong>, que intervino en la mesa <strong data-start=\"1114\" data-end=\"1163\">\u201cProfesionales de los medios de comunicaci\u00f3n\u201d<\/strong> junto a Miguel \u00c1ngel Noceda (FAPE) y Miguel L\u00f3pez-Quesada (DirCom), en un debate moderado por Purificaci\u00f3n Gonz\u00e1lez (Pressdigital Group). La sesi\u00f3n puso el foco en la cooperaci\u00f3n sectorial y en el refuerzo del rigor como ant\u00eddoto frente a los bulos.<\/p>\n<p><img loading=\"lazy\" decoding=\"async\" class=\"aligncenter size-large wp-image-2296\" src=\"https:\/\/amdcomval.com\/wp-content\/uploads\/2025\/10\/G37kVnkXsAANohe-1024x768.jpeg\"  width=\"1024\" height=\"768\" \/><\/p>\n<p class=\"not-prose mt-0! mb-0! flex-auto truncate\">El programa incluy\u00f3 ponencias de especialistas como <strong data-start=\"1505\" data-end=\"1525\">Ram\u00f3n Salaverr\u00eda<\/strong> (UNAV) y <strong data-start=\"1535\" data-end=\"1551\">Lucas Graves<\/strong> (UC3M), mesas sobre alfabetizaci\u00f3n medi\u00e1tica y verificaci\u00f3n \u2014con voces de EFE Verifica, Maldita.es y VerificaRTVE\u2014, y una intervenci\u00f3n del <strong data-start=\"1691\" data-end=\"1729\">Departamento de Seguridad Nacional<\/strong> que subray\u00f3 la relevancia de la desinformaci\u00f3n entre los principales riesgos para la seguridad del pa\u00eds.<\/p>\n<p class=\"not-prose mt-0! mb-0! flex-auto truncate\">La apertura corri\u00f3 a cargo de <strong data-start=\"1904\" data-end=\"1923\">Arsenio Escolar<\/strong>, presidente de CLABE, y la clausura reuni\u00f3 a Escolar y al periodista <strong data-start=\"1993\" data-end=\"2010\">\u00c1lex Grijelmo<\/strong>, consolidando un cierre que remarc\u00f3 la urgencia de defender la democracia mediante informaci\u00f3n veraz y transparente.<\/p>\n<p class=\"not-prose mt-0! mb-0! flex-auto truncate\">Con su participaci\u00f3n activa, <strong data-start=\"2196\" data-end=\"2232\">AMDComVal reafirma su compromiso<\/strong> con la transparencia, la responsabilidad editorial y la colaboraci\u00f3n entre medios para fortalecer la confianza ciudadana y la salud democr\u00e1tica.<\/p>\n<p class=\"not-prose mt-0! mb-0! flex-auto truncate\">\n","protected":false},"excerpt":{"rendered":"<p>La Asociaci\u00f3n de Medios Digitales de la Comunidad Valenciana (AMDComVal) ha participado en la III Jornada contra la desinformaci\u00f3n organizada por el Club Abierto de Editores (CLABE), celebrada en el Ateneo de Madrid y concebida como un gran punto de encuentro para periodistas, acad\u00e9micos y representantes institucionales comprometidos con la calidad informativa. Durante la jornada [&hellip;]<\/p>\n","protected":false},"author":5,"featured_media":2701,"comment_status":"closed","ping_status":"open","sticky":false,"template":"","format":"standard","meta":{"_acf_changed":false,"footnotes":""},"categories":[17],"tags":[483],"class_list":["post-2699","post","type-post","status-publish","format-standard","has-post-thumbnail","hentry","category-blog","tag-clabe"],"acf":[],"yoast_head":"<!-- This site is optimized with the Yoast SEO plugin v26.3 - https:\/\/yoast.com\/wordpress\/plugins\/seo\/ -->\n<title>AMDComVal participa en la III Jornada contra la Desinformaci\u00f3n de CLABE - AMDComVal - Associaci\u00f3 de Mitjans Digitals de la Comunitat Valenciana<\/title>\n<meta name=\"robots\" content=\"index, follow, max-snippet:-1, max-image-preview:large, max-video-preview:-1\" \/>\n<link rel=\"canonical\" href=\"https:\/\/amdcomval.com\/amdcomval-participa-en-la-iii-jornada-contra-la-desinformacion-de-clabe\/\" \/>\n<meta property=\"og:locale\" content=\"en_US\" \/>\n<meta property=\"og:type\" content=\"article\" \/>\n<meta property=\"og:title\" content=\"AMDComVal participa en la III Jornada contra la Desinformaci\u00f3n de CLABE - AMDComVal - Associaci\u00f3 de Mitjans Digitals de la Comunitat Valenciana\" \/>\n<meta property=\"og:description\" content=\"La Asociaci\u00f3n de Medios Digitales de la Comunidad Valenciana (AMDComVal) ha participado en la III Jornada contra la desinformaci\u00f3n organizada por el Club Abierto de Editores (CLABE), celebrada en el Ateneo de Madrid y concebida como un gran punto de encuentro para periodistas, acad\u00e9micos y representantes institucionales comprometidos con la calidad informativa. Durante la jornada [&hellip;]\" \/>\n<meta property=\"og:url\" content=\"https:\/\/amdcomval.com\/amdcomval-participa-en-la-iii-jornada-contra-la-desinformacion-de-clabe\/\" \/>\n<meta property=\"og:site_name\" content=\"AMDComVal - Associaci\u00f3 de Mitjans Digitals de la Comunitat Valenciana\" \/>\n<meta property=\"article:publisher\" content=\"https:\/\/www.facebook.com\/Associaci-De-Mitjans-Digitals-238717099544439\/\" \/>\n<meta property=\"article:published_time\" content=\"2025-10-24T06:40:38+00:00\" \/>\n<meta property=\"og:image\" content=\"https:\/\/amdcomval.com\/wp-content\/uploads\/2025\/10\/G39kZzCW4AAJ4xS.jpeg\" \/>\n\t<meta property=\"og:image:width\" content=\"2047\" \/>\n\t<meta property=\"og:image:height\" content=\"1645\" \/>\n\t<meta property=\"og:image:type\" content=\"image\/jpeg\" \/>\n<meta name=\"author\" content=\"Presidencia AMDComVal\" \/>\n<meta name=\"twitter:card\" content=\"summary_large_image\" \/>\n<meta name=\"twitter:creator\" content=\"@AMDComVal\" \/>\n<meta name=\"twitter:site\" content=\"@AMDComVal\" \/>\n<meta name=\"twitter:label1\" content=\"Written by\" \/>\n\t<meta name=\"twitter:data1\" content=\"Presidencia AMDComVal\" \/>\n\t<meta name=\"twitter:label2\" content=\"Est. reading time\" \/>\n\t<meta name=\"twitter:data2\" content=\"2 minutes\" \/>\n<script type=\"application\/ld+json\" class=\"yoast-schema-graph\">{\"@context\":\"https:\/\/schema.org\",\"@graph\":[{\"@type\":\"Article\",\"@id\":\"https:\/\/amdcomval.com\/amdcomval-participa-en-la-iii-jornada-contra-la-desinformacion-de-clabe\/#article\",\"isPartOf\":{\"@id\":\"https:\/\/amdcomval.com\/amdcomval-participa-en-la-iii-jornada-contra-la-desinformacion-de-clabe\/\"},\"author\":{\"name\":\"Presidencia AMDComVal\",\"@id\":\"https:\/\/amdcomval.com\/#\/schema\/person\/a2299e89b82fc08533fc113e46f2fd53\"},\"headline\":\"AMDComVal participa en la III Jornada contra la Desinformaci\u00f3n de CLABE\",\"datePublished\":\"2025-10-24T06:40:38+00:00\",\"mainEntityOfPage\":{\"@id\":\"https:\/\/amdcomval.com\/amdcomval-participa-en-la-iii-jornada-contra-la-desinformacion-de-clabe\/\"},\"wordCount\":337,\"publisher\":{\"@id\":\"https:\/\/amdcomval.com\/#organization\"},\"image\":{\"@id\":\"https:\/\/amdcomval.com\/amdcomval-participa-en-la-iii-jornada-contra-la-desinformacion-de-clabe\/#primaryimage\"},\"thumbnailUrl\":\"https:\/\/amdcomval.com\/wp-content\/uploads\/2025\/10\/G39kZzCW4AAJ4xS.jpeg\",\"keywords\":[\"CLABE\"],\"articleSection\":[\"Blog\"],\"inLanguage\":\"val\"},{\"@type\":\"WebPage\",\"@id\":\"https:\/\/amdcomval.com\/amdcomval-participa-en-la-iii-jornada-contra-la-desinformacion-de-clabe\/\",\"url\":\"https:\/\/amdcomval.com\/amdcomval-participa-en-la-iii-jornada-contra-la-desinformacion-de-clabe\/\",\"name\":\"AMDComVal participa en la III Jornada contra la Desinformaci\u00f3n de CLABE - AMDComVal - Associaci\u00f3 de Mitjans Digitals de la Comunitat Valenciana\",\"isPartOf\":{\"@id\":\"https:\/\/amdcomval.com\/#website\"},\"primaryImageOfPage\":{\"@id\":\"https:\/\/amdcomval.com\/amdcomval-participa-en-la-iii-jornada-contra-la-desinformacion-de-clabe\/#primaryimage\"},\"image\":{\"@id\":\"https:\/\/amdcomval.com\/amdcomval-participa-en-la-iii-jornada-contra-la-desinformacion-de-clabe\/#primaryimage\"},\"thumbnailUrl\":\"https:\/\/amdcomval.com\/wp-content\/uploads\/2025\/10\/G39kZzCW4AAJ4xS.jpeg\",\"datePublished\":\"2025-10-24T06:40:38+00:00\",\"breadcrumb\":{\"@id\":\"https:\/\/amdcomval.com\/amdcomval-participa-en-la-iii-jornada-contra-la-desinformacion-de-clabe\/#breadcrumb\"},\"inLanguage\":\"val\",\"potentialAction\":[{\"@type\":\"ReadAction\",\"target\":[\"https:\/\/amdcomval.com\/amdcomval-participa-en-la-iii-jornada-contra-la-desinformacion-de-clabe\/\"]}]},{\"@type\":\"ImageObject\",\"inLanguage\":\"val\",\"@id\":\"https:\/\/amdcomval.com\/amdcomval-participa-en-la-iii-jornada-contra-la-desinformacion-de-clabe\/#primaryimage\",\"url\":\"https:\/\/amdcomval.com\/wp-content\/uploads\/2025\/10\/G39kZzCW4AAJ4xS.jpeg\",\"contentUrl\":\"https:\/\/amdcomval.com\/wp-content\/uploads\/2025\/10\/G39kZzCW4AAJ4xS.jpeg\",\"width\":2047,\"height\":1645},{\"@type\":\"BreadcrumbList\",\"@id\":\"https:\/\/amdcomval.com\/amdcomval-participa-en-la-iii-jornada-contra-la-desinformacion-de-clabe\/#breadcrumb\",\"itemListElement\":[{\"@type\":\"ListItem\",\"position\":1,\"name\":\"Portada\",\"item\":\"https:\/\/amdcomval.com\/val\/\"},{\"@type\":\"ListItem\",\"position\":2,\"name\":\"AMDComVal participa en la III Jornada contra la Desinformaci\u00f3n de CLABE\"}]},{\"@type\":\"WebSite\",\"@id\":\"https:\/\/amdcomval.com\/#website\",\"url\":\"https:\/\/amdcomval.com\/\",\"name\":\"AMDComVal - Associaci\u00f3 de Mitjans Digitals de la Comunitat Valenciana\",\"description\":\"Web oficial de la Associaci\u00f3 de Mitjans Digitals de la Comunitat Valenciana (AMDComVal). Por la profesionalizaci\u00f3n y dignificaci\u00f3n de los medios de comunicaci\u00f3n digital\",\"publisher\":{\"@id\":\"https:\/\/amdcomval.com\/#organization\"},\"potentialAction\":[{\"@type\":\"SearchAction\",\"target\":{\"@type\":\"EntryPoint\",\"urlTemplate\":\"https:\/\/amdcomval.com\/?s={search_term_string}\"},\"query-input\":{\"@type\":\"PropertyValueSpecification\",\"valueRequired\":true,\"valueName\":\"search_term_string\"}}],\"inLanguage\":\"val\"},{\"@type\":\"Organization\",\"@id\":\"https:\/\/amdcomval.com\/#organization\",\"name\":\"AMDComVal - Associaci\u00f3 de Mitjans Digitals de la Comunitat Valenciana\",\"url\":\"https:\/\/amdcomval.com\/\",\"logo\":{\"@type\":\"ImageObject\",\"inLanguage\":\"val\",\"@id\":\"https:\/\/amdcomval.com\/#\/schema\/logo\/image\/\",\"url\":\"https:\/\/amdcomval.com\/wp-content\/uploads\/2025\/10\/AMDComVal-logo-horizontal-2.png\",\"contentUrl\":\"https:\/\/amdcomval.com\/wp-content\/uploads\/2025\/10\/AMDComVal-logo-horizontal-2.png\",\"width\":2560,\"height\":936,\"caption\":\"AMDComVal - Associaci\u00f3 de Mitjans Digitals de la Comunitat Valenciana\"},\"image\":{\"@id\":\"https:\/\/amdcomval.com\/#\/schema\/logo\/image\/\"},\"sameAs\":[\"https:\/\/www.facebook.com\/Associaci-De-Mitjans-Digitals-238717099544439\/\",\"https:\/\/x.com\/AMDComVal\",\"https:\/\/www.linkedin.com\/groups\/3150654\/\"]},{\"@type\":\"Person\",\"@id\":\"https:\/\/amdcomval.com\/#\/schema\/person\/a2299e89b82fc08533fc113e46f2fd53\",\"name\":\"Presidencia AMDComVal\",\"url\":\"https:\/\/amdcomval.com\/val\/author\/presidencia\/\"}]}<\/script>\n<!-- \/ Yoast SEO plugin. -->","yoast_head_json":{"title":"AMDComVal participa en la III Jornada contra la Desinformaci\u00f3n de CLABE - AMDComVal - Associaci\u00f3 de Mitjans Digitals de la Comunitat Valenciana","robots":{"index":"index","follow":"follow","max-snippet":"max-snippet:-1","max-image-preview":"max-image-preview:large","max-video-preview":"max-video-preview:-1"},"canonical":"https:\/\/amdcomval.com\/amdcomval-participa-en-la-iii-jornada-contra-la-desinformacion-de-clabe\/","og_locale":"en_US","og_type":"article","og_title":"AMDComVal participa en la III Jornada contra la Desinformaci\u00f3n de CLABE - AMDComVal - Associaci\u00f3 de Mitjans Digitals de la Comunitat Valenciana","og_description":"La Asociaci\u00f3n de Medios Digitales de la Comunidad Valenciana (AMDComVal) ha participado en la III Jornada contra la desinformaci\u00f3n organizada por el Club Abierto de Editores (CLABE), celebrada en el Ateneo de Madrid y concebida como un gran punto de encuentro para periodistas, acad\u00e9micos y representantes institucionales comprometidos con la calidad informativa. Durante la jornada [&hellip;]","og_url":"https:\/\/amdcomval.com\/amdcomval-participa-en-la-iii-jornada-contra-la-desinformacion-de-clabe\/","og_site_name":"AMDComVal - Associaci\u00f3 de Mitjans Digitals de la Comunitat Valenciana","article_publisher":"https:\/\/www.facebook.com\/Associaci-De-Mitjans-Digitals-238717099544439\/","article_published_time":"2025-10-24T06:40:38+00:00","og_image":[{"width":2047,"height":1645,"url":"https:\/\/amdcomval.com\/wp-content\/uploads\/2025\/10\/G39kZzCW4AAJ4xS.jpeg","type":"image\/jpeg"}],"author":"Presidencia AMDComVal","twitter_card":"summary_large_image","twitter_creator":"@AMDComVal","twitter_site":"@AMDComVal","twitter_misc":{"Written by":"Presidencia AMDComVal","Est. reading time":"2 minutes"},"schema":{"@context":"https:\/\/schema.org","@graph":[{"@type":"Article","@id":"https:\/\/amdcomval.com\/amdcomval-participa-en-la-iii-jornada-contra-la-desinformacion-de-clabe\/#article","isPartOf":{"@id":"https:\/\/amdcomval.com\/amdcomval-participa-en-la-iii-jornada-contra-la-desinformacion-de-clabe\/"},"author":{"name":"Presidencia AMDComVal","@id":"https:\/\/amdcomval.com\/#\/schema\/person\/a2299e89b82fc08533fc113e46f2fd53"},"headline":"AMDComVal participa en la III Jornada contra la Desinformaci\u00f3n de CLABE","datePublished":"2025-10-24T06:40:38+00:00","mainEntityOfPage":{"@id":"https:\/\/amdcomval.com\/amdcomval-participa-en-la-iii-jornada-contra-la-desinformacion-de-clabe\/"},"wordCount":337,"publisher":{"@id":"https:\/\/amdcomval.com\/#organization"},"image":{"@id":"https:\/\/amdcomval.com\/amdcomval-participa-en-la-iii-jornada-contra-la-desinformacion-de-clabe\/#primaryimage"},"thumbnailUrl":"https:\/\/amdcomval.com\/wp-content\/uploads\/2025\/10\/G39kZzCW4AAJ4xS.jpeg","keywords":["CLABE"],"articleSection":["Blog"],"inLanguage":"val"},{"@type":"WebPage","@id":"https:\/\/amdcomval.com\/amdcomval-participa-en-la-iii-jornada-contra-la-desinformacion-de-clabe\/","url":"https:\/\/amdcomval.com\/amdcomval-participa-en-la-iii-jornada-contra-la-desinformacion-de-clabe\/","name":"AMDComVal participa en la III Jornada contra la Desinformaci\u00f3n de CLABE - AMDComVal - Associaci\u00f3 de Mitjans Digitals de la Comunitat Valenciana","isPartOf":{"@id":"https:\/\/amdcomval.com\/#website"},"primaryImageOfPage":{"@id":"https:\/\/amdcomval.com\/amdcomval-participa-en-la-iii-jornada-contra-la-desinformacion-de-clabe\/#primaryimage"},"image":{"@id":"https:\/\/amdcomval.com\/amdcomval-participa-en-la-iii-jornada-contra-la-desinformacion-de-clabe\/#primaryimage"},"thumbnailUrl":"https:\/\/amdcomval.com\/wp-content\/uploads\/2025\/10\/G39kZzCW4AAJ4xS.jpeg","datePublished":"2025-10-24T06:40:38+00:00","breadcrumb":{"@id":"https:\/\/amdcomval.com\/amdcomval-participa-en-la-iii-jornada-contra-la-desinformacion-de-clabe\/#breadcrumb"},"inLanguage":"val","potentialAction":[{"@type":"ReadAction","target":["https:\/\/amdcomval.com\/amdcomval-participa-en-la-iii-jornada-contra-la-desinformacion-de-clabe\/"]}]},{"@type":"ImageObject","inLanguage":"val","@id":"https:\/\/amdcomval.com\/amdcomval-participa-en-la-iii-jornada-contra-la-desinformacion-de-clabe\/#primaryimage","url":"https:\/\/amdcomval.com\/wp-content\/uploads\/2025\/10\/G39kZzCW4AAJ4xS.jpeg","contentUrl":"https:\/\/amdcomval.com\/wp-content\/uploads\/2025\/10\/G39kZzCW4AAJ4xS.jpeg","width":2047,"height":1645},{"@type":"BreadcrumbList","@id":"https:\/\/amdcomval.com\/amdcomval-participa-en-la-iii-jornada-contra-la-desinformacion-de-clabe\/#breadcrumb","itemListElement":[{"@type":"ListItem","position":1,"name":"Portada","item":"https:\/\/amdcomval.com\/val\/"},{"@type":"ListItem","position":2,"name":"AMDComVal participa en la III Jornada contra la Desinformaci\u00f3n de CLABE"}]},{"@type":"WebSite","@id":"https:\/\/amdcomval.com\/#website","url":"https:\/\/amdcomval.com\/","name":"AMDComVal - Associaci\u00f3 de Mitjans Digitals de la Comunitat Valenciana","description":"Web oficial de la Associaci\u00f3 de Mitjans Digitals de la Comunitat Valenciana (AMDComVal). Por la profesionalizaci\u00f3n y dignificaci\u00f3n de los medios de comunicaci\u00f3n digital","publisher":{"@id":"https:\/\/amdcomval.com\/#organization"},"potentialAction":[{"@type":"SearchAction","target":{"@type":"EntryPoint","urlTemplate":"https:\/\/amdcomval.com\/?s={search_term_string}"},"query-input":{"@type":"PropertyValueSpecification","valueRequired":true,"valueName":"search_term_string"}}],"inLanguage":"val"},{"@type":"Organization","@id":"https:\/\/amdcomval.com\/#organization","name":"AMDComVal - Associaci\u00f3 de Mitjans Digitals de la Comunitat Valenciana","url":"https:\/\/amdcomval.com\/","logo":{"@type":"ImageObject","inLanguage":"val","@id":"https:\/\/amdcomval.com\/#\/schema\/logo\/image\/","url":"https:\/\/amdcomval.com\/wp-content\/uploads\/2025\/10\/AMDComVal-logo-horizontal-2.png","contentUrl":"https:\/\/amdcomval.com\/wp-content\/uploads\/2025\/10\/AMDComVal-logo-horizontal-2.png","width":2560,"height":936,"caption":"AMDComVal - Associaci\u00f3 de Mitjans Digitals de la Comunitat Valenciana"},"image":{"@id":"https:\/\/amdcomval.com\/#\/schema\/logo\/image\/"},"sameAs":["https:\/\/www.facebook.com\/Associaci-De-Mitjans-Digitals-238717099544439\/","https:\/\/x.com\/AMDComVal","https:\/\/www.linkedin.com\/groups\/3150654\/"]},{"@type":"Person","@id":"https:\/\/amdcomval.com\/#\/schema\/person\/a2299e89b82fc08533fc113e46f2fd53","name":"Presidencia AMDComVal","url":"https:\/\/amdcomval.com\/val\/author\/presidencia\/"}]}},"_links":{"self":[{"href":"https:\/\/amdcomval.com\/val\/wp-json\/wp\/v2\/posts\/2699","targetHints":{"allow":["GET"]}}],"collection":[{"href":"https:\/\/amdcomval.com\/val\/wp-json\/wp\/v2\/posts"}],"about":[{"href":"https:\/\/amdcomval.com\/val\/wp-json\/wp\/v2\/types\/post"}],"author":[{"embeddable":true,"href":"https:\/\/amdcomval.com\/val\/wp-json\/wp\/v2\/users\/5"}],"replies":[{"embeddable":true,"href":"https:\/\/amdcomval.com\/val\/wp-json\/wp\/v2\/comments?post=2699"}],"version-history":[{"count":0,"href":"https:\/\/amdcomval.com\/val\/wp-json\/wp\/v2\/posts\/2699\/revisions"}],"wp:featuredmedia":[{"embeddable":true,"href":"https:\/\/amdcomval.com\/val\/wp-json\/wp\/v2\/media\/2701"}],"wp:attachment":[{"href":"https:\/\/amdcomval.com\/val\/wp-json\/wp\/v2\/media?parent=2699"}],"wp:term":[{"taxonomy":"category","embeddable":true,"href":"https:\/\/amdcomval.com\/val\/wp-json\/wp\/v2\/categories?post=2699"},{"taxonomy":"post_tag","embeddable":true,"href":"https:\/\/amdcomval.com\/val\/wp-json\/wp\/v2\/tags?post=2699"}],"curies":[{"name":"wp","href":"https:\/\/api.w.org\/{rel}","templated":true}]}}