{"id":2704,"date":"2025-10-03T09:22:01","date_gmt":"2025-10-03T09:22:01","guid":{"rendered":"https:\/\/www.amdcomval.com\/?p=2304"},"modified":"2025-10-03T09:22:01","modified_gmt":"2025-10-03T09:22:01","slug":"taller-marca-personal-para-periodistas-y-profesionales-de-la-comunicacion","status":"publish","type":"post","link":"https:\/\/amdcomval.com\/val\/taller-marca-personal-para-periodistas-y-profesionales-de-la-comunicacion\/","title":{"rendered":"Taller \u201cMarca personal para periodistas y profesionales de la comunicaci\u00f3n\u201d"},"content":{"rendered":"<p>AMDComVal lanza una nueva formaci\u00f3n pr\u00e1ctica para impulsar la marca personal de periodistas y profesionales del sector, con el t\u00edtulo \u201cMarca personal para periodistas y profesionales de la comunicaci\u00f3n\u201d.<\/p>\n<p>El taller se impartir\u00e1 en dos sesiones, los <strong>d\u00edas 23 de octubre y 3 de noviembre, de 9:30 a 11:30<\/strong>, en formato <strong>100% online<\/strong>. La inscripci\u00f3n ser\u00e1 <strong>gratuita para miembros de AMDComVal y de AdComunica<\/strong> y tendr\u00e1 un <strong>coste de 10 \u20ac<\/strong> para el resto de profesionales.<\/p>\n<p>La formaci\u00f3n estar\u00e1 a cargo de <strong>Stefania Brunori<\/strong>, estratega de marketing y marca personal, con m\u00e1s de 20 a\u00f1os de experiencia internacional en liderazgo, comunicaci\u00f3n y transformaci\u00f3n digital. Ha trabajado en Europa y Oriente Medio para compa\u00f1\u00edas como Nokia y Teka, es mentora de emprendedoras en Naciones Unidas y ha impartido dos charlas TEDx en Dub\u00e1i sobre prop\u00f3sito y liderazgo, adem\u00e1s de formarse en empat\u00eda e inteligencia emocional en BerkeleyX. Su foco es ayudar a l\u00edderes y organizaciones a crecer con prop\u00f3sito y centradas en las personas.<\/p>\n<p>&nbsp;<\/p>\n<p><strong>Objetivo<\/strong><\/p>\n<p>Capacitar a los participantes para <strong>definir y activar una marca personal s\u00f3lida y estrat\u00e9gica<\/strong>, que refuerce su liderazgo profesional, incremente la visibilidad de sus proyectos period\u00edsticos y emprendedores y contribuya a la proyecci\u00f3n del ecosistema de medios digitales valencianos.<\/p>\n<p><strong>\u00a0<\/strong><\/p>\n<p><strong>AGENDA<\/strong><\/p>\n<p><strong>1 \u2013 Descubre y define tu marca personal en el sector de comunicaci\u00f3n digital<\/strong><\/p>\n<p>Marca personal en entorno comunicaci\u00f3n: creaci\u00f3n de un &#8220;elevator pitch&#8221; personal<\/p>\n<p>Valores y fortalezas: descubrir que te hace \u00fanico\/a<\/p>\n<p><strong>2 \u2013 Potencia tu estilo de liderazgo emprendedor<\/strong><\/p>\n<p>Caracter\u00edsticas de un l\u00edder de \u00e9xito en la era digital<\/p>\n<p>Posicionamiento \u00fanico y diferenciaci\u00f3n frente a la saturaci\u00f3n informativa<\/p>\n<p>Como traspasar la pantalla en la era digital transmitir presencia y confianza en entornos digitales<\/p>\n<p><strong>3 \u2013 Sistema de 5 pasos para crear y lanzar tu marca personal<\/strong><\/p>\n<p>Elementos estrat\u00e9gicos y t\u00e1cticos para una marca personal exitosa<\/p>\n<p>Integraci\u00f3n de a IA en tu Marca Personal sin perder autenticidad<\/p>\n<p>Dise\u00f1o de un plan de acci\u00f3n (online y offline) para los pr\u00f3ximos 3 meses<\/p>\n<p><strong>4 \u2013 Actividades pr\u00e1cticas<\/strong><\/p>\n<p>&#8211; Estudio de casos de \u00e9xito de periodistas y medios digitales que han escalado su impacto, tanto a nivel nacional como internacional<\/p>\n<p>&#8211; Din\u00e1micas en grupo para identificar oportunidades comunes de colaboraci\u00f3n y posicionamiento sectorial.<\/p>\n<p>&#8211; Ejercicios individuales supervisados por Stefania Brunori con feedback personalizado.<\/p>\n<p><strong>\u00a0<\/strong><\/p>\n<p><strong>Qu\u00e9 te llevas<\/strong><\/p>\n<p>Al finalizar, cada participante tendr\u00e1 su <strong>elevator pitch<\/strong> para reforzar proyectos, una <strong>matriz de valores y fortalezas<\/strong> para comunicar confianza y autenticidad, una <strong>estrategia de diferenciaci\u00f3n y posicionamiento digital<\/strong>, un <strong>toolkit<\/strong> para comunicar con presencia en redes, medios y en entornos offline, y un <strong>plan de acci\u00f3n de 90 d\u00edas<\/strong> para integrar su marca personal en la estrategia del medio o negocio.<\/p>\n<p>&nbsp;<\/p>\n<p><strong>Fechas, formato y precio<\/strong><\/p>\n<ul>\n<li><strong>Fechas y horario:<\/strong> 23 de octubre y 3 de noviembre, de <strong>9:30 a 11:30<\/strong> (hora peninsular).<\/li>\n<li><strong>Modalidad:<\/strong> 100% online.<\/li>\n<li><strong>Precio:<\/strong> <strong>Gratuito<\/strong> para miembros de <strong>AMDComVal<\/strong> y <strong>AdComunica<\/strong>. <strong>10 \u20ac<\/strong> para otros profesionales.<\/li>\n<\/ul>\n<p>&nbsp;<\/p>\n<p><strong>Inscripci\u00f3n<\/strong><\/p>\n<p>Plazas limitadas. Si formas parte de AMDComVal o AdComunica, recuerda indicar el medio o la empresa en la que trabajas.<\/p>\n<p>Pincha aqu\u00ed para inscribirte<\/p>\n","protected":false},"excerpt":{"rendered":"<p>AMDComVal lanza una nueva formaci\u00f3n pr\u00e1ctica para impulsar la marca personal de periodistas y profesionales del sector, con el t\u00edtulo \u201cMarca personal para periodistas y profesionales de la comunicaci\u00f3n\u201d. El taller se impartir\u00e1 en dos sesiones, los d\u00edas 23 de octubre y 3 de noviembre, de 9:30 a 11:30, en formato 100% online. La inscripci\u00f3n [&hellip;]<\/p>\n","protected":false},"author":5,"featured_media":2705,"comment_status":"closed","ping_status":"open","sticky":false,"template":"","format":"standard","meta":{"_acf_changed":false,"footnotes":""},"categories":[485],"tags":[],"class_list":["post-2704","post","type-post","status-publish","format-standard","has-post-thumbnail","hentry","category-actualidad"],"acf":[],"yoast_head":"<!-- This site is optimized with the Yoast SEO plugin v26.3 - https:\/\/yoast.com\/wordpress\/plugins\/seo\/ -->\n<title>Taller \u201cMarca personal para periodistas y profesionales de la comunicaci\u00f3n\u201d Taller \u201cMarca personal para periodistas y profesionales de la comunicaci\u00f3n\u201d<\/title>\n<meta name=\"description\" content=\"AMDComVal lanza una nueva formaci\u00f3n pr\u00e1ctica para impulsar la marca personal de periodistas y profesionales del sector, con el t\u00edtulo \u201cMarca personal para El taller se impartir\u00e1 en dos sesiones, los d\u00edas 23 de octubre y 3 de noviembre, de 9:30 a 11:30, en formato 100% online.\" \/>\n<meta name=\"robots\" content=\"index, follow, max-snippet:-1, max-image-preview:large, max-video-preview:-1\" \/>\n<link rel=\"canonical\" href=\"https:\/\/amdcomval.com\/taller-marca-personal-para-periodistas-y-profesionales-de-la-comunicacion\/\" \/>\n<meta property=\"og:locale\" content=\"en_US\" \/>\n<meta property=\"og:type\" content=\"article\" \/>\n<meta property=\"og:title\" content=\"Taller \u201cMarca personal para periodistas y profesionales de la comunicaci\u00f3n\u201d Taller \u201cMarca personal para periodistas y profesionales de la comunicaci\u00f3n\u201d\" \/>\n<meta property=\"og:description\" content=\"AMDComVal lanza una nueva formaci\u00f3n pr\u00e1ctica para impulsar la marca personal de periodistas y profesionales del sector, con el t\u00edtulo \u201cMarca personal para El taller se impartir\u00e1 en dos sesiones, los d\u00edas 23 de octubre y 3 de noviembre, de 9:30 a 11:30, en formato 100% online.\" \/>\n<meta property=\"og:url\" content=\"https:\/\/amdcomval.com\/taller-marca-personal-para-periodistas-y-profesionales-de-la-comunicacion\/\" \/>\n<meta property=\"og:site_name\" content=\"AMDComVal - Associaci\u00f3 de Mitjans Digitals de la Comunitat Valenciana\" \/>\n<meta property=\"article:publisher\" content=\"https:\/\/www.facebook.com\/Associaci-De-Mitjans-Digitals-238717099544439\/\" \/>\n<meta property=\"article:published_time\" content=\"2025-10-03T09:22:01+00:00\" \/>\n<meta property=\"og:image\" content=\"https:\/\/amdcomval.com\/wp-content\/uploads\/2025\/11\/Taller-Marca-Personal-2.jpg\" \/>\n\t<meta property=\"og:image:width\" content=\"1080\" \/>\n\t<meta property=\"og:image:height\" content=\"1080\" \/>\n\t<meta property=\"og:image:type\" content=\"image\/jpeg\" \/>\n<meta name=\"author\" content=\"Presidencia AMDComVal\" \/>\n<meta name=\"twitter:card\" content=\"summary_large_image\" \/>\n<meta name=\"twitter:creator\" content=\"@AMDComVal\" \/>\n<meta name=\"twitter:site\" content=\"@AMDComVal\" \/>\n<meta name=\"twitter:label1\" content=\"Written by\" \/>\n\t<meta name=\"twitter:data1\" content=\"Presidencia AMDComVal\" \/>\n\t<meta name=\"twitter:label2\" content=\"Est. reading time\" \/>\n\t<meta name=\"twitter:data2\" content=\"1 minute\" \/>\n<script type=\"application\/ld+json\" class=\"yoast-schema-graph\">{\"@context\":\"https:\/\/schema.org\",\"@graph\":[{\"@type\":\"Article\",\"@id\":\"https:\/\/amdcomval.com\/taller-marca-personal-para-periodistas-y-profesionales-de-la-comunicacion\/#article\",\"isPartOf\":{\"@id\":\"https:\/\/amdcomval.com\/taller-marca-personal-para-periodistas-y-profesionales-de-la-comunicacion\/\"},\"author\":{\"name\":\"Presidencia AMDComVal\",\"@id\":\"https:\/\/amdcomval.com\/#\/schema\/person\/a2299e89b82fc08533fc113e46f2fd53\"},\"headline\":\"Taller \u201cMarca personal para periodistas y profesionales de la comunicaci\u00f3n\u201d\",\"datePublished\":\"2025-10-03T09:22:01+00:00\",\"mainEntityOfPage\":{\"@id\":\"https:\/\/amdcomval.com\/taller-marca-personal-para-periodistas-y-profesionales-de-la-comunicacion\/\"},\"wordCount\":532,\"publisher\":{\"@id\":\"https:\/\/amdcomval.com\/#organization\"},\"image\":{\"@id\":\"https:\/\/amdcomval.com\/taller-marca-personal-para-periodistas-y-profesionales-de-la-comunicacion\/#primaryimage\"},\"thumbnailUrl\":\"https:\/\/amdcomval.com\/wp-content\/uploads\/2025\/11\/Taller-Marca-Personal-2.jpg\",\"articleSection\":[\"actualidad\"],\"inLanguage\":\"val\"},{\"@type\":\"WebPage\",\"@id\":\"https:\/\/amdcomval.com\/taller-marca-personal-para-periodistas-y-profesionales-de-la-comunicacion\/\",\"url\":\"https:\/\/amdcomval.com\/taller-marca-personal-para-periodistas-y-profesionales-de-la-comunicacion\/\",\"name\":\"Taller \u201cMarca personal para periodistas y profesionales de la comunicaci\u00f3n\u201d Taller \u201cMarca personal para periodistas y profesionales de la comunicaci\u00f3n\u201d\",\"isPartOf\":{\"@id\":\"https:\/\/amdcomval.com\/#website\"},\"primaryImageOfPage\":{\"@id\":\"https:\/\/amdcomval.com\/taller-marca-personal-para-periodistas-y-profesionales-de-la-comunicacion\/#primaryimage\"},\"image\":{\"@id\":\"https:\/\/amdcomval.com\/taller-marca-personal-para-periodistas-y-profesionales-de-la-comunicacion\/#primaryimage\"},\"thumbnailUrl\":\"https:\/\/amdcomval.com\/wp-content\/uploads\/2025\/11\/Taller-Marca-Personal-2.jpg\",\"datePublished\":\"2025-10-03T09:22:01+00:00\",\"description\":\"AMDComVal lanza una nueva formaci\u00f3n pr\u00e1ctica para impulsar la marca personal de periodistas y profesionales del sector, con el t\u00edtulo \u201cMarca personal para El taller se impartir\u00e1 en dos sesiones, los d\u00edas 23 de octubre y 3 de noviembre, de 9:30 a 11:30, en formato 100% online.\",\"breadcrumb\":{\"@id\":\"https:\/\/amdcomval.com\/taller-marca-personal-para-periodistas-y-profesionales-de-la-comunicacion\/#breadcrumb\"},\"inLanguage\":\"val\",\"potentialAction\":[{\"@type\":\"ReadAction\",\"target\":[\"https:\/\/amdcomval.com\/taller-marca-personal-para-periodistas-y-profesionales-de-la-comunicacion\/\"]}]},{\"@type\":\"ImageObject\",\"inLanguage\":\"val\",\"@id\":\"https:\/\/amdcomval.com\/taller-marca-personal-para-periodistas-y-profesionales-de-la-comunicacion\/#primaryimage\",\"url\":\"https:\/\/amdcomval.com\/wp-content\/uploads\/2025\/11\/Taller-Marca-Personal-2.jpg\",\"contentUrl\":\"https:\/\/amdcomval.com\/wp-content\/uploads\/2025\/11\/Taller-Marca-Personal-2.jpg\",\"width\":1080,\"height\":1080},{\"@type\":\"BreadcrumbList\",\"@id\":\"https:\/\/amdcomval.com\/taller-marca-personal-para-periodistas-y-profesionales-de-la-comunicacion\/#breadcrumb\",\"itemListElement\":[{\"@type\":\"ListItem\",\"position\":1,\"name\":\"Portada\",\"item\":\"https:\/\/amdcomval.com\/val\/\"},{\"@type\":\"ListItem\",\"position\":2,\"name\":\"Taller \u201cMarca personal para periodistas y profesionales de la comunicaci\u00f3n\u201d\"}]},{\"@type\":\"WebSite\",\"@id\":\"https:\/\/amdcomval.com\/#website\",\"url\":\"https:\/\/amdcomval.com\/\",\"name\":\"AMDComVal - Associaci\u00f3 de Mitjans Digitals de la Comunitat Valenciana\",\"description\":\"Web oficial de la Associaci\u00f3 de Mitjans Digitals de la Comunitat Valenciana (AMDComVal). Por la profesionalizaci\u00f3n y dignificaci\u00f3n de los medios de comunicaci\u00f3n digital\",\"publisher\":{\"@id\":\"https:\/\/amdcomval.com\/#organization\"},\"potentialAction\":[{\"@type\":\"SearchAction\",\"target\":{\"@type\":\"EntryPoint\",\"urlTemplate\":\"https:\/\/amdcomval.com\/?s={search_term_string}\"},\"query-input\":{\"@type\":\"PropertyValueSpecification\",\"valueRequired\":true,\"valueName\":\"search_term_string\"}}],\"inLanguage\":\"val\"},{\"@type\":\"Organization\",\"@id\":\"https:\/\/amdcomval.com\/#organization\",\"name\":\"AMDComVal - Associaci\u00f3 de Mitjans Digitals de la Comunitat Valenciana\",\"url\":\"https:\/\/amdcomval.com\/\",\"logo\":{\"@type\":\"ImageObject\",\"inLanguage\":\"val\",\"@id\":\"https:\/\/amdcomval.com\/#\/schema\/logo\/image\/\",\"url\":\"https:\/\/amdcomval.com\/wp-content\/uploads\/2025\/10\/AMDComVal-logo-horizontal-2.png\",\"contentUrl\":\"https:\/\/amdcomval.com\/wp-content\/uploads\/2025\/10\/AMDComVal-logo-horizontal-2.png\",\"width\":2560,\"height\":936,\"caption\":\"AMDComVal - Associaci\u00f3 de Mitjans Digitals de la Comunitat Valenciana\"},\"image\":{\"@id\":\"https:\/\/amdcomval.com\/#\/schema\/logo\/image\/\"},\"sameAs\":[\"https:\/\/www.facebook.com\/Associaci-De-Mitjans-Digitals-238717099544439\/\",\"https:\/\/x.com\/AMDComVal\",\"https:\/\/www.linkedin.com\/groups\/3150654\/\"]},{\"@type\":\"Person\",\"@id\":\"https:\/\/amdcomval.com\/#\/schema\/person\/a2299e89b82fc08533fc113e46f2fd53\",\"name\":\"Presidencia AMDComVal\",\"url\":\"https:\/\/amdcomval.com\/val\/author\/presidencia\/\"}]}<\/script>\n<!-- \/ Yoast SEO plugin. -->","yoast_head_json":{"title":"Taller \u201cMarca personal para periodistas y profesionales de la comunicaci\u00f3n\u201d Taller \u201cMarca personal para periodistas y profesionales de la comunicaci\u00f3n\u201d","description":"AMDComVal lanza una nueva formaci\u00f3n pr\u00e1ctica para impulsar la marca personal de periodistas y profesionales del sector, con el t\u00edtulo \u201cMarca personal para El taller se impartir\u00e1 en dos sesiones, los d\u00edas 23 de octubre y 3 de noviembre, de 9:30 a 11:30, en formato 100% online.","robots":{"index":"index","follow":"follow","max-snippet":"max-snippet:-1","max-image-preview":"max-image-preview:large","max-video-preview":"max-video-preview:-1"},"canonical":"https:\/\/amdcomval.com\/taller-marca-personal-para-periodistas-y-profesionales-de-la-comunicacion\/","og_locale":"en_US","og_type":"article","og_title":"Taller \u201cMarca personal para periodistas y profesionales de la comunicaci\u00f3n\u201d Taller \u201cMarca personal para periodistas y profesionales de la comunicaci\u00f3n\u201d","og_description":"AMDComVal lanza una nueva formaci\u00f3n pr\u00e1ctica para impulsar la marca personal de periodistas y profesionales del sector, con el t\u00edtulo \u201cMarca personal para El taller se impartir\u00e1 en dos sesiones, los d\u00edas 23 de octubre y 3 de noviembre, de 9:30 a 11:30, en formato 100% online.","og_url":"https:\/\/amdcomval.com\/taller-marca-personal-para-periodistas-y-profesionales-de-la-comunicacion\/","og_site_name":"AMDComVal - Associaci\u00f3 de Mitjans Digitals de la Comunitat Valenciana","article_publisher":"https:\/\/www.facebook.com\/Associaci-De-Mitjans-Digitals-238717099544439\/","article_published_time":"2025-10-03T09:22:01+00:00","og_image":[{"width":1080,"height":1080,"url":"https:\/\/amdcomval.com\/wp-content\/uploads\/2025\/11\/Taller-Marca-Personal-2.jpg","type":"image\/jpeg"}],"author":"Presidencia AMDComVal","twitter_card":"summary_large_image","twitter_creator":"@AMDComVal","twitter_site":"@AMDComVal","twitter_misc":{"Written by":"Presidencia AMDComVal","Est. reading time":"1 minute"},"schema":{"@context":"https:\/\/schema.org","@graph":[{"@type":"Article","@id":"https:\/\/amdcomval.com\/taller-marca-personal-para-periodistas-y-profesionales-de-la-comunicacion\/#article","isPartOf":{"@id":"https:\/\/amdcomval.com\/taller-marca-personal-para-periodistas-y-profesionales-de-la-comunicacion\/"},"author":{"name":"Presidencia AMDComVal","@id":"https:\/\/amdcomval.com\/#\/schema\/person\/a2299e89b82fc08533fc113e46f2fd53"},"headline":"Taller \u201cMarca personal para periodistas y profesionales de la comunicaci\u00f3n\u201d","datePublished":"2025-10-03T09:22:01+00:00","mainEntityOfPage":{"@id":"https:\/\/amdcomval.com\/taller-marca-personal-para-periodistas-y-profesionales-de-la-comunicacion\/"},"wordCount":532,"publisher":{"@id":"https:\/\/amdcomval.com\/#organization"},"image":{"@id":"https:\/\/amdcomval.com\/taller-marca-personal-para-periodistas-y-profesionales-de-la-comunicacion\/#primaryimage"},"thumbnailUrl":"https:\/\/amdcomval.com\/wp-content\/uploads\/2025\/11\/Taller-Marca-Personal-2.jpg","articleSection":["actualidad"],"inLanguage":"val"},{"@type":"WebPage","@id":"https:\/\/amdcomval.com\/taller-marca-personal-para-periodistas-y-profesionales-de-la-comunicacion\/","url":"https:\/\/amdcomval.com\/taller-marca-personal-para-periodistas-y-profesionales-de-la-comunicacion\/","name":"Taller \u201cMarca personal para periodistas y profesionales de la comunicaci\u00f3n\u201d Taller \u201cMarca personal para periodistas y profesionales de la comunicaci\u00f3n\u201d","isPartOf":{"@id":"https:\/\/amdcomval.com\/#website"},"primaryImageOfPage":{"@id":"https:\/\/amdcomval.com\/taller-marca-personal-para-periodistas-y-profesionales-de-la-comunicacion\/#primaryimage"},"image":{"@id":"https:\/\/amdcomval.com\/taller-marca-personal-para-periodistas-y-profesionales-de-la-comunicacion\/#primaryimage"},"thumbnailUrl":"https:\/\/amdcomval.com\/wp-content\/uploads\/2025\/11\/Taller-Marca-Personal-2.jpg","datePublished":"2025-10-03T09:22:01+00:00","description":"AMDComVal lanza una nueva formaci\u00f3n pr\u00e1ctica para impulsar la marca personal de periodistas y profesionales del sector, con el t\u00edtulo \u201cMarca personal para El taller se impartir\u00e1 en dos sesiones, los d\u00edas 23 de octubre y 3 de noviembre, de 9:30 a 11:30, en formato 100% online.","breadcrumb":{"@id":"https:\/\/amdcomval.com\/taller-marca-personal-para-periodistas-y-profesionales-de-la-comunicacion\/#breadcrumb"},"inLanguage":"val","potentialAction":[{"@type":"ReadAction","target":["https:\/\/amdcomval.com\/taller-marca-personal-para-periodistas-y-profesionales-de-la-comunicacion\/"]}]},{"@type":"ImageObject","inLanguage":"val","@id":"https:\/\/amdcomval.com\/taller-marca-personal-para-periodistas-y-profesionales-de-la-comunicacion\/#primaryimage","url":"https:\/\/amdcomval.com\/wp-content\/uploads\/2025\/11\/Taller-Marca-Personal-2.jpg","contentUrl":"https:\/\/amdcomval.com\/wp-content\/uploads\/2025\/11\/Taller-Marca-Personal-2.jpg","width":1080,"height":1080},{"@type":"BreadcrumbList","@id":"https:\/\/amdcomval.com\/taller-marca-personal-para-periodistas-y-profesionales-de-la-comunicacion\/#breadcrumb","itemListElement":[{"@type":"ListItem","position":1,"name":"Portada","item":"https:\/\/amdcomval.com\/val\/"},{"@type":"ListItem","position":2,"name":"Taller \u201cMarca personal para periodistas y profesionales de la comunicaci\u00f3n\u201d"}]},{"@type":"WebSite","@id":"https:\/\/amdcomval.com\/#website","url":"https:\/\/amdcomval.com\/","name":"AMDComVal - Associaci\u00f3 de Mitjans Digitals de la Comunitat Valenciana","description":"Web oficial de la Associaci\u00f3 de Mitjans Digitals de la Comunitat Valenciana (AMDComVal). Por la profesionalizaci\u00f3n y dignificaci\u00f3n de los medios de comunicaci\u00f3n digital","publisher":{"@id":"https:\/\/amdcomval.com\/#organization"},"potentialAction":[{"@type":"SearchAction","target":{"@type":"EntryPoint","urlTemplate":"https:\/\/amdcomval.com\/?s={search_term_string}"},"query-input":{"@type":"PropertyValueSpecification","valueRequired":true,"valueName":"search_term_string"}}],"inLanguage":"val"},{"@type":"Organization","@id":"https:\/\/amdcomval.com\/#organization","name":"AMDComVal - Associaci\u00f3 de Mitjans Digitals de la Comunitat Valenciana","url":"https:\/\/amdcomval.com\/","logo":{"@type":"ImageObject","inLanguage":"val","@id":"https:\/\/amdcomval.com\/#\/schema\/logo\/image\/","url":"https:\/\/amdcomval.com\/wp-content\/uploads\/2025\/10\/AMDComVal-logo-horizontal-2.png","contentUrl":"https:\/\/amdcomval.com\/wp-content\/uploads\/2025\/10\/AMDComVal-logo-horizontal-2.png","width":2560,"height":936,"caption":"AMDComVal - Associaci\u00f3 de Mitjans Digitals de la Comunitat Valenciana"},"image":{"@id":"https:\/\/amdcomval.com\/#\/schema\/logo\/image\/"},"sameAs":["https:\/\/www.facebook.com\/Associaci-De-Mitjans-Digitals-238717099544439\/","https:\/\/x.com\/AMDComVal","https:\/\/www.linkedin.com\/groups\/3150654\/"]},{"@type":"Person","@id":"https:\/\/amdcomval.com\/#\/schema\/person\/a2299e89b82fc08533fc113e46f2fd53","name":"Presidencia AMDComVal","url":"https:\/\/amdcomval.com\/val\/author\/presidencia\/"}]}},"_links":{"self":[{"href":"https:\/\/amdcomval.com\/val\/wp-json\/wp\/v2\/posts\/2704","targetHints":{"allow":["GET"]}}],"collection":[{"href":"https:\/\/amdcomval.com\/val\/wp-json\/wp\/v2\/posts"}],"about":[{"href":"https:\/\/amdcomval.com\/val\/wp-json\/wp\/v2\/types\/post"}],"author":[{"embeddable":true,"href":"https:\/\/amdcomval.com\/val\/wp-json\/wp\/v2\/users\/5"}],"replies":[{"embeddable":true,"href":"https:\/\/amdcomval.com\/val\/wp-json\/wp\/v2\/comments?post=2704"}],"version-history":[{"count":0,"href":"https:\/\/amdcomval.com\/val\/wp-json\/wp\/v2\/posts\/2704\/revisions"}],"wp:featuredmedia":[{"embeddable":true,"href":"https:\/\/amdcomval.com\/val\/wp-json\/wp\/v2\/media\/2705"}],"wp:attachment":[{"href":"https:\/\/amdcomval.com\/val\/wp-json\/wp\/v2\/media?parent=2704"}],"wp:term":[{"taxonomy":"category","embeddable":true,"href":"https:\/\/amdcomval.com\/val\/wp-json\/wp\/v2\/categories?post=2704"},{"taxonomy":"post_tag","embeddable":true,"href":"https:\/\/amdcomval.com\/val\/wp-json\/wp\/v2\/tags?post=2704"}],"curies":[{"name":"wp","href":"https:\/\/api.w.org\/{rel}","templated":true}]}}