{"id":2712,"date":"2025-10-22T09:39:13","date_gmt":"2025-10-22T09:39:13","guid":{"rendered":"https:\/\/www.amdcomval.com\/?p=2316"},"modified":"2025-10-22T09:39:13","modified_gmt":"2025-10-22T09:39:13","slug":"amdcomval-lanza-curso-online-inteligencia-artificial-para-periodistas","status":"publish","type":"post","link":"https:\/\/amdcomval.com\/val\/amdcomval-lanza-curso-online-inteligencia-artificial-para-periodistas\/","title":{"rendered":"AMDComVal lanza curso online \u201cInteligencia Artificial para Periodistas\u201d"},"content":{"rendered":"<p>AMDComVal abre la inscripci\u00f3n para el curso \u201cInteligencia Artificial para Periodistas: de los asistentes a los workflows automatizados\u201d, una formaci\u00f3n 100% online de 9 horas repartidas en tres sesiones de 3 horas los d\u00edas 30 de octubre, 10 y 11 de noviembre. El programa est\u00e1 orientado a profesionales de los medios asociados a AMDComVal que quieran incorporar la IA a su trabajo diario \u2014desde la investigaci\u00f3n y la creaci\u00f3n de contenidos hasta la automatizaci\u00f3n de flujos y el an\u00e1lisis de impacto.<\/p>\n<p>La docencia correr\u00e1 a cargo de Gustavo Santana, CEO de ICRONO y experto en implantaci\u00f3n de IA aplicada a procesos, con experiencia docente en escuelas de negocio y proyectos reales de automatizaci\u00f3n, agentes y an\u00e1lisis de datos. Su enfoque es eminentemente pr\u00e1ctico y orientado a la toma de decisiones en redacciones.<\/p>\n<p>El itinerario combina fundamentos y aplicaci\u00f3n:<\/p>\n<p>Sesi\u00f3n 1 \u2013 Ecosistema de IA: de los chatbots a los modelos fundacionales (GPT, Gemini, Claude, Mistral), usos por tipo de medio y un taller para comparar titulares y medir su \u201cpotencial noticiable\u201d. Entregable: matriz comparativa de titulares con recomendaciones de uso.<\/p>\n<p>Sesi\u00f3n 2 \u2013 Workflows y RPAs: paso del asistente puntual a flujos automatizados con n8n, Make o Zapier, integraciones con Google Sheets\/Notion\/Slack\/WordPress y gesti\u00f3n segura de credenciales. Entregable: workflow funcional de detecci\u00f3n y priorizaci\u00f3n de noticias.<\/p>\n<p>Sesi\u00f3n 3 \u2013 Agentes y an\u00e1lisis de repercusi\u00f3n: construcci\u00f3n de agentes IA con autonom\u00eda y uso de herramientas; monitorizaci\u00f3n de redes y medios, dashboards din\u00e1micos y medici\u00f3n de difusi\u00f3n\/engagement. Entregable: prototipo aplicado (agente o flujo) para la redacci\u00f3n.<\/p>\n<p>Quienes completen el curso saldr\u00e1n con competencias para: dise\u00f1ar prompts estrat\u00e9gicos, construir workflows automatizados robustos, analizar repercusi\u00f3n en tiempo real y crear agentes inteligentes que apoyen la priorizaci\u00f3n editorial y liberen tiempo para tareas de mayor valor period\u00edstico.<\/p>\n<p>Inscripci\u00f3n<br \/>\nLa formaci\u00f3n se impartir\u00e1 en directo y online. Los periodistas de los medios asociados a AMDComVal pueden inscribirse a trav\u00e9s de los canales habituales de la asociaci\u00f3n (web y comunicaciones internas). Las plazas son limitadas y se confirmar\u00e1n por orden de solicitud.<\/p>\n<p>Pincha en este enlace para inscribirte<\/p>\n","protected":false},"excerpt":{"rendered":"<p>AMDComVal abre la inscripci\u00f3n para el curso \u201cInteligencia Artificial para Periodistas: de los asistentes a los workflows automatizados\u201d, una formaci\u00f3n 100% online de 9 horas repartidas en tres sesiones de 3 horas los d\u00edas 30 de octubre, 10 y 11 de noviembre. El programa est\u00e1 orientado a profesionales de los medios asociados a AMDComVal que [&hellip;]<\/p>\n","protected":false},"author":5,"featured_media":2713,"comment_status":"closed","ping_status":"open","sticky":false,"template":"","format":"standard","meta":{"_acf_changed":false,"footnotes":""},"categories":[485],"tags":[],"class_list":["post-2712","post","type-post","status-publish","format-standard","has-post-thumbnail","hentry","category-actualidad"],"acf":[],"yoast_head":"<!-- This site is optimized with the Yoast SEO plugin v26.3 - https:\/\/yoast.com\/wordpress\/plugins\/seo\/ -->\n<title>AMDComVal lanza curso online \u201cInteligencia Artificial para Periodistas\u201d AMDComVal lanza curso online \u201cInteligencia Artificial para Periodistas\u201d<\/title>\n<meta name=\"description\" content=\"AMDComVal abre la inscripci\u00f3n para el curso \u201cInteligencia Artificial para Periodistas: de los asistentes a los workflows automatizados\u201d, una formaci\u00f3n La docencia correr\u00e1 a cargo de Gustavo Santana, CEO de ICRONO y experto en implantaci\u00f3n de IA aplicada a procesos\" \/>\n<meta name=\"robots\" content=\"index, follow, max-snippet:-1, max-image-preview:large, max-video-preview:-1\" \/>\n<link rel=\"canonical\" href=\"https:\/\/amdcomval.com\/amdcomval-lanza-curso-online-inteligencia-artificial-para-periodistas\/\" \/>\n<meta property=\"og:locale\" content=\"en_US\" \/>\n<meta property=\"og:type\" content=\"article\" \/>\n<meta property=\"og:title\" content=\"AMDComVal lanza curso online \u201cInteligencia Artificial para Periodistas\u201d AMDComVal lanza curso online \u201cInteligencia Artificial para Periodistas\u201d\" \/>\n<meta property=\"og:description\" content=\"AMDComVal abre la inscripci\u00f3n para el curso \u201cInteligencia Artificial para Periodistas: de los asistentes a los workflows automatizados\u201d, una formaci\u00f3n La docencia correr\u00e1 a cargo de Gustavo Santana, CEO de ICRONO y experto en implantaci\u00f3n de IA aplicada a procesos\" \/>\n<meta property=\"og:url\" content=\"https:\/\/amdcomval.com\/amdcomval-lanza-curso-online-inteligencia-artificial-para-periodistas\/\" \/>\n<meta property=\"og:site_name\" content=\"AMDComVal - Associaci\u00f3 de Mitjans Digitals de la Comunitat Valenciana\" \/>\n<meta property=\"article:publisher\" content=\"https:\/\/www.facebook.com\/Associaci-De-Mitjans-Digitals-238717099544439\/\" \/>\n<meta property=\"article:published_time\" content=\"2025-10-22T09:39:13+00:00\" \/>\n<meta property=\"og:image\" content=\"https:\/\/amdcomval.com\/wp-content\/uploads\/2025\/11\/IA-Periodistas-2.jpg\" \/>\n\t<meta property=\"og:image:width\" content=\"1080\" \/>\n\t<meta property=\"og:image:height\" content=\"1080\" \/>\n\t<meta property=\"og:image:type\" content=\"image\/jpeg\" \/>\n<meta name=\"author\" content=\"Presidencia AMDComVal\" \/>\n<meta name=\"twitter:card\" content=\"summary_large_image\" \/>\n<meta name=\"twitter:creator\" content=\"@AMDComVal\" \/>\n<meta name=\"twitter:site\" content=\"@AMDComVal\" \/>\n<meta name=\"twitter:label1\" content=\"Written by\" \/>\n\t<meta name=\"twitter:data1\" content=\"Presidencia AMDComVal\" \/>\n\t<meta name=\"twitter:label2\" content=\"Est. reading time\" \/>\n\t<meta name=\"twitter:data2\" content=\"1 minute\" \/>\n<script type=\"application\/ld+json\" class=\"yoast-schema-graph\">{\"@context\":\"https:\/\/schema.org\",\"@graph\":[{\"@type\":\"Article\",\"@id\":\"https:\/\/amdcomval.com\/amdcomval-lanza-curso-online-inteligencia-artificial-para-periodistas\/#article\",\"isPartOf\":{\"@id\":\"https:\/\/amdcomval.com\/amdcomval-lanza-curso-online-inteligencia-artificial-para-periodistas\/\"},\"author\":{\"name\":\"Presidencia AMDComVal\",\"@id\":\"https:\/\/amdcomval.com\/#\/schema\/person\/a2299e89b82fc08533fc113e46f2fd53\"},\"headline\":\"AMDComVal lanza curso online \u201cInteligencia Artificial para Periodistas\u201d\",\"datePublished\":\"2025-10-22T09:39:13+00:00\",\"mainEntityOfPage\":{\"@id\":\"https:\/\/amdcomval.com\/amdcomval-lanza-curso-online-inteligencia-artificial-para-periodistas\/\"},\"wordCount\":380,\"publisher\":{\"@id\":\"https:\/\/amdcomval.com\/#organization\"},\"image\":{\"@id\":\"https:\/\/amdcomval.com\/amdcomval-lanza-curso-online-inteligencia-artificial-para-periodistas\/#primaryimage\"},\"thumbnailUrl\":\"https:\/\/amdcomval.com\/wp-content\/uploads\/2025\/11\/IA-Periodistas-2.jpg\",\"articleSection\":[\"actualidad\"],\"inLanguage\":\"val\"},{\"@type\":\"WebPage\",\"@id\":\"https:\/\/amdcomval.com\/amdcomval-lanza-curso-online-inteligencia-artificial-para-periodistas\/\",\"url\":\"https:\/\/amdcomval.com\/amdcomval-lanza-curso-online-inteligencia-artificial-para-periodistas\/\",\"name\":\"AMDComVal lanza curso online \u201cInteligencia Artificial para Periodistas\u201d AMDComVal lanza curso online \u201cInteligencia Artificial para Periodistas\u201d\",\"isPartOf\":{\"@id\":\"https:\/\/amdcomval.com\/#website\"},\"primaryImageOfPage\":{\"@id\":\"https:\/\/amdcomval.com\/amdcomval-lanza-curso-online-inteligencia-artificial-para-periodistas\/#primaryimage\"},\"image\":{\"@id\":\"https:\/\/amdcomval.com\/amdcomval-lanza-curso-online-inteligencia-artificial-para-periodistas\/#primaryimage\"},\"thumbnailUrl\":\"https:\/\/amdcomval.com\/wp-content\/uploads\/2025\/11\/IA-Periodistas-2.jpg\",\"datePublished\":\"2025-10-22T09:39:13+00:00\",\"description\":\"AMDComVal abre la inscripci\u00f3n para el curso \u201cInteligencia Artificial para Periodistas: de los asistentes a los workflows automatizados\u201d, una formaci\u00f3n La docencia correr\u00e1 a cargo de Gustavo Santana, CEO de ICRONO y experto en implantaci\u00f3n de IA aplicada a procesos\",\"breadcrumb\":{\"@id\":\"https:\/\/amdcomval.com\/amdcomval-lanza-curso-online-inteligencia-artificial-para-periodistas\/#breadcrumb\"},\"inLanguage\":\"val\",\"potentialAction\":[{\"@type\":\"ReadAction\",\"target\":[\"https:\/\/amdcomval.com\/amdcomval-lanza-curso-online-inteligencia-artificial-para-periodistas\/\"]}]},{\"@type\":\"ImageObject\",\"inLanguage\":\"val\",\"@id\":\"https:\/\/amdcomval.com\/amdcomval-lanza-curso-online-inteligencia-artificial-para-periodistas\/#primaryimage\",\"url\":\"https:\/\/amdcomval.com\/wp-content\/uploads\/2025\/11\/IA-Periodistas-2.jpg\",\"contentUrl\":\"https:\/\/amdcomval.com\/wp-content\/uploads\/2025\/11\/IA-Periodistas-2.jpg\",\"width\":1080,\"height\":1080},{\"@type\":\"BreadcrumbList\",\"@id\":\"https:\/\/amdcomval.com\/amdcomval-lanza-curso-online-inteligencia-artificial-para-periodistas\/#breadcrumb\",\"itemListElement\":[{\"@type\":\"ListItem\",\"position\":1,\"name\":\"Portada\",\"item\":\"https:\/\/amdcomval.com\/val\/\"},{\"@type\":\"ListItem\",\"position\":2,\"name\":\"AMDComVal lanza curso online \u201cInteligencia Artificial para Periodistas\u201d\"}]},{\"@type\":\"WebSite\",\"@id\":\"https:\/\/amdcomval.com\/#website\",\"url\":\"https:\/\/amdcomval.com\/\",\"name\":\"AMDComVal - Associaci\u00f3 de Mitjans Digitals de la Comunitat Valenciana\",\"description\":\"Web oficial de la Associaci\u00f3 de Mitjans Digitals de la Comunitat Valenciana (AMDComVal). Por la profesionalizaci\u00f3n y dignificaci\u00f3n de los medios de comunicaci\u00f3n digital\",\"publisher\":{\"@id\":\"https:\/\/amdcomval.com\/#organization\"},\"potentialAction\":[{\"@type\":\"SearchAction\",\"target\":{\"@type\":\"EntryPoint\",\"urlTemplate\":\"https:\/\/amdcomval.com\/?s={search_term_string}\"},\"query-input\":{\"@type\":\"PropertyValueSpecification\",\"valueRequired\":true,\"valueName\":\"search_term_string\"}}],\"inLanguage\":\"val\"},{\"@type\":\"Organization\",\"@id\":\"https:\/\/amdcomval.com\/#organization\",\"name\":\"AMDComVal - Associaci\u00f3 de Mitjans Digitals de la Comunitat Valenciana\",\"url\":\"https:\/\/amdcomval.com\/\",\"logo\":{\"@type\":\"ImageObject\",\"inLanguage\":\"val\",\"@id\":\"https:\/\/amdcomval.com\/#\/schema\/logo\/image\/\",\"url\":\"https:\/\/amdcomval.com\/wp-content\/uploads\/2025\/10\/AMDComVal-logo-horizontal-2.png\",\"contentUrl\":\"https:\/\/amdcomval.com\/wp-content\/uploads\/2025\/10\/AMDComVal-logo-horizontal-2.png\",\"width\":2560,\"height\":936,\"caption\":\"AMDComVal - Associaci\u00f3 de Mitjans Digitals de la Comunitat Valenciana\"},\"image\":{\"@id\":\"https:\/\/amdcomval.com\/#\/schema\/logo\/image\/\"},\"sameAs\":[\"https:\/\/www.facebook.com\/Associaci-De-Mitjans-Digitals-238717099544439\/\",\"https:\/\/x.com\/AMDComVal\",\"https:\/\/www.linkedin.com\/groups\/3150654\/\"]},{\"@type\":\"Person\",\"@id\":\"https:\/\/amdcomval.com\/#\/schema\/person\/a2299e89b82fc08533fc113e46f2fd53\",\"name\":\"Presidencia AMDComVal\",\"url\":\"https:\/\/amdcomval.com\/val\/author\/presidencia\/\"}]}<\/script>\n<!-- \/ Yoast SEO plugin. -->","yoast_head_json":{"title":"AMDComVal lanza curso online \u201cInteligencia Artificial para Periodistas\u201d AMDComVal lanza curso online \u201cInteligencia Artificial para Periodistas\u201d","description":"AMDComVal abre la inscripci\u00f3n para el curso \u201cInteligencia Artificial para Periodistas: de los asistentes a los workflows automatizados\u201d, una formaci\u00f3n La docencia correr\u00e1 a cargo de Gustavo Santana, CEO de ICRONO y experto en implantaci\u00f3n de IA aplicada a procesos","robots":{"index":"index","follow":"follow","max-snippet":"max-snippet:-1","max-image-preview":"max-image-preview:large","max-video-preview":"max-video-preview:-1"},"canonical":"https:\/\/amdcomval.com\/amdcomval-lanza-curso-online-inteligencia-artificial-para-periodistas\/","og_locale":"en_US","og_type":"article","og_title":"AMDComVal lanza curso online \u201cInteligencia Artificial para Periodistas\u201d AMDComVal lanza curso online \u201cInteligencia Artificial para Periodistas\u201d","og_description":"AMDComVal abre la inscripci\u00f3n para el curso \u201cInteligencia Artificial para Periodistas: de los asistentes a los workflows automatizados\u201d, una formaci\u00f3n La docencia correr\u00e1 a cargo de Gustavo Santana, CEO de ICRONO y experto en implantaci\u00f3n de IA aplicada a procesos","og_url":"https:\/\/amdcomval.com\/amdcomval-lanza-curso-online-inteligencia-artificial-para-periodistas\/","og_site_name":"AMDComVal - Associaci\u00f3 de Mitjans Digitals de la Comunitat Valenciana","article_publisher":"https:\/\/www.facebook.com\/Associaci-De-Mitjans-Digitals-238717099544439\/","article_published_time":"2025-10-22T09:39:13+00:00","og_image":[{"width":1080,"height":1080,"url":"https:\/\/amdcomval.com\/wp-content\/uploads\/2025\/11\/IA-Periodistas-2.jpg","type":"image\/jpeg"}],"author":"Presidencia AMDComVal","twitter_card":"summary_large_image","twitter_creator":"@AMDComVal","twitter_site":"@AMDComVal","twitter_misc":{"Written by":"Presidencia AMDComVal","Est. reading time":"1 minute"},"schema":{"@context":"https:\/\/schema.org","@graph":[{"@type":"Article","@id":"https:\/\/amdcomval.com\/amdcomval-lanza-curso-online-inteligencia-artificial-para-periodistas\/#article","isPartOf":{"@id":"https:\/\/amdcomval.com\/amdcomval-lanza-curso-online-inteligencia-artificial-para-periodistas\/"},"author":{"name":"Presidencia AMDComVal","@id":"https:\/\/amdcomval.com\/#\/schema\/person\/a2299e89b82fc08533fc113e46f2fd53"},"headline":"AMDComVal lanza curso online \u201cInteligencia Artificial para Periodistas\u201d","datePublished":"2025-10-22T09:39:13+00:00","mainEntityOfPage":{"@id":"https:\/\/amdcomval.com\/amdcomval-lanza-curso-online-inteligencia-artificial-para-periodistas\/"},"wordCount":380,"publisher":{"@id":"https:\/\/amdcomval.com\/#organization"},"image":{"@id":"https:\/\/amdcomval.com\/amdcomval-lanza-curso-online-inteligencia-artificial-para-periodistas\/#primaryimage"},"thumbnailUrl":"https:\/\/amdcomval.com\/wp-content\/uploads\/2025\/11\/IA-Periodistas-2.jpg","articleSection":["actualidad"],"inLanguage":"val"},{"@type":"WebPage","@id":"https:\/\/amdcomval.com\/amdcomval-lanza-curso-online-inteligencia-artificial-para-periodistas\/","url":"https:\/\/amdcomval.com\/amdcomval-lanza-curso-online-inteligencia-artificial-para-periodistas\/","name":"AMDComVal lanza curso online \u201cInteligencia Artificial para Periodistas\u201d AMDComVal lanza curso online \u201cInteligencia Artificial para Periodistas\u201d","isPartOf":{"@id":"https:\/\/amdcomval.com\/#website"},"primaryImageOfPage":{"@id":"https:\/\/amdcomval.com\/amdcomval-lanza-curso-online-inteligencia-artificial-para-periodistas\/#primaryimage"},"image":{"@id":"https:\/\/amdcomval.com\/amdcomval-lanza-curso-online-inteligencia-artificial-para-periodistas\/#primaryimage"},"thumbnailUrl":"https:\/\/amdcomval.com\/wp-content\/uploads\/2025\/11\/IA-Periodistas-2.jpg","datePublished":"2025-10-22T09:39:13+00:00","description":"AMDComVal abre la inscripci\u00f3n para el curso \u201cInteligencia Artificial para Periodistas: de los asistentes a los workflows automatizados\u201d, una formaci\u00f3n La docencia correr\u00e1 a cargo de Gustavo Santana, CEO de ICRONO y experto en implantaci\u00f3n de IA aplicada a procesos","breadcrumb":{"@id":"https:\/\/amdcomval.com\/amdcomval-lanza-curso-online-inteligencia-artificial-para-periodistas\/#breadcrumb"},"inLanguage":"val","potentialAction":[{"@type":"ReadAction","target":["https:\/\/amdcomval.com\/amdcomval-lanza-curso-online-inteligencia-artificial-para-periodistas\/"]}]},{"@type":"ImageObject","inLanguage":"val","@id":"https:\/\/amdcomval.com\/amdcomval-lanza-curso-online-inteligencia-artificial-para-periodistas\/#primaryimage","url":"https:\/\/amdcomval.com\/wp-content\/uploads\/2025\/11\/IA-Periodistas-2.jpg","contentUrl":"https:\/\/amdcomval.com\/wp-content\/uploads\/2025\/11\/IA-Periodistas-2.jpg","width":1080,"height":1080},{"@type":"BreadcrumbList","@id":"https:\/\/amdcomval.com\/amdcomval-lanza-curso-online-inteligencia-artificial-para-periodistas\/#breadcrumb","itemListElement":[{"@type":"ListItem","position":1,"name":"Portada","item":"https:\/\/amdcomval.com\/val\/"},{"@type":"ListItem","position":2,"name":"AMDComVal lanza curso online \u201cInteligencia Artificial para Periodistas\u201d"}]},{"@type":"WebSite","@id":"https:\/\/amdcomval.com\/#website","url":"https:\/\/amdcomval.com\/","name":"AMDComVal - Associaci\u00f3 de Mitjans Digitals de la Comunitat Valenciana","description":"Web oficial de la Associaci\u00f3 de Mitjans Digitals de la Comunitat Valenciana (AMDComVal). Por la profesionalizaci\u00f3n y dignificaci\u00f3n de los medios de comunicaci\u00f3n digital","publisher":{"@id":"https:\/\/amdcomval.com\/#organization"},"potentialAction":[{"@type":"SearchAction","target":{"@type":"EntryPoint","urlTemplate":"https:\/\/amdcomval.com\/?s={search_term_string}"},"query-input":{"@type":"PropertyValueSpecification","valueRequired":true,"valueName":"search_term_string"}}],"inLanguage":"val"},{"@type":"Organization","@id":"https:\/\/amdcomval.com\/#organization","name":"AMDComVal - Associaci\u00f3 de Mitjans Digitals de la Comunitat Valenciana","url":"https:\/\/amdcomval.com\/","logo":{"@type":"ImageObject","inLanguage":"val","@id":"https:\/\/amdcomval.com\/#\/schema\/logo\/image\/","url":"https:\/\/amdcomval.com\/wp-content\/uploads\/2025\/10\/AMDComVal-logo-horizontal-2.png","contentUrl":"https:\/\/amdcomval.com\/wp-content\/uploads\/2025\/10\/AMDComVal-logo-horizontal-2.png","width":2560,"height":936,"caption":"AMDComVal - Associaci\u00f3 de Mitjans Digitals de la Comunitat Valenciana"},"image":{"@id":"https:\/\/amdcomval.com\/#\/schema\/logo\/image\/"},"sameAs":["https:\/\/www.facebook.com\/Associaci-De-Mitjans-Digitals-238717099544439\/","https:\/\/x.com\/AMDComVal","https:\/\/www.linkedin.com\/groups\/3150654\/"]},{"@type":"Person","@id":"https:\/\/amdcomval.com\/#\/schema\/person\/a2299e89b82fc08533fc113e46f2fd53","name":"Presidencia AMDComVal","url":"https:\/\/amdcomval.com\/val\/author\/presidencia\/"}]}},"_links":{"self":[{"href":"https:\/\/amdcomval.com\/val\/wp-json\/wp\/v2\/posts\/2712","targetHints":{"allow":["GET"]}}],"collection":[{"href":"https:\/\/amdcomval.com\/val\/wp-json\/wp\/v2\/posts"}],"about":[{"href":"https:\/\/amdcomval.com\/val\/wp-json\/wp\/v2\/types\/post"}],"author":[{"embeddable":true,"href":"https:\/\/amdcomval.com\/val\/wp-json\/wp\/v2\/users\/5"}],"replies":[{"embeddable":true,"href":"https:\/\/amdcomval.com\/val\/wp-json\/wp\/v2\/comments?post=2712"}],"version-history":[{"count":0,"href":"https:\/\/amdcomval.com\/val\/wp-json\/wp\/v2\/posts\/2712\/revisions"}],"wp:featuredmedia":[{"embeddable":true,"href":"https:\/\/amdcomval.com\/val\/wp-json\/wp\/v2\/media\/2713"}],"wp:attachment":[{"href":"https:\/\/amdcomval.com\/val\/wp-json\/wp\/v2\/media?parent=2712"}],"wp:term":[{"taxonomy":"category","embeddable":true,"href":"https:\/\/amdcomval.com\/val\/wp-json\/wp\/v2\/categories?post=2712"},{"taxonomy":"post_tag","embeddable":true,"href":"https:\/\/amdcomval.com\/val\/wp-json\/wp\/v2\/tags?post=2712"}],"curies":[{"name":"wp","href":"https:\/\/api.w.org\/{rel}","templated":true}]}}