{"id":2840,"date":"2026-03-10T20:03:52","date_gmt":"2026-03-10T19:03:52","guid":{"rendered":"https:\/\/amdcomval.com\/?p=2840"},"modified":"2026-03-11T09:59:51","modified_gmt":"2026-03-11T08:59:51","slug":"vicente-lafuente-reivindica-una-cev-fuerte-independiente-y-pegada-a-la-empresa-queremos-ser-la-casa-en-la-que-todos-quieran-estar","status":"publish","type":"post","link":"https:\/\/amdcomval.com\/val\/vicente-lafuente-reivindica-una-cev-fuerte-independiente-y-pegada-a-la-empresa-queremos-ser-la-casa-en-la-que-todos-quieran-estar\/","title":{"rendered":"Vicente Lafuente reivindica una CEV fuerte, independiente y pegada a la empresa: \u2018Queremos ser la casa en la que todos quieran estar\u201d"},"content":{"rendered":"\n<p>La Asociaci\u00f3n de Medios Digitales de la Comunidad Valenciana (AMDComVal) ha mantenido un encuentro con&nbsp;<strong>el presidente de la Confederaci\u00f3n Empresarial de la Comunidad Valenciana (CEV), Vicente Lafuente<\/strong>&nbsp;donde se ha abordado la situaci\u00f3n actual de la Confederaci\u00f3n, sus prioridades y l\u00edneas de trabajo.&nbsp;Se trata de la tercera reuni\u00f3n-desayuno que organiza la Asociaci\u00f3n para todos sus asociados y que consolida as\u00ed un espacio de di\u00e1logo directo con responsables de entidades tanto p\u00fablicas como privadas.&nbsp;Lafuente ha expuesto ante los medios de comunicaci\u00f3n presentes las l\u00edneas de actuaci\u00f3n correspondientes y ha dado a conocer su voluntad de colaborar y su compromiso con la sociedad valenciana.&nbsp;<\/p>\n\n\n\n<p>Durante el encuentro se han tocado temas como los principales problemas que afectan a las empresas, desde los efectos de los fen\u00f3menos naturales como la DANA, hasta situaciones de crisis de alcance nacional o internacional, poniendo de relieve la necesidad de coordinaci\u00f3n institucional, planificaci\u00f3n estrat\u00e9gica y medidas concretas para garantizar la continuidad de la actividad econ\u00f3mica y la protecci\u00f3n del tejido empresarial de la Comunidad Valenciana.&nbsp;<\/p>\n\n\n\n<p>Lafuente ha recalcado que su prioridad desde la CEV&nbsp;es que todas las empresas y aut\u00f3nomos, desde los peque\u00f1os hasta los grandes, se sientan realmente representados en la organizaci\u00f3n, y no solo est\u00e9n \u201cpor inercia\u201d. Desde la CEV quieren estar \u201ca pie de empresa\u201d, apoyando a asociaciones y federaciones y generando de forma constante informaci\u00f3n veraz en un contexto de polarizaci\u00f3n y mala gesti\u00f3n de la informaci\u00f3n, para lo que reclama la complicidad de los medios digitales.<\/p>\n\n\n\n<p>Lafuente tambi\u00e9n ha reivindicado&nbsp;sus muchos a\u00f1os de trayectoria en el mundo empresarial y recalca que el proyecto actual \u201cno es personalista, sino la continuidad reforzada de un modelo auton\u00f3mico que integra a todas las organizaciones territoriales\u201d. Defiende que la CEV es una organizaci\u00f3n independiente pol\u00edticamente, leal pero neutral respecto a las instituciones, y que solo se posiciona en temas que afectan de verdad a la econom\u00eda y a la actividad empresarial. Por lo tanto, insiste en el papel del empresariado valenciano como generador de empleo, riqueza y bienestar y como actor clave en sostenibilidad social y medioambiental, igualdad, inclusi\u00f3n, di\u00e1logo y respeto, valores que considera que la sociedad est\u00e1 perdiendo y que la CEV quiere saber explicar mejor, generando \u201crelatos irrefutables\u201d sobre lo que las empresas hacen bien.&nbsp;<\/p>\n\n\n\n<p><strong>Alicante y Castell\u00f3n&nbsp;<\/strong><\/p>\n\n\n\n<p>Mirando a la Comunitat, Lafuente reconoce que exist\u00eda un serio d\u00e9ficit de visualizaci\u00f3n territorial, no solo entre Alicante, Castell\u00f3n y Valencia, sino dentro de la propia provincia de Alicante (Elche, Ibi, Alcoy), con tensiones latentes. Asegura que el nuevo proyecto ha afrontado y gestionado esa diversidad territorial y de tama\u00f1o empresarial, y que ahora existe una \u201cunidad de acci\u00f3n tremenda\u201d y un clima de ilusi\u00f3n tambi\u00e9n en Alicante.&nbsp;<\/p>\n\n\n\n<p>Los periodistas preguntan sobre la guerra y sus efectos, a lo que Lafuente argumenta que no solo el azulejo, \u201csino todo el tejido industrial intensivo en energ\u00eda est\u00e1 en riesgo, recordando que la crisis de Ucrania casi provoc\u00f3 desapariciones masivas de empresas que sostienen el empleo local\u201d. A\u00f1adi\u00f3 que quer\u00eda pedir \u201cretomar inmediatamente las bonificaciones energ\u00e9ticas aprobadas, ya que el impacto depender\u00e1 de la duraci\u00f3n del conflicto\u201d.&nbsp;<\/p>\n\n\n\n<p>El presidente de la CEV advierte tambi\u00e9n del impacto devastador de la guerra y la subida del gas (35-40%) en el sector azulejero de Castell\u00f3n, textil e industrial, pidiendo al Gobierno reactivar ya medidas fiscales de apoyo energ\u00e9tico. Durante el desayuno, los periodistas han querido conocer en qu\u00e9 estado se encuentra el tejido empresarial valenciano y Lafuente a destacado a Ford como una de las empresas m\u00e1s importantes hist\u00f3ricamente para la industria valenciana, ya que ha impulsado durante d\u00e9cadas un potente tejido empresarial y exportador. En este contexto, advierten de la necesidad de proteger el ecosistema industrial y retener el talento en la Comunidad Valenciana, manteniendo empleo cualificado y capacidad tecnol\u00f3gica en el territorio.<\/p>\n\n\n\n<p>Por otro lado, tras la DANA de octubre de 2024, desde la CEV se ha puesto en valor la respuesta solidaria de la sociedad valenciana, aun considerando que la gesti\u00f3n institucional evidenci\u00f3 falta de coordinaci\u00f3n entre administraciones. Por ello, reclaman mejorar la planificaci\u00f3n de emergencias, reforzar las infraestructuras y agilizar los mecanismos de respuesta ante cat\u00e1strofes naturales.<\/p>\n\n\n\n<p>La asociaci\u00f3n tambi\u00e9n ha destacado la importancia de mantener una relaci\u00f3n leal y constructiva con las instituciones, tanto con el Gobierno valenciano como con la oposici\u00f3n, con el objetivo de defender los intereses del tejido empresarial y de la sociedad. En este sentido, se ha puesto en valor la apuesta por reforzar el di\u00e1logo social con los sindicatos, impulsando un modelo de colaboraci\u00f3n que nazca desde la sociedad y llegue posteriormente a la pol\u00edtica.&nbsp;<\/p>\n\n\n\n<p>Han destacado que muchos de los problemas urban\u00edsticos y de planificaci\u00f3n se deben a la falta de coordinaci\u00f3n entre administraciones \u2014estatal, auton\u00f3mica y municipal\u2014 y aunque existen estudios y propuestas elaboradas por ingenieros, organizaciones empresariales y distintos sectores sobre c\u00f3mo actuar tras situaciones como la DANA, no se est\u00e1n aplicando las lecciones aprendidas.Se critica que se planteen proyectos sin consenso entre instituciones, como el caso de la posible estaci\u00f3n de autobuses en una zona inundable, lo que refleja falta de coordinaci\u00f3n y de planificaci\u00f3n conjunta.<\/p>\n\n\n\n<p><strong>Cr\u00edtica al modelo de financiaci\u00f3n auton\u00f3mica<\/strong><\/p>\n\n\n\n<p>Desde la CEV tambi\u00e9n insistieron en que el actual modelo impide a la Comunitat competir con otras regiones, con la unidad de mercado \u201crota\u201d y la deuda devorando el tercer mayor gasto auton\u00f3mico en intereses. Aunque celebra que haya una propuesta \u201cmejorable\u201d sobre la mesa, reclama autonom\u00eda fiscal sin subidas de impuestos y urge al PP, PSPV y Comprom\u00eds a priorizar el \u201cfactor valenciano\u201d sobre din\u00e1micas partidistas en el Congreso.<\/p>\n\n\n\n<p><strong>Llamada a la unidad pol\u00edtica<\/strong><\/p>\n\n\n\n<p>Por otro lado, ante la polarizaci\u00f3n actual, que \u201cno ayuda a la sociedad\u201d, el presidente advierte que \u201cni Gobierno ni oposici\u00f3n negocian con seriedad\u201d. As\u00ed pues, ha transmitido a los medios presentes, que haya \u201cmoderaci\u00f3n pol\u00edtica, cesiones por el inter\u00e9s general y evitar campa\u00f1as internas que arriesguen exportaciones a EEUU o la cobertura de la UE\u201d.&nbsp;&nbsp;As\u00ed pues, la CEV tambi\u00e9n reitera su resiliencia ante la geopol\u00edtica global, pero pide acci\u00f3n inmediata para evitar un nuevo golpe al tejido productivo valenciano.<\/p>\n\n\n\n<p>El presidente tambi\u00e9n ha hecho alusi\u00f3n a las comisiones de trabajo que tienen y consideran \u201cfundamentales para abordar temas clave como la colaboraci\u00f3n p\u00fablico-privada, energ\u00eda, industria, agricultura, territorio, relaciones laborales y aut\u00f3nomos, permitiendo que las asociaciones participen activamente aportando ideas, inquietudes y quejas para que sean trabajadas colectivamente.&nbsp;<\/p>\n\n\n\n<p><strong>Medios en Castell\u00f3n y Alicante&nbsp;<\/strong><\/p>\n\n\n\n<p>Especialmente relevantes para los asociados de Castell\u00f3n y Alicante son las organizaciones territoriales, ya que la CEV cuenta con sedes en estas provincias y colabora estrechamente con ellas para llevar las jornadas, reuniones y actividades directamente a los territorios, evitando que todo se centralice en la capital y fomentando una presencia activa del tejido asociativo valenciano.<\/p>\n\n\n\n<p>Desde la Asociaci\u00f3n consideramos \u201cesencial recibir toda la informaci\u00f3n generada por la CEV, ya que formamos parte de la confederaci\u00f3n, algo que nos brinda acceso a datos valiosos sobre normativas laborales, eventos, jornadas con directivos y tejido empresarial, as\u00ed como avances en comisiones como digitalizaci\u00f3n o relaciones laborales, que se reenv\u00edan por mail para beneficiar tanto a empresarias y empresarios como a la organizaci\u00f3n en su conjunto\u201d.<\/p>\n\n\n\n<figure class=\"wp-block-image size-large\"><img loading=\"lazy\" decoding=\"async\" width=\"1024\" height=\"768\" src=\"https:\/\/amdcomval.com\/wp-content\/uploads\/2026\/03\/DESAYUNO-VICENTE-LAFUENTE-CEV_2-1024x768.jpeg\"  class=\"wp-image-2845\" srcset=\"https:\/\/amdcomval.com\/wp-content\/uploads\/2026\/03\/DESAYUNO-VICENTE-LAFUENTE-CEV_2-1024x768.jpeg 1024w, https:\/\/amdcomval.com\/wp-content\/uploads\/2026\/03\/DESAYUNO-VICENTE-LAFUENTE-CEV_2-980x735.jpeg 980w, https:\/\/amdcomval.com\/wp-content\/uploads\/2026\/03\/DESAYUNO-VICENTE-LAFUENTE-CEV_2-480x360.jpeg 480w\" sizes=\"(min-width: 0px) and (max-width: 480px) 480px, (min-width: 481px) and (max-width: 980px) 980px, (min-width: 981px) 1024px, 100vw\" \/><\/figure>\n\n\n\n<p>Si quieres saber m\u00e1s sobre todo lo que hace la Asociaci\u00f3n, pincha <a href=\"https:\/\/amdcomval.com\">aqu\u00ed<\/a> <\/p>\n","protected":false},"excerpt":{"rendered":"<p>La Asociaci\u00f3n de Medios Digitales de la Comunidad Valenciana (AMDComVal) ha mantenido un encuentro con&nbsp;el presidente de la Confederaci\u00f3n Empresarial de la Comunidad Valenciana (CEV), Vicente Lafuente&nbsp;donde se ha abordado la situaci\u00f3n actual de la Confederaci\u00f3n, sus prioridades y l\u00edneas de trabajo.&nbsp;Se trata de la tercera reuni\u00f3n-desayuno que organiza la Asociaci\u00f3n para todos sus asociados [&hellip;]<\/p>\n","protected":false},"author":7,"featured_media":2844,"comment_status":"closed","ping_status":"closed","sticky":false,"template":"","format":"standard","meta":{"_acf_changed":false,"footnotes":""},"categories":[485,486],"tags":[],"class_list":["post-2840","post","type-post","status-publish","format-standard","has-post-thumbnail","hentry","category-actualidad","category-comunicacion"],"acf":[],"yoast_head":"<!-- This site is optimized with the Yoast SEO plugin v26.3 - https:\/\/yoast.com\/wordpress\/plugins\/seo\/ -->\n<title>Vicente Lafuente reivindica una CEV fuerte, independiente<\/title>\n<meta name=\"description\" content=\"Vicente Lafuente reivindica una CEV fuerte, independiente y pegada a la empresa: \u2018Queremos ser la casa en la que todos quieran estar\u201d\" \/>\n<meta name=\"robots\" content=\"index, follow, max-snippet:-1, max-image-preview:large, max-video-preview:-1\" \/>\n<link rel=\"canonical\" href=\"https:\/\/amdcomval.com\/vicente-lafuente-reivindica-una-cev-fuerte-independiente-y-pegada-a-la-empresa-queremos-ser-la-casa-en-la-que-todos-quieran-estar\/\" \/>\n<meta property=\"og:locale\" content=\"en_US\" \/>\n<meta property=\"og:type\" content=\"article\" \/>\n<meta property=\"og:title\" content=\"Vicente Lafuente reivindica una CEV fuerte, independiente\" \/>\n<meta property=\"og:description\" content=\"Vicente Lafuente reivindica una CEV fuerte, independiente y pegada a la empresa: \u2018Queremos ser la casa en la que todos quieran estar\u201d\" \/>\n<meta property=\"og:url\" content=\"https:\/\/amdcomval.com\/vicente-lafuente-reivindica-una-cev-fuerte-independiente-y-pegada-a-la-empresa-queremos-ser-la-casa-en-la-que-todos-quieran-estar\/\" \/>\n<meta property=\"og:site_name\" content=\"AMDComVal - Associaci\u00f3 de Mitjans Digitals de la Comunitat Valenciana\" \/>\n<meta property=\"article:publisher\" content=\"https:\/\/www.facebook.com\/Associaci-De-Mitjans-Digitals-238717099544439\/\" \/>\n<meta property=\"article:published_time\" content=\"2026-03-10T19:03:52+00:00\" \/>\n<meta property=\"article:modified_time\" content=\"2026-03-11T08:59:51+00:00\" \/>\n<meta property=\"og:image\" content=\"https:\/\/amdcomval.com\/wp-content\/uploads\/2026\/03\/DESAYUNO-VICENTE-LAFUENTE-CEV_1.jpeg\" \/>\n\t<meta property=\"og:image:width\" content=\"1280\" \/>\n\t<meta property=\"og:image:height\" content=\"960\" \/>\n\t<meta property=\"og:image:type\" content=\"image\/jpeg\" \/>\n<meta name=\"author\" content=\"Javier Ruiz\" \/>\n<meta name=\"twitter:card\" content=\"summary_large_image\" \/>\n<meta name=\"twitter:creator\" content=\"@AMDComVal\" \/>\n<meta name=\"twitter:site\" content=\"@AMDComVal\" \/>\n<meta name=\"twitter:label1\" content=\"Written by\" \/>\n\t<meta name=\"twitter:data1\" content=\"Javier Ruiz\" \/>\n\t<meta name=\"twitter:label2\" content=\"Est. reading time\" \/>\n\t<meta name=\"twitter:data2\" content=\"6 minutes\" \/>\n<script type=\"application\/ld+json\" class=\"yoast-schema-graph\">{\"@context\":\"https:\/\/schema.org\",\"@graph\":[{\"@type\":\"Article\",\"@id\":\"https:\/\/amdcomval.com\/vicente-lafuente-reivindica-una-cev-fuerte-independiente-y-pegada-a-la-empresa-queremos-ser-la-casa-en-la-que-todos-quieran-estar\/#article\",\"isPartOf\":{\"@id\":\"https:\/\/amdcomval.com\/vicente-lafuente-reivindica-una-cev-fuerte-independiente-y-pegada-a-la-empresa-queremos-ser-la-casa-en-la-que-todos-quieran-estar\/\"},\"author\":{\"name\":\"Javier Ruiz\",\"@id\":\"https:\/\/amdcomval.com\/#\/schema\/person\/e8c5f2ab91604c4bf394c1f09f09be9f\"},\"headline\":\"Vicente Lafuente reivindica una CEV fuerte, independiente y pegada a la empresa: \u2018Queremos ser la casa en la que todos quieran estar\u201d\",\"datePublished\":\"2026-03-10T19:03:52+00:00\",\"dateModified\":\"2026-03-11T08:59:51+00:00\",\"mainEntityOfPage\":{\"@id\":\"https:\/\/amdcomval.com\/vicente-lafuente-reivindica-una-cev-fuerte-independiente-y-pegada-a-la-empresa-queremos-ser-la-casa-en-la-que-todos-quieran-estar\/\"},\"wordCount\":1344,\"publisher\":{\"@id\":\"https:\/\/amdcomval.com\/#organization\"},\"image\":{\"@id\":\"https:\/\/amdcomval.com\/vicente-lafuente-reivindica-una-cev-fuerte-independiente-y-pegada-a-la-empresa-queremos-ser-la-casa-en-la-que-todos-quieran-estar\/#primaryimage\"},\"thumbnailUrl\":\"https:\/\/amdcomval.com\/wp-content\/uploads\/2026\/03\/DESAYUNO-VICENTE-LAFUENTE-CEV_1.jpeg\",\"articleSection\":[\"actualidad\",\"COMUNICACI\u00d3N\"],\"inLanguage\":\"val\"},{\"@type\":\"WebPage\",\"@id\":\"https:\/\/amdcomval.com\/vicente-lafuente-reivindica-una-cev-fuerte-independiente-y-pegada-a-la-empresa-queremos-ser-la-casa-en-la-que-todos-quieran-estar\/\",\"url\":\"https:\/\/amdcomval.com\/vicente-lafuente-reivindica-una-cev-fuerte-independiente-y-pegada-a-la-empresa-queremos-ser-la-casa-en-la-que-todos-quieran-estar\/\",\"name\":\"Vicente Lafuente reivindica una CEV fuerte, independiente\",\"isPartOf\":{\"@id\":\"https:\/\/amdcomval.com\/#website\"},\"primaryImageOfPage\":{\"@id\":\"https:\/\/amdcomval.com\/vicente-lafuente-reivindica-una-cev-fuerte-independiente-y-pegada-a-la-empresa-queremos-ser-la-casa-en-la-que-todos-quieran-estar\/#primaryimage\"},\"image\":{\"@id\":\"https:\/\/amdcomval.com\/vicente-lafuente-reivindica-una-cev-fuerte-independiente-y-pegada-a-la-empresa-queremos-ser-la-casa-en-la-que-todos-quieran-estar\/#primaryimage\"},\"thumbnailUrl\":\"https:\/\/amdcomval.com\/wp-content\/uploads\/2026\/03\/DESAYUNO-VICENTE-LAFUENTE-CEV_1.jpeg\",\"datePublished\":\"2026-03-10T19:03:52+00:00\",\"dateModified\":\"2026-03-11T08:59:51+00:00\",\"description\":\"Vicente Lafuente reivindica una CEV fuerte, independiente y pegada a la empresa: \u2018Queremos ser la casa en la que todos quieran estar\u201d\",\"breadcrumb\":{\"@id\":\"https:\/\/amdcomval.com\/vicente-lafuente-reivindica-una-cev-fuerte-independiente-y-pegada-a-la-empresa-queremos-ser-la-casa-en-la-que-todos-quieran-estar\/#breadcrumb\"},\"inLanguage\":\"val\",\"potentialAction\":[{\"@type\":\"ReadAction\",\"target\":[\"https:\/\/amdcomval.com\/vicente-lafuente-reivindica-una-cev-fuerte-independiente-y-pegada-a-la-empresa-queremos-ser-la-casa-en-la-que-todos-quieran-estar\/\"]}]},{\"@type\":\"ImageObject\",\"inLanguage\":\"val\",\"@id\":\"https:\/\/amdcomval.com\/vicente-lafuente-reivindica-una-cev-fuerte-independiente-y-pegada-a-la-empresa-queremos-ser-la-casa-en-la-que-todos-quieran-estar\/#primaryimage\",\"url\":\"https:\/\/amdcomval.com\/wp-content\/uploads\/2026\/03\/DESAYUNO-VICENTE-LAFUENTE-CEV_1.jpeg\",\"contentUrl\":\"https:\/\/amdcomval.com\/wp-content\/uploads\/2026\/03\/DESAYUNO-VICENTE-LAFUENTE-CEV_1.jpeg\",\"width\":1280,\"height\":960,\"caption\":\"DESAYUNO VICENTE LAFUENTE CEV_1\"},{\"@type\":\"BreadcrumbList\",\"@id\":\"https:\/\/amdcomval.com\/vicente-lafuente-reivindica-una-cev-fuerte-independiente-y-pegada-a-la-empresa-queremos-ser-la-casa-en-la-que-todos-quieran-estar\/#breadcrumb\",\"itemListElement\":[{\"@type\":\"ListItem\",\"position\":1,\"name\":\"Portada\",\"item\":\"https:\/\/amdcomval.com\/val\/\"},{\"@type\":\"ListItem\",\"position\":2,\"name\":\"Vicente Lafuente reivindica una CEV fuerte, independiente y pegada a la empresa: \u2018Queremos ser la casa en la que todos quieran estar\u201d\"}]},{\"@type\":\"WebSite\",\"@id\":\"https:\/\/amdcomval.com\/#website\",\"url\":\"https:\/\/amdcomval.com\/\",\"name\":\"AMDComVal - Associaci\u00f3 de Mitjans Digitals de la Comunitat Valenciana\",\"description\":\"Web oficial de la Associaci\u00f3 de Mitjans Digitals de la Comunitat Valenciana (AMDComVal). Por la profesionalizaci\u00f3n y dignificaci\u00f3n de los medios de comunicaci\u00f3n digital\",\"publisher\":{\"@id\":\"https:\/\/amdcomval.com\/#organization\"},\"potentialAction\":[{\"@type\":\"SearchAction\",\"target\":{\"@type\":\"EntryPoint\",\"urlTemplate\":\"https:\/\/amdcomval.com\/?s={search_term_string}\"},\"query-input\":{\"@type\":\"PropertyValueSpecification\",\"valueRequired\":true,\"valueName\":\"search_term_string\"}}],\"inLanguage\":\"val\"},{\"@type\":\"Organization\",\"@id\":\"https:\/\/amdcomval.com\/#organization\",\"name\":\"AMDComVal - Associaci\u00f3 de Mitjans Digitals de la Comunitat Valenciana\",\"url\":\"https:\/\/amdcomval.com\/\",\"logo\":{\"@type\":\"ImageObject\",\"inLanguage\":\"val\",\"@id\":\"https:\/\/amdcomval.com\/#\/schema\/logo\/image\/\",\"url\":\"https:\/\/amdcomval.com\/wp-content\/uploads\/2025\/10\/AMDComVal-logo-horizontal-2.png\",\"contentUrl\":\"https:\/\/amdcomval.com\/wp-content\/uploads\/2025\/10\/AMDComVal-logo-horizontal-2.png\",\"width\":2560,\"height\":936,\"caption\":\"AMDComVal - Associaci\u00f3 de Mitjans Digitals de la Comunitat Valenciana\"},\"image\":{\"@id\":\"https:\/\/amdcomval.com\/#\/schema\/logo\/image\/\"},\"sameAs\":[\"https:\/\/www.facebook.com\/Associaci-De-Mitjans-Digitals-238717099544439\/\",\"https:\/\/x.com\/AMDComVal\",\"https:\/\/www.linkedin.com\/groups\/3150654\/\"]},{\"@type\":\"Person\",\"@id\":\"https:\/\/amdcomval.com\/#\/schema\/person\/e8c5f2ab91604c4bf394c1f09f09be9f\",\"name\":\"Javier Ruiz\",\"url\":\"https:\/\/amdcomval.com\/val\/author\/javierruiz\/\"}]}<\/script>\n<!-- \/ Yoast SEO plugin. -->","yoast_head_json":{"title":"Vicente Lafuente reivindica una CEV fuerte, independiente","description":"Vicente Lafuente reivindica una CEV fuerte, independiente y pegada a la empresa: \u2018Queremos ser la casa en la que todos quieran estar\u201d","robots":{"index":"index","follow":"follow","max-snippet":"max-snippet:-1","max-image-preview":"max-image-preview:large","max-video-preview":"max-video-preview:-1"},"canonical":"https:\/\/amdcomval.com\/vicente-lafuente-reivindica-una-cev-fuerte-independiente-y-pegada-a-la-empresa-queremos-ser-la-casa-en-la-que-todos-quieran-estar\/","og_locale":"en_US","og_type":"article","og_title":"Vicente Lafuente reivindica una CEV fuerte, independiente","og_description":"Vicente Lafuente reivindica una CEV fuerte, independiente y pegada a la empresa: \u2018Queremos ser la casa en la que todos quieran estar\u201d","og_url":"https:\/\/amdcomval.com\/vicente-lafuente-reivindica-una-cev-fuerte-independiente-y-pegada-a-la-empresa-queremos-ser-la-casa-en-la-que-todos-quieran-estar\/","og_site_name":"AMDComVal - Associaci\u00f3 de Mitjans Digitals de la Comunitat Valenciana","article_publisher":"https:\/\/www.facebook.com\/Associaci-De-Mitjans-Digitals-238717099544439\/","article_published_time":"2026-03-10T19:03:52+00:00","article_modified_time":"2026-03-11T08:59:51+00:00","og_image":[{"width":1280,"height":960,"url":"https:\/\/amdcomval.com\/wp-content\/uploads\/2026\/03\/DESAYUNO-VICENTE-LAFUENTE-CEV_1.jpeg","type":"image\/jpeg"}],"author":"Javier Ruiz","twitter_card":"summary_large_image","twitter_creator":"@AMDComVal","twitter_site":"@AMDComVal","twitter_misc":{"Written by":"Javier Ruiz","Est. reading time":"6 minutes"},"schema":{"@context":"https:\/\/schema.org","@graph":[{"@type":"Article","@id":"https:\/\/amdcomval.com\/vicente-lafuente-reivindica-una-cev-fuerte-independiente-y-pegada-a-la-empresa-queremos-ser-la-casa-en-la-que-todos-quieran-estar\/#article","isPartOf":{"@id":"https:\/\/amdcomval.com\/vicente-lafuente-reivindica-una-cev-fuerte-independiente-y-pegada-a-la-empresa-queremos-ser-la-casa-en-la-que-todos-quieran-estar\/"},"author":{"name":"Javier Ruiz","@id":"https:\/\/amdcomval.com\/#\/schema\/person\/e8c5f2ab91604c4bf394c1f09f09be9f"},"headline":"Vicente Lafuente reivindica una CEV fuerte, independiente y pegada a la empresa: \u2018Queremos ser la casa en la que todos quieran estar\u201d","datePublished":"2026-03-10T19:03:52+00:00","dateModified":"2026-03-11T08:59:51+00:00","mainEntityOfPage":{"@id":"https:\/\/amdcomval.com\/vicente-lafuente-reivindica-una-cev-fuerte-independiente-y-pegada-a-la-empresa-queremos-ser-la-casa-en-la-que-todos-quieran-estar\/"},"wordCount":1344,"publisher":{"@id":"https:\/\/amdcomval.com\/#organization"},"image":{"@id":"https:\/\/amdcomval.com\/vicente-lafuente-reivindica-una-cev-fuerte-independiente-y-pegada-a-la-empresa-queremos-ser-la-casa-en-la-que-todos-quieran-estar\/#primaryimage"},"thumbnailUrl":"https:\/\/amdcomval.com\/wp-content\/uploads\/2026\/03\/DESAYUNO-VICENTE-LAFUENTE-CEV_1.jpeg","articleSection":["actualidad","COMUNICACI\u00d3N"],"inLanguage":"val"},{"@type":"WebPage","@id":"https:\/\/amdcomval.com\/vicente-lafuente-reivindica-una-cev-fuerte-independiente-y-pegada-a-la-empresa-queremos-ser-la-casa-en-la-que-todos-quieran-estar\/","url":"https:\/\/amdcomval.com\/vicente-lafuente-reivindica-una-cev-fuerte-independiente-y-pegada-a-la-empresa-queremos-ser-la-casa-en-la-que-todos-quieran-estar\/","name":"Vicente Lafuente reivindica una CEV fuerte, independiente","isPartOf":{"@id":"https:\/\/amdcomval.com\/#website"},"primaryImageOfPage":{"@id":"https:\/\/amdcomval.com\/vicente-lafuente-reivindica-una-cev-fuerte-independiente-y-pegada-a-la-empresa-queremos-ser-la-casa-en-la-que-todos-quieran-estar\/#primaryimage"},"image":{"@id":"https:\/\/amdcomval.com\/vicente-lafuente-reivindica-una-cev-fuerte-independiente-y-pegada-a-la-empresa-queremos-ser-la-casa-en-la-que-todos-quieran-estar\/#primaryimage"},"thumbnailUrl":"https:\/\/amdcomval.com\/wp-content\/uploads\/2026\/03\/DESAYUNO-VICENTE-LAFUENTE-CEV_1.jpeg","datePublished":"2026-03-10T19:03:52+00:00","dateModified":"2026-03-11T08:59:51+00:00","description":"Vicente Lafuente reivindica una CEV fuerte, independiente y pegada a la empresa: \u2018Queremos ser la casa en la que todos quieran estar\u201d","breadcrumb":{"@id":"https:\/\/amdcomval.com\/vicente-lafuente-reivindica-una-cev-fuerte-independiente-y-pegada-a-la-empresa-queremos-ser-la-casa-en-la-que-todos-quieran-estar\/#breadcrumb"},"inLanguage":"val","potentialAction":[{"@type":"ReadAction","target":["https:\/\/amdcomval.com\/vicente-lafuente-reivindica-una-cev-fuerte-independiente-y-pegada-a-la-empresa-queremos-ser-la-casa-en-la-que-todos-quieran-estar\/"]}]},{"@type":"ImageObject","inLanguage":"val","@id":"https:\/\/amdcomval.com\/vicente-lafuente-reivindica-una-cev-fuerte-independiente-y-pegada-a-la-empresa-queremos-ser-la-casa-en-la-que-todos-quieran-estar\/#primaryimage","url":"https:\/\/amdcomval.com\/wp-content\/uploads\/2026\/03\/DESAYUNO-VICENTE-LAFUENTE-CEV_1.jpeg","contentUrl":"https:\/\/amdcomval.com\/wp-content\/uploads\/2026\/03\/DESAYUNO-VICENTE-LAFUENTE-CEV_1.jpeg","width":1280,"height":960,"caption":"DESAYUNO VICENTE LAFUENTE CEV_1"},{"@type":"BreadcrumbList","@id":"https:\/\/amdcomval.com\/vicente-lafuente-reivindica-una-cev-fuerte-independiente-y-pegada-a-la-empresa-queremos-ser-la-casa-en-la-que-todos-quieran-estar\/#breadcrumb","itemListElement":[{"@type":"ListItem","position":1,"name":"Portada","item":"https:\/\/amdcomval.com\/val\/"},{"@type":"ListItem","position":2,"name":"Vicente Lafuente reivindica una CEV fuerte, independiente y pegada a la empresa: \u2018Queremos ser la casa en la que todos quieran estar\u201d"}]},{"@type":"WebSite","@id":"https:\/\/amdcomval.com\/#website","url":"https:\/\/amdcomval.com\/","name":"AMDComVal - Associaci\u00f3 de Mitjans Digitals de la Comunitat Valenciana","description":"Web oficial de la Associaci\u00f3 de Mitjans Digitals de la Comunitat Valenciana (AMDComVal). Por la profesionalizaci\u00f3n y dignificaci\u00f3n de los medios de comunicaci\u00f3n digital","publisher":{"@id":"https:\/\/amdcomval.com\/#organization"},"potentialAction":[{"@type":"SearchAction","target":{"@type":"EntryPoint","urlTemplate":"https:\/\/amdcomval.com\/?s={search_term_string}"},"query-input":{"@type":"PropertyValueSpecification","valueRequired":true,"valueName":"search_term_string"}}],"inLanguage":"val"},{"@type":"Organization","@id":"https:\/\/amdcomval.com\/#organization","name":"AMDComVal - Associaci\u00f3 de Mitjans Digitals de la Comunitat Valenciana","url":"https:\/\/amdcomval.com\/","logo":{"@type":"ImageObject","inLanguage":"val","@id":"https:\/\/amdcomval.com\/#\/schema\/logo\/image\/","url":"https:\/\/amdcomval.com\/wp-content\/uploads\/2025\/10\/AMDComVal-logo-horizontal-2.png","contentUrl":"https:\/\/amdcomval.com\/wp-content\/uploads\/2025\/10\/AMDComVal-logo-horizontal-2.png","width":2560,"height":936,"caption":"AMDComVal - Associaci\u00f3 de Mitjans Digitals de la Comunitat Valenciana"},"image":{"@id":"https:\/\/amdcomval.com\/#\/schema\/logo\/image\/"},"sameAs":["https:\/\/www.facebook.com\/Associaci-De-Mitjans-Digitals-238717099544439\/","https:\/\/x.com\/AMDComVal","https:\/\/www.linkedin.com\/groups\/3150654\/"]},{"@type":"Person","@id":"https:\/\/amdcomval.com\/#\/schema\/person\/e8c5f2ab91604c4bf394c1f09f09be9f","name":"Javier Ruiz","url":"https:\/\/amdcomval.com\/val\/author\/javierruiz\/"}]}},"_links":{"self":[{"href":"https:\/\/amdcomval.com\/val\/wp-json\/wp\/v2\/posts\/2840","targetHints":{"allow":["GET"]}}],"collection":[{"href":"https:\/\/amdcomval.com\/val\/wp-json\/wp\/v2\/posts"}],"about":[{"href":"https:\/\/amdcomval.com\/val\/wp-json\/wp\/v2\/types\/post"}],"author":[{"embeddable":true,"href":"https:\/\/amdcomval.com\/val\/wp-json\/wp\/v2\/users\/7"}],"replies":[{"embeddable":true,"href":"https:\/\/amdcomval.com\/val\/wp-json\/wp\/v2\/comments?post=2840"}],"version-history":[{"count":2,"href":"https:\/\/amdcomval.com\/val\/wp-json\/wp\/v2\/posts\/2840\/revisions"}],"predecessor-version":[{"id":2846,"href":"https:\/\/amdcomval.com\/val\/wp-json\/wp\/v2\/posts\/2840\/revisions\/2846"}],"wp:featuredmedia":[{"embeddable":true,"href":"https:\/\/amdcomval.com\/val\/wp-json\/wp\/v2\/media\/2844"}],"wp:attachment":[{"href":"https:\/\/amdcomval.com\/val\/wp-json\/wp\/v2\/media?parent=2840"}],"wp:term":[{"taxonomy":"category","embeddable":true,"href":"https:\/\/amdcomval.com\/val\/wp-json\/wp\/v2\/categories?post=2840"},{"taxonomy":"post_tag","embeddable":true,"href":"https:\/\/amdcomval.com\/val\/wp-json\/wp\/v2\/tags?post=2840"}],"curies":[{"name":"wp","href":"https:\/\/api.w.org\/{rel}","templated":true}]}}