{"id":2856,"date":"2026-04-02T21:21:48","date_gmt":"2026-04-02T19:21:48","guid":{"rendered":"https:\/\/amdcomval.com\/?p=2856"},"modified":"2026-04-02T21:21:49","modified_gmt":"2026-04-02T19:21:49","slug":"amdcomval-apuesta-por-crecer-mas-alla-del-ambito-digital-tras-la-celebracion-de-su-asamblea-general-en-alicante","status":"publish","type":"post","link":"https:\/\/amdcomval.com\/val\/amdcomval-apuesta-por-crecer-mas-alla-del-ambito-digital-tras-la-celebracion-de-su-asamblea-general-en-alicante\/","title":{"rendered":"AMDComVal apuesta por crecer m\u00e1s all\u00e1 del \u00e1mbito digital tras la celebraci\u00f3n de su Asamblea General en Alicante"},"content":{"rendered":"\n<p>a Asociaci\u00f3n de Medios Digitales de la Comunitat Valenciana (AMDComVal) celebr\u00f3 el pasado s\u00e1bado 28 de marzo su Asamblea General Ordinaria en el Palacio Provincial de la Diputaci\u00f3n de Alicante. Los asistentes abordaron diversos puntos clave para el funcionamiento y futuro de la asociaci\u00f3n, entre ellos la lectura y aprobaci\u00f3n del acta anterior, el informe del presidente y el informe econ\u00f3mico de 2025, junto con la aprobaci\u00f3n del balance.<\/p>\n\n\n\n<p>Asimismo, se present\u00f3 la propuesta econ\u00f3mica para 2026 y sus presupuestos, y se consult\u00f3 a los asociados sobre la posible incorporaci\u00f3n de nuevos miembros de distintos segmentos, as\u00ed como sobre una futura reforma de los estatutos.<\/p>\n\n\n\n<p><strong>Crecimiento y apertura del sector<\/strong>&nbsp;Todos los puntos fueron aprobados por mayor\u00eda, destacando especialmente el relativo a la incorporaci\u00f3n de nuevos medios de comunicaci\u00f3n m\u00e1s all\u00e1 del \u00e1mbito exclusivamente digital, lo que supone un paso importante para el crecimiento de la asociaci\u00f3n. Este avance permitir\u00e1 ampliar su base, reforzar su representatividad y aumentar su visibilidad dentro del conjunto del sector.<\/p>\n\n\n\n<p><strong>Seguridad jur\u00eddica y transparencia<\/strong>&nbsp;En relaci\u00f3n con el nuevo Reglamento de R\u00e9gimen Interno, tambi\u00e9n aprobado por mayor\u00eda, se subray\u00f3 que actualiza y concreta las normas de funcionamiento interno para reforzar la transparencia, la organizaci\u00f3n y la participaci\u00f3n de todos los asociados, aportando adem\u00e1s mayor seguridad jur\u00eddica y operativa al trabajo de la asociaci\u00f3n. Todo ello favorecer\u00e1 una toma de decisiones m\u00e1s \u00e1gil, coordinada y adaptada a la realidad actual del sector.<\/p>\n\n\n\n<p><strong>Pr\u00f3xima cita en Castell\u00f3n<\/strong>\u00a0<\/p>\n\n\n\n<p>Desde AMDComVal se considera muy importante seguir acercando estas reuniones a los distintos territorios. Por ello, la pr\u00f3xima convocatoria tendr\u00e1 lugar en Castell\u00f3n, con el objetivo de facilitar la participaci\u00f3n y asistencia del mayor n\u00famero posible de medios.<\/p>\n","protected":false},"excerpt":{"rendered":"<p>a Asociaci\u00f3n de Medios Digitales de la Comunitat Valenciana (AMDComVal) celebr\u00f3 el pasado s\u00e1bado 28 de marzo su Asamblea General Ordinaria en el Palacio Provincial de la Diputaci\u00f3n de Alicante. Los asistentes abordaron diversos puntos clave para el funcionamiento y futuro de la asociaci\u00f3n, entre ellos la lectura y aprobaci\u00f3n del acta anterior, el informe [&hellip;]<\/p>\n","protected":false},"author":7,"featured_media":2858,"comment_status":"closed","ping_status":"closed","sticky":false,"template":"","format":"standard","meta":{"_acf_changed":false,"footnotes":""},"categories":[485],"tags":[],"class_list":["post-2856","post","type-post","status-publish","format-standard","has-post-thumbnail","hentry","category-actualidad"],"acf":[],"yoast_head":"<!-- This site is optimized with the Yoast SEO plugin v26.3 - https:\/\/yoast.com\/wordpress\/plugins\/seo\/ -->\n<title>AMDComVal apuesta por crecer m\u00e1s all\u00e1 del \u00e1mbito digital tras<\/title>\n<meta name=\"description\" content=\"AMDComVal apuesta por crecer m\u00e1s all\u00e1 del \u00e1mbito digital tras la celebraci\u00f3n de su Asamblea General en Alicante\" \/>\n<meta name=\"robots\" content=\"index, follow, max-snippet:-1, max-image-preview:large, max-video-preview:-1\" \/>\n<link rel=\"canonical\" href=\"https:\/\/amdcomval.com\/amdcomval-apuesta-por-crecer-mas-alla-del-ambito-digital-tras-la-celebracion-de-su-asamblea-general-en-alicante\/\" \/>\n<meta property=\"og:locale\" content=\"en_US\" \/>\n<meta property=\"og:type\" content=\"article\" \/>\n<meta property=\"og:title\" content=\"AMDComVal apuesta por crecer m\u00e1s all\u00e1 del \u00e1mbito digital tras\" \/>\n<meta property=\"og:description\" content=\"AMDComVal apuesta por crecer m\u00e1s all\u00e1 del \u00e1mbito digital tras la celebraci\u00f3n de su Asamblea General en Alicante\" \/>\n<meta property=\"og:url\" content=\"https:\/\/amdcomval.com\/amdcomval-apuesta-por-crecer-mas-alla-del-ambito-digital-tras-la-celebracion-de-su-asamblea-general-en-alicante\/\" \/>\n<meta property=\"og:site_name\" content=\"AMDComVal - Associaci\u00f3 de Mitjans Digitals de la Comunitat Valenciana\" \/>\n<meta property=\"article:publisher\" content=\"https:\/\/www.facebook.com\/Associaci-De-Mitjans-Digitals-238717099544439\/\" \/>\n<meta property=\"article:published_time\" content=\"2026-04-02T19:21:48+00:00\" \/>\n<meta property=\"article:modified_time\" content=\"2026-04-02T19:21:49+00:00\" \/>\n<meta property=\"og:image\" content=\"https:\/\/amdcomval.com\/wp-content\/uploads\/2026\/04\/Asamblea-Alicante.jpeg\" \/>\n\t<meta property=\"og:image:width\" content=\"2000\" \/>\n\t<meta property=\"og:image:height\" content=\"1126\" \/>\n\t<meta property=\"og:image:type\" content=\"image\/jpeg\" \/>\n<meta name=\"author\" content=\"Javier Ruiz\" \/>\n<meta name=\"twitter:card\" content=\"summary_large_image\" \/>\n<meta name=\"twitter:creator\" content=\"@AMDComVal\" \/>\n<meta name=\"twitter:site\" content=\"@AMDComVal\" \/>\n<meta name=\"twitter:label1\" content=\"Written by\" \/>\n\t<meta name=\"twitter:data1\" content=\"Javier Ruiz\" \/>\n\t<meta name=\"twitter:label2\" content=\"Est. reading time\" \/>\n\t<meta name=\"twitter:data2\" content=\"2 minutes\" \/>\n<script type=\"application\/ld+json\" class=\"yoast-schema-graph\">{\"@context\":\"https:\/\/schema.org\",\"@graph\":[{\"@type\":\"Article\",\"@id\":\"https:\/\/amdcomval.com\/amdcomval-apuesta-por-crecer-mas-alla-del-ambito-digital-tras-la-celebracion-de-su-asamblea-general-en-alicante\/#article\",\"isPartOf\":{\"@id\":\"https:\/\/amdcomval.com\/amdcomval-apuesta-por-crecer-mas-alla-del-ambito-digital-tras-la-celebracion-de-su-asamblea-general-en-alicante\/\"},\"author\":{\"name\":\"Javier Ruiz\",\"@id\":\"https:\/\/amdcomval.com\/#\/schema\/person\/e8c5f2ab91604c4bf394c1f09f09be9f\"},\"headline\":\"AMDComVal apuesta por crecer m\u00e1s all\u00e1 del \u00e1mbito digital tras la celebraci\u00f3n de su Asamblea General en Alicante\",\"datePublished\":\"2026-04-02T19:21:48+00:00\",\"dateModified\":\"2026-04-02T19:21:49+00:00\",\"mainEntityOfPage\":{\"@id\":\"https:\/\/amdcomval.com\/amdcomval-apuesta-por-crecer-mas-alla-del-ambito-digital-tras-la-celebracion-de-su-asamblea-general-en-alicante\/\"},\"wordCount\":328,\"publisher\":{\"@id\":\"https:\/\/amdcomval.com\/#organization\"},\"image\":{\"@id\":\"https:\/\/amdcomval.com\/amdcomval-apuesta-por-crecer-mas-alla-del-ambito-digital-tras-la-celebracion-de-su-asamblea-general-en-alicante\/#primaryimage\"},\"thumbnailUrl\":\"https:\/\/amdcomval.com\/wp-content\/uploads\/2026\/04\/Asamblea-Alicante.jpeg\",\"articleSection\":[\"actualidad\"],\"inLanguage\":\"val\"},{\"@type\":\"WebPage\",\"@id\":\"https:\/\/amdcomval.com\/amdcomval-apuesta-por-crecer-mas-alla-del-ambito-digital-tras-la-celebracion-de-su-asamblea-general-en-alicante\/\",\"url\":\"https:\/\/amdcomval.com\/amdcomval-apuesta-por-crecer-mas-alla-del-ambito-digital-tras-la-celebracion-de-su-asamblea-general-en-alicante\/\",\"name\":\"AMDComVal apuesta por crecer m\u00e1s all\u00e1 del \u00e1mbito digital tras\",\"isPartOf\":{\"@id\":\"https:\/\/amdcomval.com\/#website\"},\"primaryImageOfPage\":{\"@id\":\"https:\/\/amdcomval.com\/amdcomval-apuesta-por-crecer-mas-alla-del-ambito-digital-tras-la-celebracion-de-su-asamblea-general-en-alicante\/#primaryimage\"},\"image\":{\"@id\":\"https:\/\/amdcomval.com\/amdcomval-apuesta-por-crecer-mas-alla-del-ambito-digital-tras-la-celebracion-de-su-asamblea-general-en-alicante\/#primaryimage\"},\"thumbnailUrl\":\"https:\/\/amdcomval.com\/wp-content\/uploads\/2026\/04\/Asamblea-Alicante.jpeg\",\"datePublished\":\"2026-04-02T19:21:48+00:00\",\"dateModified\":\"2026-04-02T19:21:49+00:00\",\"description\":\"AMDComVal apuesta por crecer m\u00e1s all\u00e1 del \u00e1mbito digital tras la celebraci\u00f3n de su Asamblea General en Alicante\",\"breadcrumb\":{\"@id\":\"https:\/\/amdcomval.com\/amdcomval-apuesta-por-crecer-mas-alla-del-ambito-digital-tras-la-celebracion-de-su-asamblea-general-en-alicante\/#breadcrumb\"},\"inLanguage\":\"val\",\"potentialAction\":[{\"@type\":\"ReadAction\",\"target\":[\"https:\/\/amdcomval.com\/amdcomval-apuesta-por-crecer-mas-alla-del-ambito-digital-tras-la-celebracion-de-su-asamblea-general-en-alicante\/\"]}]},{\"@type\":\"ImageObject\",\"inLanguage\":\"val\",\"@id\":\"https:\/\/amdcomval.com\/amdcomval-apuesta-por-crecer-mas-alla-del-ambito-digital-tras-la-celebracion-de-su-asamblea-general-en-alicante\/#primaryimage\",\"url\":\"https:\/\/amdcomval.com\/wp-content\/uploads\/2026\/04\/Asamblea-Alicante.jpeg\",\"contentUrl\":\"https:\/\/amdcomval.com\/wp-content\/uploads\/2026\/04\/Asamblea-Alicante.jpeg\",\"width\":2000,\"height\":1126,\"caption\":\"AMDComVal apuesta por crecer m\u00e1s all\u00e1 del \u00e1mbito digital tras la celebraci\u00f3n de su Asamblea General en Alicante\"},{\"@type\":\"BreadcrumbList\",\"@id\":\"https:\/\/amdcomval.com\/amdcomval-apuesta-por-crecer-mas-alla-del-ambito-digital-tras-la-celebracion-de-su-asamblea-general-en-alicante\/#breadcrumb\",\"itemListElement\":[{\"@type\":\"ListItem\",\"position\":1,\"name\":\"Portada\",\"item\":\"https:\/\/amdcomval.com\/val\/\"},{\"@type\":\"ListItem\",\"position\":2,\"name\":\"AMDComVal apuesta por crecer m\u00e1s all\u00e1 del \u00e1mbito digital tras la celebraci\u00f3n de su Asamblea General en Alicante\"}]},{\"@type\":\"WebSite\",\"@id\":\"https:\/\/amdcomval.com\/#website\",\"url\":\"https:\/\/amdcomval.com\/\",\"name\":\"AMDComVal - Associaci\u00f3 de Mitjans Digitals de la Comunitat Valenciana\",\"description\":\"Web oficial de la Associaci\u00f3 de Mitjans Digitals de la Comunitat Valenciana (AMDComVal). Por la profesionalizaci\u00f3n y dignificaci\u00f3n de los medios de comunicaci\u00f3n digital\",\"publisher\":{\"@id\":\"https:\/\/amdcomval.com\/#organization\"},\"potentialAction\":[{\"@type\":\"SearchAction\",\"target\":{\"@type\":\"EntryPoint\",\"urlTemplate\":\"https:\/\/amdcomval.com\/?s={search_term_string}\"},\"query-input\":{\"@type\":\"PropertyValueSpecification\",\"valueRequired\":true,\"valueName\":\"search_term_string\"}}],\"inLanguage\":\"val\"},{\"@type\":\"Organization\",\"@id\":\"https:\/\/amdcomval.com\/#organization\",\"name\":\"AMDComVal - Associaci\u00f3 de Mitjans Digitals de la Comunitat Valenciana\",\"url\":\"https:\/\/amdcomval.com\/\",\"logo\":{\"@type\":\"ImageObject\",\"inLanguage\":\"val\",\"@id\":\"https:\/\/amdcomval.com\/#\/schema\/logo\/image\/\",\"url\":\"https:\/\/amdcomval.com\/wp-content\/uploads\/2025\/10\/AMDComVal-logo-horizontal-2.png\",\"contentUrl\":\"https:\/\/amdcomval.com\/wp-content\/uploads\/2025\/10\/AMDComVal-logo-horizontal-2.png\",\"width\":2560,\"height\":936,\"caption\":\"AMDComVal - Associaci\u00f3 de Mitjans Digitals de la Comunitat Valenciana\"},\"image\":{\"@id\":\"https:\/\/amdcomval.com\/#\/schema\/logo\/image\/\"},\"sameAs\":[\"https:\/\/www.facebook.com\/Associaci-De-Mitjans-Digitals-238717099544439\/\",\"https:\/\/x.com\/AMDComVal\",\"https:\/\/www.linkedin.com\/groups\/3150654\/\"]},{\"@type\":\"Person\",\"@id\":\"https:\/\/amdcomval.com\/#\/schema\/person\/e8c5f2ab91604c4bf394c1f09f09be9f\",\"name\":\"Javier Ruiz\",\"url\":\"https:\/\/amdcomval.com\/val\/author\/javierruiz\/\"}]}<\/script>\n<!-- \/ Yoast SEO plugin. -->","yoast_head_json":{"title":"AMDComVal apuesta por crecer m\u00e1s all\u00e1 del \u00e1mbito digital tras","description":"AMDComVal apuesta por crecer m\u00e1s all\u00e1 del \u00e1mbito digital tras la celebraci\u00f3n de su Asamblea General en Alicante","robots":{"index":"index","follow":"follow","max-snippet":"max-snippet:-1","max-image-preview":"max-image-preview:large","max-video-preview":"max-video-preview:-1"},"canonical":"https:\/\/amdcomval.com\/amdcomval-apuesta-por-crecer-mas-alla-del-ambito-digital-tras-la-celebracion-de-su-asamblea-general-en-alicante\/","og_locale":"en_US","og_type":"article","og_title":"AMDComVal apuesta por crecer m\u00e1s all\u00e1 del \u00e1mbito digital tras","og_description":"AMDComVal apuesta por crecer m\u00e1s all\u00e1 del \u00e1mbito digital tras la celebraci\u00f3n de su Asamblea General en Alicante","og_url":"https:\/\/amdcomval.com\/amdcomval-apuesta-por-crecer-mas-alla-del-ambito-digital-tras-la-celebracion-de-su-asamblea-general-en-alicante\/","og_site_name":"AMDComVal - Associaci\u00f3 de Mitjans Digitals de la Comunitat Valenciana","article_publisher":"https:\/\/www.facebook.com\/Associaci-De-Mitjans-Digitals-238717099544439\/","article_published_time":"2026-04-02T19:21:48+00:00","article_modified_time":"2026-04-02T19:21:49+00:00","og_image":[{"width":2000,"height":1126,"url":"https:\/\/amdcomval.com\/wp-content\/uploads\/2026\/04\/Asamblea-Alicante.jpeg","type":"image\/jpeg"}],"author":"Javier Ruiz","twitter_card":"summary_large_image","twitter_creator":"@AMDComVal","twitter_site":"@AMDComVal","twitter_misc":{"Written by":"Javier Ruiz","Est. reading time":"2 minutes"},"schema":{"@context":"https:\/\/schema.org","@graph":[{"@type":"Article","@id":"https:\/\/amdcomval.com\/amdcomval-apuesta-por-crecer-mas-alla-del-ambito-digital-tras-la-celebracion-de-su-asamblea-general-en-alicante\/#article","isPartOf":{"@id":"https:\/\/amdcomval.com\/amdcomval-apuesta-por-crecer-mas-alla-del-ambito-digital-tras-la-celebracion-de-su-asamblea-general-en-alicante\/"},"author":{"name":"Javier Ruiz","@id":"https:\/\/amdcomval.com\/#\/schema\/person\/e8c5f2ab91604c4bf394c1f09f09be9f"},"headline":"AMDComVal apuesta por crecer m\u00e1s all\u00e1 del \u00e1mbito digital tras la celebraci\u00f3n de su Asamblea General en Alicante","datePublished":"2026-04-02T19:21:48+00:00","dateModified":"2026-04-02T19:21:49+00:00","mainEntityOfPage":{"@id":"https:\/\/amdcomval.com\/amdcomval-apuesta-por-crecer-mas-alla-del-ambito-digital-tras-la-celebracion-de-su-asamblea-general-en-alicante\/"},"wordCount":328,"publisher":{"@id":"https:\/\/amdcomval.com\/#organization"},"image":{"@id":"https:\/\/amdcomval.com\/amdcomval-apuesta-por-crecer-mas-alla-del-ambito-digital-tras-la-celebracion-de-su-asamblea-general-en-alicante\/#primaryimage"},"thumbnailUrl":"https:\/\/amdcomval.com\/wp-content\/uploads\/2026\/04\/Asamblea-Alicante.jpeg","articleSection":["actualidad"],"inLanguage":"val"},{"@type":"WebPage","@id":"https:\/\/amdcomval.com\/amdcomval-apuesta-por-crecer-mas-alla-del-ambito-digital-tras-la-celebracion-de-su-asamblea-general-en-alicante\/","url":"https:\/\/amdcomval.com\/amdcomval-apuesta-por-crecer-mas-alla-del-ambito-digital-tras-la-celebracion-de-su-asamblea-general-en-alicante\/","name":"AMDComVal apuesta por crecer m\u00e1s all\u00e1 del \u00e1mbito digital tras","isPartOf":{"@id":"https:\/\/amdcomval.com\/#website"},"primaryImageOfPage":{"@id":"https:\/\/amdcomval.com\/amdcomval-apuesta-por-crecer-mas-alla-del-ambito-digital-tras-la-celebracion-de-su-asamblea-general-en-alicante\/#primaryimage"},"image":{"@id":"https:\/\/amdcomval.com\/amdcomval-apuesta-por-crecer-mas-alla-del-ambito-digital-tras-la-celebracion-de-su-asamblea-general-en-alicante\/#primaryimage"},"thumbnailUrl":"https:\/\/amdcomval.com\/wp-content\/uploads\/2026\/04\/Asamblea-Alicante.jpeg","datePublished":"2026-04-02T19:21:48+00:00","dateModified":"2026-04-02T19:21:49+00:00","description":"AMDComVal apuesta por crecer m\u00e1s all\u00e1 del \u00e1mbito digital tras la celebraci\u00f3n de su Asamblea General en Alicante","breadcrumb":{"@id":"https:\/\/amdcomval.com\/amdcomval-apuesta-por-crecer-mas-alla-del-ambito-digital-tras-la-celebracion-de-su-asamblea-general-en-alicante\/#breadcrumb"},"inLanguage":"val","potentialAction":[{"@type":"ReadAction","target":["https:\/\/amdcomval.com\/amdcomval-apuesta-por-crecer-mas-alla-del-ambito-digital-tras-la-celebracion-de-su-asamblea-general-en-alicante\/"]}]},{"@type":"ImageObject","inLanguage":"val","@id":"https:\/\/amdcomval.com\/amdcomval-apuesta-por-crecer-mas-alla-del-ambito-digital-tras-la-celebracion-de-su-asamblea-general-en-alicante\/#primaryimage","url":"https:\/\/amdcomval.com\/wp-content\/uploads\/2026\/04\/Asamblea-Alicante.jpeg","contentUrl":"https:\/\/amdcomval.com\/wp-content\/uploads\/2026\/04\/Asamblea-Alicante.jpeg","width":2000,"height":1126,"caption":"AMDComVal apuesta por crecer m\u00e1s all\u00e1 del \u00e1mbito digital tras la celebraci\u00f3n de su Asamblea General en Alicante"},{"@type":"BreadcrumbList","@id":"https:\/\/amdcomval.com\/amdcomval-apuesta-por-crecer-mas-alla-del-ambito-digital-tras-la-celebracion-de-su-asamblea-general-en-alicante\/#breadcrumb","itemListElement":[{"@type":"ListItem","position":1,"name":"Portada","item":"https:\/\/amdcomval.com\/val\/"},{"@type":"ListItem","position":2,"name":"AMDComVal apuesta por crecer m\u00e1s all\u00e1 del \u00e1mbito digital tras la celebraci\u00f3n de su Asamblea General en Alicante"}]},{"@type":"WebSite","@id":"https:\/\/amdcomval.com\/#website","url":"https:\/\/amdcomval.com\/","name":"AMDComVal - Associaci\u00f3 de Mitjans Digitals de la Comunitat Valenciana","description":"Web oficial de la Associaci\u00f3 de Mitjans Digitals de la Comunitat Valenciana (AMDComVal). Por la profesionalizaci\u00f3n y dignificaci\u00f3n de los medios de comunicaci\u00f3n digital","publisher":{"@id":"https:\/\/amdcomval.com\/#organization"},"potentialAction":[{"@type":"SearchAction","target":{"@type":"EntryPoint","urlTemplate":"https:\/\/amdcomval.com\/?s={search_term_string}"},"query-input":{"@type":"PropertyValueSpecification","valueRequired":true,"valueName":"search_term_string"}}],"inLanguage":"val"},{"@type":"Organization","@id":"https:\/\/amdcomval.com\/#organization","name":"AMDComVal - Associaci\u00f3 de Mitjans Digitals de la Comunitat Valenciana","url":"https:\/\/amdcomval.com\/","logo":{"@type":"ImageObject","inLanguage":"val","@id":"https:\/\/amdcomval.com\/#\/schema\/logo\/image\/","url":"https:\/\/amdcomval.com\/wp-content\/uploads\/2025\/10\/AMDComVal-logo-horizontal-2.png","contentUrl":"https:\/\/amdcomval.com\/wp-content\/uploads\/2025\/10\/AMDComVal-logo-horizontal-2.png","width":2560,"height":936,"caption":"AMDComVal - Associaci\u00f3 de Mitjans Digitals de la Comunitat Valenciana"},"image":{"@id":"https:\/\/amdcomval.com\/#\/schema\/logo\/image\/"},"sameAs":["https:\/\/www.facebook.com\/Associaci-De-Mitjans-Digitals-238717099544439\/","https:\/\/x.com\/AMDComVal","https:\/\/www.linkedin.com\/groups\/3150654\/"]},{"@type":"Person","@id":"https:\/\/amdcomval.com\/#\/schema\/person\/e8c5f2ab91604c4bf394c1f09f09be9f","name":"Javier Ruiz","url":"https:\/\/amdcomval.com\/val\/author\/javierruiz\/"}]}},"_links":{"self":[{"href":"https:\/\/amdcomval.com\/val\/wp-json\/wp\/v2\/posts\/2856","targetHints":{"allow":["GET"]}}],"collection":[{"href":"https:\/\/amdcomval.com\/val\/wp-json\/wp\/v2\/posts"}],"about":[{"href":"https:\/\/amdcomval.com\/val\/wp-json\/wp\/v2\/types\/post"}],"author":[{"embeddable":true,"href":"https:\/\/amdcomval.com\/val\/wp-json\/wp\/v2\/users\/7"}],"replies":[{"embeddable":true,"href":"https:\/\/amdcomval.com\/val\/wp-json\/wp\/v2\/comments?post=2856"}],"version-history":[{"count":1,"href":"https:\/\/amdcomval.com\/val\/wp-json\/wp\/v2\/posts\/2856\/revisions"}],"predecessor-version":[{"id":2859,"href":"https:\/\/amdcomval.com\/val\/wp-json\/wp\/v2\/posts\/2856\/revisions\/2859"}],"wp:featuredmedia":[{"embeddable":true,"href":"https:\/\/amdcomval.com\/val\/wp-json\/wp\/v2\/media\/2858"}],"wp:attachment":[{"href":"https:\/\/amdcomval.com\/val\/wp-json\/wp\/v2\/media?parent=2856"}],"wp:term":[{"taxonomy":"category","embeddable":true,"href":"https:\/\/amdcomval.com\/val\/wp-json\/wp\/v2\/categories?post=2856"},{"taxonomy":"post_tag","embeddable":true,"href":"https:\/\/amdcomval.com\/val\/wp-json\/wp\/v2\/tags?post=2856"}],"curies":[{"name":"wp","href":"https:\/\/api.w.org\/{rel}","templated":true}]}}