{"id":677,"date":"2011-03-11T00:07:47","date_gmt":"2011-03-11T00:07:47","guid":{"rendered":"https:\/\/www.amdcomval.com\/?p=106"},"modified":"2011-03-11T00:07:47","modified_gmt":"2011-03-11T00:07:47","slug":"la-amdcomval-felicita-a-hortanoticias-com-por-el-reciente-premio-de-empresario-automono-de-la-cv-2010-a-su-director","status":"publish","type":"post","link":"https:\/\/amdcomval.com\/val\/la-amdcomval-felicita-a-hortanoticias-com-por-el-reciente-premio-de-empresario-automono-de-la-cv-2010-a-su-director\/","title":{"rendered":"La AMDComVal felicita a Hortanoticias.com por el reciente premio de Empresario Aut\u00f3mono de la CV 2010 a su director"},"content":{"rendered":"<p style=\"text-align: justify;\">La Asociaci\u00f3n de Medios Digitales de la Comunidad Valenciana (AMDComVal) quiere sumarse a las felicitaciones enviadas a <em><strong>Hortanoticias<\/strong><\/em>.com, en general, y a su director <em><strong>Manuel Furi\u00f3<\/strong><\/em>, en particular, por el premio de <em><strong>Empresario Aut\u00f3nomo del a\u00f1o<\/strong><\/em> en la Comunitat Valenciana al responsable de Hortanoticias.com.<\/p>\n<p style=\"text-align: justify;\">La AMDComVal felicita a este diario digital asociado de la Asociaci\u00f3n desde sus inicios y considera que Hortanoticias.com \u201ces un claro ejemplo de lo que deben ser los <em><strong>medios digitales<\/strong><\/em> valencianos\u201d por lo que animamos a todos a seguir el camino iniciado hace 5 a\u00f1os por este medio digital de la comarca de l\u2019Horta\u201d.<\/p>\n<p style=\"text-align: justify;\">El galard\u00f3n a Hortanoticias.com refuerza, seg\u00fan fuentes de la Asociaci\u00f3n, \u201cen la apuesta iniciada hace casi 5 a\u00f1os por Hortanoticias y anteriormente por otros portales que apostaron por internet como medio de comunicaci\u00f3n\u201d y \u201cnos anima a continuar en esta aventura profesional que puede ser una v\u00eda de trabajo propio o externa para otros medios y periodistas\u201d.<\/p>\n<p style=\"text-align: justify;\">Los principales medios de comunicaci\u00f3n digitales de la Comunitat Valenciana se han hecho eco en sus ediciones digitales del \u00faltimo galard\u00f3n conseguido por Hortanoticias.com en el D\u00eda de la Persona Emprendedora de la CV. Lasprovincias.es, Elperiodic.com e InformaValencia.com han considerado de inter\u00e9s para sus lectores la noticia del premio de Empresario Aut\u00f3nomo del a\u00f1o en la Comunitat Valenciana al responsable de Hortanoticias.com<\/p>\n<p style=\"text-align: justify;\">Enhorabuena a Hortanoticias.com y a su director Manuel Furi\u00f3.<\/p>\n","protected":false},"excerpt":{"rendered":"<p>La Asociaci\u00f3n de Medios Digitales de la Comunidad Valenciana (AMDComVal) quiere sumarse a las felicitaciones enviadas a Hortanoticias.com, en general, y a su director Manuel Furi\u00f3, en particular, por el premio de Empresario Aut\u00f3nomo del a\u00f1o en la Comunitat Valenciana al responsable de Hortanoticias.com. La AMDComVal felicita a este diario digital asociado de la Asociaci\u00f3n [&hellip;]<\/p>\n","protected":false},"author":4,"featured_media":114,"comment_status":"open","ping_status":"open","sticky":false,"template":"","format":"standard","meta":{"_acf_changed":false,"footnotes":""},"categories":[17],"tags":[27,28,22,25,29],"class_list":["post-677","post","type-post","status-publish","format-standard","has-post-thumbnail","hentry","category-blog","tag-dia-de-la-persona-emprendedora","tag-empresario-autonomo-del-ano","tag-hortanoticias","tag-manuel-furio","tag-medios-digitales"],"acf":[],"yoast_head":"<!-- This site is optimized with the Yoast SEO plugin v26.3 - https:\/\/yoast.com\/wordpress\/plugins\/seo\/ -->\n<title>La AMDComVal felicita a Hortanoticias.com por el reciente premio de Empresario Aut\u00f3mono de la CV 2010 a su director - AMDComVal - Associaci\u00f3 de Mitjans Digitals de la Comunitat Valenciana<\/title>\n<meta name=\"robots\" content=\"index, follow, max-snippet:-1, max-image-preview:large, max-video-preview:-1\" \/>\n<link rel=\"canonical\" href=\"https:\/\/amdcomval.com\/la-amdcomval-felicita-a-hortanoticias-com-por-el-reciente-premio-de-empresario-automono-de-la-cv-2010-a-su-director\/\" \/>\n<meta property=\"og:locale\" content=\"en_US\" \/>\n<meta property=\"og:type\" content=\"article\" \/>\n<meta property=\"og:title\" content=\"La AMDComVal felicita a Hortanoticias.com por el reciente premio de Empresario Aut\u00f3mono de la CV 2010 a su director - AMDComVal - Associaci\u00f3 de Mitjans Digitals de la Comunitat Valenciana\" \/>\n<meta property=\"og:description\" content=\"La Asociaci\u00f3n de Medios Digitales de la Comunidad Valenciana (AMDComVal) quiere sumarse a las felicitaciones enviadas a Hortanoticias.com, en general, y a su director Manuel Furi\u00f3, en particular, por el premio de Empresario Aut\u00f3nomo del a\u00f1o en la Comunitat Valenciana al responsable de Hortanoticias.com. La AMDComVal felicita a este diario digital asociado de la Asociaci\u00f3n [&hellip;]\" \/>\n<meta property=\"og:url\" content=\"https:\/\/amdcomval.com\/la-amdcomval-felicita-a-hortanoticias-com-por-el-reciente-premio-de-empresario-automono-de-la-cv-2010-a-su-director\/\" \/>\n<meta property=\"og:site_name\" content=\"AMDComVal - Associaci\u00f3 de Mitjans Digitals de la Comunitat Valenciana\" \/>\n<meta property=\"article:publisher\" content=\"https:\/\/www.facebook.com\/Associaci-De-Mitjans-Digitals-238717099544439\/\" \/>\n<meta property=\"article:published_time\" content=\"2011-03-11T00:07:47+00:00\" \/>\n<meta property=\"og:image\" content=\"https:\/\/amdcomval.com\/wp-content\/uploads\/2025\/10\/AMDComVal-logo-horizontal-2.png\" \/>\n\t<meta property=\"og:image:width\" content=\"2560\" \/>\n\t<meta property=\"og:image:height\" content=\"936\" \/>\n\t<meta property=\"og:image:type\" content=\"image\/png\" \/>\n<meta name=\"author\" content=\"AMDComVal\" \/>\n<meta name=\"twitter:card\" content=\"summary_large_image\" \/>\n<meta name=\"twitter:creator\" content=\"@AMDComVal\" \/>\n<meta name=\"twitter:site\" content=\"@AMDComVal\" \/>\n<meta name=\"twitter:label1\" content=\"Written by\" \/>\n\t<meta name=\"twitter:data1\" content=\"AMDComVal\" \/>\n\t<meta name=\"twitter:label2\" content=\"Est. reading time\" \/>\n\t<meta name=\"twitter:data2\" content=\"1 minute\" \/>\n<script type=\"application\/ld+json\" class=\"yoast-schema-graph\">{\"@context\":\"https:\/\/schema.org\",\"@graph\":[{\"@type\":\"Article\",\"@id\":\"https:\/\/amdcomval.com\/la-amdcomval-felicita-a-hortanoticias-com-por-el-reciente-premio-de-empresario-automono-de-la-cv-2010-a-su-director\/#article\",\"isPartOf\":{\"@id\":\"https:\/\/amdcomval.com\/la-amdcomval-felicita-a-hortanoticias-com-por-el-reciente-premio-de-empresario-automono-de-la-cv-2010-a-su-director\/\"},\"author\":{\"name\":\"AMDComVal\",\"@id\":\"https:\/\/amdcomval.com\/#\/schema\/person\/f15529598c810a38625abf10fd5bda3a\"},\"headline\":\"La AMDComVal felicita a Hortanoticias.com por el reciente premio de Empresario Aut\u00f3mono de la CV 2010 a su director\",\"datePublished\":\"2011-03-11T00:07:47+00:00\",\"mainEntityOfPage\":{\"@id\":\"https:\/\/amdcomval.com\/la-amdcomval-felicita-a-hortanoticias-com-por-el-reciente-premio-de-empresario-automono-de-la-cv-2010-a-su-director\/\"},\"wordCount\":272,\"commentCount\":0,\"publisher\":{\"@id\":\"https:\/\/amdcomval.com\/#organization\"},\"image\":{\"@id\":\"https:\/\/amdcomval.com\/la-amdcomval-felicita-a-hortanoticias-com-por-el-reciente-premio-de-empresario-automono-de-la-cv-2010-a-su-director\/#primaryimage\"},\"thumbnailUrl\":\"https:\/\/amdcomval.com\/wp-content\/uploads\/2025\/10\/AMDComVal-logo-horizontal-2.png\",\"keywords\":[\"D\u00eda de la Persona Emprendedora\",\"Empresario Aut\u00f3nomo del A\u00f1o\",\"Hortanoticias\",\"Manuel Furi\u00f3\",\"medios digitales\"],\"articleSection\":[\"Blog\"],\"inLanguage\":\"val\",\"potentialAction\":[{\"@type\":\"CommentAction\",\"name\":\"Comment\",\"target\":[\"https:\/\/amdcomval.com\/la-amdcomval-felicita-a-hortanoticias-com-por-el-reciente-premio-de-empresario-automono-de-la-cv-2010-a-su-director\/#respond\"]}]},{\"@type\":\"WebPage\",\"@id\":\"https:\/\/amdcomval.com\/la-amdcomval-felicita-a-hortanoticias-com-por-el-reciente-premio-de-empresario-automono-de-la-cv-2010-a-su-director\/\",\"url\":\"https:\/\/amdcomval.com\/la-amdcomval-felicita-a-hortanoticias-com-por-el-reciente-premio-de-empresario-automono-de-la-cv-2010-a-su-director\/\",\"name\":\"La AMDComVal felicita a Hortanoticias.com por el reciente premio de Empresario Aut\u00f3mono de la CV 2010 a su director - AMDComVal - Associaci\u00f3 de Mitjans Digitals de la Comunitat Valenciana\",\"isPartOf\":{\"@id\":\"https:\/\/amdcomval.com\/#website\"},\"primaryImageOfPage\":{\"@id\":\"https:\/\/amdcomval.com\/la-amdcomval-felicita-a-hortanoticias-com-por-el-reciente-premio-de-empresario-automono-de-la-cv-2010-a-su-director\/#primaryimage\"},\"image\":{\"@id\":\"https:\/\/amdcomval.com\/la-amdcomval-felicita-a-hortanoticias-com-por-el-reciente-premio-de-empresario-automono-de-la-cv-2010-a-su-director\/#primaryimage\"},\"thumbnailUrl\":\"https:\/\/amdcomval.com\/wp-content\/uploads\/2025\/10\/AMDComVal-logo-horizontal-2.png\",\"datePublished\":\"2011-03-11T00:07:47+00:00\",\"breadcrumb\":{\"@id\":\"https:\/\/amdcomval.com\/la-amdcomval-felicita-a-hortanoticias-com-por-el-reciente-premio-de-empresario-automono-de-la-cv-2010-a-su-director\/#breadcrumb\"},\"inLanguage\":\"val\",\"potentialAction\":[{\"@type\":\"ReadAction\",\"target\":[\"https:\/\/amdcomval.com\/la-amdcomval-felicita-a-hortanoticias-com-por-el-reciente-premio-de-empresario-automono-de-la-cv-2010-a-su-director\/\"]}]},{\"@type\":\"ImageObject\",\"inLanguage\":\"val\",\"@id\":\"https:\/\/amdcomval.com\/la-amdcomval-felicita-a-hortanoticias-com-por-el-reciente-premio-de-empresario-automono-de-la-cv-2010-a-su-director\/#primaryimage\",\"url\":\"https:\/\/amdcomval.com\/wp-content\/uploads\/2025\/10\/AMDComVal-logo-horizontal-2.png\",\"contentUrl\":\"https:\/\/amdcomval.com\/wp-content\/uploads\/2025\/10\/AMDComVal-logo-horizontal-2.png\",\"width\":2560,\"height\":936},{\"@type\":\"BreadcrumbList\",\"@id\":\"https:\/\/amdcomval.com\/la-amdcomval-felicita-a-hortanoticias-com-por-el-reciente-premio-de-empresario-automono-de-la-cv-2010-a-su-director\/#breadcrumb\",\"itemListElement\":[{\"@type\":\"ListItem\",\"position\":1,\"name\":\"Portada\",\"item\":\"https:\/\/amdcomval.com\/val\/\"},{\"@type\":\"ListItem\",\"position\":2,\"name\":\"La AMDComVal felicita a Hortanoticias.com por el reciente premio de Empresario Aut\u00f3mono de la CV 2010 a su director\"}]},{\"@type\":\"WebSite\",\"@id\":\"https:\/\/amdcomval.com\/#website\",\"url\":\"https:\/\/amdcomval.com\/\",\"name\":\"AMDComVal - Associaci\u00f3 de Mitjans Digitals de la Comunitat Valenciana\",\"description\":\"Web oficial de la Associaci\u00f3 de Mitjans Digitals de la Comunitat Valenciana (AMDComVal). Por la profesionalizaci\u00f3n y dignificaci\u00f3n de los medios de comunicaci\u00f3n digital\",\"publisher\":{\"@id\":\"https:\/\/amdcomval.com\/#organization\"},\"potentialAction\":[{\"@type\":\"SearchAction\",\"target\":{\"@type\":\"EntryPoint\",\"urlTemplate\":\"https:\/\/amdcomval.com\/?s={search_term_string}\"},\"query-input\":{\"@type\":\"PropertyValueSpecification\",\"valueRequired\":true,\"valueName\":\"search_term_string\"}}],\"inLanguage\":\"val\"},{\"@type\":\"Organization\",\"@id\":\"https:\/\/amdcomval.com\/#organization\",\"name\":\"AMDComVal - Associaci\u00f3 de Mitjans Digitals de la Comunitat Valenciana\",\"url\":\"https:\/\/amdcomval.com\/\",\"logo\":{\"@type\":\"ImageObject\",\"inLanguage\":\"val\",\"@id\":\"https:\/\/amdcomval.com\/#\/schema\/logo\/image\/\",\"url\":\"https:\/\/amdcomval.com\/wp-content\/uploads\/2025\/10\/AMDComVal-logo-horizontal-2.png\",\"contentUrl\":\"https:\/\/amdcomval.com\/wp-content\/uploads\/2025\/10\/AMDComVal-logo-horizontal-2.png\",\"width\":2560,\"height\":936,\"caption\":\"AMDComVal - Associaci\u00f3 de Mitjans Digitals de la Comunitat Valenciana\"},\"image\":{\"@id\":\"https:\/\/amdcomval.com\/#\/schema\/logo\/image\/\"},\"sameAs\":[\"https:\/\/www.facebook.com\/Associaci-De-Mitjans-Digitals-238717099544439\/\",\"https:\/\/x.com\/AMDComVal\",\"https:\/\/www.linkedin.com\/groups\/3150654\/\"]},{\"@type\":\"Person\",\"@id\":\"https:\/\/amdcomval.com\/#\/schema\/person\/f15529598c810a38625abf10fd5bda3a\",\"name\":\"AMDComVal\",\"url\":\"https:\/\/amdcomval.com\/val\/author\/amdcomval\/\"}]}<\/script>\n<!-- \/ Yoast SEO plugin. -->","yoast_head_json":{"title":"La AMDComVal felicita a Hortanoticias.com por el reciente premio de Empresario Aut\u00f3mono de la CV 2010 a su director - AMDComVal - Associaci\u00f3 de Mitjans Digitals de la Comunitat Valenciana","robots":{"index":"index","follow":"follow","max-snippet":"max-snippet:-1","max-image-preview":"max-image-preview:large","max-video-preview":"max-video-preview:-1"},"canonical":"https:\/\/amdcomval.com\/la-amdcomval-felicita-a-hortanoticias-com-por-el-reciente-premio-de-empresario-automono-de-la-cv-2010-a-su-director\/","og_locale":"en_US","og_type":"article","og_title":"La AMDComVal felicita a Hortanoticias.com por el reciente premio de Empresario Aut\u00f3mono de la CV 2010 a su director - AMDComVal - Associaci\u00f3 de Mitjans Digitals de la Comunitat Valenciana","og_description":"La Asociaci\u00f3n de Medios Digitales de la Comunidad Valenciana (AMDComVal) quiere sumarse a las felicitaciones enviadas a Hortanoticias.com, en general, y a su director Manuel Furi\u00f3, en particular, por el premio de Empresario Aut\u00f3nomo del a\u00f1o en la Comunitat Valenciana al responsable de Hortanoticias.com. La AMDComVal felicita a este diario digital asociado de la Asociaci\u00f3n [&hellip;]","og_url":"https:\/\/amdcomval.com\/la-amdcomval-felicita-a-hortanoticias-com-por-el-reciente-premio-de-empresario-automono-de-la-cv-2010-a-su-director\/","og_site_name":"AMDComVal - Associaci\u00f3 de Mitjans Digitals de la Comunitat Valenciana","article_publisher":"https:\/\/www.facebook.com\/Associaci-De-Mitjans-Digitals-238717099544439\/","article_published_time":"2011-03-11T00:07:47+00:00","og_image":[{"width":2560,"height":936,"url":"https:\/\/amdcomval.com\/wp-content\/uploads\/2025\/10\/AMDComVal-logo-horizontal-2.png","type":"image\/png"}],"author":"AMDComVal","twitter_card":"summary_large_image","twitter_creator":"@AMDComVal","twitter_site":"@AMDComVal","twitter_misc":{"Written by":"AMDComVal","Est. reading time":"1 minute"},"schema":{"@context":"https:\/\/schema.org","@graph":[{"@type":"Article","@id":"https:\/\/amdcomval.com\/la-amdcomval-felicita-a-hortanoticias-com-por-el-reciente-premio-de-empresario-automono-de-la-cv-2010-a-su-director\/#article","isPartOf":{"@id":"https:\/\/amdcomval.com\/la-amdcomval-felicita-a-hortanoticias-com-por-el-reciente-premio-de-empresario-automono-de-la-cv-2010-a-su-director\/"},"author":{"name":"AMDComVal","@id":"https:\/\/amdcomval.com\/#\/schema\/person\/f15529598c810a38625abf10fd5bda3a"},"headline":"La AMDComVal felicita a Hortanoticias.com por el reciente premio de Empresario Aut\u00f3mono de la CV 2010 a su director","datePublished":"2011-03-11T00:07:47+00:00","mainEntityOfPage":{"@id":"https:\/\/amdcomval.com\/la-amdcomval-felicita-a-hortanoticias-com-por-el-reciente-premio-de-empresario-automono-de-la-cv-2010-a-su-director\/"},"wordCount":272,"commentCount":0,"publisher":{"@id":"https:\/\/amdcomval.com\/#organization"},"image":{"@id":"https:\/\/amdcomval.com\/la-amdcomval-felicita-a-hortanoticias-com-por-el-reciente-premio-de-empresario-automono-de-la-cv-2010-a-su-director\/#primaryimage"},"thumbnailUrl":"https:\/\/amdcomval.com\/wp-content\/uploads\/2025\/10\/AMDComVal-logo-horizontal-2.png","keywords":["D\u00eda de la Persona Emprendedora","Empresario Aut\u00f3nomo del A\u00f1o","Hortanoticias","Manuel Furi\u00f3","medios digitales"],"articleSection":["Blog"],"inLanguage":"val","potentialAction":[{"@type":"CommentAction","name":"Comment","target":["https:\/\/amdcomval.com\/la-amdcomval-felicita-a-hortanoticias-com-por-el-reciente-premio-de-empresario-automono-de-la-cv-2010-a-su-director\/#respond"]}]},{"@type":"WebPage","@id":"https:\/\/amdcomval.com\/la-amdcomval-felicita-a-hortanoticias-com-por-el-reciente-premio-de-empresario-automono-de-la-cv-2010-a-su-director\/","url":"https:\/\/amdcomval.com\/la-amdcomval-felicita-a-hortanoticias-com-por-el-reciente-premio-de-empresario-automono-de-la-cv-2010-a-su-director\/","name":"La AMDComVal felicita a Hortanoticias.com por el reciente premio de Empresario Aut\u00f3mono de la CV 2010 a su director - AMDComVal - Associaci\u00f3 de Mitjans Digitals de la Comunitat Valenciana","isPartOf":{"@id":"https:\/\/amdcomval.com\/#website"},"primaryImageOfPage":{"@id":"https:\/\/amdcomval.com\/la-amdcomval-felicita-a-hortanoticias-com-por-el-reciente-premio-de-empresario-automono-de-la-cv-2010-a-su-director\/#primaryimage"},"image":{"@id":"https:\/\/amdcomval.com\/la-amdcomval-felicita-a-hortanoticias-com-por-el-reciente-premio-de-empresario-automono-de-la-cv-2010-a-su-director\/#primaryimage"},"thumbnailUrl":"https:\/\/amdcomval.com\/wp-content\/uploads\/2025\/10\/AMDComVal-logo-horizontal-2.png","datePublished":"2011-03-11T00:07:47+00:00","breadcrumb":{"@id":"https:\/\/amdcomval.com\/la-amdcomval-felicita-a-hortanoticias-com-por-el-reciente-premio-de-empresario-automono-de-la-cv-2010-a-su-director\/#breadcrumb"},"inLanguage":"val","potentialAction":[{"@type":"ReadAction","target":["https:\/\/amdcomval.com\/la-amdcomval-felicita-a-hortanoticias-com-por-el-reciente-premio-de-empresario-automono-de-la-cv-2010-a-su-director\/"]}]},{"@type":"ImageObject","inLanguage":"val","@id":"https:\/\/amdcomval.com\/la-amdcomval-felicita-a-hortanoticias-com-por-el-reciente-premio-de-empresario-automono-de-la-cv-2010-a-su-director\/#primaryimage","url":"https:\/\/amdcomval.com\/wp-content\/uploads\/2025\/10\/AMDComVal-logo-horizontal-2.png","contentUrl":"https:\/\/amdcomval.com\/wp-content\/uploads\/2025\/10\/AMDComVal-logo-horizontal-2.png","width":2560,"height":936},{"@type":"BreadcrumbList","@id":"https:\/\/amdcomval.com\/la-amdcomval-felicita-a-hortanoticias-com-por-el-reciente-premio-de-empresario-automono-de-la-cv-2010-a-su-director\/#breadcrumb","itemListElement":[{"@type":"ListItem","position":1,"name":"Portada","item":"https:\/\/amdcomval.com\/val\/"},{"@type":"ListItem","position":2,"name":"La AMDComVal felicita a Hortanoticias.com por el reciente premio de Empresario Aut\u00f3mono de la CV 2010 a su director"}]},{"@type":"WebSite","@id":"https:\/\/amdcomval.com\/#website","url":"https:\/\/amdcomval.com\/","name":"AMDComVal - Associaci\u00f3 de Mitjans Digitals de la Comunitat Valenciana","description":"Web oficial de la Associaci\u00f3 de Mitjans Digitals de la Comunitat Valenciana (AMDComVal). Por la profesionalizaci\u00f3n y dignificaci\u00f3n de los medios de comunicaci\u00f3n digital","publisher":{"@id":"https:\/\/amdcomval.com\/#organization"},"potentialAction":[{"@type":"SearchAction","target":{"@type":"EntryPoint","urlTemplate":"https:\/\/amdcomval.com\/?s={search_term_string}"},"query-input":{"@type":"PropertyValueSpecification","valueRequired":true,"valueName":"search_term_string"}}],"inLanguage":"val"},{"@type":"Organization","@id":"https:\/\/amdcomval.com\/#organization","name":"AMDComVal - Associaci\u00f3 de Mitjans Digitals de la Comunitat Valenciana","url":"https:\/\/amdcomval.com\/","logo":{"@type":"ImageObject","inLanguage":"val","@id":"https:\/\/amdcomval.com\/#\/schema\/logo\/image\/","url":"https:\/\/amdcomval.com\/wp-content\/uploads\/2025\/10\/AMDComVal-logo-horizontal-2.png","contentUrl":"https:\/\/amdcomval.com\/wp-content\/uploads\/2025\/10\/AMDComVal-logo-horizontal-2.png","width":2560,"height":936,"caption":"AMDComVal - Associaci\u00f3 de Mitjans Digitals de la Comunitat Valenciana"},"image":{"@id":"https:\/\/amdcomval.com\/#\/schema\/logo\/image\/"},"sameAs":["https:\/\/www.facebook.com\/Associaci-De-Mitjans-Digitals-238717099544439\/","https:\/\/x.com\/AMDComVal","https:\/\/www.linkedin.com\/groups\/3150654\/"]},{"@type":"Person","@id":"https:\/\/amdcomval.com\/#\/schema\/person\/f15529598c810a38625abf10fd5bda3a","name":"AMDComVal","url":"https:\/\/amdcomval.com\/val\/author\/amdcomval\/"}]}},"_links":{"self":[{"href":"https:\/\/amdcomval.com\/val\/wp-json\/wp\/v2\/posts\/677","targetHints":{"allow":["GET"]}}],"collection":[{"href":"https:\/\/amdcomval.com\/val\/wp-json\/wp\/v2\/posts"}],"about":[{"href":"https:\/\/amdcomval.com\/val\/wp-json\/wp\/v2\/types\/post"}],"author":[{"embeddable":true,"href":"https:\/\/amdcomval.com\/val\/wp-json\/wp\/v2\/users\/4"}],"replies":[{"embeddable":true,"href":"https:\/\/amdcomval.com\/val\/wp-json\/wp\/v2\/comments?post=677"}],"version-history":[{"count":0,"href":"https:\/\/amdcomval.com\/val\/wp-json\/wp\/v2\/posts\/677\/revisions"}],"wp:featuredmedia":[{"embeddable":true,"href":"https:\/\/amdcomval.com\/val\/wp-json\/wp\/v2\/media\/114"}],"wp:attachment":[{"href":"https:\/\/amdcomval.com\/val\/wp-json\/wp\/v2\/media?parent=677"}],"wp:term":[{"taxonomy":"category","embeddable":true,"href":"https:\/\/amdcomval.com\/val\/wp-json\/wp\/v2\/categories?post=677"},{"taxonomy":"post_tag","embeddable":true,"href":"https:\/\/amdcomval.com\/val\/wp-json\/wp\/v2\/tags?post=677"}],"curies":[{"name":"wp","href":"https:\/\/api.w.org\/{rel}","templated":true}]}}