{"id":681,"date":"2011-05-09T07:31:01","date_gmt":"2011-05-09T07:31:01","guid":{"rendered":"https:\/\/www.amdcomval.com\/?p=156"},"modified":"2011-05-09T07:31:01","modified_gmt":"2011-05-09T07:31:01","slug":"los-medios-digitales-de-la-comunitat-valenciana-se-suman-a-la-iniciativa-sin-preguntas-no-hay-cobertura","status":"publish","type":"post","link":"https:\/\/amdcomval.com\/val\/los-medios-digitales-de-la-comunitat-valenciana-se-suman-a-la-iniciativa-sin-preguntas-no-hay-cobertura\/","title":{"rendered":"Los medios digitales de la Comunitat Valenciana se suman a la iniciativa \u201cSin preguntas no hay cobertura\u201d"},"content":{"rendered":"<p style=\"text-align: justify;\"><em><strong>La AMDCOMVAL reclama respeto por la libertad de informaci\u00f3n de los medios de comunicaci\u00f3n asociados y de los periodistas que trabajan en ellos y dan cobertura a los actos p\u00fablicos de la campa\u00f1a electoral del 22-M<\/strong><\/em><\/p>\n<p style=\"text-align: justify;\"><em><\/em>La Asociaci\u00f3n de Medios Digitales de la Comunidad Valenciana (<a href=\"https:\/\/amdcomval.com\/\">AMDComVal<\/a>) ha mostrado hoy su apoyo la iniciativa \u2018sin preguntas no hay cobertura\u2019, promovida por la Federaci\u00f3n de Asociaciones de Periodistas de Espa\u00f1a (<a href=\"http:\/\/www.fape.es\/\">FAPE<\/a>), al objeto de no dar cobertura a los actos p\u00fablicos y ruedas de prensa en los que no se permitan las preguntas de los profesionales de la comunicaci\u00f3n durante la campa\u00f1a que acaba de comenzar.<\/p>\n<p style=\"text-align: justify;\"><a class=\"lightbox\"  href=\"https:\/\/amdcomval.com\/wp-content\/uploads\/2012\/01\/manu-brabo.jpg\" data-rel=\"lightbox-gallery-0\" data-rl_title=\"\" data-rl_caption=\"\"><img loading=\"lazy\" decoding=\"async\" class=\"alignleft  wp-image-157\" style=\"border-style: initial; border-color: initial; border-image: initial; margin-top: 5px; margin-bottom: 5px; margin-left: 0px; margin-right: 10px; border-width: 0px;\" title=\"\" src=\"https:\/\/amdcomval.com\/wp-content\/uploads\/2012\/01\/manu-brabo.jpg\"  width=\"350\" height=\"233\" \/><\/a><\/p>\n<p style=\"text-align: justify;\">De esta manera, la\u00a0<a href=\"https:\/\/amdcomval.com\/\">AMDComVal<\/a>\u00a0quiere defender la libertad de informaci\u00f3n de los medios de comunicaci\u00f3n que la forman, cabeceras digitales de Castell\u00f3n, Alicante y Valencia, en plena campa\u00f1a electoral, y el derecho de los profesionales que en ellos trabajan para que puedan desempe\u00f1ar correctamente y sin cortapisas su trabajo.<\/p>\n<p style=\"text-align: justify;\"><strong>Libertad a Manu Brabo<\/strong><\/p>\n<p style=\"text-align: justify;\">Asimismo, y a trav\u00e9s de sus distintos\u00a0<a href=\"http:\/\/www.twitter.com\/amdcomval\">canales sociales<\/a>, la Asociaci\u00f3n de Medios Digitales de la Comunidad Valenciana ha reclamado la inmediata liberaci\u00f3n de Manu Brabo, el fotoperiodista asturiano detenido desde hace d\u00edas en Libia.<\/p>\n","protected":false},"excerpt":{"rendered":"<p>La AMDCOMVAL reclama respeto por la libertad de informaci\u00f3n de los medios de comunicaci\u00f3n asociados y de los periodistas que trabajan en ellos y dan cobertura a los actos p\u00fablicos de la campa\u00f1a electoral del 22-M La Asociaci\u00f3n de Medios Digitales de la Comunidad Valenciana (AMDComVal) ha mostrado hoy su apoyo la iniciativa \u2018sin preguntas [&hellip;]<\/p>\n","protected":false},"author":4,"featured_media":2290,"comment_status":"open","ping_status":"open","sticky":false,"template":"","format":"standard","meta":{"_acf_changed":false,"footnotes":""},"categories":[17],"tags":[],"class_list":["post-681","post","type-post","status-publish","format-standard","has-post-thumbnail","hentry","category-blog"],"acf":[],"yoast_head":"<!-- This site is optimized with the Yoast SEO plugin v26.3 - https:\/\/yoast.com\/wordpress\/plugins\/seo\/ -->\n<title>Los medios digitales de la Comunitat Valenciana se suman a la iniciativa \u201cSin preguntas no hay cobertura\u201d - AMDComVal - Associaci\u00f3 de Mitjans Digitals de la Comunitat Valenciana<\/title>\n<meta name=\"robots\" content=\"index, follow, max-snippet:-1, max-image-preview:large, max-video-preview:-1\" \/>\n<link rel=\"canonical\" href=\"https:\/\/amdcomval.com\/los-medios-digitales-de-la-comunitat-valenciana-se-suman-a-la-iniciativa-sin-preguntas-no-hay-cobertura\/\" \/>\n<meta property=\"og:locale\" content=\"en_US\" \/>\n<meta property=\"og:type\" content=\"article\" \/>\n<meta property=\"og:title\" content=\"Los medios digitales de la Comunitat Valenciana se suman a la iniciativa \u201cSin preguntas no hay cobertura\u201d - AMDComVal - Associaci\u00f3 de Mitjans Digitals de la Comunitat Valenciana\" \/>\n<meta property=\"og:description\" content=\"La AMDCOMVAL reclama respeto por la libertad de informaci\u00f3n de los medios de comunicaci\u00f3n asociados y de los periodistas que trabajan en ellos y dan cobertura a los actos p\u00fablicos de la campa\u00f1a electoral del 22-M La Asociaci\u00f3n de Medios Digitales de la Comunidad Valenciana (AMDComVal) ha mostrado hoy su apoyo la iniciativa \u2018sin preguntas [&hellip;]\" \/>\n<meta property=\"og:url\" content=\"https:\/\/amdcomval.com\/los-medios-digitales-de-la-comunitat-valenciana-se-suman-a-la-iniciativa-sin-preguntas-no-hay-cobertura\/\" \/>\n<meta property=\"og:site_name\" content=\"AMDComVal - Associaci\u00f3 de Mitjans Digitals de la Comunitat Valenciana\" \/>\n<meta property=\"article:publisher\" content=\"https:\/\/www.facebook.com\/Associaci-De-Mitjans-Digitals-238717099544439\/\" \/>\n<meta property=\"article:published_time\" content=\"2011-05-09T07:31:01+00:00\" \/>\n<meta property=\"og:image\" content=\"https:\/\/amdcomval.com\/wp-content\/uploads\/2012\/01\/manu-brabo.jpg\" \/>\n\t<meta property=\"og:image:width\" content=\"500\" \/>\n\t<meta property=\"og:image:height\" content=\"333\" \/>\n\t<meta property=\"og:image:type\" content=\"image\/jpeg\" \/>\n<meta name=\"author\" content=\"AMDComVal\" \/>\n<meta name=\"twitter:card\" content=\"summary_large_image\" \/>\n<meta name=\"twitter:creator\" content=\"@AMDComVal\" \/>\n<meta name=\"twitter:site\" content=\"@AMDComVal\" \/>\n<meta name=\"twitter:label1\" content=\"Written by\" \/>\n\t<meta name=\"twitter:data1\" content=\"AMDComVal\" \/>\n\t<meta name=\"twitter:label2\" content=\"Est. reading time\" \/>\n\t<meta name=\"twitter:data2\" content=\"1 minute\" \/>\n<script type=\"application\/ld+json\" class=\"yoast-schema-graph\">{\"@context\":\"https:\/\/schema.org\",\"@graph\":[{\"@type\":\"Article\",\"@id\":\"https:\/\/amdcomval.com\/los-medios-digitales-de-la-comunitat-valenciana-se-suman-a-la-iniciativa-sin-preguntas-no-hay-cobertura\/#article\",\"isPartOf\":{\"@id\":\"https:\/\/amdcomval.com\/los-medios-digitales-de-la-comunitat-valenciana-se-suman-a-la-iniciativa-sin-preguntas-no-hay-cobertura\/\"},\"author\":{\"name\":\"AMDComVal\",\"@id\":\"https:\/\/amdcomval.com\/#\/schema\/person\/f15529598c810a38625abf10fd5bda3a\"},\"headline\":\"Los medios digitales de la Comunitat Valenciana se suman a la iniciativa \u201cSin preguntas no hay cobertura\u201d\",\"datePublished\":\"2011-05-09T07:31:01+00:00\",\"mainEntityOfPage\":{\"@id\":\"https:\/\/amdcomval.com\/los-medios-digitales-de-la-comunitat-valenciana-se-suman-a-la-iniciativa-sin-preguntas-no-hay-cobertura\/\"},\"wordCount\":229,\"commentCount\":0,\"publisher\":{\"@id\":\"https:\/\/amdcomval.com\/#organization\"},\"image\":{\"@id\":\"https:\/\/amdcomval.com\/los-medios-digitales-de-la-comunitat-valenciana-se-suman-a-la-iniciativa-sin-preguntas-no-hay-cobertura\/#primaryimage\"},\"thumbnailUrl\":\"https:\/\/amdcomval.com\/wp-content\/uploads\/2012\/01\/manu-brabo.jpg\",\"articleSection\":[\"Blog\"],\"inLanguage\":\"val\",\"potentialAction\":[{\"@type\":\"CommentAction\",\"name\":\"Comment\",\"target\":[\"https:\/\/amdcomval.com\/los-medios-digitales-de-la-comunitat-valenciana-se-suman-a-la-iniciativa-sin-preguntas-no-hay-cobertura\/#respond\"]}]},{\"@type\":\"WebPage\",\"@id\":\"https:\/\/amdcomval.com\/los-medios-digitales-de-la-comunitat-valenciana-se-suman-a-la-iniciativa-sin-preguntas-no-hay-cobertura\/\",\"url\":\"https:\/\/amdcomval.com\/los-medios-digitales-de-la-comunitat-valenciana-se-suman-a-la-iniciativa-sin-preguntas-no-hay-cobertura\/\",\"name\":\"Los medios digitales de la Comunitat Valenciana se suman a la iniciativa \u201cSin preguntas no hay cobertura\u201d - AMDComVal - Associaci\u00f3 de Mitjans Digitals de la Comunitat Valenciana\",\"isPartOf\":{\"@id\":\"https:\/\/amdcomval.com\/#website\"},\"primaryImageOfPage\":{\"@id\":\"https:\/\/amdcomval.com\/los-medios-digitales-de-la-comunitat-valenciana-se-suman-a-la-iniciativa-sin-preguntas-no-hay-cobertura\/#primaryimage\"},\"image\":{\"@id\":\"https:\/\/amdcomval.com\/los-medios-digitales-de-la-comunitat-valenciana-se-suman-a-la-iniciativa-sin-preguntas-no-hay-cobertura\/#primaryimage\"},\"thumbnailUrl\":\"https:\/\/amdcomval.com\/wp-content\/uploads\/2012\/01\/manu-brabo.jpg\",\"datePublished\":\"2011-05-09T07:31:01+00:00\",\"breadcrumb\":{\"@id\":\"https:\/\/amdcomval.com\/los-medios-digitales-de-la-comunitat-valenciana-se-suman-a-la-iniciativa-sin-preguntas-no-hay-cobertura\/#breadcrumb\"},\"inLanguage\":\"val\",\"potentialAction\":[{\"@type\":\"ReadAction\",\"target\":[\"https:\/\/amdcomval.com\/los-medios-digitales-de-la-comunitat-valenciana-se-suman-a-la-iniciativa-sin-preguntas-no-hay-cobertura\/\"]}]},{\"@type\":\"ImageObject\",\"inLanguage\":\"val\",\"@id\":\"https:\/\/amdcomval.com\/los-medios-digitales-de-la-comunitat-valenciana-se-suman-a-la-iniciativa-sin-preguntas-no-hay-cobertura\/#primaryimage\",\"url\":\"https:\/\/amdcomval.com\/wp-content\/uploads\/2012\/01\/manu-brabo.jpg\",\"contentUrl\":\"https:\/\/amdcomval.com\/wp-content\/uploads\/2012\/01\/manu-brabo.jpg\",\"width\":500,\"height\":333},{\"@type\":\"BreadcrumbList\",\"@id\":\"https:\/\/amdcomval.com\/los-medios-digitales-de-la-comunitat-valenciana-se-suman-a-la-iniciativa-sin-preguntas-no-hay-cobertura\/#breadcrumb\",\"itemListElement\":[{\"@type\":\"ListItem\",\"position\":1,\"name\":\"Portada\",\"item\":\"https:\/\/amdcomval.com\/val\/\"},{\"@type\":\"ListItem\",\"position\":2,\"name\":\"Los medios digitales de la Comunitat Valenciana se suman a la iniciativa \u201cSin preguntas no hay cobertura\u201d\"}]},{\"@type\":\"WebSite\",\"@id\":\"https:\/\/amdcomval.com\/#website\",\"url\":\"https:\/\/amdcomval.com\/\",\"name\":\"AMDComVal - Associaci\u00f3 de Mitjans Digitals de la Comunitat Valenciana\",\"description\":\"Web oficial de la Associaci\u00f3 de Mitjans Digitals de la Comunitat Valenciana (AMDComVal). Por la profesionalizaci\u00f3n y dignificaci\u00f3n de los medios de comunicaci\u00f3n digital\",\"publisher\":{\"@id\":\"https:\/\/amdcomval.com\/#organization\"},\"potentialAction\":[{\"@type\":\"SearchAction\",\"target\":{\"@type\":\"EntryPoint\",\"urlTemplate\":\"https:\/\/amdcomval.com\/?s={search_term_string}\"},\"query-input\":{\"@type\":\"PropertyValueSpecification\",\"valueRequired\":true,\"valueName\":\"search_term_string\"}}],\"inLanguage\":\"val\"},{\"@type\":\"Organization\",\"@id\":\"https:\/\/amdcomval.com\/#organization\",\"name\":\"AMDComVal - Associaci\u00f3 de Mitjans Digitals de la Comunitat Valenciana\",\"url\":\"https:\/\/amdcomval.com\/\",\"logo\":{\"@type\":\"ImageObject\",\"inLanguage\":\"val\",\"@id\":\"https:\/\/amdcomval.com\/#\/schema\/logo\/image\/\",\"url\":\"https:\/\/amdcomval.com\/wp-content\/uploads\/2025\/10\/AMDComVal-logo-horizontal-2.png\",\"contentUrl\":\"https:\/\/amdcomval.com\/wp-content\/uploads\/2025\/10\/AMDComVal-logo-horizontal-2.png\",\"width\":2560,\"height\":936,\"caption\":\"AMDComVal - Associaci\u00f3 de Mitjans Digitals de la Comunitat Valenciana\"},\"image\":{\"@id\":\"https:\/\/amdcomval.com\/#\/schema\/logo\/image\/\"},\"sameAs\":[\"https:\/\/www.facebook.com\/Associaci-De-Mitjans-Digitals-238717099544439\/\",\"https:\/\/x.com\/AMDComVal\",\"https:\/\/www.linkedin.com\/groups\/3150654\/\"]},{\"@type\":\"Person\",\"@id\":\"https:\/\/amdcomval.com\/#\/schema\/person\/f15529598c810a38625abf10fd5bda3a\",\"name\":\"AMDComVal\",\"url\":\"https:\/\/amdcomval.com\/val\/author\/amdcomval\/\"}]}<\/script>\n<!-- \/ Yoast SEO plugin. -->","yoast_head_json":{"title":"Los medios digitales de la Comunitat Valenciana se suman a la iniciativa \u201cSin preguntas no hay cobertura\u201d - AMDComVal - Associaci\u00f3 de Mitjans Digitals de la Comunitat Valenciana","robots":{"index":"index","follow":"follow","max-snippet":"max-snippet:-1","max-image-preview":"max-image-preview:large","max-video-preview":"max-video-preview:-1"},"canonical":"https:\/\/amdcomval.com\/los-medios-digitales-de-la-comunitat-valenciana-se-suman-a-la-iniciativa-sin-preguntas-no-hay-cobertura\/","og_locale":"en_US","og_type":"article","og_title":"Los medios digitales de la Comunitat Valenciana se suman a la iniciativa \u201cSin preguntas no hay cobertura\u201d - AMDComVal - Associaci\u00f3 de Mitjans Digitals de la Comunitat Valenciana","og_description":"La AMDCOMVAL reclama respeto por la libertad de informaci\u00f3n de los medios de comunicaci\u00f3n asociados y de los periodistas que trabajan en ellos y dan cobertura a los actos p\u00fablicos de la campa\u00f1a electoral del 22-M La Asociaci\u00f3n de Medios Digitales de la Comunidad Valenciana (AMDComVal) ha mostrado hoy su apoyo la iniciativa \u2018sin preguntas [&hellip;]","og_url":"https:\/\/amdcomval.com\/los-medios-digitales-de-la-comunitat-valenciana-se-suman-a-la-iniciativa-sin-preguntas-no-hay-cobertura\/","og_site_name":"AMDComVal - Associaci\u00f3 de Mitjans Digitals de la Comunitat Valenciana","article_publisher":"https:\/\/www.facebook.com\/Associaci-De-Mitjans-Digitals-238717099544439\/","article_published_time":"2011-05-09T07:31:01+00:00","og_image":[{"width":500,"height":333,"url":"https:\/\/amdcomval.com\/wp-content\/uploads\/2012\/01\/manu-brabo.jpg","type":"image\/jpeg"}],"author":"AMDComVal","twitter_card":"summary_large_image","twitter_creator":"@AMDComVal","twitter_site":"@AMDComVal","twitter_misc":{"Written by":"AMDComVal","Est. reading time":"1 minute"},"schema":{"@context":"https:\/\/schema.org","@graph":[{"@type":"Article","@id":"https:\/\/amdcomval.com\/los-medios-digitales-de-la-comunitat-valenciana-se-suman-a-la-iniciativa-sin-preguntas-no-hay-cobertura\/#article","isPartOf":{"@id":"https:\/\/amdcomval.com\/los-medios-digitales-de-la-comunitat-valenciana-se-suman-a-la-iniciativa-sin-preguntas-no-hay-cobertura\/"},"author":{"name":"AMDComVal","@id":"https:\/\/amdcomval.com\/#\/schema\/person\/f15529598c810a38625abf10fd5bda3a"},"headline":"Los medios digitales de la Comunitat Valenciana se suman a la iniciativa \u201cSin preguntas no hay cobertura\u201d","datePublished":"2011-05-09T07:31:01+00:00","mainEntityOfPage":{"@id":"https:\/\/amdcomval.com\/los-medios-digitales-de-la-comunitat-valenciana-se-suman-a-la-iniciativa-sin-preguntas-no-hay-cobertura\/"},"wordCount":229,"commentCount":0,"publisher":{"@id":"https:\/\/amdcomval.com\/#organization"},"image":{"@id":"https:\/\/amdcomval.com\/los-medios-digitales-de-la-comunitat-valenciana-se-suman-a-la-iniciativa-sin-preguntas-no-hay-cobertura\/#primaryimage"},"thumbnailUrl":"https:\/\/amdcomval.com\/wp-content\/uploads\/2012\/01\/manu-brabo.jpg","articleSection":["Blog"],"inLanguage":"val","potentialAction":[{"@type":"CommentAction","name":"Comment","target":["https:\/\/amdcomval.com\/los-medios-digitales-de-la-comunitat-valenciana-se-suman-a-la-iniciativa-sin-preguntas-no-hay-cobertura\/#respond"]}]},{"@type":"WebPage","@id":"https:\/\/amdcomval.com\/los-medios-digitales-de-la-comunitat-valenciana-se-suman-a-la-iniciativa-sin-preguntas-no-hay-cobertura\/","url":"https:\/\/amdcomval.com\/los-medios-digitales-de-la-comunitat-valenciana-se-suman-a-la-iniciativa-sin-preguntas-no-hay-cobertura\/","name":"Los medios digitales de la Comunitat Valenciana se suman a la iniciativa \u201cSin preguntas no hay cobertura\u201d - AMDComVal - Associaci\u00f3 de Mitjans Digitals de la Comunitat Valenciana","isPartOf":{"@id":"https:\/\/amdcomval.com\/#website"},"primaryImageOfPage":{"@id":"https:\/\/amdcomval.com\/los-medios-digitales-de-la-comunitat-valenciana-se-suman-a-la-iniciativa-sin-preguntas-no-hay-cobertura\/#primaryimage"},"image":{"@id":"https:\/\/amdcomval.com\/los-medios-digitales-de-la-comunitat-valenciana-se-suman-a-la-iniciativa-sin-preguntas-no-hay-cobertura\/#primaryimage"},"thumbnailUrl":"https:\/\/amdcomval.com\/wp-content\/uploads\/2012\/01\/manu-brabo.jpg","datePublished":"2011-05-09T07:31:01+00:00","breadcrumb":{"@id":"https:\/\/amdcomval.com\/los-medios-digitales-de-la-comunitat-valenciana-se-suman-a-la-iniciativa-sin-preguntas-no-hay-cobertura\/#breadcrumb"},"inLanguage":"val","potentialAction":[{"@type":"ReadAction","target":["https:\/\/amdcomval.com\/los-medios-digitales-de-la-comunitat-valenciana-se-suman-a-la-iniciativa-sin-preguntas-no-hay-cobertura\/"]}]},{"@type":"ImageObject","inLanguage":"val","@id":"https:\/\/amdcomval.com\/los-medios-digitales-de-la-comunitat-valenciana-se-suman-a-la-iniciativa-sin-preguntas-no-hay-cobertura\/#primaryimage","url":"https:\/\/amdcomval.com\/wp-content\/uploads\/2012\/01\/manu-brabo.jpg","contentUrl":"https:\/\/amdcomval.com\/wp-content\/uploads\/2012\/01\/manu-brabo.jpg","width":500,"height":333},{"@type":"BreadcrumbList","@id":"https:\/\/amdcomval.com\/los-medios-digitales-de-la-comunitat-valenciana-se-suman-a-la-iniciativa-sin-preguntas-no-hay-cobertura\/#breadcrumb","itemListElement":[{"@type":"ListItem","position":1,"name":"Portada","item":"https:\/\/amdcomval.com\/val\/"},{"@type":"ListItem","position":2,"name":"Los medios digitales de la Comunitat Valenciana se suman a la iniciativa \u201cSin preguntas no hay cobertura\u201d"}]},{"@type":"WebSite","@id":"https:\/\/amdcomval.com\/#website","url":"https:\/\/amdcomval.com\/","name":"AMDComVal - Associaci\u00f3 de Mitjans Digitals de la Comunitat Valenciana","description":"Web oficial de la Associaci\u00f3 de Mitjans Digitals de la Comunitat Valenciana (AMDComVal). Por la profesionalizaci\u00f3n y dignificaci\u00f3n de los medios de comunicaci\u00f3n digital","publisher":{"@id":"https:\/\/amdcomval.com\/#organization"},"potentialAction":[{"@type":"SearchAction","target":{"@type":"EntryPoint","urlTemplate":"https:\/\/amdcomval.com\/?s={search_term_string}"},"query-input":{"@type":"PropertyValueSpecification","valueRequired":true,"valueName":"search_term_string"}}],"inLanguage":"val"},{"@type":"Organization","@id":"https:\/\/amdcomval.com\/#organization","name":"AMDComVal - Associaci\u00f3 de Mitjans Digitals de la Comunitat Valenciana","url":"https:\/\/amdcomval.com\/","logo":{"@type":"ImageObject","inLanguage":"val","@id":"https:\/\/amdcomval.com\/#\/schema\/logo\/image\/","url":"https:\/\/amdcomval.com\/wp-content\/uploads\/2025\/10\/AMDComVal-logo-horizontal-2.png","contentUrl":"https:\/\/amdcomval.com\/wp-content\/uploads\/2025\/10\/AMDComVal-logo-horizontal-2.png","width":2560,"height":936,"caption":"AMDComVal - Associaci\u00f3 de Mitjans Digitals de la Comunitat Valenciana"},"image":{"@id":"https:\/\/amdcomval.com\/#\/schema\/logo\/image\/"},"sameAs":["https:\/\/www.facebook.com\/Associaci-De-Mitjans-Digitals-238717099544439\/","https:\/\/x.com\/AMDComVal","https:\/\/www.linkedin.com\/groups\/3150654\/"]},{"@type":"Person","@id":"https:\/\/amdcomval.com\/#\/schema\/person\/f15529598c810a38625abf10fd5bda3a","name":"AMDComVal","url":"https:\/\/amdcomval.com\/val\/author\/amdcomval\/"}]}},"_links":{"self":[{"href":"https:\/\/amdcomval.com\/val\/wp-json\/wp\/v2\/posts\/681","targetHints":{"allow":["GET"]}}],"collection":[{"href":"https:\/\/amdcomval.com\/val\/wp-json\/wp\/v2\/posts"}],"about":[{"href":"https:\/\/amdcomval.com\/val\/wp-json\/wp\/v2\/types\/post"}],"author":[{"embeddable":true,"href":"https:\/\/amdcomval.com\/val\/wp-json\/wp\/v2\/users\/4"}],"replies":[{"embeddable":true,"href":"https:\/\/amdcomval.com\/val\/wp-json\/wp\/v2\/comments?post=681"}],"version-history":[{"count":0,"href":"https:\/\/amdcomval.com\/val\/wp-json\/wp\/v2\/posts\/681\/revisions"}],"wp:featuredmedia":[{"embeddable":true,"href":"https:\/\/amdcomval.com\/val\/wp-json\/wp\/v2\/media\/2290"}],"wp:attachment":[{"href":"https:\/\/amdcomval.com\/val\/wp-json\/wp\/v2\/media?parent=681"}],"wp:term":[{"taxonomy":"category","embeddable":true,"href":"https:\/\/amdcomval.com\/val\/wp-json\/wp\/v2\/categories?post=681"},{"taxonomy":"post_tag","embeddable":true,"href":"https:\/\/amdcomval.com\/val\/wp-json\/wp\/v2\/tags?post=681"}],"curies":[{"name":"wp","href":"https:\/\/api.w.org\/{rel}","templated":true}]}}