{"id":682,"date":"2011-06-09T23:57:36","date_gmt":"2011-06-09T23:57:36","guid":{"rendered":"https:\/\/www.amdcomval.com\/?p=163"},"modified":"2011-06-09T23:57:36","modified_gmt":"2011-06-09T23:57:36","slug":"la-amdcomval-organiza-sus-primeras-jornadas-con-el-fin-de-compartir-experiencias-y-conocimientos-con-editores-y-periodistas-de-los-medios-digitales-valencianos","status":"publish","type":"post","link":"https:\/\/amdcomval.com\/val\/la-amdcomval-organiza-sus-primeras-jornadas-con-el-fin-de-compartir-experiencias-y-conocimientos-con-editores-y-periodistas-de-los-medios-digitales-valencianos\/","title":{"rendered":"La AMDComVal organiza sus primeras jornadas con el fin de compartir experiencias y conocimientos con editores y periodistas de los medios digitales valencianos"},"content":{"rendered":"<p style=\"text-align: justify;\"><strong>Las jornadas, organizadas conjuntamente con Folioserver, pretenden reunir el pr\u00f3ximo 17 de junio en Teulada al mundo editorial y profesional digital de la Comunitat Valenciana.<\/strong><\/p>\n<p style=\"text-align: justify;\"><a class=\"lightbox\" title=\"\"  href=\"https:\/\/amdcomval.com\/wp-content\/uploads\/2012\/02\/jornadas-periodismo-digital-amdcomval-junio-2011.jpg\" data-rel=\"lightbox-gallery-0\" data-rl_title=\"\" data-rl_caption=\"\"><img loading=\"lazy\" decoding=\"async\" class=\"alignleft size-full wp-image-164\" style=\"border-style: initial; border-color: initial; border-image: initial; margin-top: 5px; margin-bottom: 5px; margin-left: 0px; margin-right: 10px; border-width: 0px;\" title=\"Jornadas de periodismo digital en Teulada - Moraira\" src=\"https:\/\/amdcomval.com\/wp-content\/uploads\/2012\/02\/jornadas-periodismo-digital-amdcomval-junio-2011.jpg\"  width=\"247\" height=\"438\" \/><\/a>La Asociaci\u00f3n de Medios Digitales de la Comunitat Valenciana (<a href=\"https:\/\/amdcomval.com\/\" target=\"_blank\">AMDcomval<\/a>) y Folioserver.com han organizado para el pr\u00f3ximo 17 de julio en Teulada sus primeras Jornadas de Periodismo Digital con el fin de compartir experiencias y conocimientos entre todos los editores y periodistas dedicados a los medios digitales de la Comunitat Valenciana.<\/p>\n<p style=\"text-align: justify;\">La jornada, que se celebrar\u00e1 en el\u00a0<a href=\"http:\/\/www.teulada-moraira.es\/ver\/756\/ESPAI-LA-SENIETA.html\">Espai La Senieta<\/a>\u00a0y que tiene como lema \u2018C\u00f3mo hacer rentable tu publicaci\u00f3n digital\u2019, intentar\u00e1 ofrecer a todos los participantes \u201cideas frescas y novedosas para enfocar contenidos, formatos y publicidad con el fin de fidelizar lectores y conseguir anunciantes que garanticen la rentabilidad de los medios digitales\u201d. Las jornadas ser\u00e1n gratuitas aunque, ante la limitaci\u00f3n de plazas, los interesados deber\u00e1n formalizar su\u00a0<a title=\"Inscripci\u00f3n en las Jornadas\" href=\"http:\/\/www.folioserver.com\/inscripcion_masterclass.php\">inscripci\u00f3n\u00a0<\/a>en la web de la Asociaci\u00f3n o en la web de<a title=\"Inscripci\u00f3n en la Masterclass\" href=\"http:\/\/www.folioserver.com\/inscripcion_masterclass.php\">\u00a0Folioserver<\/a>.<\/p>\n<p style=\"text-align: justify;\">Los organizadores de la jornada, la AMDComVal y la empresa Folioserver con la colaboraci\u00f3n del Ayuntamiento de Moraira-Teulada, el restaurante La Senieta y el portal<a href=\"http:\/\/www.teuladamorairadigital.com\/\">Teuladamorairadigital.com<\/a>, pretenden que esta primera cita sirva de encuentro a los responsables de los medios digitales asociados a la AMDComVal, a los medios de Alicante, Castell\u00f3n y Valencia interesados en formar parte de la asociaci\u00f3n \u201cpero tambi\u00e9n de los editores de prensa local en papel o digital, prensa provincial, editores en el \u00e1mbito internet, periodistas independientes con proyectos digitales, agencias de comunicaci\u00f3n y agencias de prensa\u201d.<\/p>\n<p style=\"text-align: justify;\">\u00d3scar Delgado, presidente de la Asociaci\u00f3n de Medios Digitales de la Comunitat Valenciana, manifest\u00f3 su intenci\u00f3n de que este primer encuentro sirva tambi\u00e9n para que \u201ctodos aquellos medios o periodistas que se est\u00e9n planteando dar el salto digital conozcan los planteamientos y las iniciativas que se est\u00e1n realizando en la Comunitat Valenciana\u201d.<\/p>\n<p style=\"text-align: justify;\">Delgado record\u00f3 que en la actualidad ya forman parte de la Asociaci\u00f3n un total de 14 medios de comunicaci\u00f3n de Alicante, Castell\u00f3n y Valencia que suman audiencias medias de 4\u20199 millones de p\u00e1ginas en el \u00faltimo trimestre, \u201checho que nos est\u00e1 permitiendo, entre otras acciones de formaci\u00f3n, comunicaci\u00f3n y comerciales, cerrar acuerdos con algunas agencias de publicidad para nuestros asociados dadas nuestras importantes cifras, nuestra segmentaci\u00f3n y nuestra presencia en numerosas comarcas y localidades valencianas\u201d.<\/p>\n<p style=\"text-align: justify;\">El alcalde de Teulada-Moraira abrir\u00e1 oficialmente, a las 11:30 horas, las jornadas para comenzar posteriormente una master class a cargo de Jos\u00e9 Esteban, responsable de Folioserver y autor del libro digital gratuito \u2018Tu tienda virtual como herramienta ante la crisis\u2019 con m\u00e1s de 50.000 descargas en todo el mundo, en el que se hablar\u00e1 principalmente de contenidos, formatos y comercializaci\u00f3n.<\/p>\n<p style=\"text-align: justify;\">Posteriormente, ya por la tarde, se celebrar\u00e1 una charla-coloquio en la que participar\u00e1n Elvira Garc\u00eda de Torres, Directora del OIMED y profesora de Periodismo Digital en UCH-CEU; \u00d3scar Delgado, director de\u00a0<a href=\"http:\/\/www.360gradospress.com\/\">360gradospress.com<\/a>\u00a0y Presidente de AMDComVal, y Vicente Bolufer, director de Teuladamorairadigital.com y\u00a0<a href=\"http:\/\/www.benissadigital.com\/\">Benissadigital.com<\/a>.<\/p>\n","protected":false},"excerpt":{"rendered":"<p>Las jornadas, organizadas conjuntamente con Folioserver, pretenden reunir el pr\u00f3ximo 17 de junio en Teulada al mundo editorial y profesional digital de la Comunitat Valenciana. La Asociaci\u00f3n de Medios Digitales de la Comunitat Valenciana (AMDcomval) y Folioserver.com han organizado para el pr\u00f3ximo 17 de julio en Teulada sus primeras Jornadas de Periodismo Digital con el [&hellip;]<\/p>\n","protected":false},"author":4,"featured_media":2291,"comment_status":"open","ping_status":"open","sticky":false,"template":"","format":"standard","meta":{"_acf_changed":false,"footnotes":""},"categories":[17],"tags":[12,32,33,34,35,36],"class_list":["post-682","post","type-post","status-publish","format-standard","has-post-thumbnail","hentry","category-blog","tag-amdcomval","tag-espai-la-seineta","tag-folioserver","tag-jornadas-de-periodismo-digital","tag-masterclass","tag-teulada"],"acf":[],"yoast_head":"<!-- This site is optimized with the Yoast SEO plugin v26.3 - https:\/\/yoast.com\/wordpress\/plugins\/seo\/ -->\n<title>La AMDComVal organiza sus primeras jornadas con el fin de compartir experiencias y conocimientos con editores y periodistas de los medios digitales valencianos - AMDComVal - Associaci\u00f3 de Mitjans Digitals de la Comunitat Valenciana<\/title>\n<meta name=\"robots\" content=\"index, follow, max-snippet:-1, max-image-preview:large, max-video-preview:-1\" \/>\n<link rel=\"canonical\" href=\"https:\/\/amdcomval.com\/la-amdcomval-organiza-sus-primeras-jornadas-con-el-fin-de-compartir-experiencias-y-conocimientos-con-editores-y-periodistas-de-los-medios-digitales-valencianos\/\" \/>\n<meta property=\"og:locale\" content=\"en_US\" \/>\n<meta property=\"og:type\" content=\"article\" \/>\n<meta property=\"og:title\" content=\"La AMDComVal organiza sus primeras jornadas con el fin de compartir experiencias y conocimientos con editores y periodistas de los medios digitales valencianos - AMDComVal - Associaci\u00f3 de Mitjans Digitals de la Comunitat Valenciana\" \/>\n<meta property=\"og:description\" content=\"Las jornadas, organizadas conjuntamente con Folioserver, pretenden reunir el pr\u00f3ximo 17 de junio en Teulada al mundo editorial y profesional digital de la Comunitat Valenciana. La Asociaci\u00f3n de Medios Digitales de la Comunitat Valenciana (AMDcomval) y Folioserver.com han organizado para el pr\u00f3ximo 17 de julio en Teulada sus primeras Jornadas de Periodismo Digital con el [&hellip;]\" \/>\n<meta property=\"og:url\" content=\"https:\/\/amdcomval.com\/la-amdcomval-organiza-sus-primeras-jornadas-con-el-fin-de-compartir-experiencias-y-conocimientos-con-editores-y-periodistas-de-los-medios-digitales-valencianos\/\" \/>\n<meta property=\"og:site_name\" content=\"AMDComVal - Associaci\u00f3 de Mitjans Digitals de la Comunitat Valenciana\" \/>\n<meta property=\"article:publisher\" content=\"https:\/\/www.facebook.com\/Associaci-De-Mitjans-Digitals-238717099544439\/\" \/>\n<meta property=\"article:published_time\" content=\"2011-06-09T23:57:36+00:00\" \/>\n<meta property=\"og:image\" content=\"https:\/\/amdcomval.com\/wp-content\/uploads\/2012\/02\/jornadas-periodismo-digital-amdcomval-junio-2011.jpg\" \/>\n\t<meta property=\"og:image:width\" content=\"247\" \/>\n\t<meta property=\"og:image:height\" content=\"438\" \/>\n\t<meta property=\"og:image:type\" content=\"image\/jpeg\" \/>\n<meta name=\"author\" content=\"AMDComVal\" \/>\n<meta name=\"twitter:card\" content=\"summary_large_image\" \/>\n<meta name=\"twitter:creator\" content=\"@AMDComVal\" \/>\n<meta name=\"twitter:site\" content=\"@AMDComVal\" \/>\n<meta name=\"twitter:label1\" content=\"Written by\" \/>\n\t<meta name=\"twitter:data1\" content=\"AMDComVal\" \/>\n\t<meta name=\"twitter:label2\" content=\"Est. reading time\" \/>\n\t<meta name=\"twitter:data2\" content=\"3 minutes\" \/>\n<script type=\"application\/ld+json\" class=\"yoast-schema-graph\">{\"@context\":\"https:\/\/schema.org\",\"@graph\":[{\"@type\":\"Article\",\"@id\":\"https:\/\/amdcomval.com\/la-amdcomval-organiza-sus-primeras-jornadas-con-el-fin-de-compartir-experiencias-y-conocimientos-con-editores-y-periodistas-de-los-medios-digitales-valencianos\/#article\",\"isPartOf\":{\"@id\":\"https:\/\/amdcomval.com\/la-amdcomval-organiza-sus-primeras-jornadas-con-el-fin-de-compartir-experiencias-y-conocimientos-con-editores-y-periodistas-de-los-medios-digitales-valencianos\/\"},\"author\":{\"name\":\"AMDComVal\",\"@id\":\"https:\/\/amdcomval.com\/#\/schema\/person\/f15529598c810a38625abf10fd5bda3a\"},\"headline\":\"La AMDComVal organiza sus primeras jornadas con el fin de compartir experiencias y conocimientos con editores y periodistas de los medios digitales valencianos\",\"datePublished\":\"2011-06-09T23:57:36+00:00\",\"mainEntityOfPage\":{\"@id\":\"https:\/\/amdcomval.com\/la-amdcomval-organiza-sus-primeras-jornadas-con-el-fin-de-compartir-experiencias-y-conocimientos-con-editores-y-periodistas-de-los-medios-digitales-valencianos\/\"},\"wordCount\":532,\"commentCount\":0,\"publisher\":{\"@id\":\"https:\/\/amdcomval.com\/#organization\"},\"image\":{\"@id\":\"https:\/\/amdcomval.com\/la-amdcomval-organiza-sus-primeras-jornadas-con-el-fin-de-compartir-experiencias-y-conocimientos-con-editores-y-periodistas-de-los-medios-digitales-valencianos\/#primaryimage\"},\"thumbnailUrl\":\"https:\/\/amdcomval.com\/wp-content\/uploads\/2012\/02\/jornadas-periodismo-digital-amdcomval-junio-2011.jpg\",\"keywords\":[\"amdcomval\",\"espai la seineta\",\"folioserver\",\"jornadas de periodismo digital\",\"masterclass\",\"teulada\"],\"articleSection\":[\"Blog\"],\"inLanguage\":\"val\",\"potentialAction\":[{\"@type\":\"CommentAction\",\"name\":\"Comment\",\"target\":[\"https:\/\/amdcomval.com\/la-amdcomval-organiza-sus-primeras-jornadas-con-el-fin-de-compartir-experiencias-y-conocimientos-con-editores-y-periodistas-de-los-medios-digitales-valencianos\/#respond\"]}]},{\"@type\":\"WebPage\",\"@id\":\"https:\/\/amdcomval.com\/la-amdcomval-organiza-sus-primeras-jornadas-con-el-fin-de-compartir-experiencias-y-conocimientos-con-editores-y-periodistas-de-los-medios-digitales-valencianos\/\",\"url\":\"https:\/\/amdcomval.com\/la-amdcomval-organiza-sus-primeras-jornadas-con-el-fin-de-compartir-experiencias-y-conocimientos-con-editores-y-periodistas-de-los-medios-digitales-valencianos\/\",\"name\":\"La AMDComVal organiza sus primeras jornadas con el fin de compartir experiencias y conocimientos con editores y periodistas de los medios digitales valencianos - AMDComVal - Associaci\u00f3 de Mitjans Digitals de la Comunitat Valenciana\",\"isPartOf\":{\"@id\":\"https:\/\/amdcomval.com\/#website\"},\"primaryImageOfPage\":{\"@id\":\"https:\/\/amdcomval.com\/la-amdcomval-organiza-sus-primeras-jornadas-con-el-fin-de-compartir-experiencias-y-conocimientos-con-editores-y-periodistas-de-los-medios-digitales-valencianos\/#primaryimage\"},\"image\":{\"@id\":\"https:\/\/amdcomval.com\/la-amdcomval-organiza-sus-primeras-jornadas-con-el-fin-de-compartir-experiencias-y-conocimientos-con-editores-y-periodistas-de-los-medios-digitales-valencianos\/#primaryimage\"},\"thumbnailUrl\":\"https:\/\/amdcomval.com\/wp-content\/uploads\/2012\/02\/jornadas-periodismo-digital-amdcomval-junio-2011.jpg\",\"datePublished\":\"2011-06-09T23:57:36+00:00\",\"breadcrumb\":{\"@id\":\"https:\/\/amdcomval.com\/la-amdcomval-organiza-sus-primeras-jornadas-con-el-fin-de-compartir-experiencias-y-conocimientos-con-editores-y-periodistas-de-los-medios-digitales-valencianos\/#breadcrumb\"},\"inLanguage\":\"val\",\"potentialAction\":[{\"@type\":\"ReadAction\",\"target\":[\"https:\/\/amdcomval.com\/la-amdcomval-organiza-sus-primeras-jornadas-con-el-fin-de-compartir-experiencias-y-conocimientos-con-editores-y-periodistas-de-los-medios-digitales-valencianos\/\"]}]},{\"@type\":\"ImageObject\",\"inLanguage\":\"val\",\"@id\":\"https:\/\/amdcomval.com\/la-amdcomval-organiza-sus-primeras-jornadas-con-el-fin-de-compartir-experiencias-y-conocimientos-con-editores-y-periodistas-de-los-medios-digitales-valencianos\/#primaryimage\",\"url\":\"https:\/\/amdcomval.com\/wp-content\/uploads\/2012\/02\/jornadas-periodismo-digital-amdcomval-junio-2011.jpg\",\"contentUrl\":\"https:\/\/amdcomval.com\/wp-content\/uploads\/2012\/02\/jornadas-periodismo-digital-amdcomval-junio-2011.jpg\",\"width\":247,\"height\":438,\"caption\":\"Jornadas de periodismo digital en Teulada - Moraira\"},{\"@type\":\"BreadcrumbList\",\"@id\":\"https:\/\/amdcomval.com\/la-amdcomval-organiza-sus-primeras-jornadas-con-el-fin-de-compartir-experiencias-y-conocimientos-con-editores-y-periodistas-de-los-medios-digitales-valencianos\/#breadcrumb\",\"itemListElement\":[{\"@type\":\"ListItem\",\"position\":1,\"name\":\"Portada\",\"item\":\"https:\/\/amdcomval.com\/val\/\"},{\"@type\":\"ListItem\",\"position\":2,\"name\":\"La AMDComVal organiza sus primeras jornadas con el fin de compartir experiencias y conocimientos con editores y periodistas de los medios digitales valencianos\"}]},{\"@type\":\"WebSite\",\"@id\":\"https:\/\/amdcomval.com\/#website\",\"url\":\"https:\/\/amdcomval.com\/\",\"name\":\"AMDComVal - Associaci\u00f3 de Mitjans Digitals de la Comunitat Valenciana\",\"description\":\"Web oficial de la Associaci\u00f3 de Mitjans Digitals de la Comunitat Valenciana (AMDComVal). Por la profesionalizaci\u00f3n y dignificaci\u00f3n de los medios de comunicaci\u00f3n digital\",\"publisher\":{\"@id\":\"https:\/\/amdcomval.com\/#organization\"},\"potentialAction\":[{\"@type\":\"SearchAction\",\"target\":{\"@type\":\"EntryPoint\",\"urlTemplate\":\"https:\/\/amdcomval.com\/?s={search_term_string}\"},\"query-input\":{\"@type\":\"PropertyValueSpecification\",\"valueRequired\":true,\"valueName\":\"search_term_string\"}}],\"inLanguage\":\"val\"},{\"@type\":\"Organization\",\"@id\":\"https:\/\/amdcomval.com\/#organization\",\"name\":\"AMDComVal - Associaci\u00f3 de Mitjans Digitals de la Comunitat Valenciana\",\"url\":\"https:\/\/amdcomval.com\/\",\"logo\":{\"@type\":\"ImageObject\",\"inLanguage\":\"val\",\"@id\":\"https:\/\/amdcomval.com\/#\/schema\/logo\/image\/\",\"url\":\"https:\/\/amdcomval.com\/wp-content\/uploads\/2025\/10\/AMDComVal-logo-horizontal-2.png\",\"contentUrl\":\"https:\/\/amdcomval.com\/wp-content\/uploads\/2025\/10\/AMDComVal-logo-horizontal-2.png\",\"width\":2560,\"height\":936,\"caption\":\"AMDComVal - Associaci\u00f3 de Mitjans Digitals de la Comunitat Valenciana\"},\"image\":{\"@id\":\"https:\/\/amdcomval.com\/#\/schema\/logo\/image\/\"},\"sameAs\":[\"https:\/\/www.facebook.com\/Associaci-De-Mitjans-Digitals-238717099544439\/\",\"https:\/\/x.com\/AMDComVal\",\"https:\/\/www.linkedin.com\/groups\/3150654\/\"]},{\"@type\":\"Person\",\"@id\":\"https:\/\/amdcomval.com\/#\/schema\/person\/f15529598c810a38625abf10fd5bda3a\",\"name\":\"AMDComVal\",\"url\":\"https:\/\/amdcomval.com\/val\/author\/amdcomval\/\"}]}<\/script>\n<!-- \/ Yoast SEO plugin. -->","yoast_head_json":{"title":"La AMDComVal organiza sus primeras jornadas con el fin de compartir experiencias y conocimientos con editores y periodistas de los medios digitales valencianos - AMDComVal - Associaci\u00f3 de Mitjans Digitals de la Comunitat Valenciana","robots":{"index":"index","follow":"follow","max-snippet":"max-snippet:-1","max-image-preview":"max-image-preview:large","max-video-preview":"max-video-preview:-1"},"canonical":"https:\/\/amdcomval.com\/la-amdcomval-organiza-sus-primeras-jornadas-con-el-fin-de-compartir-experiencias-y-conocimientos-con-editores-y-periodistas-de-los-medios-digitales-valencianos\/","og_locale":"en_US","og_type":"article","og_title":"La AMDComVal organiza sus primeras jornadas con el fin de compartir experiencias y conocimientos con editores y periodistas de los medios digitales valencianos - AMDComVal - Associaci\u00f3 de Mitjans Digitals de la Comunitat Valenciana","og_description":"Las jornadas, organizadas conjuntamente con Folioserver, pretenden reunir el pr\u00f3ximo 17 de junio en Teulada al mundo editorial y profesional digital de la Comunitat Valenciana. La Asociaci\u00f3n de Medios Digitales de la Comunitat Valenciana (AMDcomval) y Folioserver.com han organizado para el pr\u00f3ximo 17 de julio en Teulada sus primeras Jornadas de Periodismo Digital con el [&hellip;]","og_url":"https:\/\/amdcomval.com\/la-amdcomval-organiza-sus-primeras-jornadas-con-el-fin-de-compartir-experiencias-y-conocimientos-con-editores-y-periodistas-de-los-medios-digitales-valencianos\/","og_site_name":"AMDComVal - Associaci\u00f3 de Mitjans Digitals de la Comunitat Valenciana","article_publisher":"https:\/\/www.facebook.com\/Associaci-De-Mitjans-Digitals-238717099544439\/","article_published_time":"2011-06-09T23:57:36+00:00","og_image":[{"width":247,"height":438,"url":"https:\/\/amdcomval.com\/wp-content\/uploads\/2012\/02\/jornadas-periodismo-digital-amdcomval-junio-2011.jpg","type":"image\/jpeg"}],"author":"AMDComVal","twitter_card":"summary_large_image","twitter_creator":"@AMDComVal","twitter_site":"@AMDComVal","twitter_misc":{"Written by":"AMDComVal","Est. reading time":"3 minutes"},"schema":{"@context":"https:\/\/schema.org","@graph":[{"@type":"Article","@id":"https:\/\/amdcomval.com\/la-amdcomval-organiza-sus-primeras-jornadas-con-el-fin-de-compartir-experiencias-y-conocimientos-con-editores-y-periodistas-de-los-medios-digitales-valencianos\/#article","isPartOf":{"@id":"https:\/\/amdcomval.com\/la-amdcomval-organiza-sus-primeras-jornadas-con-el-fin-de-compartir-experiencias-y-conocimientos-con-editores-y-periodistas-de-los-medios-digitales-valencianos\/"},"author":{"name":"AMDComVal","@id":"https:\/\/amdcomval.com\/#\/schema\/person\/f15529598c810a38625abf10fd5bda3a"},"headline":"La AMDComVal organiza sus primeras jornadas con el fin de compartir experiencias y conocimientos con editores y periodistas de los medios digitales valencianos","datePublished":"2011-06-09T23:57:36+00:00","mainEntityOfPage":{"@id":"https:\/\/amdcomval.com\/la-amdcomval-organiza-sus-primeras-jornadas-con-el-fin-de-compartir-experiencias-y-conocimientos-con-editores-y-periodistas-de-los-medios-digitales-valencianos\/"},"wordCount":532,"commentCount":0,"publisher":{"@id":"https:\/\/amdcomval.com\/#organization"},"image":{"@id":"https:\/\/amdcomval.com\/la-amdcomval-organiza-sus-primeras-jornadas-con-el-fin-de-compartir-experiencias-y-conocimientos-con-editores-y-periodistas-de-los-medios-digitales-valencianos\/#primaryimage"},"thumbnailUrl":"https:\/\/amdcomval.com\/wp-content\/uploads\/2012\/02\/jornadas-periodismo-digital-amdcomval-junio-2011.jpg","keywords":["amdcomval","espai la seineta","folioserver","jornadas de periodismo digital","masterclass","teulada"],"articleSection":["Blog"],"inLanguage":"val","potentialAction":[{"@type":"CommentAction","name":"Comment","target":["https:\/\/amdcomval.com\/la-amdcomval-organiza-sus-primeras-jornadas-con-el-fin-de-compartir-experiencias-y-conocimientos-con-editores-y-periodistas-de-los-medios-digitales-valencianos\/#respond"]}]},{"@type":"WebPage","@id":"https:\/\/amdcomval.com\/la-amdcomval-organiza-sus-primeras-jornadas-con-el-fin-de-compartir-experiencias-y-conocimientos-con-editores-y-periodistas-de-los-medios-digitales-valencianos\/","url":"https:\/\/amdcomval.com\/la-amdcomval-organiza-sus-primeras-jornadas-con-el-fin-de-compartir-experiencias-y-conocimientos-con-editores-y-periodistas-de-los-medios-digitales-valencianos\/","name":"La AMDComVal organiza sus primeras jornadas con el fin de compartir experiencias y conocimientos con editores y periodistas de los medios digitales valencianos - AMDComVal - Associaci\u00f3 de Mitjans Digitals de la Comunitat Valenciana","isPartOf":{"@id":"https:\/\/amdcomval.com\/#website"},"primaryImageOfPage":{"@id":"https:\/\/amdcomval.com\/la-amdcomval-organiza-sus-primeras-jornadas-con-el-fin-de-compartir-experiencias-y-conocimientos-con-editores-y-periodistas-de-los-medios-digitales-valencianos\/#primaryimage"},"image":{"@id":"https:\/\/amdcomval.com\/la-amdcomval-organiza-sus-primeras-jornadas-con-el-fin-de-compartir-experiencias-y-conocimientos-con-editores-y-periodistas-de-los-medios-digitales-valencianos\/#primaryimage"},"thumbnailUrl":"https:\/\/amdcomval.com\/wp-content\/uploads\/2012\/02\/jornadas-periodismo-digital-amdcomval-junio-2011.jpg","datePublished":"2011-06-09T23:57:36+00:00","breadcrumb":{"@id":"https:\/\/amdcomval.com\/la-amdcomval-organiza-sus-primeras-jornadas-con-el-fin-de-compartir-experiencias-y-conocimientos-con-editores-y-periodistas-de-los-medios-digitales-valencianos\/#breadcrumb"},"inLanguage":"val","potentialAction":[{"@type":"ReadAction","target":["https:\/\/amdcomval.com\/la-amdcomval-organiza-sus-primeras-jornadas-con-el-fin-de-compartir-experiencias-y-conocimientos-con-editores-y-periodistas-de-los-medios-digitales-valencianos\/"]}]},{"@type":"ImageObject","inLanguage":"val","@id":"https:\/\/amdcomval.com\/la-amdcomval-organiza-sus-primeras-jornadas-con-el-fin-de-compartir-experiencias-y-conocimientos-con-editores-y-periodistas-de-los-medios-digitales-valencianos\/#primaryimage","url":"https:\/\/amdcomval.com\/wp-content\/uploads\/2012\/02\/jornadas-periodismo-digital-amdcomval-junio-2011.jpg","contentUrl":"https:\/\/amdcomval.com\/wp-content\/uploads\/2012\/02\/jornadas-periodismo-digital-amdcomval-junio-2011.jpg","width":247,"height":438,"caption":"Jornadas de periodismo digital en Teulada - Moraira"},{"@type":"BreadcrumbList","@id":"https:\/\/amdcomval.com\/la-amdcomval-organiza-sus-primeras-jornadas-con-el-fin-de-compartir-experiencias-y-conocimientos-con-editores-y-periodistas-de-los-medios-digitales-valencianos\/#breadcrumb","itemListElement":[{"@type":"ListItem","position":1,"name":"Portada","item":"https:\/\/amdcomval.com\/val\/"},{"@type":"ListItem","position":2,"name":"La AMDComVal organiza sus primeras jornadas con el fin de compartir experiencias y conocimientos con editores y periodistas de los medios digitales valencianos"}]},{"@type":"WebSite","@id":"https:\/\/amdcomval.com\/#website","url":"https:\/\/amdcomval.com\/","name":"AMDComVal - Associaci\u00f3 de Mitjans Digitals de la Comunitat Valenciana","description":"Web oficial de la Associaci\u00f3 de Mitjans Digitals de la Comunitat Valenciana (AMDComVal). Por la profesionalizaci\u00f3n y dignificaci\u00f3n de los medios de comunicaci\u00f3n digital","publisher":{"@id":"https:\/\/amdcomval.com\/#organization"},"potentialAction":[{"@type":"SearchAction","target":{"@type":"EntryPoint","urlTemplate":"https:\/\/amdcomval.com\/?s={search_term_string}"},"query-input":{"@type":"PropertyValueSpecification","valueRequired":true,"valueName":"search_term_string"}}],"inLanguage":"val"},{"@type":"Organization","@id":"https:\/\/amdcomval.com\/#organization","name":"AMDComVal - Associaci\u00f3 de Mitjans Digitals de la Comunitat Valenciana","url":"https:\/\/amdcomval.com\/","logo":{"@type":"ImageObject","inLanguage":"val","@id":"https:\/\/amdcomval.com\/#\/schema\/logo\/image\/","url":"https:\/\/amdcomval.com\/wp-content\/uploads\/2025\/10\/AMDComVal-logo-horizontal-2.png","contentUrl":"https:\/\/amdcomval.com\/wp-content\/uploads\/2025\/10\/AMDComVal-logo-horizontal-2.png","width":2560,"height":936,"caption":"AMDComVal - Associaci\u00f3 de Mitjans Digitals de la Comunitat Valenciana"},"image":{"@id":"https:\/\/amdcomval.com\/#\/schema\/logo\/image\/"},"sameAs":["https:\/\/www.facebook.com\/Associaci-De-Mitjans-Digitals-238717099544439\/","https:\/\/x.com\/AMDComVal","https:\/\/www.linkedin.com\/groups\/3150654\/"]},{"@type":"Person","@id":"https:\/\/amdcomval.com\/#\/schema\/person\/f15529598c810a38625abf10fd5bda3a","name":"AMDComVal","url":"https:\/\/amdcomval.com\/val\/author\/amdcomval\/"}]}},"_links":{"self":[{"href":"https:\/\/amdcomval.com\/val\/wp-json\/wp\/v2\/posts\/682","targetHints":{"allow":["GET"]}}],"collection":[{"href":"https:\/\/amdcomval.com\/val\/wp-json\/wp\/v2\/posts"}],"about":[{"href":"https:\/\/amdcomval.com\/val\/wp-json\/wp\/v2\/types\/post"}],"author":[{"embeddable":true,"href":"https:\/\/amdcomval.com\/val\/wp-json\/wp\/v2\/users\/4"}],"replies":[{"embeddable":true,"href":"https:\/\/amdcomval.com\/val\/wp-json\/wp\/v2\/comments?post=682"}],"version-history":[{"count":0,"href":"https:\/\/amdcomval.com\/val\/wp-json\/wp\/v2\/posts\/682\/revisions"}],"wp:featuredmedia":[{"embeddable":true,"href":"https:\/\/amdcomval.com\/val\/wp-json\/wp\/v2\/media\/2291"}],"wp:attachment":[{"href":"https:\/\/amdcomval.com\/val\/wp-json\/wp\/v2\/media?parent=682"}],"wp:term":[{"taxonomy":"category","embeddable":true,"href":"https:\/\/amdcomval.com\/val\/wp-json\/wp\/v2\/categories?post=682"},{"taxonomy":"post_tag","embeddable":true,"href":"https:\/\/amdcomval.com\/val\/wp-json\/wp\/v2\/tags?post=682"}],"curies":[{"name":"wp","href":"https:\/\/api.w.org\/{rel}","templated":true}]}}