{"id":683,"date":"2011-06-21T00:06:54","date_gmt":"2011-06-21T00:06:54","guid":{"rendered":"https:\/\/www.amdcomval.com\/?p=167"},"modified":"2011-06-21T00:06:54","modified_gmt":"2011-06-21T00:06:54","slug":"las-primeras-jornadas-de-periodismo-digital-de-la-amdcomval-reunieron-en-teulada-moraria-a-medio-centenar-de-medios-digitales-valencianos","status":"publish","type":"post","link":"https:\/\/amdcomval.com\/val\/las-primeras-jornadas-de-periodismo-digital-de-la-amdcomval-reunieron-en-teulada-moraria-a-medio-centenar-de-medios-digitales-valencianos\/","title":{"rendered":"Las primeras jornadas de periodismo digital de la AMDComVal reunieron en Teulada-Moraria a medio centenar de medios digitales valencianos"},"content":{"rendered":"<p style=\"text-align: justify;\"><a class=\"lightbox\" title=\"\"  href=\"https:\/\/amdcomval.com\/wp-content\/uploads\/2012\/02\/alcalde-teulada-jose-esteban-oscar-delgado.jpg\" data-rel=\"lightbox-gallery-0\" data-rl_title=\"\" data-rl_caption=\"\"><img loading=\"lazy\" decoding=\"async\" class=\"alignleft size-medium wp-image-168\" style=\"border-style: initial; border-color: initial; border-image: initial; margin-top: 5px; margin-bottom: 5px; margin-left: 0px; margin-right: 10px; border-width: 0px;\" title=\"Las primeras jornadas de periodismo digital de la AMDComVal reunieron en Teulada-Moraria a medio centenar de medios digitales\" src=\"https:\/\/amdcomval.com\/wp-content\/uploads\/2012\/02\/alcalde-teulada-jose-esteban-oscar-delgado-300x225.jpg\"  width=\"300\" height=\"225\" \/><\/a>M\u00e1s de medio centenar de representantes de otros tantos medios digitales de Alicante, Castell\u00f3n y Valencia participaron en las primeras Jornadas de Periodismo Digital, organizadas por la Asociaci\u00f3n de Medios Digitales de la Comunitat Valenciana (<a href=\"https:\/\/amdcomval.com\/\" target=\"_blank\">AMDcomval<\/a>). La jornada sirvi\u00f3 para ofrecer a todos los participantes \u201cideas frescas y novedosas para enfocar contenidos, formatos y publicidad con el fin de fidelizar lectores y conseguir anunciantes que garanticen la rentabilidad de los medios digitales\u201d.<\/p>\n<p style=\"text-align: justify;\">La jornada, que se celebr\u00f3 en el\u00a0<a href=\"http:\/\/www.teulada-moraira.es\/ver\/756\/ESPAI-LA-SENIETA.html\">Espai La Senieta<\/a>\u00a0bajo el lema \u2018C\u00f3mo hacer rentable tu publicaci\u00f3n digital\u2019, sirvi\u00f3 de encuentro a los responsables de los medios digitales asociados a la AMDComVal, a los medios de Alicante, Castell\u00f3n y Valencia interesados en formar parte de la asociaci\u00f3n pero tambi\u00e9n de los editores de prensa local en papel o digital, prensa provincial, editores en el \u00e1mbito internet, periodistas independientes con proyectos digitales, agencias de comunicaci\u00f3n y agencias de prensa que aprovecharon la jornada para intercambiar experiencias.<\/p>\n<p style=\"text-align: justify;\"><img loading=\"lazy\" decoding=\"async\" class=\"alignright size-medium wp-image-169\" style=\"border-style: initial; border-color: initial; border-image: initial; margin-top: 5px; margin-bottom: 5px; margin-left: 10px; margin-right: 0px; border-width: 0px;\" title=\"Directiva de AMDComVal en Teulada-Moraira\" src=\"https:\/\/amdcomval.com\/wp-content\/uploads\/2012\/02\/directiva-amdcomval-en-moraira-junio-2011-300x214.jpg\"  width=\"300\" height=\"214\" \/>La jornada, organizada por la AMDComVal y la empresa Folioserver con la colaboraci\u00f3n del Ayuntamiento de Moraira-Teulada, el restaurante La Senieta y el portal\u00a0<a href=\"http:\/\/www.teuladamorairadigital.com\/\">Teuladamorairadigital.com<\/a>, comenz\u00f3 con la inauguraci\u00f3n oficial a cargo del alcalde de Teulada-Moraira, Antoni Joan Bertomeu, que manifest\u00f3 \u201cla importancia de Internet y la fuerza de los medios digitales\u201d. Bertomeu ofreci\u00f3 a su municipio para ser la sede de futuros eventos de la AMDComVal \u201cpor la importancia, relevancia que ahora y en el futuro tendr\u00e1n los medios digitales\u201d.<\/p>\n<p><img loading=\"lazy\" decoding=\"async\" class=\"size-medium wp-image-171 alignleft\" style=\"border-style: initial; border-color: initial; border-image: initial; margin-top: 5px; margin-bottom: 5px; margin-left: 0px; margin-right: 10px; border-width: 0px;\" title=\"Las primeras jornadas de periodismo digital de la AMDComVal reunieron en Teulada-Moraria a medio centenar de medios digitales\" src=\"https:\/\/amdcomval.com\/wp-content\/uploads\/2012\/02\/jose-esteban-masterclass-moraira-junio-2011-300x205.jpg\"  width=\"300\" height=\"205\" \/><\/p>\n<p style=\"text-align: justify;\">Posteriormente tuvo lugar la clase magistral impartida por Jos\u00e9 Esteban, de Folioserver.com, que despleg\u00f3 sobre el escenario del imponente sal\u00f3n de actos su know-how en el terreno de la edici\u00f3n period\u00edstica en internet. Esteban trat\u00f3 los temas m\u00e1s controvertidos y aquellos otros que m\u00e1s inter\u00e9s suscitan entre los profesionales del medio \u2013el posicionamiento, social media, el consabido debate peri\u00f3dico\/blog- lo que a\u00f1adi\u00f3 un plus a una jornada que, ya de por s\u00ed, resultaba lo suficientemente enriquecedora.<\/p>\n<p style=\"text-align: justify;\">El cap\u00edtulo dedicado a los casos de \u00e9xito tuvo como protagonista a Vicente Bolufer, alma mater de benissadigital.com y teuladamorairadigital.com, y a Charramonover.com, cuyo impulsor comparti\u00f3 con los presentes c\u00f3mo un joven de apenas 18 a\u00f1os puede levantar un proyecto period\u00edstico en Internet y hacerlo crecer hasta niveles admirables con el rigor informativo y la \u00e9tica period\u00edstica por bandera.<\/p>\n<p style=\"text-align: justify;\"><a class=\"lightbox\" title=\"\"  href=\"https:\/\/amdcomval.com\/wp-content\/uploads\/2012\/02\/firma-convenio-amdcomval-folioserver-moraira-junio-2011.jpg\" data-rel=\"lightbox-gallery-0\" data-rl_title=\"\" data-rl_caption=\"\"><img loading=\"lazy\" decoding=\"async\" class=\"alignright size-medium wp-image-170\" style=\"border-style: initial; border-color: initial; border-image: initial; margin-top: 5px; margin-bottom: 5px; margin-left: 10px; margin-right: 0px; border-width: 0px;\" title=\"Firma del convenio entre la AMDComVal y Folioserver\" src=\"https:\/\/amdcomval.com\/wp-content\/uploads\/2012\/02\/firma-convenio-amdcomval-folioserver-moraira-junio-2011-300x214.jpg\"  width=\"300\" height=\"214\" \/><\/a>La jornada culmin\u00f3 con la firma protocolaria del convenio entre Folioserver y AMDCOMVAL, coorganizadoras de las jornadas, en virtud del cual se establece una estrecha colaboraci\u00f3n entre ambas entidades en pro de la difusi\u00f3n y promoci\u00f3n de la actividad profesional del periodismo digital. El acuerdo lo firmaron ante los presentes el presidente de AMDCOMVAL, \u00d3scar Delgado, y el de Folioserver y ponente de las jornadas, Jos\u00e9 Esteban.<\/p>\n<p style=\"text-align: justify;\">Con esta firma y con la mesa redonda sobre periodismo 2.0 en la que particip\u00f3 Elvira Garc\u00eda, de Observatorio de Medios Digitales y profesora de Periodismo Digital en la Universidad CEU-San Pablo, Oscar Delgado y Jos\u00e9 Esteban, finalizaron unas jornadas que en breve se repetir\u00e1n en otras localidades valencianas.<\/p>\n","protected":false},"excerpt":{"rendered":"<p>M\u00e1s de medio centenar de representantes de otros tantos medios digitales de Alicante, Castell\u00f3n y Valencia participaron en las primeras Jornadas de Periodismo Digital, organizadas por la Asociaci\u00f3n de Medios Digitales de la Comunitat Valenciana (AMDcomval). La jornada sirvi\u00f3 para ofrecer a todos los participantes \u201cideas frescas y novedosas para enfocar contenidos, formatos y publicidad [&hellip;]<\/p>\n","protected":false},"author":4,"featured_media":2293,"comment_status":"open","ping_status":"open","sticky":false,"template":"","format":"standard","meta":{"_acf_changed":false,"footnotes":""},"categories":[17],"tags":[12,37,38,39,33,40],"class_list":["post-683","post","type-post","status-publish","format-standard","has-post-thumbnail","hentry","category-blog","tag-amdcomval","tag-benissadigital-com","tag-elvira-garcia","tag-espai-la-senieta","tag-folioserver","tag-teuladamorairadigital-com"],"acf":[],"yoast_head":"<!-- This site is optimized with the Yoast SEO plugin v26.3 - https:\/\/yoast.com\/wordpress\/plugins\/seo\/ -->\n<title>Las primeras jornadas de periodismo digital de la AMDComVal reunieron en Teulada-Moraria a medio centenar de medios digitales valencianos - AMDComVal - Associaci\u00f3 de Mitjans Digitals de la Comunitat Valenciana<\/title>\n<meta name=\"robots\" content=\"index, follow, max-snippet:-1, max-image-preview:large, max-video-preview:-1\" \/>\n<link rel=\"canonical\" href=\"https:\/\/amdcomval.com\/las-primeras-jornadas-de-periodismo-digital-de-la-amdcomval-reunieron-en-teulada-moraria-a-medio-centenar-de-medios-digitales-valencianos\/\" \/>\n<meta property=\"og:locale\" content=\"en_US\" \/>\n<meta property=\"og:type\" content=\"article\" \/>\n<meta property=\"og:title\" content=\"Las primeras jornadas de periodismo digital de la AMDComVal reunieron en Teulada-Moraria a medio centenar de medios digitales valencianos - AMDComVal - Associaci\u00f3 de Mitjans Digitals de la Comunitat Valenciana\" \/>\n<meta property=\"og:description\" content=\"M\u00e1s de medio centenar de representantes de otros tantos medios digitales de Alicante, Castell\u00f3n y Valencia participaron en las primeras Jornadas de Periodismo Digital, organizadas por la Asociaci\u00f3n de Medios Digitales de la Comunitat Valenciana (AMDcomval). La jornada sirvi\u00f3 para ofrecer a todos los participantes \u201cideas frescas y novedosas para enfocar contenidos, formatos y publicidad [&hellip;]\" \/>\n<meta property=\"og:url\" content=\"https:\/\/amdcomval.com\/las-primeras-jornadas-de-periodismo-digital-de-la-amdcomval-reunieron-en-teulada-moraria-a-medio-centenar-de-medios-digitales-valencianos\/\" \/>\n<meta property=\"og:site_name\" content=\"AMDComVal - Associaci\u00f3 de Mitjans Digitals de la Comunitat Valenciana\" \/>\n<meta property=\"article:publisher\" content=\"https:\/\/www.facebook.com\/Associaci-De-Mitjans-Digitals-238717099544439\/\" \/>\n<meta property=\"article:published_time\" content=\"2011-06-21T00:06:54+00:00\" \/>\n<meta property=\"og:image\" content=\"https:\/\/amdcomval.com\/wp-content\/uploads\/2012\/02\/directiva-amdcomval-en-moraira-junio-2011.jpg\" \/>\n\t<meta property=\"og:image:width\" content=\"750\" \/>\n\t<meta property=\"og:image:height\" content=\"537\" \/>\n\t<meta property=\"og:image:type\" content=\"image\/jpeg\" \/>\n<meta name=\"author\" content=\"AMDComVal\" \/>\n<meta name=\"twitter:card\" content=\"summary_large_image\" \/>\n<meta name=\"twitter:creator\" content=\"@AMDComVal\" \/>\n<meta name=\"twitter:site\" content=\"@AMDComVal\" \/>\n<meta name=\"twitter:label1\" content=\"Written by\" \/>\n\t<meta name=\"twitter:data1\" content=\"AMDComVal\" \/>\n\t<meta name=\"twitter:label2\" content=\"Est. reading time\" \/>\n\t<meta name=\"twitter:data2\" content=\"3 minutes\" \/>\n<script type=\"application\/ld+json\" class=\"yoast-schema-graph\">{\"@context\":\"https:\/\/schema.org\",\"@graph\":[{\"@type\":\"Article\",\"@id\":\"https:\/\/amdcomval.com\/las-primeras-jornadas-de-periodismo-digital-de-la-amdcomval-reunieron-en-teulada-moraria-a-medio-centenar-de-medios-digitales-valencianos\/#article\",\"isPartOf\":{\"@id\":\"https:\/\/amdcomval.com\/las-primeras-jornadas-de-periodismo-digital-de-la-amdcomval-reunieron-en-teulada-moraria-a-medio-centenar-de-medios-digitales-valencianos\/\"},\"author\":{\"name\":\"AMDComVal\",\"@id\":\"https:\/\/amdcomval.com\/#\/schema\/person\/f15529598c810a38625abf10fd5bda3a\"},\"headline\":\"Las primeras jornadas de periodismo digital de la AMDComVal reunieron en Teulada-Moraria a medio centenar de medios digitales valencianos\",\"datePublished\":\"2011-06-21T00:06:54+00:00\",\"mainEntityOfPage\":{\"@id\":\"https:\/\/amdcomval.com\/las-primeras-jornadas-de-periodismo-digital-de-la-amdcomval-reunieron-en-teulada-moraria-a-medio-centenar-de-medios-digitales-valencianos\/\"},\"wordCount\":543,\"commentCount\":0,\"publisher\":{\"@id\":\"https:\/\/amdcomval.com\/#organization\"},\"image\":{\"@id\":\"https:\/\/amdcomval.com\/las-primeras-jornadas-de-periodismo-digital-de-la-amdcomval-reunieron-en-teulada-moraria-a-medio-centenar-de-medios-digitales-valencianos\/#primaryimage\"},\"thumbnailUrl\":\"https:\/\/amdcomval.com\/wp-content\/uploads\/2012\/02\/directiva-amdcomval-en-moraira-junio-2011.jpg\",\"keywords\":[\"amdcomval\",\"benissadigital.com\",\"Elvira garc\u00eda\",\"Espai la Senieta\",\"folioserver\",\"teuladamorairadigital.com\"],\"articleSection\":[\"Blog\"],\"inLanguage\":\"val\",\"potentialAction\":[{\"@type\":\"CommentAction\",\"name\":\"Comment\",\"target\":[\"https:\/\/amdcomval.com\/las-primeras-jornadas-de-periodismo-digital-de-la-amdcomval-reunieron-en-teulada-moraria-a-medio-centenar-de-medios-digitales-valencianos\/#respond\"]}]},{\"@type\":\"WebPage\",\"@id\":\"https:\/\/amdcomval.com\/las-primeras-jornadas-de-periodismo-digital-de-la-amdcomval-reunieron-en-teulada-moraria-a-medio-centenar-de-medios-digitales-valencianos\/\",\"url\":\"https:\/\/amdcomval.com\/las-primeras-jornadas-de-periodismo-digital-de-la-amdcomval-reunieron-en-teulada-moraria-a-medio-centenar-de-medios-digitales-valencianos\/\",\"name\":\"Las primeras jornadas de periodismo digital de la AMDComVal reunieron en Teulada-Moraria a medio centenar de medios digitales valencianos - AMDComVal - Associaci\u00f3 de Mitjans Digitals de la Comunitat Valenciana\",\"isPartOf\":{\"@id\":\"https:\/\/amdcomval.com\/#website\"},\"primaryImageOfPage\":{\"@id\":\"https:\/\/amdcomval.com\/las-primeras-jornadas-de-periodismo-digital-de-la-amdcomval-reunieron-en-teulada-moraria-a-medio-centenar-de-medios-digitales-valencianos\/#primaryimage\"},\"image\":{\"@id\":\"https:\/\/amdcomval.com\/las-primeras-jornadas-de-periodismo-digital-de-la-amdcomval-reunieron-en-teulada-moraria-a-medio-centenar-de-medios-digitales-valencianos\/#primaryimage\"},\"thumbnailUrl\":\"https:\/\/amdcomval.com\/wp-content\/uploads\/2012\/02\/directiva-amdcomval-en-moraira-junio-2011.jpg\",\"datePublished\":\"2011-06-21T00:06:54+00:00\",\"breadcrumb\":{\"@id\":\"https:\/\/amdcomval.com\/las-primeras-jornadas-de-periodismo-digital-de-la-amdcomval-reunieron-en-teulada-moraria-a-medio-centenar-de-medios-digitales-valencianos\/#breadcrumb\"},\"inLanguage\":\"val\",\"potentialAction\":[{\"@type\":\"ReadAction\",\"target\":[\"https:\/\/amdcomval.com\/las-primeras-jornadas-de-periodismo-digital-de-la-amdcomval-reunieron-en-teulada-moraria-a-medio-centenar-de-medios-digitales-valencianos\/\"]}]},{\"@type\":\"ImageObject\",\"inLanguage\":\"val\",\"@id\":\"https:\/\/amdcomval.com\/las-primeras-jornadas-de-periodismo-digital-de-la-amdcomval-reunieron-en-teulada-moraria-a-medio-centenar-de-medios-digitales-valencianos\/#primaryimage\",\"url\":\"https:\/\/amdcomval.com\/wp-content\/uploads\/2012\/02\/directiva-amdcomval-en-moraira-junio-2011.jpg\",\"contentUrl\":\"https:\/\/amdcomval.com\/wp-content\/uploads\/2012\/02\/directiva-amdcomval-en-moraira-junio-2011.jpg\",\"width\":750,\"height\":537},{\"@type\":\"BreadcrumbList\",\"@id\":\"https:\/\/amdcomval.com\/las-primeras-jornadas-de-periodismo-digital-de-la-amdcomval-reunieron-en-teulada-moraria-a-medio-centenar-de-medios-digitales-valencianos\/#breadcrumb\",\"itemListElement\":[{\"@type\":\"ListItem\",\"position\":1,\"name\":\"Portada\",\"item\":\"https:\/\/amdcomval.com\/val\/\"},{\"@type\":\"ListItem\",\"position\":2,\"name\":\"Las primeras jornadas de periodismo digital de la AMDComVal reunieron en Teulada-Moraria a medio centenar de medios digitales valencianos\"}]},{\"@type\":\"WebSite\",\"@id\":\"https:\/\/amdcomval.com\/#website\",\"url\":\"https:\/\/amdcomval.com\/\",\"name\":\"AMDComVal - Associaci\u00f3 de Mitjans Digitals de la Comunitat Valenciana\",\"description\":\"Web oficial de la Associaci\u00f3 de Mitjans Digitals de la Comunitat Valenciana (AMDComVal). Por la profesionalizaci\u00f3n y dignificaci\u00f3n de los medios de comunicaci\u00f3n digital\",\"publisher\":{\"@id\":\"https:\/\/amdcomval.com\/#organization\"},\"potentialAction\":[{\"@type\":\"SearchAction\",\"target\":{\"@type\":\"EntryPoint\",\"urlTemplate\":\"https:\/\/amdcomval.com\/?s={search_term_string}\"},\"query-input\":{\"@type\":\"PropertyValueSpecification\",\"valueRequired\":true,\"valueName\":\"search_term_string\"}}],\"inLanguage\":\"val\"},{\"@type\":\"Organization\",\"@id\":\"https:\/\/amdcomval.com\/#organization\",\"name\":\"AMDComVal - Associaci\u00f3 de Mitjans Digitals de la Comunitat Valenciana\",\"url\":\"https:\/\/amdcomval.com\/\",\"logo\":{\"@type\":\"ImageObject\",\"inLanguage\":\"val\",\"@id\":\"https:\/\/amdcomval.com\/#\/schema\/logo\/image\/\",\"url\":\"https:\/\/amdcomval.com\/wp-content\/uploads\/2025\/10\/AMDComVal-logo-horizontal-2.png\",\"contentUrl\":\"https:\/\/amdcomval.com\/wp-content\/uploads\/2025\/10\/AMDComVal-logo-horizontal-2.png\",\"width\":2560,\"height\":936,\"caption\":\"AMDComVal - Associaci\u00f3 de Mitjans Digitals de la Comunitat Valenciana\"},\"image\":{\"@id\":\"https:\/\/amdcomval.com\/#\/schema\/logo\/image\/\"},\"sameAs\":[\"https:\/\/www.facebook.com\/Associaci-De-Mitjans-Digitals-238717099544439\/\",\"https:\/\/x.com\/AMDComVal\",\"https:\/\/www.linkedin.com\/groups\/3150654\/\"]},{\"@type\":\"Person\",\"@id\":\"https:\/\/amdcomval.com\/#\/schema\/person\/f15529598c810a38625abf10fd5bda3a\",\"name\":\"AMDComVal\",\"url\":\"https:\/\/amdcomval.com\/val\/author\/amdcomval\/\"}]}<\/script>\n<!-- \/ Yoast SEO plugin. -->","yoast_head_json":{"title":"Las primeras jornadas de periodismo digital de la AMDComVal reunieron en Teulada-Moraria a medio centenar de medios digitales valencianos - AMDComVal - Associaci\u00f3 de Mitjans Digitals de la Comunitat Valenciana","robots":{"index":"index","follow":"follow","max-snippet":"max-snippet:-1","max-image-preview":"max-image-preview:large","max-video-preview":"max-video-preview:-1"},"canonical":"https:\/\/amdcomval.com\/las-primeras-jornadas-de-periodismo-digital-de-la-amdcomval-reunieron-en-teulada-moraria-a-medio-centenar-de-medios-digitales-valencianos\/","og_locale":"en_US","og_type":"article","og_title":"Las primeras jornadas de periodismo digital de la AMDComVal reunieron en Teulada-Moraria a medio centenar de medios digitales valencianos - AMDComVal - Associaci\u00f3 de Mitjans Digitals de la Comunitat Valenciana","og_description":"M\u00e1s de medio centenar de representantes de otros tantos medios digitales de Alicante, Castell\u00f3n y Valencia participaron en las primeras Jornadas de Periodismo Digital, organizadas por la Asociaci\u00f3n de Medios Digitales de la Comunitat Valenciana (AMDcomval). La jornada sirvi\u00f3 para ofrecer a todos los participantes \u201cideas frescas y novedosas para enfocar contenidos, formatos y publicidad [&hellip;]","og_url":"https:\/\/amdcomval.com\/las-primeras-jornadas-de-periodismo-digital-de-la-amdcomval-reunieron-en-teulada-moraria-a-medio-centenar-de-medios-digitales-valencianos\/","og_site_name":"AMDComVal - Associaci\u00f3 de Mitjans Digitals de la Comunitat Valenciana","article_publisher":"https:\/\/www.facebook.com\/Associaci-De-Mitjans-Digitals-238717099544439\/","article_published_time":"2011-06-21T00:06:54+00:00","og_image":[{"width":750,"height":537,"url":"https:\/\/amdcomval.com\/wp-content\/uploads\/2012\/02\/directiva-amdcomval-en-moraira-junio-2011.jpg","type":"image\/jpeg"}],"author":"AMDComVal","twitter_card":"summary_large_image","twitter_creator":"@AMDComVal","twitter_site":"@AMDComVal","twitter_misc":{"Written by":"AMDComVal","Est. reading time":"3 minutes"},"schema":{"@context":"https:\/\/schema.org","@graph":[{"@type":"Article","@id":"https:\/\/amdcomval.com\/las-primeras-jornadas-de-periodismo-digital-de-la-amdcomval-reunieron-en-teulada-moraria-a-medio-centenar-de-medios-digitales-valencianos\/#article","isPartOf":{"@id":"https:\/\/amdcomval.com\/las-primeras-jornadas-de-periodismo-digital-de-la-amdcomval-reunieron-en-teulada-moraria-a-medio-centenar-de-medios-digitales-valencianos\/"},"author":{"name":"AMDComVal","@id":"https:\/\/amdcomval.com\/#\/schema\/person\/f15529598c810a38625abf10fd5bda3a"},"headline":"Las primeras jornadas de periodismo digital de la AMDComVal reunieron en Teulada-Moraria a medio centenar de medios digitales valencianos","datePublished":"2011-06-21T00:06:54+00:00","mainEntityOfPage":{"@id":"https:\/\/amdcomval.com\/las-primeras-jornadas-de-periodismo-digital-de-la-amdcomval-reunieron-en-teulada-moraria-a-medio-centenar-de-medios-digitales-valencianos\/"},"wordCount":543,"commentCount":0,"publisher":{"@id":"https:\/\/amdcomval.com\/#organization"},"image":{"@id":"https:\/\/amdcomval.com\/las-primeras-jornadas-de-periodismo-digital-de-la-amdcomval-reunieron-en-teulada-moraria-a-medio-centenar-de-medios-digitales-valencianos\/#primaryimage"},"thumbnailUrl":"https:\/\/amdcomval.com\/wp-content\/uploads\/2012\/02\/directiva-amdcomval-en-moraira-junio-2011.jpg","keywords":["amdcomval","benissadigital.com","Elvira garc\u00eda","Espai la Senieta","folioserver","teuladamorairadigital.com"],"articleSection":["Blog"],"inLanguage":"val","potentialAction":[{"@type":"CommentAction","name":"Comment","target":["https:\/\/amdcomval.com\/las-primeras-jornadas-de-periodismo-digital-de-la-amdcomval-reunieron-en-teulada-moraria-a-medio-centenar-de-medios-digitales-valencianos\/#respond"]}]},{"@type":"WebPage","@id":"https:\/\/amdcomval.com\/las-primeras-jornadas-de-periodismo-digital-de-la-amdcomval-reunieron-en-teulada-moraria-a-medio-centenar-de-medios-digitales-valencianos\/","url":"https:\/\/amdcomval.com\/las-primeras-jornadas-de-periodismo-digital-de-la-amdcomval-reunieron-en-teulada-moraria-a-medio-centenar-de-medios-digitales-valencianos\/","name":"Las primeras jornadas de periodismo digital de la AMDComVal reunieron en Teulada-Moraria a medio centenar de medios digitales valencianos - AMDComVal - Associaci\u00f3 de Mitjans Digitals de la Comunitat Valenciana","isPartOf":{"@id":"https:\/\/amdcomval.com\/#website"},"primaryImageOfPage":{"@id":"https:\/\/amdcomval.com\/las-primeras-jornadas-de-periodismo-digital-de-la-amdcomval-reunieron-en-teulada-moraria-a-medio-centenar-de-medios-digitales-valencianos\/#primaryimage"},"image":{"@id":"https:\/\/amdcomval.com\/las-primeras-jornadas-de-periodismo-digital-de-la-amdcomval-reunieron-en-teulada-moraria-a-medio-centenar-de-medios-digitales-valencianos\/#primaryimage"},"thumbnailUrl":"https:\/\/amdcomval.com\/wp-content\/uploads\/2012\/02\/directiva-amdcomval-en-moraira-junio-2011.jpg","datePublished":"2011-06-21T00:06:54+00:00","breadcrumb":{"@id":"https:\/\/amdcomval.com\/las-primeras-jornadas-de-periodismo-digital-de-la-amdcomval-reunieron-en-teulada-moraria-a-medio-centenar-de-medios-digitales-valencianos\/#breadcrumb"},"inLanguage":"val","potentialAction":[{"@type":"ReadAction","target":["https:\/\/amdcomval.com\/las-primeras-jornadas-de-periodismo-digital-de-la-amdcomval-reunieron-en-teulada-moraria-a-medio-centenar-de-medios-digitales-valencianos\/"]}]},{"@type":"ImageObject","inLanguage":"val","@id":"https:\/\/amdcomval.com\/las-primeras-jornadas-de-periodismo-digital-de-la-amdcomval-reunieron-en-teulada-moraria-a-medio-centenar-de-medios-digitales-valencianos\/#primaryimage","url":"https:\/\/amdcomval.com\/wp-content\/uploads\/2012\/02\/directiva-amdcomval-en-moraira-junio-2011.jpg","contentUrl":"https:\/\/amdcomval.com\/wp-content\/uploads\/2012\/02\/directiva-amdcomval-en-moraira-junio-2011.jpg","width":750,"height":537},{"@type":"BreadcrumbList","@id":"https:\/\/amdcomval.com\/las-primeras-jornadas-de-periodismo-digital-de-la-amdcomval-reunieron-en-teulada-moraria-a-medio-centenar-de-medios-digitales-valencianos\/#breadcrumb","itemListElement":[{"@type":"ListItem","position":1,"name":"Portada","item":"https:\/\/amdcomval.com\/val\/"},{"@type":"ListItem","position":2,"name":"Las primeras jornadas de periodismo digital de la AMDComVal reunieron en Teulada-Moraria a medio centenar de medios digitales valencianos"}]},{"@type":"WebSite","@id":"https:\/\/amdcomval.com\/#website","url":"https:\/\/amdcomval.com\/","name":"AMDComVal - Associaci\u00f3 de Mitjans Digitals de la Comunitat Valenciana","description":"Web oficial de la Associaci\u00f3 de Mitjans Digitals de la Comunitat Valenciana (AMDComVal). Por la profesionalizaci\u00f3n y dignificaci\u00f3n de los medios de comunicaci\u00f3n digital","publisher":{"@id":"https:\/\/amdcomval.com\/#organization"},"potentialAction":[{"@type":"SearchAction","target":{"@type":"EntryPoint","urlTemplate":"https:\/\/amdcomval.com\/?s={search_term_string}"},"query-input":{"@type":"PropertyValueSpecification","valueRequired":true,"valueName":"search_term_string"}}],"inLanguage":"val"},{"@type":"Organization","@id":"https:\/\/amdcomval.com\/#organization","name":"AMDComVal - Associaci\u00f3 de Mitjans Digitals de la Comunitat Valenciana","url":"https:\/\/amdcomval.com\/","logo":{"@type":"ImageObject","inLanguage":"val","@id":"https:\/\/amdcomval.com\/#\/schema\/logo\/image\/","url":"https:\/\/amdcomval.com\/wp-content\/uploads\/2025\/10\/AMDComVal-logo-horizontal-2.png","contentUrl":"https:\/\/amdcomval.com\/wp-content\/uploads\/2025\/10\/AMDComVal-logo-horizontal-2.png","width":2560,"height":936,"caption":"AMDComVal - Associaci\u00f3 de Mitjans Digitals de la Comunitat Valenciana"},"image":{"@id":"https:\/\/amdcomval.com\/#\/schema\/logo\/image\/"},"sameAs":["https:\/\/www.facebook.com\/Associaci-De-Mitjans-Digitals-238717099544439\/","https:\/\/x.com\/AMDComVal","https:\/\/www.linkedin.com\/groups\/3150654\/"]},{"@type":"Person","@id":"https:\/\/amdcomval.com\/#\/schema\/person\/f15529598c810a38625abf10fd5bda3a","name":"AMDComVal","url":"https:\/\/amdcomval.com\/val\/author\/amdcomval\/"}]}},"_links":{"self":[{"href":"https:\/\/amdcomval.com\/val\/wp-json\/wp\/v2\/posts\/683","targetHints":{"allow":["GET"]}}],"collection":[{"href":"https:\/\/amdcomval.com\/val\/wp-json\/wp\/v2\/posts"}],"about":[{"href":"https:\/\/amdcomval.com\/val\/wp-json\/wp\/v2\/types\/post"}],"author":[{"embeddable":true,"href":"https:\/\/amdcomval.com\/val\/wp-json\/wp\/v2\/users\/4"}],"replies":[{"embeddable":true,"href":"https:\/\/amdcomval.com\/val\/wp-json\/wp\/v2\/comments?post=683"}],"version-history":[{"count":0,"href":"https:\/\/amdcomval.com\/val\/wp-json\/wp\/v2\/posts\/683\/revisions"}],"wp:featuredmedia":[{"embeddable":true,"href":"https:\/\/amdcomval.com\/val\/wp-json\/wp\/v2\/media\/2293"}],"wp:attachment":[{"href":"https:\/\/amdcomval.com\/val\/wp-json\/wp\/v2\/media?parent=683"}],"wp:term":[{"taxonomy":"category","embeddable":true,"href":"https:\/\/amdcomval.com\/val\/wp-json\/wp\/v2\/categories?post=683"},{"taxonomy":"post_tag","embeddable":true,"href":"https:\/\/amdcomval.com\/val\/wp-json\/wp\/v2\/tags?post=683"}],"curies":[{"name":"wp","href":"https:\/\/api.w.org\/{rel}","templated":true}]}}