{"id":687,"date":"2011-10-28T00:17:27","date_gmt":"2011-10-28T00:17:27","guid":{"rendered":"https:\/\/www.amdcomval.com\/?p=190"},"modified":"2011-10-28T00:17:27","modified_gmt":"2011-10-28T00:17:27","slug":"la-amdcomval-presenta-a-las-centrales-de-medios-y-agencias-de-publicidad-localads-su-oferta-conjunta-publicitaria","status":"publish","type":"post","link":"https:\/\/amdcomval.com\/val\/la-amdcomval-presenta-a-las-centrales-de-medios-y-agencias-de-publicidad-localads-su-oferta-conjunta-publicitaria\/","title":{"rendered":"La AMDComVal presenta a las centrales de medios y agencias de publicidad LocalAds, su oferta conjunta publicitaria"},"content":{"rendered":"<p style=\"text-align: justify;\"><a class=\"lightbox\" title=\"\"  href=\"https:\/\/amdcomval.com\/wp-content\/uploads\/2012\/02\/presentacion-localads-1.jpg\" data-rel=\"lightbox-gallery-0\" data-rl_title=\"\" data-rl_caption=\"\"><img loading=\"lazy\" decoding=\"async\" class=\"alignleft size-medium wp-image-191\" style=\"border-style: initial; border-color: initial; border-image: initial; margin-top: 5px; margin-bottom: 5px; margin-left: 0px; margin-right: 10px; border-width: 0px;\" title=\"La AMDComVal presenta a las centrales de medios y agencias de publicidad LocalAds, su oferta conjunta publicitaria\" src=\"https:\/\/amdcomval.com\/wp-content\/uploads\/2012\/02\/presentacion-localads-1-300x199.jpg\"  width=\"300\" height=\"199\" \/><\/a>LocalAds, la marca que integra a las 17 diarios digitales que forman parte de la\u00a0<a href=\"https:\/\/amdcomval.com\/\">Asociaci\u00f3n de Medios Digitales de la Comunitat Valenciana<\/a>\u00a0que sumaron en el tercer trimestre del a\u00f1o 7\u20195 millones de p\u00e1ginas vistas, ha sido presentada a las principales centrales de medios y agencias de publicidad de Alicante, Castell\u00f3n y Valencia en el transcurso de un evento celebrado en\u00a0<a href=\"http:\/\/www.coworkingvalencia.com\/\">Coworking Valencia<\/a>.<\/p>\n<p style=\"text-align: justify;\">La presentaci\u00f3n de LocalAds, plataforma de publicidad que integra medios con una audiencia geolocalizada y fidelizada que permiten planificar campa\u00f1as de una forma m\u00e1s efectiva, ha permitido dar a conocer el potencial \u201ccualitativo y cuantitativo\u201d de los medios digitales, que se integran bajo la AMDComVal, a los responsables de las principales agencias de comunicaci\u00f3n que gestionan las principales campa\u00f1as de publicidad enla Comunitat Valenciana.<\/p>\n<p style=\"text-align: justify;\">El presidente de la AMDComVal, Oscar Delgado, explic\u00f3 que en \u201cactualmente la AMDComVal ampara la mayor oferta informativa online dela Comunidad Valenciana, incluyendo entre sus miembros, adem\u00e1s, la red m\u00e1s extensa y completa de medios generalistas a nivel local y comarcal\u201d. Seg\u00fan los datos presentados en la reuni\u00f3n, en estos momentos los medios asociados han generado 7.583.812 p\u00e1ginas vistas en el \u00faltimo trimestre de 2011, alcanzando una audiencia real de, 1\u20197 millones de personas. El perfil lector es variado aunque bastante fidelizado y, de media, dedica 2 minutos por visita a cada medio.<\/p>\n<p style=\"text-align: justify;\">Estos datos permiten alcanzar la cifra de 23.978.022 p\u00e1ginas vistas en los primeros 9 meses del a\u00f1o 2011 y \u00a0confirman \u201cla fuerza y repercusi\u00f3n de los medios digitales que integran la AMDComVal y refuerzan la percepci\u00f3n que los medios locales, comarcales, provinciales y auton\u00f3micos son una excelente canal de informaci\u00f3n, servicios y de proximidad frente a los grandes medios de comunicaci\u00f3n\u201d, seg\u00fan el presidente de la AMDComVal.<\/p>\n<p style=\"text-align: justify;\">Delgado confirm\u00f3 que el dato de los 9 primeros meses corresponde a la suma de los portales que en la actualidad forman parte de la Asociaci\u00f3n:\u00a0<a href=\"http:\/\/www.360gradospress.com\/\">360gradospress.com<\/a>,\u00a0<a href=\"http:\/\/www.hortanoticias.com\/\">Hortanoticias<\/a>,\u00a0<a href=\"http:\/\/www.laredcomarcal.com\/\">La Red Comarcal<\/a>,, Globalon,\u00a0<a href=\"http:\/\/www.elperiodic.com\/\">Elperiodic.com<\/a>,\u00a0<a href=\"http:\/\/www.linformatiu\/\">L\u2019Informatiu<\/a>,\u00a0<a href=\"http:\/\/www.nostresport.com\/\">Nostresport<\/a>, larodalia.es, Comarcalia.info,\u00a0<a href=\"http:\/\/www.noupindaro.com\/\">Nou Pindaro<\/a>,\u00a0<a href=\"http:\/\/www.bousalcarrer.com\/\">Bous al carrer<\/a>, Morvedre.info,\u00a0<a href=\"http:\/\/www.elperiodicodevillena.com\/\">ElperiodicodeVillena.com<\/a>, Infoesport.es y lactualitat.com, \u201caunque esta cifra tiene visos de seguir aumentando por la visibilidad que est\u00e1n alcanzado los portales asociados pero tambi\u00e9n gracias a la fuerza que est\u00e1 cogiendo la AMDComVal y a la incorporaci\u00f3n de nuevos medios asociados\u201d.<\/p>\n","protected":false},"excerpt":{"rendered":"<p>LocalAds, la marca que integra a las 17 diarios digitales que forman parte de la\u00a0Asociaci\u00f3n de Medios Digitales de la Comunitat Valenciana\u00a0que sumaron en el tercer trimestre del a\u00f1o 7\u20195 millones de p\u00e1ginas vistas, ha sido presentada a las principales centrales de medios y agencias de publicidad de Alicante, Castell\u00f3n y Valencia en el transcurso [&hellip;]<\/p>\n","protected":false},"author":4,"featured_media":2299,"comment_status":"open","ping_status":"open","sticky":false,"template":"","format":"standard","meta":{"_acf_changed":false,"footnotes":""},"categories":[17],"tags":[50,51,52,49],"class_list":["post-687","post","type-post","status-publish","format-standard","has-post-thumbnail","hentry","category-blog","tag-coworking-valencia","tag-localads","tag-oferta-publicitaria","tag-oscar-delgado"],"acf":[],"yoast_head":"<!-- This site is optimized with the Yoast SEO plugin v26.3 - https:\/\/yoast.com\/wordpress\/plugins\/seo\/ -->\n<title>La AMDComVal presenta a las centrales de medios y agencias de publicidad LocalAds, su oferta conjunta publicitaria - AMDComVal - Associaci\u00f3 de Mitjans Digitals de la Comunitat Valenciana<\/title>\n<meta name=\"robots\" content=\"index, follow, max-snippet:-1, max-image-preview:large, max-video-preview:-1\" \/>\n<link rel=\"canonical\" href=\"https:\/\/amdcomval.com\/la-amdcomval-presenta-a-las-centrales-de-medios-y-agencias-de-publicidad-localads-su-oferta-conjunta-publicitaria\/\" \/>\n<meta property=\"og:locale\" content=\"en_US\" \/>\n<meta property=\"og:type\" content=\"article\" \/>\n<meta property=\"og:title\" content=\"La AMDComVal presenta a las centrales de medios y agencias de publicidad LocalAds, su oferta conjunta publicitaria - AMDComVal - Associaci\u00f3 de Mitjans Digitals de la Comunitat Valenciana\" \/>\n<meta property=\"og:description\" content=\"LocalAds, la marca que integra a las 17 diarios digitales que forman parte de la\u00a0Asociaci\u00f3n de Medios Digitales de la Comunitat Valenciana\u00a0que sumaron en el tercer trimestre del a\u00f1o 7\u20195 millones de p\u00e1ginas vistas, ha sido presentada a las principales centrales de medios y agencias de publicidad de Alicante, Castell\u00f3n y Valencia en el transcurso [&hellip;]\" \/>\n<meta property=\"og:url\" content=\"https:\/\/amdcomval.com\/la-amdcomval-presenta-a-las-centrales-de-medios-y-agencias-de-publicidad-localads-su-oferta-conjunta-publicitaria\/\" \/>\n<meta property=\"og:site_name\" content=\"AMDComVal - Associaci\u00f3 de Mitjans Digitals de la Comunitat Valenciana\" \/>\n<meta property=\"article:publisher\" content=\"https:\/\/www.facebook.com\/Associaci-De-Mitjans-Digitals-238717099544439\/\" \/>\n<meta property=\"article:published_time\" content=\"2011-10-28T00:17:27+00:00\" \/>\n<meta property=\"og:image\" content=\"https:\/\/amdcomval.com\/wp-content\/uploads\/2012\/02\/presentacion-localads-1.jpg\" \/>\n\t<meta property=\"og:image:width\" content=\"560\" \/>\n\t<meta property=\"og:image:height\" content=\"373\" \/>\n\t<meta property=\"og:image:type\" content=\"image\/jpeg\" \/>\n<meta name=\"author\" content=\"AMDComVal\" \/>\n<meta name=\"twitter:card\" content=\"summary_large_image\" \/>\n<meta name=\"twitter:creator\" content=\"@AMDComVal\" \/>\n<meta name=\"twitter:site\" content=\"@AMDComVal\" \/>\n<meta name=\"twitter:label1\" content=\"Written by\" \/>\n\t<meta name=\"twitter:data1\" content=\"AMDComVal\" \/>\n\t<meta name=\"twitter:label2\" content=\"Est. reading time\" \/>\n\t<meta name=\"twitter:data2\" content=\"2 minutes\" \/>\n<script type=\"application\/ld+json\" class=\"yoast-schema-graph\">{\"@context\":\"https:\/\/schema.org\",\"@graph\":[{\"@type\":\"Article\",\"@id\":\"https:\/\/amdcomval.com\/la-amdcomval-presenta-a-las-centrales-de-medios-y-agencias-de-publicidad-localads-su-oferta-conjunta-publicitaria\/#article\",\"isPartOf\":{\"@id\":\"https:\/\/amdcomval.com\/la-amdcomval-presenta-a-las-centrales-de-medios-y-agencias-de-publicidad-localads-su-oferta-conjunta-publicitaria\/\"},\"author\":{\"name\":\"AMDComVal\",\"@id\":\"https:\/\/amdcomval.com\/#\/schema\/person\/f15529598c810a38625abf10fd5bda3a\"},\"headline\":\"La AMDComVal presenta a las centrales de medios y agencias de publicidad LocalAds, su oferta conjunta publicitaria\",\"datePublished\":\"2011-10-28T00:17:27+00:00\",\"mainEntityOfPage\":{\"@id\":\"https:\/\/amdcomval.com\/la-amdcomval-presenta-a-las-centrales-de-medios-y-agencias-de-publicidad-localads-su-oferta-conjunta-publicitaria\/\"},\"wordCount\":413,\"commentCount\":0,\"publisher\":{\"@id\":\"https:\/\/amdcomval.com\/#organization\"},\"image\":{\"@id\":\"https:\/\/amdcomval.com\/la-amdcomval-presenta-a-las-centrales-de-medios-y-agencias-de-publicidad-localads-su-oferta-conjunta-publicitaria\/#primaryimage\"},\"thumbnailUrl\":\"https:\/\/amdcomval.com\/wp-content\/uploads\/2012\/02\/presentacion-localads-1.jpg\",\"keywords\":[\"CoWorking Valencia\",\"LocalAds\",\"oferta publicitaria\",\"Oscar Delgado\"],\"articleSection\":[\"Blog\"],\"inLanguage\":\"val\",\"potentialAction\":[{\"@type\":\"CommentAction\",\"name\":\"Comment\",\"target\":[\"https:\/\/amdcomval.com\/la-amdcomval-presenta-a-las-centrales-de-medios-y-agencias-de-publicidad-localads-su-oferta-conjunta-publicitaria\/#respond\"]}]},{\"@type\":\"WebPage\",\"@id\":\"https:\/\/amdcomval.com\/la-amdcomval-presenta-a-las-centrales-de-medios-y-agencias-de-publicidad-localads-su-oferta-conjunta-publicitaria\/\",\"url\":\"https:\/\/amdcomval.com\/la-amdcomval-presenta-a-las-centrales-de-medios-y-agencias-de-publicidad-localads-su-oferta-conjunta-publicitaria\/\",\"name\":\"La AMDComVal presenta a las centrales de medios y agencias de publicidad LocalAds, su oferta conjunta publicitaria - AMDComVal - Associaci\u00f3 de Mitjans Digitals de la Comunitat Valenciana\",\"isPartOf\":{\"@id\":\"https:\/\/amdcomval.com\/#website\"},\"primaryImageOfPage\":{\"@id\":\"https:\/\/amdcomval.com\/la-amdcomval-presenta-a-las-centrales-de-medios-y-agencias-de-publicidad-localads-su-oferta-conjunta-publicitaria\/#primaryimage\"},\"image\":{\"@id\":\"https:\/\/amdcomval.com\/la-amdcomval-presenta-a-las-centrales-de-medios-y-agencias-de-publicidad-localads-su-oferta-conjunta-publicitaria\/#primaryimage\"},\"thumbnailUrl\":\"https:\/\/amdcomval.com\/wp-content\/uploads\/2012\/02\/presentacion-localads-1.jpg\",\"datePublished\":\"2011-10-28T00:17:27+00:00\",\"breadcrumb\":{\"@id\":\"https:\/\/amdcomval.com\/la-amdcomval-presenta-a-las-centrales-de-medios-y-agencias-de-publicidad-localads-su-oferta-conjunta-publicitaria\/#breadcrumb\"},\"inLanguage\":\"val\",\"potentialAction\":[{\"@type\":\"ReadAction\",\"target\":[\"https:\/\/amdcomval.com\/la-amdcomval-presenta-a-las-centrales-de-medios-y-agencias-de-publicidad-localads-su-oferta-conjunta-publicitaria\/\"]}]},{\"@type\":\"ImageObject\",\"inLanguage\":\"val\",\"@id\":\"https:\/\/amdcomval.com\/la-amdcomval-presenta-a-las-centrales-de-medios-y-agencias-de-publicidad-localads-su-oferta-conjunta-publicitaria\/#primaryimage\",\"url\":\"https:\/\/amdcomval.com\/wp-content\/uploads\/2012\/02\/presentacion-localads-1.jpg\",\"contentUrl\":\"https:\/\/amdcomval.com\/wp-content\/uploads\/2012\/02\/presentacion-localads-1.jpg\",\"width\":560,\"height\":373,\"caption\":\"La AMDComVal presenta a las centrales de medios y agencias de publicidad LocalAds, su oferta conjunta publicitaria\"},{\"@type\":\"BreadcrumbList\",\"@id\":\"https:\/\/amdcomval.com\/la-amdcomval-presenta-a-las-centrales-de-medios-y-agencias-de-publicidad-localads-su-oferta-conjunta-publicitaria\/#breadcrumb\",\"itemListElement\":[{\"@type\":\"ListItem\",\"position\":1,\"name\":\"Portada\",\"item\":\"https:\/\/amdcomval.com\/val\/\"},{\"@type\":\"ListItem\",\"position\":2,\"name\":\"La AMDComVal presenta a las centrales de medios y agencias de publicidad LocalAds, su oferta conjunta publicitaria\"}]},{\"@type\":\"WebSite\",\"@id\":\"https:\/\/amdcomval.com\/#website\",\"url\":\"https:\/\/amdcomval.com\/\",\"name\":\"AMDComVal - Associaci\u00f3 de Mitjans Digitals de la Comunitat Valenciana\",\"description\":\"Web oficial de la Associaci\u00f3 de Mitjans Digitals de la Comunitat Valenciana (AMDComVal). Por la profesionalizaci\u00f3n y dignificaci\u00f3n de los medios de comunicaci\u00f3n digital\",\"publisher\":{\"@id\":\"https:\/\/amdcomval.com\/#organization\"},\"potentialAction\":[{\"@type\":\"SearchAction\",\"target\":{\"@type\":\"EntryPoint\",\"urlTemplate\":\"https:\/\/amdcomval.com\/?s={search_term_string}\"},\"query-input\":{\"@type\":\"PropertyValueSpecification\",\"valueRequired\":true,\"valueName\":\"search_term_string\"}}],\"inLanguage\":\"val\"},{\"@type\":\"Organization\",\"@id\":\"https:\/\/amdcomval.com\/#organization\",\"name\":\"AMDComVal - Associaci\u00f3 de Mitjans Digitals de la Comunitat Valenciana\",\"url\":\"https:\/\/amdcomval.com\/\",\"logo\":{\"@type\":\"ImageObject\",\"inLanguage\":\"val\",\"@id\":\"https:\/\/amdcomval.com\/#\/schema\/logo\/image\/\",\"url\":\"https:\/\/amdcomval.com\/wp-content\/uploads\/2025\/10\/AMDComVal-logo-horizontal-2.png\",\"contentUrl\":\"https:\/\/amdcomval.com\/wp-content\/uploads\/2025\/10\/AMDComVal-logo-horizontal-2.png\",\"width\":2560,\"height\":936,\"caption\":\"AMDComVal - Associaci\u00f3 de Mitjans Digitals de la Comunitat Valenciana\"},\"image\":{\"@id\":\"https:\/\/amdcomval.com\/#\/schema\/logo\/image\/\"},\"sameAs\":[\"https:\/\/www.facebook.com\/Associaci-De-Mitjans-Digitals-238717099544439\/\",\"https:\/\/x.com\/AMDComVal\",\"https:\/\/www.linkedin.com\/groups\/3150654\/\"]},{\"@type\":\"Person\",\"@id\":\"https:\/\/amdcomval.com\/#\/schema\/person\/f15529598c810a38625abf10fd5bda3a\",\"name\":\"AMDComVal\",\"url\":\"https:\/\/amdcomval.com\/val\/author\/amdcomval\/\"}]}<\/script>\n<!-- \/ Yoast SEO plugin. -->","yoast_head_json":{"title":"La AMDComVal presenta a las centrales de medios y agencias de publicidad LocalAds, su oferta conjunta publicitaria - AMDComVal - Associaci\u00f3 de Mitjans Digitals de la Comunitat Valenciana","robots":{"index":"index","follow":"follow","max-snippet":"max-snippet:-1","max-image-preview":"max-image-preview:large","max-video-preview":"max-video-preview:-1"},"canonical":"https:\/\/amdcomval.com\/la-amdcomval-presenta-a-las-centrales-de-medios-y-agencias-de-publicidad-localads-su-oferta-conjunta-publicitaria\/","og_locale":"en_US","og_type":"article","og_title":"La AMDComVal presenta a las centrales de medios y agencias de publicidad LocalAds, su oferta conjunta publicitaria - AMDComVal - Associaci\u00f3 de Mitjans Digitals de la Comunitat Valenciana","og_description":"LocalAds, la marca que integra a las 17 diarios digitales que forman parte de la\u00a0Asociaci\u00f3n de Medios Digitales de la Comunitat Valenciana\u00a0que sumaron en el tercer trimestre del a\u00f1o 7\u20195 millones de p\u00e1ginas vistas, ha sido presentada a las principales centrales de medios y agencias de publicidad de Alicante, Castell\u00f3n y Valencia en el transcurso [&hellip;]","og_url":"https:\/\/amdcomval.com\/la-amdcomval-presenta-a-las-centrales-de-medios-y-agencias-de-publicidad-localads-su-oferta-conjunta-publicitaria\/","og_site_name":"AMDComVal - Associaci\u00f3 de Mitjans Digitals de la Comunitat Valenciana","article_publisher":"https:\/\/www.facebook.com\/Associaci-De-Mitjans-Digitals-238717099544439\/","article_published_time":"2011-10-28T00:17:27+00:00","og_image":[{"width":560,"height":373,"url":"https:\/\/amdcomval.com\/wp-content\/uploads\/2012\/02\/presentacion-localads-1.jpg","type":"image\/jpeg"}],"author":"AMDComVal","twitter_card":"summary_large_image","twitter_creator":"@AMDComVal","twitter_site":"@AMDComVal","twitter_misc":{"Written by":"AMDComVal","Est. reading time":"2 minutes"},"schema":{"@context":"https:\/\/schema.org","@graph":[{"@type":"Article","@id":"https:\/\/amdcomval.com\/la-amdcomval-presenta-a-las-centrales-de-medios-y-agencias-de-publicidad-localads-su-oferta-conjunta-publicitaria\/#article","isPartOf":{"@id":"https:\/\/amdcomval.com\/la-amdcomval-presenta-a-las-centrales-de-medios-y-agencias-de-publicidad-localads-su-oferta-conjunta-publicitaria\/"},"author":{"name":"AMDComVal","@id":"https:\/\/amdcomval.com\/#\/schema\/person\/f15529598c810a38625abf10fd5bda3a"},"headline":"La AMDComVal presenta a las centrales de medios y agencias de publicidad LocalAds, su oferta conjunta publicitaria","datePublished":"2011-10-28T00:17:27+00:00","mainEntityOfPage":{"@id":"https:\/\/amdcomval.com\/la-amdcomval-presenta-a-las-centrales-de-medios-y-agencias-de-publicidad-localads-su-oferta-conjunta-publicitaria\/"},"wordCount":413,"commentCount":0,"publisher":{"@id":"https:\/\/amdcomval.com\/#organization"},"image":{"@id":"https:\/\/amdcomval.com\/la-amdcomval-presenta-a-las-centrales-de-medios-y-agencias-de-publicidad-localads-su-oferta-conjunta-publicitaria\/#primaryimage"},"thumbnailUrl":"https:\/\/amdcomval.com\/wp-content\/uploads\/2012\/02\/presentacion-localads-1.jpg","keywords":["CoWorking Valencia","LocalAds","oferta publicitaria","Oscar Delgado"],"articleSection":["Blog"],"inLanguage":"val","potentialAction":[{"@type":"CommentAction","name":"Comment","target":["https:\/\/amdcomval.com\/la-amdcomval-presenta-a-las-centrales-de-medios-y-agencias-de-publicidad-localads-su-oferta-conjunta-publicitaria\/#respond"]}]},{"@type":"WebPage","@id":"https:\/\/amdcomval.com\/la-amdcomval-presenta-a-las-centrales-de-medios-y-agencias-de-publicidad-localads-su-oferta-conjunta-publicitaria\/","url":"https:\/\/amdcomval.com\/la-amdcomval-presenta-a-las-centrales-de-medios-y-agencias-de-publicidad-localads-su-oferta-conjunta-publicitaria\/","name":"La AMDComVal presenta a las centrales de medios y agencias de publicidad LocalAds, su oferta conjunta publicitaria - AMDComVal - Associaci\u00f3 de Mitjans Digitals de la Comunitat Valenciana","isPartOf":{"@id":"https:\/\/amdcomval.com\/#website"},"primaryImageOfPage":{"@id":"https:\/\/amdcomval.com\/la-amdcomval-presenta-a-las-centrales-de-medios-y-agencias-de-publicidad-localads-su-oferta-conjunta-publicitaria\/#primaryimage"},"image":{"@id":"https:\/\/amdcomval.com\/la-amdcomval-presenta-a-las-centrales-de-medios-y-agencias-de-publicidad-localads-su-oferta-conjunta-publicitaria\/#primaryimage"},"thumbnailUrl":"https:\/\/amdcomval.com\/wp-content\/uploads\/2012\/02\/presentacion-localads-1.jpg","datePublished":"2011-10-28T00:17:27+00:00","breadcrumb":{"@id":"https:\/\/amdcomval.com\/la-amdcomval-presenta-a-las-centrales-de-medios-y-agencias-de-publicidad-localads-su-oferta-conjunta-publicitaria\/#breadcrumb"},"inLanguage":"val","potentialAction":[{"@type":"ReadAction","target":["https:\/\/amdcomval.com\/la-amdcomval-presenta-a-las-centrales-de-medios-y-agencias-de-publicidad-localads-su-oferta-conjunta-publicitaria\/"]}]},{"@type":"ImageObject","inLanguage":"val","@id":"https:\/\/amdcomval.com\/la-amdcomval-presenta-a-las-centrales-de-medios-y-agencias-de-publicidad-localads-su-oferta-conjunta-publicitaria\/#primaryimage","url":"https:\/\/amdcomval.com\/wp-content\/uploads\/2012\/02\/presentacion-localads-1.jpg","contentUrl":"https:\/\/amdcomval.com\/wp-content\/uploads\/2012\/02\/presentacion-localads-1.jpg","width":560,"height":373,"caption":"La AMDComVal presenta a las centrales de medios y agencias de publicidad LocalAds, su oferta conjunta publicitaria"},{"@type":"BreadcrumbList","@id":"https:\/\/amdcomval.com\/la-amdcomval-presenta-a-las-centrales-de-medios-y-agencias-de-publicidad-localads-su-oferta-conjunta-publicitaria\/#breadcrumb","itemListElement":[{"@type":"ListItem","position":1,"name":"Portada","item":"https:\/\/amdcomval.com\/val\/"},{"@type":"ListItem","position":2,"name":"La AMDComVal presenta a las centrales de medios y agencias de publicidad LocalAds, su oferta conjunta publicitaria"}]},{"@type":"WebSite","@id":"https:\/\/amdcomval.com\/#website","url":"https:\/\/amdcomval.com\/","name":"AMDComVal - Associaci\u00f3 de Mitjans Digitals de la Comunitat Valenciana","description":"Web oficial de la Associaci\u00f3 de Mitjans Digitals de la Comunitat Valenciana (AMDComVal). Por la profesionalizaci\u00f3n y dignificaci\u00f3n de los medios de comunicaci\u00f3n digital","publisher":{"@id":"https:\/\/amdcomval.com\/#organization"},"potentialAction":[{"@type":"SearchAction","target":{"@type":"EntryPoint","urlTemplate":"https:\/\/amdcomval.com\/?s={search_term_string}"},"query-input":{"@type":"PropertyValueSpecification","valueRequired":true,"valueName":"search_term_string"}}],"inLanguage":"val"},{"@type":"Organization","@id":"https:\/\/amdcomval.com\/#organization","name":"AMDComVal - Associaci\u00f3 de Mitjans Digitals de la Comunitat Valenciana","url":"https:\/\/amdcomval.com\/","logo":{"@type":"ImageObject","inLanguage":"val","@id":"https:\/\/amdcomval.com\/#\/schema\/logo\/image\/","url":"https:\/\/amdcomval.com\/wp-content\/uploads\/2025\/10\/AMDComVal-logo-horizontal-2.png","contentUrl":"https:\/\/amdcomval.com\/wp-content\/uploads\/2025\/10\/AMDComVal-logo-horizontal-2.png","width":2560,"height":936,"caption":"AMDComVal - Associaci\u00f3 de Mitjans Digitals de la Comunitat Valenciana"},"image":{"@id":"https:\/\/amdcomval.com\/#\/schema\/logo\/image\/"},"sameAs":["https:\/\/www.facebook.com\/Associaci-De-Mitjans-Digitals-238717099544439\/","https:\/\/x.com\/AMDComVal","https:\/\/www.linkedin.com\/groups\/3150654\/"]},{"@type":"Person","@id":"https:\/\/amdcomval.com\/#\/schema\/person\/f15529598c810a38625abf10fd5bda3a","name":"AMDComVal","url":"https:\/\/amdcomval.com\/val\/author\/amdcomval\/"}]}},"_links":{"self":[{"href":"https:\/\/amdcomval.com\/val\/wp-json\/wp\/v2\/posts\/687","targetHints":{"allow":["GET"]}}],"collection":[{"href":"https:\/\/amdcomval.com\/val\/wp-json\/wp\/v2\/posts"}],"about":[{"href":"https:\/\/amdcomval.com\/val\/wp-json\/wp\/v2\/types\/post"}],"author":[{"embeddable":true,"href":"https:\/\/amdcomval.com\/val\/wp-json\/wp\/v2\/users\/4"}],"replies":[{"embeddable":true,"href":"https:\/\/amdcomval.com\/val\/wp-json\/wp\/v2\/comments?post=687"}],"version-history":[{"count":0,"href":"https:\/\/amdcomval.com\/val\/wp-json\/wp\/v2\/posts\/687\/revisions"}],"wp:featuredmedia":[{"embeddable":true,"href":"https:\/\/amdcomval.com\/val\/wp-json\/wp\/v2\/media\/2299"}],"wp:attachment":[{"href":"https:\/\/amdcomval.com\/val\/wp-json\/wp\/v2\/media?parent=687"}],"wp:term":[{"taxonomy":"category","embeddable":true,"href":"https:\/\/amdcomval.com\/val\/wp-json\/wp\/v2\/categories?post=687"},{"taxonomy":"post_tag","embeddable":true,"href":"https:\/\/amdcomval.com\/val\/wp-json\/wp\/v2\/tags?post=687"}],"curies":[{"name":"wp","href":"https:\/\/api.w.org\/{rel}","templated":true}]}}