{"id":688,"date":"2012-02-21T13:16:01","date_gmt":"2012-02-21T13:16:01","guid":{"rendered":"https:\/\/www.amdcomval.com\/?p=205"},"modified":"2012-02-21T13:16:01","modified_gmt":"2012-02-21T13:16:01","slug":"la-asociacion-de-medios-digitales-de-la-comunidad-valenciana-condena-las-agresiones-a-periodistas-en-la-manifestacion-de-valencia","status":"publish","type":"post","link":"https:\/\/amdcomval.com\/val\/la-asociacion-de-medios-digitales-de-la-comunidad-valenciana-condena-las-agresiones-a-periodistas-en-la-manifestacion-de-valencia\/","title":{"rendered":"La Asociaci\u00f3n de Medios Digitales de la Comunidad Valenciana condena las agresiones a periodistas en la manifestaci\u00f3n de Valencia"},"content":{"rendered":"<p style=\"text-align: justify;\">La Asociaci\u00f3n de Medios Digitales de la Comunidad Valenciana condena, lamenta y censura las agresiones que sufrieron diversos <em><strong>periodistas<\/strong><\/em> en el ejercicio de su profesi\u00f3n durante los disturbios ocurridos el 20 de febrero en Valencia.<\/p>\n<p style=\"text-align: center;\"><a class=\"lightbox\" title=\"\"  href=\"https:\/\/amdcomval.com\/wp-content\/uploads\/2012\/02\/actuacion-policial-manifestacion-estudiantil.jpg\" data-rel=\"lightbox-gallery-0\" data-rl_title=\"\" data-rl_caption=\"\"><img loading=\"lazy\" decoding=\"async\" class=\"size-full wp-image-206 aligncenter\" style=\"border-style: initial; border-color: initial;\" title=\"La Asociaci\u00f3n de Medios Digitales de la Comunidad Valenciana condena las agresiones a periodistas en la manifestaci\u00f3n de Valencia\" src=\"https:\/\/amdcomval.com\/wp-content\/uploads\/2012\/02\/actuacion-policial-manifestacion-estudiantil.jpg\"  width=\"600\" height=\"360\" \/><\/a><\/p>\n<div>\n<p style=\"text-align: justify;\">La Asociaci\u00f3n considera que la actuaci\u00f3n policial fue desmesurada y un claro atentado contra el derecho a la informaci\u00f3n. Por ello, reclama a la Delegada del Gobierno, Paula S\u00e1nchez de Le\u00f3n, explicaciones y responsabilidades por este suceso.<\/p>\n<p style=\"text-align: justify;\">Resulta intolerable que miembros de la Polic\u00eda Nacional agredan a profesionales de los medios mientras estos realizan su trabajo, que no es otro que el de informar sobre lo que est\u00e1 sucediendo.<\/p>\n<p style=\"text-align: justify;\">El derecho a la informaci\u00f3n resulta imprescindible en una sociedad democr\u00e1tica y libre, por lo que desde la asociaci\u00f3n no se duda de que estos lamentables hechos ser\u00e1n investigados.<\/p>\n<p style=\"text-align: justify;\">Los periodistas heridos, que fueron golpeados por la espalda, trabajan en EFE, La Vanguardia y Radio Nacional de Espa\u00f1a.<\/p>\n<\/div>\n","protected":false},"excerpt":{"rendered":"<p>La Asociaci\u00f3n de Medios Digitales de la Comunidad Valenciana condena, lamenta y censura las agresiones que sufrieron diversos periodistas en el ejercicio de su profesi\u00f3n durante los disturbios ocurridos el 20 de febrero en Valencia. La Asociaci\u00f3n considera que la actuaci\u00f3n policial fue desmesurada y un claro atentado contra el derecho a la informaci\u00f3n. Por [&hellip;]<\/p>\n","protected":false},"author":4,"featured_media":2300,"comment_status":"open","ping_status":"open","sticky":false,"template":"","format":"standard","meta":{"_acf_changed":false,"footnotes":""},"categories":[17],"tags":[56],"class_list":["post-688","post","type-post","status-publish","format-standard","has-post-thumbnail","hentry","category-blog","tag-periodistas"],"acf":[],"yoast_head":"<!-- This site is optimized with the Yoast SEO plugin v26.3 - https:\/\/yoast.com\/wordpress\/plugins\/seo\/ -->\n<title>La Asociaci\u00f3n de Medios Digitales de la Comunidad Valenciana condena las agresiones a periodistas en la manifestaci\u00f3n de Valencia - AMDComVal - Associaci\u00f3 de Mitjans Digitals de la Comunitat Valenciana<\/title>\n<meta name=\"robots\" content=\"index, follow, max-snippet:-1, max-image-preview:large, max-video-preview:-1\" \/>\n<link rel=\"canonical\" href=\"https:\/\/amdcomval.com\/la-asociacion-de-medios-digitales-de-la-comunidad-valenciana-condena-las-agresiones-a-periodistas-en-la-manifestacion-de-valencia\/\" \/>\n<meta property=\"og:locale\" content=\"en_US\" \/>\n<meta property=\"og:type\" content=\"article\" \/>\n<meta property=\"og:title\" content=\"La Asociaci\u00f3n de Medios Digitales de la Comunidad Valenciana condena las agresiones a periodistas en la manifestaci\u00f3n de Valencia - AMDComVal - Associaci\u00f3 de Mitjans Digitals de la Comunitat Valenciana\" \/>\n<meta property=\"og:description\" content=\"La Asociaci\u00f3n de Medios Digitales de la Comunidad Valenciana condena, lamenta y censura las agresiones que sufrieron diversos periodistas en el ejercicio de su profesi\u00f3n durante los disturbios ocurridos el 20 de febrero en Valencia. La Asociaci\u00f3n considera que la actuaci\u00f3n policial fue desmesurada y un claro atentado contra el derecho a la informaci\u00f3n. Por [&hellip;]\" \/>\n<meta property=\"og:url\" content=\"https:\/\/amdcomval.com\/la-asociacion-de-medios-digitales-de-la-comunidad-valenciana-condena-las-agresiones-a-periodistas-en-la-manifestacion-de-valencia\/\" \/>\n<meta property=\"og:site_name\" content=\"AMDComVal - Associaci\u00f3 de Mitjans Digitals de la Comunitat Valenciana\" \/>\n<meta property=\"article:publisher\" content=\"https:\/\/www.facebook.com\/Associaci-De-Mitjans-Digitals-238717099544439\/\" \/>\n<meta property=\"article:published_time\" content=\"2012-02-21T13:16:01+00:00\" \/>\n<meta property=\"og:image\" content=\"https:\/\/amdcomval.com\/wp-content\/uploads\/2012\/02\/actuacion-policial-manifestacion-estudiantil.jpg\" \/>\n\t<meta property=\"og:image:width\" content=\"600\" \/>\n\t<meta property=\"og:image:height\" content=\"360\" \/>\n\t<meta property=\"og:image:type\" content=\"image\/jpeg\" \/>\n<meta name=\"author\" content=\"AMDComVal\" \/>\n<meta name=\"twitter:card\" content=\"summary_large_image\" \/>\n<meta name=\"twitter:creator\" content=\"@AMDComVal\" \/>\n<meta name=\"twitter:site\" content=\"@AMDComVal\" \/>\n<meta name=\"twitter:label1\" content=\"Written by\" \/>\n\t<meta name=\"twitter:data1\" content=\"AMDComVal\" \/>\n\t<meta name=\"twitter:label2\" content=\"Est. reading time\" \/>\n\t<meta name=\"twitter:data2\" content=\"1 minute\" \/>\n<script type=\"application\/ld+json\" class=\"yoast-schema-graph\">{\"@context\":\"https:\/\/schema.org\",\"@graph\":[{\"@type\":\"Article\",\"@id\":\"https:\/\/amdcomval.com\/la-asociacion-de-medios-digitales-de-la-comunidad-valenciana-condena-las-agresiones-a-periodistas-en-la-manifestacion-de-valencia\/#article\",\"isPartOf\":{\"@id\":\"https:\/\/amdcomval.com\/la-asociacion-de-medios-digitales-de-la-comunidad-valenciana-condena-las-agresiones-a-periodistas-en-la-manifestacion-de-valencia\/\"},\"author\":{\"name\":\"AMDComVal\",\"@id\":\"https:\/\/amdcomval.com\/#\/schema\/person\/f15529598c810a38625abf10fd5bda3a\"},\"headline\":\"La Asociaci\u00f3n de Medios Digitales de la Comunidad Valenciana condena las agresiones a periodistas en la manifestaci\u00f3n de Valencia\",\"datePublished\":\"2012-02-21T13:16:01+00:00\",\"mainEntityOfPage\":{\"@id\":\"https:\/\/amdcomval.com\/la-asociacion-de-medios-digitales-de-la-comunidad-valenciana-condena-las-agresiones-a-periodistas-en-la-manifestacion-de-valencia\/\"},\"wordCount\":185,\"commentCount\":0,\"publisher\":{\"@id\":\"https:\/\/amdcomval.com\/#organization\"},\"image\":{\"@id\":\"https:\/\/amdcomval.com\/la-asociacion-de-medios-digitales-de-la-comunidad-valenciana-condena-las-agresiones-a-periodistas-en-la-manifestacion-de-valencia\/#primaryimage\"},\"thumbnailUrl\":\"https:\/\/amdcomval.com\/wp-content\/uploads\/2012\/02\/actuacion-policial-manifestacion-estudiantil.jpg\",\"keywords\":[\"periodistas\"],\"articleSection\":[\"Blog\"],\"inLanguage\":\"val\",\"potentialAction\":[{\"@type\":\"CommentAction\",\"name\":\"Comment\",\"target\":[\"https:\/\/amdcomval.com\/la-asociacion-de-medios-digitales-de-la-comunidad-valenciana-condena-las-agresiones-a-periodistas-en-la-manifestacion-de-valencia\/#respond\"]}]},{\"@type\":\"WebPage\",\"@id\":\"https:\/\/amdcomval.com\/la-asociacion-de-medios-digitales-de-la-comunidad-valenciana-condena-las-agresiones-a-periodistas-en-la-manifestacion-de-valencia\/\",\"url\":\"https:\/\/amdcomval.com\/la-asociacion-de-medios-digitales-de-la-comunidad-valenciana-condena-las-agresiones-a-periodistas-en-la-manifestacion-de-valencia\/\",\"name\":\"La Asociaci\u00f3n de Medios Digitales de la Comunidad Valenciana condena las agresiones a periodistas en la manifestaci\u00f3n de Valencia - AMDComVal - Associaci\u00f3 de Mitjans Digitals de la Comunitat Valenciana\",\"isPartOf\":{\"@id\":\"https:\/\/amdcomval.com\/#website\"},\"primaryImageOfPage\":{\"@id\":\"https:\/\/amdcomval.com\/la-asociacion-de-medios-digitales-de-la-comunidad-valenciana-condena-las-agresiones-a-periodistas-en-la-manifestacion-de-valencia\/#primaryimage\"},\"image\":{\"@id\":\"https:\/\/amdcomval.com\/la-asociacion-de-medios-digitales-de-la-comunidad-valenciana-condena-las-agresiones-a-periodistas-en-la-manifestacion-de-valencia\/#primaryimage\"},\"thumbnailUrl\":\"https:\/\/amdcomval.com\/wp-content\/uploads\/2012\/02\/actuacion-policial-manifestacion-estudiantil.jpg\",\"datePublished\":\"2012-02-21T13:16:01+00:00\",\"breadcrumb\":{\"@id\":\"https:\/\/amdcomval.com\/la-asociacion-de-medios-digitales-de-la-comunidad-valenciana-condena-las-agresiones-a-periodistas-en-la-manifestacion-de-valencia\/#breadcrumb\"},\"inLanguage\":\"val\",\"potentialAction\":[{\"@type\":\"ReadAction\",\"target\":[\"https:\/\/amdcomval.com\/la-asociacion-de-medios-digitales-de-la-comunidad-valenciana-condena-las-agresiones-a-periodistas-en-la-manifestacion-de-valencia\/\"]}]},{\"@type\":\"ImageObject\",\"inLanguage\":\"val\",\"@id\":\"https:\/\/amdcomval.com\/la-asociacion-de-medios-digitales-de-la-comunidad-valenciana-condena-las-agresiones-a-periodistas-en-la-manifestacion-de-valencia\/#primaryimage\",\"url\":\"https:\/\/amdcomval.com\/wp-content\/uploads\/2012\/02\/actuacion-policial-manifestacion-estudiantil.jpg\",\"contentUrl\":\"https:\/\/amdcomval.com\/wp-content\/uploads\/2012\/02\/actuacion-policial-manifestacion-estudiantil.jpg\",\"width\":600,\"height\":360},{\"@type\":\"BreadcrumbList\",\"@id\":\"https:\/\/amdcomval.com\/la-asociacion-de-medios-digitales-de-la-comunidad-valenciana-condena-las-agresiones-a-periodistas-en-la-manifestacion-de-valencia\/#breadcrumb\",\"itemListElement\":[{\"@type\":\"ListItem\",\"position\":1,\"name\":\"Portada\",\"item\":\"https:\/\/amdcomval.com\/val\/\"},{\"@type\":\"ListItem\",\"position\":2,\"name\":\"La Asociaci\u00f3n de Medios Digitales de la Comunidad Valenciana condena las agresiones a periodistas en la manifestaci\u00f3n de Valencia\"}]},{\"@type\":\"WebSite\",\"@id\":\"https:\/\/amdcomval.com\/#website\",\"url\":\"https:\/\/amdcomval.com\/\",\"name\":\"AMDComVal - Associaci\u00f3 de Mitjans Digitals de la Comunitat Valenciana\",\"description\":\"Web oficial de la Associaci\u00f3 de Mitjans Digitals de la Comunitat Valenciana (AMDComVal). Por la profesionalizaci\u00f3n y dignificaci\u00f3n de los medios de comunicaci\u00f3n digital\",\"publisher\":{\"@id\":\"https:\/\/amdcomval.com\/#organization\"},\"potentialAction\":[{\"@type\":\"SearchAction\",\"target\":{\"@type\":\"EntryPoint\",\"urlTemplate\":\"https:\/\/amdcomval.com\/?s={search_term_string}\"},\"query-input\":{\"@type\":\"PropertyValueSpecification\",\"valueRequired\":true,\"valueName\":\"search_term_string\"}}],\"inLanguage\":\"val\"},{\"@type\":\"Organization\",\"@id\":\"https:\/\/amdcomval.com\/#organization\",\"name\":\"AMDComVal - Associaci\u00f3 de Mitjans Digitals de la Comunitat Valenciana\",\"url\":\"https:\/\/amdcomval.com\/\",\"logo\":{\"@type\":\"ImageObject\",\"inLanguage\":\"val\",\"@id\":\"https:\/\/amdcomval.com\/#\/schema\/logo\/image\/\",\"url\":\"https:\/\/amdcomval.com\/wp-content\/uploads\/2025\/10\/AMDComVal-logo-horizontal-2.png\",\"contentUrl\":\"https:\/\/amdcomval.com\/wp-content\/uploads\/2025\/10\/AMDComVal-logo-horizontal-2.png\",\"width\":2560,\"height\":936,\"caption\":\"AMDComVal - Associaci\u00f3 de Mitjans Digitals de la Comunitat Valenciana\"},\"image\":{\"@id\":\"https:\/\/amdcomval.com\/#\/schema\/logo\/image\/\"},\"sameAs\":[\"https:\/\/www.facebook.com\/Associaci-De-Mitjans-Digitals-238717099544439\/\",\"https:\/\/x.com\/AMDComVal\",\"https:\/\/www.linkedin.com\/groups\/3150654\/\"]},{\"@type\":\"Person\",\"@id\":\"https:\/\/amdcomval.com\/#\/schema\/person\/f15529598c810a38625abf10fd5bda3a\",\"name\":\"AMDComVal\",\"url\":\"https:\/\/amdcomval.com\/val\/author\/amdcomval\/\"}]}<\/script>\n<!-- \/ Yoast SEO plugin. -->","yoast_head_json":{"title":"La Asociaci\u00f3n de Medios Digitales de la Comunidad Valenciana condena las agresiones a periodistas en la manifestaci\u00f3n de Valencia - AMDComVal - Associaci\u00f3 de Mitjans Digitals de la Comunitat Valenciana","robots":{"index":"index","follow":"follow","max-snippet":"max-snippet:-1","max-image-preview":"max-image-preview:large","max-video-preview":"max-video-preview:-1"},"canonical":"https:\/\/amdcomval.com\/la-asociacion-de-medios-digitales-de-la-comunidad-valenciana-condena-las-agresiones-a-periodistas-en-la-manifestacion-de-valencia\/","og_locale":"en_US","og_type":"article","og_title":"La Asociaci\u00f3n de Medios Digitales de la Comunidad Valenciana condena las agresiones a periodistas en la manifestaci\u00f3n de Valencia - AMDComVal - Associaci\u00f3 de Mitjans Digitals de la Comunitat Valenciana","og_description":"La Asociaci\u00f3n de Medios Digitales de la Comunidad Valenciana condena, lamenta y censura las agresiones que sufrieron diversos periodistas en el ejercicio de su profesi\u00f3n durante los disturbios ocurridos el 20 de febrero en Valencia. La Asociaci\u00f3n considera que la actuaci\u00f3n policial fue desmesurada y un claro atentado contra el derecho a la informaci\u00f3n. Por [&hellip;]","og_url":"https:\/\/amdcomval.com\/la-asociacion-de-medios-digitales-de-la-comunidad-valenciana-condena-las-agresiones-a-periodistas-en-la-manifestacion-de-valencia\/","og_site_name":"AMDComVal - Associaci\u00f3 de Mitjans Digitals de la Comunitat Valenciana","article_publisher":"https:\/\/www.facebook.com\/Associaci-De-Mitjans-Digitals-238717099544439\/","article_published_time":"2012-02-21T13:16:01+00:00","og_image":[{"width":600,"height":360,"url":"https:\/\/amdcomval.com\/wp-content\/uploads\/2012\/02\/actuacion-policial-manifestacion-estudiantil.jpg","type":"image\/jpeg"}],"author":"AMDComVal","twitter_card":"summary_large_image","twitter_creator":"@AMDComVal","twitter_site":"@AMDComVal","twitter_misc":{"Written by":"AMDComVal","Est. reading time":"1 minute"},"schema":{"@context":"https:\/\/schema.org","@graph":[{"@type":"Article","@id":"https:\/\/amdcomval.com\/la-asociacion-de-medios-digitales-de-la-comunidad-valenciana-condena-las-agresiones-a-periodistas-en-la-manifestacion-de-valencia\/#article","isPartOf":{"@id":"https:\/\/amdcomval.com\/la-asociacion-de-medios-digitales-de-la-comunidad-valenciana-condena-las-agresiones-a-periodistas-en-la-manifestacion-de-valencia\/"},"author":{"name":"AMDComVal","@id":"https:\/\/amdcomval.com\/#\/schema\/person\/f15529598c810a38625abf10fd5bda3a"},"headline":"La Asociaci\u00f3n de Medios Digitales de la Comunidad Valenciana condena las agresiones a periodistas en la manifestaci\u00f3n de Valencia","datePublished":"2012-02-21T13:16:01+00:00","mainEntityOfPage":{"@id":"https:\/\/amdcomval.com\/la-asociacion-de-medios-digitales-de-la-comunidad-valenciana-condena-las-agresiones-a-periodistas-en-la-manifestacion-de-valencia\/"},"wordCount":185,"commentCount":0,"publisher":{"@id":"https:\/\/amdcomval.com\/#organization"},"image":{"@id":"https:\/\/amdcomval.com\/la-asociacion-de-medios-digitales-de-la-comunidad-valenciana-condena-las-agresiones-a-periodistas-en-la-manifestacion-de-valencia\/#primaryimage"},"thumbnailUrl":"https:\/\/amdcomval.com\/wp-content\/uploads\/2012\/02\/actuacion-policial-manifestacion-estudiantil.jpg","keywords":["periodistas"],"articleSection":["Blog"],"inLanguage":"val","potentialAction":[{"@type":"CommentAction","name":"Comment","target":["https:\/\/amdcomval.com\/la-asociacion-de-medios-digitales-de-la-comunidad-valenciana-condena-las-agresiones-a-periodistas-en-la-manifestacion-de-valencia\/#respond"]}]},{"@type":"WebPage","@id":"https:\/\/amdcomval.com\/la-asociacion-de-medios-digitales-de-la-comunidad-valenciana-condena-las-agresiones-a-periodistas-en-la-manifestacion-de-valencia\/","url":"https:\/\/amdcomval.com\/la-asociacion-de-medios-digitales-de-la-comunidad-valenciana-condena-las-agresiones-a-periodistas-en-la-manifestacion-de-valencia\/","name":"La Asociaci\u00f3n de Medios Digitales de la Comunidad Valenciana condena las agresiones a periodistas en la manifestaci\u00f3n de Valencia - AMDComVal - Associaci\u00f3 de Mitjans Digitals de la Comunitat Valenciana","isPartOf":{"@id":"https:\/\/amdcomval.com\/#website"},"primaryImageOfPage":{"@id":"https:\/\/amdcomval.com\/la-asociacion-de-medios-digitales-de-la-comunidad-valenciana-condena-las-agresiones-a-periodistas-en-la-manifestacion-de-valencia\/#primaryimage"},"image":{"@id":"https:\/\/amdcomval.com\/la-asociacion-de-medios-digitales-de-la-comunidad-valenciana-condena-las-agresiones-a-periodistas-en-la-manifestacion-de-valencia\/#primaryimage"},"thumbnailUrl":"https:\/\/amdcomval.com\/wp-content\/uploads\/2012\/02\/actuacion-policial-manifestacion-estudiantil.jpg","datePublished":"2012-02-21T13:16:01+00:00","breadcrumb":{"@id":"https:\/\/amdcomval.com\/la-asociacion-de-medios-digitales-de-la-comunidad-valenciana-condena-las-agresiones-a-periodistas-en-la-manifestacion-de-valencia\/#breadcrumb"},"inLanguage":"val","potentialAction":[{"@type":"ReadAction","target":["https:\/\/amdcomval.com\/la-asociacion-de-medios-digitales-de-la-comunidad-valenciana-condena-las-agresiones-a-periodistas-en-la-manifestacion-de-valencia\/"]}]},{"@type":"ImageObject","inLanguage":"val","@id":"https:\/\/amdcomval.com\/la-asociacion-de-medios-digitales-de-la-comunidad-valenciana-condena-las-agresiones-a-periodistas-en-la-manifestacion-de-valencia\/#primaryimage","url":"https:\/\/amdcomval.com\/wp-content\/uploads\/2012\/02\/actuacion-policial-manifestacion-estudiantil.jpg","contentUrl":"https:\/\/amdcomval.com\/wp-content\/uploads\/2012\/02\/actuacion-policial-manifestacion-estudiantil.jpg","width":600,"height":360},{"@type":"BreadcrumbList","@id":"https:\/\/amdcomval.com\/la-asociacion-de-medios-digitales-de-la-comunidad-valenciana-condena-las-agresiones-a-periodistas-en-la-manifestacion-de-valencia\/#breadcrumb","itemListElement":[{"@type":"ListItem","position":1,"name":"Portada","item":"https:\/\/amdcomval.com\/val\/"},{"@type":"ListItem","position":2,"name":"La Asociaci\u00f3n de Medios Digitales de la Comunidad Valenciana condena las agresiones a periodistas en la manifestaci\u00f3n de Valencia"}]},{"@type":"WebSite","@id":"https:\/\/amdcomval.com\/#website","url":"https:\/\/amdcomval.com\/","name":"AMDComVal - Associaci\u00f3 de Mitjans Digitals de la Comunitat Valenciana","description":"Web oficial de la Associaci\u00f3 de Mitjans Digitals de la Comunitat Valenciana (AMDComVal). Por la profesionalizaci\u00f3n y dignificaci\u00f3n de los medios de comunicaci\u00f3n digital","publisher":{"@id":"https:\/\/amdcomval.com\/#organization"},"potentialAction":[{"@type":"SearchAction","target":{"@type":"EntryPoint","urlTemplate":"https:\/\/amdcomval.com\/?s={search_term_string}"},"query-input":{"@type":"PropertyValueSpecification","valueRequired":true,"valueName":"search_term_string"}}],"inLanguage":"val"},{"@type":"Organization","@id":"https:\/\/amdcomval.com\/#organization","name":"AMDComVal - Associaci\u00f3 de Mitjans Digitals de la Comunitat Valenciana","url":"https:\/\/amdcomval.com\/","logo":{"@type":"ImageObject","inLanguage":"val","@id":"https:\/\/amdcomval.com\/#\/schema\/logo\/image\/","url":"https:\/\/amdcomval.com\/wp-content\/uploads\/2025\/10\/AMDComVal-logo-horizontal-2.png","contentUrl":"https:\/\/amdcomval.com\/wp-content\/uploads\/2025\/10\/AMDComVal-logo-horizontal-2.png","width":2560,"height":936,"caption":"AMDComVal - Associaci\u00f3 de Mitjans Digitals de la Comunitat Valenciana"},"image":{"@id":"https:\/\/amdcomval.com\/#\/schema\/logo\/image\/"},"sameAs":["https:\/\/www.facebook.com\/Associaci-De-Mitjans-Digitals-238717099544439\/","https:\/\/x.com\/AMDComVal","https:\/\/www.linkedin.com\/groups\/3150654\/"]},{"@type":"Person","@id":"https:\/\/amdcomval.com\/#\/schema\/person\/f15529598c810a38625abf10fd5bda3a","name":"AMDComVal","url":"https:\/\/amdcomval.com\/val\/author\/amdcomval\/"}]}},"_links":{"self":[{"href":"https:\/\/amdcomval.com\/val\/wp-json\/wp\/v2\/posts\/688","targetHints":{"allow":["GET"]}}],"collection":[{"href":"https:\/\/amdcomval.com\/val\/wp-json\/wp\/v2\/posts"}],"about":[{"href":"https:\/\/amdcomval.com\/val\/wp-json\/wp\/v2\/types\/post"}],"author":[{"embeddable":true,"href":"https:\/\/amdcomval.com\/val\/wp-json\/wp\/v2\/users\/4"}],"replies":[{"embeddable":true,"href":"https:\/\/amdcomval.com\/val\/wp-json\/wp\/v2\/comments?post=688"}],"version-history":[{"count":0,"href":"https:\/\/amdcomval.com\/val\/wp-json\/wp\/v2\/posts\/688\/revisions"}],"wp:featuredmedia":[{"embeddable":true,"href":"https:\/\/amdcomval.com\/val\/wp-json\/wp\/v2\/media\/2300"}],"wp:attachment":[{"href":"https:\/\/amdcomval.com\/val\/wp-json\/wp\/v2\/media?parent=688"}],"wp:term":[{"taxonomy":"category","embeddable":true,"href":"https:\/\/amdcomval.com\/val\/wp-json\/wp\/v2\/categories?post=688"},{"taxonomy":"post_tag","embeddable":true,"href":"https:\/\/amdcomval.com\/val\/wp-json\/wp\/v2\/tags?post=688"}],"curies":[{"name":"wp","href":"https:\/\/api.w.org\/{rel}","templated":true}]}}