{"id":689,"date":"2012-03-03T13:01:03","date_gmt":"2012-03-03T13:01:03","guid":{"rendered":"https:\/\/www.amdcomval.com\/?p=218"},"modified":"2012-03-03T13:01:03","modified_gmt":"2012-03-03T13:01:03","slug":"la-asociacion-de-medios-digitales-de-la-comunidad-valenciana-se-suma-a-la-apg-y-pide-la-puesta-en-libertad-del-periodista-saudia-hamza-kashgari","status":"publish","type":"post","link":"https:\/\/amdcomval.com\/val\/la-asociacion-de-medios-digitales-de-la-comunidad-valenciana-se-suma-a-la-apg-y-pide-la-puesta-en-libertad-del-periodista-saudia-hamza-kashgari\/","title":{"rendered":"La Asociaci\u00f3n de Medios Digitales de la Comunidad Valenciana se suma a la APG y pide la puesta en libertad del periodista saud\u00ed Hamza Kashgari"},"content":{"rendered":"<p style=\"text-align: justify;\"><a class=\"lightbox\" title=\"\"  href=\"https:\/\/amdcomval.com\/wp-content\/uploads\/2012\/03\/hamza_kashgari_2012_02_13.png\" data-rel=\"lightbox-gallery-0\" data-rl_title=\"\" data-rl_caption=\"\"><img loading=\"lazy\" decoding=\"async\" class=\"alignleft size-medium wp-image-219\" style=\"border-style: initial; border-color: initial; border-image: initial; margin-top: 5px; margin-bottom: 5px; margin-left: 10px; margin-right: 10px; border-width: 0px;\" title=\"El periodista saud\u00ed Hamza Kashgari\" src=\"https:\/\/amdcomval.com\/wp-content\/uploads\/2012\/03\/hamza_kashgari_2012_02_13-300x224.png\"  width=\"300\" height=\"224\" \/><\/a>La\u00a0<a href=\"https:\/\/amdcomval.com\/\">Asociaci\u00f3n de Medios Digitales de la Comunidad Valenciana<\/a>\u00a0se suma a la iniciativa de la Asociaci\u00f3n de Prensa de Granada,\u00a0<a href=\"http:\/\/www.periodistasfape.es\/granada\/\">APG<\/a>, y reclama la puesta en libertad del periodista saud\u00ed Hamza Kashgari.<\/p>\n<p style=\"text-align: justify;\">El joven periodista, de 23 a\u00f1os, fue detenido tras expresar en una red social sus dudas sobre Mahoma, por lo que ha sido acusado de apostas\u00eda. Un delito que puede ser castigado con la pena de muerte.<\/p>\n<p style=\"text-align: justify;\">Amdcomval condena lo que considera una vulneraci\u00f3n de los derechos universales de expresi\u00f3n, informaci\u00f3n y opini\u00f3n y espera que el periodista sea puesto en libertad. Desde la Asociaci\u00f3n se anima a firmar la\u00a0<a href=\"http:\/\/www.thepetitionsite.com\/1\/death-calls-for-saudi-poet-and-blogger\/\">petici\u00f3n<\/a>\u00a0para evitar que sea condenado a la pena capital o a mandar un mensaje a la embajada saud\u00ed desde\u00a0<a href=\"http:\/\/www.es.amnesty.org\/actua\/acciones\/hamza-kashgari\/\">Amnist\u00eda Internacional<\/a>.<\/p>\n<p style=\"text-align: justify;\">La APG ha creado un grupo de apoyo solidario con Hamza Kashgari y elevar\u00e1 cartas de protesta al embajador en Espa\u00f1a de Arabia Saud\u00ed y al ministro espa\u00f1ol de Asuntos Exteriores. De igual manera, promover\u00e1 entre las federaciones de periodistas actuaciones que posibiliten la liberaci\u00f3n del joven.<\/p>\n","protected":false},"excerpt":{"rendered":"<p>La\u00a0Asociaci\u00f3n de Medios Digitales de la Comunidad Valenciana\u00a0se suma a la iniciativa de la Asociaci\u00f3n de Prensa de Granada,\u00a0APG, y reclama la puesta en libertad del periodista saud\u00ed Hamza Kashgari. El joven periodista, de 23 a\u00f1os, fue detenido tras expresar en una red social sus dudas sobre Mahoma, por lo que ha sido acusado de [&hellip;]<\/p>\n","protected":false},"author":4,"featured_media":2301,"comment_status":"open","ping_status":"open","sticky":false,"template":"","format":"standard","meta":{"_acf_changed":false,"footnotes":""},"categories":[17],"tags":[12,57,58,59,60,61,62,63,64],"class_list":["post-689","post","type-post","status-publish","format-standard","has-post-thumbnail","hentry","category-blog","tag-amdcomval","tag-amnistia-internacional","tag-arabia-saudi","tag-asociacion-de-medios-digitales-de-la-comunidad-valenciana","tag-hamza-kashgari","tag-libertad-de-expresion","tag-periodismo","tag-redes-sociales","tag-twitter"],"acf":[],"yoast_head":"<!-- This site is optimized with the Yoast SEO plugin v26.3 - https:\/\/yoast.com\/wordpress\/plugins\/seo\/ -->\n<title>La Asociaci\u00f3n de Medios Digitales de la Comunidad Valenciana se suma a la APG y pide la puesta en libertad del periodista saud\u00ed Hamza Kashgari - AMDComVal - Associaci\u00f3 de Mitjans Digitals de la Comunitat Valenciana<\/title>\n<meta name=\"robots\" content=\"index, follow, max-snippet:-1, max-image-preview:large, max-video-preview:-1\" \/>\n<link rel=\"canonical\" href=\"https:\/\/amdcomval.com\/la-asociacion-de-medios-digitales-de-la-comunidad-valenciana-se-suma-a-la-apg-y-pide-la-puesta-en-libertad-del-periodista-saudia-hamza-kashgari\/\" \/>\n<meta property=\"og:locale\" content=\"en_US\" \/>\n<meta property=\"og:type\" content=\"article\" \/>\n<meta property=\"og:title\" content=\"La Asociaci\u00f3n de Medios Digitales de la Comunidad Valenciana se suma a la APG y pide la puesta en libertad del periodista saud\u00ed Hamza Kashgari - AMDComVal - Associaci\u00f3 de Mitjans Digitals de la Comunitat Valenciana\" \/>\n<meta property=\"og:description\" content=\"La\u00a0Asociaci\u00f3n de Medios Digitales de la Comunidad Valenciana\u00a0se suma a la iniciativa de la Asociaci\u00f3n de Prensa de Granada,\u00a0APG, y reclama la puesta en libertad del periodista saud\u00ed Hamza Kashgari. El joven periodista, de 23 a\u00f1os, fue detenido tras expresar en una red social sus dudas sobre Mahoma, por lo que ha sido acusado de [&hellip;]\" \/>\n<meta property=\"og:url\" content=\"https:\/\/amdcomval.com\/la-asociacion-de-medios-digitales-de-la-comunidad-valenciana-se-suma-a-la-apg-y-pide-la-puesta-en-libertad-del-periodista-saudia-hamza-kashgari\/\" \/>\n<meta property=\"og:site_name\" content=\"AMDComVal - Associaci\u00f3 de Mitjans Digitals de la Comunitat Valenciana\" \/>\n<meta property=\"article:publisher\" content=\"https:\/\/www.facebook.com\/Associaci-De-Mitjans-Digitals-238717099544439\/\" \/>\n<meta property=\"article:published_time\" content=\"2012-03-03T13:01:03+00:00\" \/>\n<meta property=\"og:image\" content=\"https:\/\/amdcomval.com\/wp-content\/uploads\/2012\/03\/hamza_kashgari_2012_02_13.png\" \/>\n\t<meta property=\"og:image:width\" content=\"467\" \/>\n\t<meta property=\"og:image:height\" content=\"350\" \/>\n\t<meta property=\"og:image:type\" content=\"image\/png\" \/>\n<meta name=\"author\" content=\"AMDComVal\" \/>\n<meta name=\"twitter:card\" content=\"summary_large_image\" \/>\n<meta name=\"twitter:creator\" content=\"@AMDComVal\" \/>\n<meta name=\"twitter:site\" content=\"@AMDComVal\" \/>\n<meta name=\"twitter:label1\" content=\"Written by\" \/>\n\t<meta name=\"twitter:data1\" content=\"AMDComVal\" \/>\n\t<meta name=\"twitter:label2\" content=\"Est. reading time\" \/>\n\t<meta name=\"twitter:data2\" content=\"1 minute\" \/>\n<script type=\"application\/ld+json\" class=\"yoast-schema-graph\">{\"@context\":\"https:\/\/schema.org\",\"@graph\":[{\"@type\":\"Article\",\"@id\":\"https:\/\/amdcomval.com\/la-asociacion-de-medios-digitales-de-la-comunidad-valenciana-se-suma-a-la-apg-y-pide-la-puesta-en-libertad-del-periodista-saudia-hamza-kashgari\/#article\",\"isPartOf\":{\"@id\":\"https:\/\/amdcomval.com\/la-asociacion-de-medios-digitales-de-la-comunidad-valenciana-se-suma-a-la-apg-y-pide-la-puesta-en-libertad-del-periodista-saudia-hamza-kashgari\/\"},\"author\":{\"name\":\"AMDComVal\",\"@id\":\"https:\/\/amdcomval.com\/#\/schema\/person\/f15529598c810a38625abf10fd5bda3a\"},\"headline\":\"La Asociaci\u00f3n de Medios Digitales de la Comunidad Valenciana se suma a la APG y pide la puesta en libertad del periodista saud\u00ed Hamza Kashgari\",\"datePublished\":\"2012-03-03T13:01:03+00:00\",\"mainEntityOfPage\":{\"@id\":\"https:\/\/amdcomval.com\/la-asociacion-de-medios-digitales-de-la-comunidad-valenciana-se-suma-a-la-apg-y-pide-la-puesta-en-libertad-del-periodista-saudia-hamza-kashgari\/\"},\"wordCount\":211,\"commentCount\":0,\"publisher\":{\"@id\":\"https:\/\/amdcomval.com\/#organization\"},\"image\":{\"@id\":\"https:\/\/amdcomval.com\/la-asociacion-de-medios-digitales-de-la-comunidad-valenciana-se-suma-a-la-apg-y-pide-la-puesta-en-libertad-del-periodista-saudia-hamza-kashgari\/#primaryimage\"},\"thumbnailUrl\":\"https:\/\/amdcomval.com\/wp-content\/uploads\/2012\/03\/hamza_kashgari_2012_02_13.png\",\"keywords\":[\"amdcomval\",\"Amnist\u00eda Internacional\",\"Arabia Saud\u00ed\",\"Asociaci\u00f3n de Medios Digitales de la Comunidad Valenciana\",\"Hamza Kashgari\",\"Libertad de expresi\u00f3n\",\"periodismo\",\"redes sociales\",\"twitter\"],\"articleSection\":[\"Blog\"],\"inLanguage\":\"val\",\"potentialAction\":[{\"@type\":\"CommentAction\",\"name\":\"Comment\",\"target\":[\"https:\/\/amdcomval.com\/la-asociacion-de-medios-digitales-de-la-comunidad-valenciana-se-suma-a-la-apg-y-pide-la-puesta-en-libertad-del-periodista-saudia-hamza-kashgari\/#respond\"]}]},{\"@type\":\"WebPage\",\"@id\":\"https:\/\/amdcomval.com\/la-asociacion-de-medios-digitales-de-la-comunidad-valenciana-se-suma-a-la-apg-y-pide-la-puesta-en-libertad-del-periodista-saudia-hamza-kashgari\/\",\"url\":\"https:\/\/amdcomval.com\/la-asociacion-de-medios-digitales-de-la-comunidad-valenciana-se-suma-a-la-apg-y-pide-la-puesta-en-libertad-del-periodista-saudia-hamza-kashgari\/\",\"name\":\"La Asociaci\u00f3n de Medios Digitales de la Comunidad Valenciana se suma a la APG y pide la puesta en libertad del periodista saud\u00ed Hamza Kashgari - AMDComVal - Associaci\u00f3 de Mitjans Digitals de la Comunitat Valenciana\",\"isPartOf\":{\"@id\":\"https:\/\/amdcomval.com\/#website\"},\"primaryImageOfPage\":{\"@id\":\"https:\/\/amdcomval.com\/la-asociacion-de-medios-digitales-de-la-comunidad-valenciana-se-suma-a-la-apg-y-pide-la-puesta-en-libertad-del-periodista-saudia-hamza-kashgari\/#primaryimage\"},\"image\":{\"@id\":\"https:\/\/amdcomval.com\/la-asociacion-de-medios-digitales-de-la-comunidad-valenciana-se-suma-a-la-apg-y-pide-la-puesta-en-libertad-del-periodista-saudia-hamza-kashgari\/#primaryimage\"},\"thumbnailUrl\":\"https:\/\/amdcomval.com\/wp-content\/uploads\/2012\/03\/hamza_kashgari_2012_02_13.png\",\"datePublished\":\"2012-03-03T13:01:03+00:00\",\"breadcrumb\":{\"@id\":\"https:\/\/amdcomval.com\/la-asociacion-de-medios-digitales-de-la-comunidad-valenciana-se-suma-a-la-apg-y-pide-la-puesta-en-libertad-del-periodista-saudia-hamza-kashgari\/#breadcrumb\"},\"inLanguage\":\"val\",\"potentialAction\":[{\"@type\":\"ReadAction\",\"target\":[\"https:\/\/amdcomval.com\/la-asociacion-de-medios-digitales-de-la-comunidad-valenciana-se-suma-a-la-apg-y-pide-la-puesta-en-libertad-del-periodista-saudia-hamza-kashgari\/\"]}]},{\"@type\":\"ImageObject\",\"inLanguage\":\"val\",\"@id\":\"https:\/\/amdcomval.com\/la-asociacion-de-medios-digitales-de-la-comunidad-valenciana-se-suma-a-la-apg-y-pide-la-puesta-en-libertad-del-periodista-saudia-hamza-kashgari\/#primaryimage\",\"url\":\"https:\/\/amdcomval.com\/wp-content\/uploads\/2012\/03\/hamza_kashgari_2012_02_13.png\",\"contentUrl\":\"https:\/\/amdcomval.com\/wp-content\/uploads\/2012\/03\/hamza_kashgari_2012_02_13.png\",\"width\":467,\"height\":350,\"caption\":\"El periodista saud\u00ed Hamza Kashgari\"},{\"@type\":\"BreadcrumbList\",\"@id\":\"https:\/\/amdcomval.com\/la-asociacion-de-medios-digitales-de-la-comunidad-valenciana-se-suma-a-la-apg-y-pide-la-puesta-en-libertad-del-periodista-saudia-hamza-kashgari\/#breadcrumb\",\"itemListElement\":[{\"@type\":\"ListItem\",\"position\":1,\"name\":\"Portada\",\"item\":\"https:\/\/amdcomval.com\/val\/\"},{\"@type\":\"ListItem\",\"position\":2,\"name\":\"La Asociaci\u00f3n de Medios Digitales de la Comunidad Valenciana se suma a la APG y pide la puesta en libertad del periodista saud\u00ed Hamza Kashgari\"}]},{\"@type\":\"WebSite\",\"@id\":\"https:\/\/amdcomval.com\/#website\",\"url\":\"https:\/\/amdcomval.com\/\",\"name\":\"AMDComVal - Associaci\u00f3 de Mitjans Digitals de la Comunitat Valenciana\",\"description\":\"Web oficial de la Associaci\u00f3 de Mitjans Digitals de la Comunitat Valenciana (AMDComVal). Por la profesionalizaci\u00f3n y dignificaci\u00f3n de los medios de comunicaci\u00f3n digital\",\"publisher\":{\"@id\":\"https:\/\/amdcomval.com\/#organization\"},\"potentialAction\":[{\"@type\":\"SearchAction\",\"target\":{\"@type\":\"EntryPoint\",\"urlTemplate\":\"https:\/\/amdcomval.com\/?s={search_term_string}\"},\"query-input\":{\"@type\":\"PropertyValueSpecification\",\"valueRequired\":true,\"valueName\":\"search_term_string\"}}],\"inLanguage\":\"val\"},{\"@type\":\"Organization\",\"@id\":\"https:\/\/amdcomval.com\/#organization\",\"name\":\"AMDComVal - Associaci\u00f3 de Mitjans Digitals de la Comunitat Valenciana\",\"url\":\"https:\/\/amdcomval.com\/\",\"logo\":{\"@type\":\"ImageObject\",\"inLanguage\":\"val\",\"@id\":\"https:\/\/amdcomval.com\/#\/schema\/logo\/image\/\",\"url\":\"https:\/\/amdcomval.com\/wp-content\/uploads\/2025\/10\/AMDComVal-logo-horizontal-2.png\",\"contentUrl\":\"https:\/\/amdcomval.com\/wp-content\/uploads\/2025\/10\/AMDComVal-logo-horizontal-2.png\",\"width\":2560,\"height\":936,\"caption\":\"AMDComVal - Associaci\u00f3 de Mitjans Digitals de la Comunitat Valenciana\"},\"image\":{\"@id\":\"https:\/\/amdcomval.com\/#\/schema\/logo\/image\/\"},\"sameAs\":[\"https:\/\/www.facebook.com\/Associaci-De-Mitjans-Digitals-238717099544439\/\",\"https:\/\/x.com\/AMDComVal\",\"https:\/\/www.linkedin.com\/groups\/3150654\/\"]},{\"@type\":\"Person\",\"@id\":\"https:\/\/amdcomval.com\/#\/schema\/person\/f15529598c810a38625abf10fd5bda3a\",\"name\":\"AMDComVal\",\"url\":\"https:\/\/amdcomval.com\/val\/author\/amdcomval\/\"}]}<\/script>\n<!-- \/ Yoast SEO plugin. -->","yoast_head_json":{"title":"La Asociaci\u00f3n de Medios Digitales de la Comunidad Valenciana se suma a la APG y pide la puesta en libertad del periodista saud\u00ed Hamza Kashgari - AMDComVal - Associaci\u00f3 de Mitjans Digitals de la Comunitat Valenciana","robots":{"index":"index","follow":"follow","max-snippet":"max-snippet:-1","max-image-preview":"max-image-preview:large","max-video-preview":"max-video-preview:-1"},"canonical":"https:\/\/amdcomval.com\/la-asociacion-de-medios-digitales-de-la-comunidad-valenciana-se-suma-a-la-apg-y-pide-la-puesta-en-libertad-del-periodista-saudia-hamza-kashgari\/","og_locale":"en_US","og_type":"article","og_title":"La Asociaci\u00f3n de Medios Digitales de la Comunidad Valenciana se suma a la APG y pide la puesta en libertad del periodista saud\u00ed Hamza Kashgari - AMDComVal - Associaci\u00f3 de Mitjans Digitals de la Comunitat Valenciana","og_description":"La\u00a0Asociaci\u00f3n de Medios Digitales de la Comunidad Valenciana\u00a0se suma a la iniciativa de la Asociaci\u00f3n de Prensa de Granada,\u00a0APG, y reclama la puesta en libertad del periodista saud\u00ed Hamza Kashgari. El joven periodista, de 23 a\u00f1os, fue detenido tras expresar en una red social sus dudas sobre Mahoma, por lo que ha sido acusado de [&hellip;]","og_url":"https:\/\/amdcomval.com\/la-asociacion-de-medios-digitales-de-la-comunidad-valenciana-se-suma-a-la-apg-y-pide-la-puesta-en-libertad-del-periodista-saudia-hamza-kashgari\/","og_site_name":"AMDComVal - Associaci\u00f3 de Mitjans Digitals de la Comunitat Valenciana","article_publisher":"https:\/\/www.facebook.com\/Associaci-De-Mitjans-Digitals-238717099544439\/","article_published_time":"2012-03-03T13:01:03+00:00","og_image":[{"width":467,"height":350,"url":"https:\/\/amdcomval.com\/wp-content\/uploads\/2012\/03\/hamza_kashgari_2012_02_13.png","type":"image\/png"}],"author":"AMDComVal","twitter_card":"summary_large_image","twitter_creator":"@AMDComVal","twitter_site":"@AMDComVal","twitter_misc":{"Written by":"AMDComVal","Est. reading time":"1 minute"},"schema":{"@context":"https:\/\/schema.org","@graph":[{"@type":"Article","@id":"https:\/\/amdcomval.com\/la-asociacion-de-medios-digitales-de-la-comunidad-valenciana-se-suma-a-la-apg-y-pide-la-puesta-en-libertad-del-periodista-saudia-hamza-kashgari\/#article","isPartOf":{"@id":"https:\/\/amdcomval.com\/la-asociacion-de-medios-digitales-de-la-comunidad-valenciana-se-suma-a-la-apg-y-pide-la-puesta-en-libertad-del-periodista-saudia-hamza-kashgari\/"},"author":{"name":"AMDComVal","@id":"https:\/\/amdcomval.com\/#\/schema\/person\/f15529598c810a38625abf10fd5bda3a"},"headline":"La Asociaci\u00f3n de Medios Digitales de la Comunidad Valenciana se suma a la APG y pide la puesta en libertad del periodista saud\u00ed Hamza Kashgari","datePublished":"2012-03-03T13:01:03+00:00","mainEntityOfPage":{"@id":"https:\/\/amdcomval.com\/la-asociacion-de-medios-digitales-de-la-comunidad-valenciana-se-suma-a-la-apg-y-pide-la-puesta-en-libertad-del-periodista-saudia-hamza-kashgari\/"},"wordCount":211,"commentCount":0,"publisher":{"@id":"https:\/\/amdcomval.com\/#organization"},"image":{"@id":"https:\/\/amdcomval.com\/la-asociacion-de-medios-digitales-de-la-comunidad-valenciana-se-suma-a-la-apg-y-pide-la-puesta-en-libertad-del-periodista-saudia-hamza-kashgari\/#primaryimage"},"thumbnailUrl":"https:\/\/amdcomval.com\/wp-content\/uploads\/2012\/03\/hamza_kashgari_2012_02_13.png","keywords":["amdcomval","Amnist\u00eda Internacional","Arabia Saud\u00ed","Asociaci\u00f3n de Medios Digitales de la Comunidad Valenciana","Hamza Kashgari","Libertad de expresi\u00f3n","periodismo","redes sociales","twitter"],"articleSection":["Blog"],"inLanguage":"val","potentialAction":[{"@type":"CommentAction","name":"Comment","target":["https:\/\/amdcomval.com\/la-asociacion-de-medios-digitales-de-la-comunidad-valenciana-se-suma-a-la-apg-y-pide-la-puesta-en-libertad-del-periodista-saudia-hamza-kashgari\/#respond"]}]},{"@type":"WebPage","@id":"https:\/\/amdcomval.com\/la-asociacion-de-medios-digitales-de-la-comunidad-valenciana-se-suma-a-la-apg-y-pide-la-puesta-en-libertad-del-periodista-saudia-hamza-kashgari\/","url":"https:\/\/amdcomval.com\/la-asociacion-de-medios-digitales-de-la-comunidad-valenciana-se-suma-a-la-apg-y-pide-la-puesta-en-libertad-del-periodista-saudia-hamza-kashgari\/","name":"La Asociaci\u00f3n de Medios Digitales de la Comunidad Valenciana se suma a la APG y pide la puesta en libertad del periodista saud\u00ed Hamza Kashgari - AMDComVal - Associaci\u00f3 de Mitjans Digitals de la Comunitat Valenciana","isPartOf":{"@id":"https:\/\/amdcomval.com\/#website"},"primaryImageOfPage":{"@id":"https:\/\/amdcomval.com\/la-asociacion-de-medios-digitales-de-la-comunidad-valenciana-se-suma-a-la-apg-y-pide-la-puesta-en-libertad-del-periodista-saudia-hamza-kashgari\/#primaryimage"},"image":{"@id":"https:\/\/amdcomval.com\/la-asociacion-de-medios-digitales-de-la-comunidad-valenciana-se-suma-a-la-apg-y-pide-la-puesta-en-libertad-del-periodista-saudia-hamza-kashgari\/#primaryimage"},"thumbnailUrl":"https:\/\/amdcomval.com\/wp-content\/uploads\/2012\/03\/hamza_kashgari_2012_02_13.png","datePublished":"2012-03-03T13:01:03+00:00","breadcrumb":{"@id":"https:\/\/amdcomval.com\/la-asociacion-de-medios-digitales-de-la-comunidad-valenciana-se-suma-a-la-apg-y-pide-la-puesta-en-libertad-del-periodista-saudia-hamza-kashgari\/#breadcrumb"},"inLanguage":"val","potentialAction":[{"@type":"ReadAction","target":["https:\/\/amdcomval.com\/la-asociacion-de-medios-digitales-de-la-comunidad-valenciana-se-suma-a-la-apg-y-pide-la-puesta-en-libertad-del-periodista-saudia-hamza-kashgari\/"]}]},{"@type":"ImageObject","inLanguage":"val","@id":"https:\/\/amdcomval.com\/la-asociacion-de-medios-digitales-de-la-comunidad-valenciana-se-suma-a-la-apg-y-pide-la-puesta-en-libertad-del-periodista-saudia-hamza-kashgari\/#primaryimage","url":"https:\/\/amdcomval.com\/wp-content\/uploads\/2012\/03\/hamza_kashgari_2012_02_13.png","contentUrl":"https:\/\/amdcomval.com\/wp-content\/uploads\/2012\/03\/hamza_kashgari_2012_02_13.png","width":467,"height":350,"caption":"El periodista saud\u00ed Hamza Kashgari"},{"@type":"BreadcrumbList","@id":"https:\/\/amdcomval.com\/la-asociacion-de-medios-digitales-de-la-comunidad-valenciana-se-suma-a-la-apg-y-pide-la-puesta-en-libertad-del-periodista-saudia-hamza-kashgari\/#breadcrumb","itemListElement":[{"@type":"ListItem","position":1,"name":"Portada","item":"https:\/\/amdcomval.com\/val\/"},{"@type":"ListItem","position":2,"name":"La Asociaci\u00f3n de Medios Digitales de la Comunidad Valenciana se suma a la APG y pide la puesta en libertad del periodista saud\u00ed Hamza Kashgari"}]},{"@type":"WebSite","@id":"https:\/\/amdcomval.com\/#website","url":"https:\/\/amdcomval.com\/","name":"AMDComVal - Associaci\u00f3 de Mitjans Digitals de la Comunitat Valenciana","description":"Web oficial de la Associaci\u00f3 de Mitjans Digitals de la Comunitat Valenciana (AMDComVal). Por la profesionalizaci\u00f3n y dignificaci\u00f3n de los medios de comunicaci\u00f3n digital","publisher":{"@id":"https:\/\/amdcomval.com\/#organization"},"potentialAction":[{"@type":"SearchAction","target":{"@type":"EntryPoint","urlTemplate":"https:\/\/amdcomval.com\/?s={search_term_string}"},"query-input":{"@type":"PropertyValueSpecification","valueRequired":true,"valueName":"search_term_string"}}],"inLanguage":"val"},{"@type":"Organization","@id":"https:\/\/amdcomval.com\/#organization","name":"AMDComVal - Associaci\u00f3 de Mitjans Digitals de la Comunitat Valenciana","url":"https:\/\/amdcomval.com\/","logo":{"@type":"ImageObject","inLanguage":"val","@id":"https:\/\/amdcomval.com\/#\/schema\/logo\/image\/","url":"https:\/\/amdcomval.com\/wp-content\/uploads\/2025\/10\/AMDComVal-logo-horizontal-2.png","contentUrl":"https:\/\/amdcomval.com\/wp-content\/uploads\/2025\/10\/AMDComVal-logo-horizontal-2.png","width":2560,"height":936,"caption":"AMDComVal - Associaci\u00f3 de Mitjans Digitals de la Comunitat Valenciana"},"image":{"@id":"https:\/\/amdcomval.com\/#\/schema\/logo\/image\/"},"sameAs":["https:\/\/www.facebook.com\/Associaci-De-Mitjans-Digitals-238717099544439\/","https:\/\/x.com\/AMDComVal","https:\/\/www.linkedin.com\/groups\/3150654\/"]},{"@type":"Person","@id":"https:\/\/amdcomval.com\/#\/schema\/person\/f15529598c810a38625abf10fd5bda3a","name":"AMDComVal","url":"https:\/\/amdcomval.com\/val\/author\/amdcomval\/"}]}},"_links":{"self":[{"href":"https:\/\/amdcomval.com\/val\/wp-json\/wp\/v2\/posts\/689","targetHints":{"allow":["GET"]}}],"collection":[{"href":"https:\/\/amdcomval.com\/val\/wp-json\/wp\/v2\/posts"}],"about":[{"href":"https:\/\/amdcomval.com\/val\/wp-json\/wp\/v2\/types\/post"}],"author":[{"embeddable":true,"href":"https:\/\/amdcomval.com\/val\/wp-json\/wp\/v2\/users\/4"}],"replies":[{"embeddable":true,"href":"https:\/\/amdcomval.com\/val\/wp-json\/wp\/v2\/comments?post=689"}],"version-history":[{"count":0,"href":"https:\/\/amdcomval.com\/val\/wp-json\/wp\/v2\/posts\/689\/revisions"}],"wp:featuredmedia":[{"embeddable":true,"href":"https:\/\/amdcomval.com\/val\/wp-json\/wp\/v2\/media\/2301"}],"wp:attachment":[{"href":"https:\/\/amdcomval.com\/val\/wp-json\/wp\/v2\/media?parent=689"}],"wp:term":[{"taxonomy":"category","embeddable":true,"href":"https:\/\/amdcomval.com\/val\/wp-json\/wp\/v2\/categories?post=689"},{"taxonomy":"post_tag","embeddable":true,"href":"https:\/\/amdcomval.com\/val\/wp-json\/wp\/v2\/tags?post=689"}],"curies":[{"name":"wp","href":"https:\/\/api.w.org\/{rel}","templated":true}]}}