{"id":693,"date":"2012-03-24T21:47:48","date_gmt":"2012-03-24T21:47:48","guid":{"rendered":"https:\/\/www.amdcomval.com\/?p=335"},"modified":"2012-03-24T21:47:48","modified_gmt":"2012-03-24T21:47:48","slug":"335","status":"publish","type":"post","link":"https:\/\/amdcomval.com\/val\/335\/","title":{"rendered":"La calidad y profesionalidad son las herramientas para luchar contra el desprestigio que sufren los medios digitales"},"content":{"rendered":"<p style=\"text-align: justify\"><strong>Las asociaciones de prensa gratuita y digital de Catalu\u00f1a, Espa\u00f1a y la Comunidad Valenciana aseguraron que la colaboraci\u00f3n entre medios resulta imprescindible para hacer frente a la crisis del sector\u00a0<\/strong><\/p>\n<p>[fusion_builder_container hundred_percent=&#8221;yes&#8221; overflow=&#8221;visible&#8221;][fusion_builder_row][fusion_builder_column type=&#8221;1_1&#8243; background_position=&#8221;left top&#8221; background_color=&#8221;&#8221; border_size=&#8221;&#8221; border_color=&#8221;&#8221; border_style=&#8221;solid&#8221; spacing=&#8221;yes&#8221; background_image=&#8221;&#8221; background_repeat=&#8221;no-repeat&#8221; padding=&#8221;&#8221; margin_top=&#8221;0px&#8221; margin_bottom=&#8221;0px&#8221; class=&#8221;&#8221; id=&#8221;&#8221; animation_type=&#8221;&#8221; animation_speed=&#8221;0.3&#8243; animation_direction=&#8221;left&#8221; hide_on_mobile=&#8221;no&#8221; center_content=&#8221;no&#8221; min_height=&#8221;none&#8221;]<div id=\"attachment_336\" style=\"width: 321px\" class=\"wp-caption alignleft\"><a href=\"https:\/\/amdcomval.com\/335\/img_2822\/\" rel=\"attachment wp-att-336\"><img loading=\"lazy\" decoding=\"async\" aria-describedby=\"caption-attachment-336\" class=\"wp-image-336 \" src=\"https:\/\/amdcomval.com\/wp-content\/uploads\/2012\/03\/IMG_2822.jpg\"  width=\"311\" height=\"208\" \/><\/a><p id=\"caption-attachment-336\" class=\"wp-caption-text\">Las Jornadas contaron con la presencia de las asociaciones de prensa gratuita de Espa\u00f1a y Catalu\u00f1a. Foto: Ismael Marco.<\/p><\/div><\/p>\n<p style=\"text-align: justify\"><em>Valencia, 24 de marzo<\/em>. Las II Jornadas de Medios Digitales dela Comunidad Valenciana contaron con la participaci\u00f3n de Antoni Reig, vicepresidente de la <a href=\"http:\/\/www.acpg.cat\/default.php\">Associaci\u00f3 Catalana De Premsa<\/a>\u00a0Gratu\u00efta\u00a0i Digital (<a href=\"https:\/\/twitter.com\/#!\/acpg_acpg\">ACPG<\/a>), V\u00edctor N\u00fa\u00f1ez, secretario general de la <a href=\"http:\/\/www.aepg.es\/\">Asociaci\u00f3n Espa\u00f1ola de la Prensa<\/a>\u00a0 Gratuita y Medios Digitales\u00a0 (<a href=\"https:\/\/twitter.com\/#!\/prensagratuita\">AEPG<\/a>), y \u00d3scar Delgado, presidente de la Asociaci\u00f3n de Medios Digitales de la Comunidad Valenciana (<a href=\"https:\/\/amdcomval.com\/\">AMDComVal<\/a>), quienes hicieron un an\u00e1lisis de la situaci\u00f3n de los medios en la mesa redonda &#8220;La prensa gratuita y digital en Espa\u00f1a&#8221;.<\/p>\n<p style=\"text-align: justify\">\u00d3scar Delgado, presidente dela AMDComVal, dio inici\u00f3 a la ponencia con una breve exposici\u00f3n, en la cual colocaba el foco de atenci\u00f3n sobre la calidad de las informaciones que los medios digitales ofrecen. El presidente de la asociaci\u00f3n valenciana sostuvo que el soporte en el que las noticias se publican no es el factor clave a tener en cuenta, ya que, independientemente del soporte, es el trabajo del periodista lo que condiciona el resultado final de la informaci\u00f3n.<\/p>\n<p style=\"text-align: justify\">Tras la introducci\u00f3n de Delgado, el vicepresidente de la ACPG y profesor dela UniversidadAut\u00f3nomade Barcelona Antoni Reig destac\u00f3 igualmente la necesidad de \u201cdignificar el sector\u201d con contenidos de calidad, propios y con buenos profesionales, para luchar contra los estereotipos que sufren la prensa gratuita y digital.<\/p>\n<p style=\"text-align: justify\">Durante su intervenci\u00f3n, Reig tambi\u00e9n coloc\u00f3 a la cooperaci\u00f3n entre medios digitales como herramienta fundamental para superar los problemas existentes y para mejorar la calidad de los medios. Como ejemplo, explic\u00f3 la existencia enla ACPG de un banco de contenidos que permite a todos los asociados subir sus informaciones y compartirlas de manera gratuita;\u00a0 de igual manera, la asociaci\u00f3n proporciona contenidos propios a todos sus socios, tambi\u00e9n de manera gratuita.<\/p>\n<p style=\"text-align: justify\">Por \u00faltimo, Reig destac\u00f3 la importancia de medir la audiencia de manera m\u00e1s cercana y real, teniendo en cuenta el tipo de medio que se analiza y si \u00e9ste busca una difusi\u00f3n a nivel comarcal, provincial o estatal.\u00a0 \u201cHay medios digitales peque\u00f1os que en su territorio son hegem\u00f3nicos\u201d, concluy\u00f3, por lo que su difusi\u00f3n no puede medirse en relaci\u00f3n a sus ventas en un territorio m\u00e1s amplio que el que realmente pretenden abarcar.<\/p>\n<p style=\"text-align: justify\">Para cerrar la mesa redonda, V\u00edctor N\u00fa\u00f1ez, vicepresidente dela AEPG, realiz\u00f3 un an\u00e1lisis sobre la complicada situaci\u00f3n actual que est\u00e1n viviendo los medios, tanto digitales como en papel, lamentando el cierre de diferentes peri\u00f3dicos en los \u00faltimos a\u00f1os. Adem\u00e1s, resalt\u00f3 la dificultad que deben superar los medios 2.0 para conseguir publicidad ante el gran \u201cdesprestigio a nivel publicitario y comunicativo\u201d al que se enfrenta la prensa gratuita y digital.<\/p>\n<p style=\"text-align: justify\">Para luchar contra esta situaci\u00f3n, N\u00fa\u00f1ez asegur\u00f3 que \u201cel futuro del Periodismo pasa por la colaboraci\u00f3n\u201d entre los medios y entre las asociaciones de prensa. \u201cAl ser m\u00e1s, somos mejores\u201d concluy\u00f3, ya que \u201ccon la suma de mayor n\u00famero de socios, no s\u00f3lo se aporta su cuota, sino tambi\u00e9n su experiencia\u201d.<\/p>\n<p><strong>II Jornadas de Medios Digitales de la Comunidad Valenciana<\/strong><\/p>\n<p style=\"text-align: justify\">La Asociaci\u00f3nde Medios Digitales dela ComunidadValencianaha celebrado por segundo a\u00f1o consecutivo sus Jornadas de Medios Digitales. En esta ocasi\u00f3n, el lugar escogido para analizar la situaci\u00f3n de los medios digitales a nivel provincial y estatal ha sido el Bioparc de Valencia, que ha cedido sus instalaciones para la actividad.<\/p>\n<p style=\"text-align: justify\">Siguiendo con la naturaleza de la asociaci\u00f3n, las jornadas pretenden fomentar el di\u00e1logo y la generaci\u00f3n de ideas entre los responsables de los medios digitales, los estudiantes y los profesionales del periodismo. As\u00ed, esta asociaci\u00f3n, que ya re\u00fane a 19 medios digitales de Alicante, Castell\u00f3n y Valencia, da continuidad a su l\u00ednea de formaci\u00f3n y expansi\u00f3n del ciberperiodismo.<\/p>\n<p>[\/fusion_builder_column][\/fusion_builder_row][\/fusion_builder_container]<\/p>\n","protected":false},"excerpt":{"rendered":"<p>Las asociaciones de prensa gratuita y digital de Catalu\u00f1a, Espa\u00f1a y la Comunidad Valenciana aseguraron que la colaboraci\u00f3n entre medios resulta imprescindible para hacer frente a la crisis del sector\u00a0 [fusion_builder_container hundred_percent=&#8221;yes&#8221; overflow=&#8221;visible&#8221;][fusion_builder_row][fusion_builder_column type=&#8221;1_1&#8243; background_position=&#8221;left top&#8221; background_color=&#8221;&#8221; border_size=&#8221;&#8221; border_color=&#8221;&#8221; border_style=&#8221;solid&#8221; spacing=&#8221;yes&#8221; background_image=&#8221;&#8221; background_repeat=&#8221;no-repeat&#8221; padding=&#8221;&#8221; margin_top=&#8221;0px&#8221; margin_bottom=&#8221;0px&#8221; class=&#8221;&#8221; id=&#8221;&#8221; animation_type=&#8221;&#8221; animation_speed=&#8221;0.3&#8243; animation_direction=&#8221;left&#8221; hide_on_mobile=&#8221;no&#8221; center_content=&#8221;no&#8221; min_height=&#8221;none&#8221;] Valencia, [&hellip;]<\/p>\n","protected":false},"author":4,"featured_media":2307,"comment_status":"open","ping_status":"open","sticky":false,"template":"","format":"standard","meta":{"_acf_changed":false,"footnotes":""},"categories":[17],"tags":[80,59,81,82,74,68,29,62,78],"class_list":["post-693","post","type-post","status-publish","format-standard","has-post-thumbnail","hentry","category-blog","tag-asociacion-catalana-de-prensa-gratuita","tag-asociacion-de-medios-digitales-de-la-comunidad-valenciana","tag-asociacion-espanola-de-prensa-gratuita","tag-asociaciones-de-prensa","tag-ii-jornadas-de-medios-digitales-de-la-comunidad-valenciana","tag-medios","tag-medios-digitales","tag-periodismo","tag-periodismo-digital"],"acf":[],"yoast_head":"<!-- This site is optimized with the Yoast SEO plugin v26.3 - https:\/\/yoast.com\/wordpress\/plugins\/seo\/ -->\n<title>La calidad y profesionalidad son las herramientas para luchar contra el desprestigio que sufren los medios digitales - AMDComVal - Associaci\u00f3 de Mitjans Digitals de la Comunitat Valenciana<\/title>\n<meta name=\"robots\" content=\"index, follow, max-snippet:-1, max-image-preview:large, max-video-preview:-1\" \/>\n<link rel=\"canonical\" href=\"https:\/\/amdcomval.com\/335\/\" \/>\n<meta property=\"og:locale\" content=\"en_US\" \/>\n<meta property=\"og:type\" content=\"article\" \/>\n<meta property=\"og:title\" content=\"La calidad y profesionalidad son las herramientas para luchar contra el desprestigio que sufren los medios digitales - AMDComVal - Associaci\u00f3 de Mitjans Digitals de la Comunitat Valenciana\" \/>\n<meta property=\"og:description\" content=\"Las asociaciones de prensa gratuita y digital de Catalu\u00f1a, Espa\u00f1a y la Comunidad Valenciana aseguraron que la colaboraci\u00f3n entre medios resulta imprescindible para hacer frente a la crisis del sector\u00a0 [fusion_builder_container hundred_percent=&#8221;yes&#8221; overflow=&#8221;visible&#8221;][fusion_builder_row][fusion_builder_column type=&#8221;1_1&#8243; background_position=&#8221;left top&#8221; background_color=&#8221;&#8221; border_size=&#8221;&#8221; border_color=&#8221;&#8221; border_style=&#8221;solid&#8221; spacing=&#8221;yes&#8221; background_image=&#8221;&#8221; background_repeat=&#8221;no-repeat&#8221; padding=&#8221;&#8221; margin_top=&#8221;0px&#8221; margin_bottom=&#8221;0px&#8221; class=&#8221;&#8221; id=&#8221;&#8221; animation_type=&#8221;&#8221; animation_speed=&#8221;0.3&#8243; animation_direction=&#8221;left&#8221; hide_on_mobile=&#8221;no&#8221; center_content=&#8221;no&#8221; min_height=&#8221;none&#8221;] Valencia, [&hellip;]\" \/>\n<meta property=\"og:url\" content=\"https:\/\/amdcomval.com\/335\/\" \/>\n<meta property=\"og:site_name\" content=\"AMDComVal - Associaci\u00f3 de Mitjans Digitals de la Comunitat Valenciana\" \/>\n<meta property=\"article:publisher\" content=\"https:\/\/www.facebook.com\/Associaci-De-Mitjans-Digitals-238717099544439\/\" \/>\n<meta property=\"article:published_time\" content=\"2012-03-24T21:47:48+00:00\" \/>\n<meta property=\"og:image\" content=\"https:\/\/amdcomval.com\/wp-content\/uploads\/2012\/03\/IMG_2822.jpg\" \/>\n\t<meta property=\"og:image:width\" content=\"518\" \/>\n\t<meta property=\"og:image:height\" content=\"346\" \/>\n\t<meta property=\"og:image:type\" content=\"image\/jpeg\" \/>\n<meta name=\"author\" content=\"AMDComVal\" \/>\n<meta name=\"twitter:card\" content=\"summary_large_image\" \/>\n<meta name=\"twitter:creator\" content=\"@AMDComVal\" \/>\n<meta name=\"twitter:site\" content=\"@AMDComVal\" \/>\n<meta name=\"twitter:label1\" content=\"Written by\" \/>\n\t<meta name=\"twitter:data1\" content=\"AMDComVal\" \/>\n\t<meta name=\"twitter:label2\" content=\"Est. reading time\" \/>\n\t<meta name=\"twitter:data2\" content=\"4 minutes\" \/>\n<script type=\"application\/ld+json\" class=\"yoast-schema-graph\">{\"@context\":\"https:\/\/schema.org\",\"@graph\":[{\"@type\":\"Article\",\"@id\":\"https:\/\/amdcomval.com\/335\/#article\",\"isPartOf\":{\"@id\":\"https:\/\/amdcomval.com\/335\/\"},\"author\":{\"name\":\"AMDComVal\",\"@id\":\"https:\/\/amdcomval.com\/#\/schema\/person\/f15529598c810a38625abf10fd5bda3a\"},\"headline\":\"La calidad y profesionalidad son las herramientas para luchar contra el desprestigio que sufren los medios digitales\",\"datePublished\":\"2012-03-24T21:47:48+00:00\",\"mainEntityOfPage\":{\"@id\":\"https:\/\/amdcomval.com\/335\/\"},\"wordCount\":788,\"commentCount\":0,\"publisher\":{\"@id\":\"https:\/\/amdcomval.com\/#organization\"},\"image\":{\"@id\":\"https:\/\/amdcomval.com\/335\/#primaryimage\"},\"thumbnailUrl\":\"https:\/\/amdcomval.com\/wp-content\/uploads\/2012\/03\/IMG_2822.jpg\",\"keywords\":[\"Asociaci\u00f3n Catalana de Prensa Gratuita\",\"Asociaci\u00f3n de Medios Digitales de la Comunidad Valenciana\",\"Asociaci\u00f3n Espa\u00f1ola de Prensa Gratuita\",\"asociaciones de prensa\",\"II Jornadas de Medios Digitales de la Comunidad Valenciana\",\"medios\",\"medios digitales\",\"periodismo\",\"Periodismo Digital\"],\"articleSection\":[\"Blog\"],\"inLanguage\":\"val\",\"potentialAction\":[{\"@type\":\"CommentAction\",\"name\":\"Comment\",\"target\":[\"https:\/\/amdcomval.com\/335\/#respond\"]}]},{\"@type\":\"WebPage\",\"@id\":\"https:\/\/amdcomval.com\/335\/\",\"url\":\"https:\/\/amdcomval.com\/335\/\",\"name\":\"La calidad y profesionalidad son las herramientas para luchar contra el desprestigio que sufren los medios digitales - AMDComVal - Associaci\u00f3 de Mitjans Digitals de la Comunitat Valenciana\",\"isPartOf\":{\"@id\":\"https:\/\/amdcomval.com\/#website\"},\"primaryImageOfPage\":{\"@id\":\"https:\/\/amdcomval.com\/335\/#primaryimage\"},\"image\":{\"@id\":\"https:\/\/amdcomval.com\/335\/#primaryimage\"},\"thumbnailUrl\":\"https:\/\/amdcomval.com\/wp-content\/uploads\/2012\/03\/IMG_2822.jpg\",\"datePublished\":\"2012-03-24T21:47:48+00:00\",\"breadcrumb\":{\"@id\":\"https:\/\/amdcomval.com\/335\/#breadcrumb\"},\"inLanguage\":\"val\",\"potentialAction\":[{\"@type\":\"ReadAction\",\"target\":[\"https:\/\/amdcomval.com\/335\/\"]}]},{\"@type\":\"ImageObject\",\"inLanguage\":\"val\",\"@id\":\"https:\/\/amdcomval.com\/335\/#primaryimage\",\"url\":\"https:\/\/amdcomval.com\/wp-content\/uploads\/2012\/03\/IMG_2822.jpg\",\"contentUrl\":\"https:\/\/amdcomval.com\/wp-content\/uploads\/2012\/03\/IMG_2822.jpg\",\"width\":518,\"height\":346,\"caption\":\"Las Jornadas contaron con la presencia de las asociaciones de prensa gratuita de Espa\u00f1a y Catalu\u00f1a. Foto: Ismael Marco.\"},{\"@type\":\"BreadcrumbList\",\"@id\":\"https:\/\/amdcomval.com\/335\/#breadcrumb\",\"itemListElement\":[{\"@type\":\"ListItem\",\"position\":1,\"name\":\"Portada\",\"item\":\"https:\/\/amdcomval.com\/val\/\"},{\"@type\":\"ListItem\",\"position\":2,\"name\":\"La calidad y profesionalidad son las herramientas para luchar contra el desprestigio que sufren los medios digitales\"}]},{\"@type\":\"WebSite\",\"@id\":\"https:\/\/amdcomval.com\/#website\",\"url\":\"https:\/\/amdcomval.com\/\",\"name\":\"AMDComVal - Associaci\u00f3 de Mitjans Digitals de la Comunitat Valenciana\",\"description\":\"Web oficial de la Associaci\u00f3 de Mitjans Digitals de la Comunitat Valenciana (AMDComVal). Por la profesionalizaci\u00f3n y dignificaci\u00f3n de los medios de comunicaci\u00f3n digital\",\"publisher\":{\"@id\":\"https:\/\/amdcomval.com\/#organization\"},\"potentialAction\":[{\"@type\":\"SearchAction\",\"target\":{\"@type\":\"EntryPoint\",\"urlTemplate\":\"https:\/\/amdcomval.com\/?s={search_term_string}\"},\"query-input\":{\"@type\":\"PropertyValueSpecification\",\"valueRequired\":true,\"valueName\":\"search_term_string\"}}],\"inLanguage\":\"val\"},{\"@type\":\"Organization\",\"@id\":\"https:\/\/amdcomval.com\/#organization\",\"name\":\"AMDComVal - Associaci\u00f3 de Mitjans Digitals de la Comunitat Valenciana\",\"url\":\"https:\/\/amdcomval.com\/\",\"logo\":{\"@type\":\"ImageObject\",\"inLanguage\":\"val\",\"@id\":\"https:\/\/amdcomval.com\/#\/schema\/logo\/image\/\",\"url\":\"https:\/\/amdcomval.com\/wp-content\/uploads\/2025\/10\/AMDComVal-logo-horizontal-2.png\",\"contentUrl\":\"https:\/\/amdcomval.com\/wp-content\/uploads\/2025\/10\/AMDComVal-logo-horizontal-2.png\",\"width\":2560,\"height\":936,\"caption\":\"AMDComVal - Associaci\u00f3 de Mitjans Digitals de la Comunitat Valenciana\"},\"image\":{\"@id\":\"https:\/\/amdcomval.com\/#\/schema\/logo\/image\/\"},\"sameAs\":[\"https:\/\/www.facebook.com\/Associaci-De-Mitjans-Digitals-238717099544439\/\",\"https:\/\/x.com\/AMDComVal\",\"https:\/\/www.linkedin.com\/groups\/3150654\/\"]},{\"@type\":\"Person\",\"@id\":\"https:\/\/amdcomval.com\/#\/schema\/person\/f15529598c810a38625abf10fd5bda3a\",\"name\":\"AMDComVal\",\"url\":\"https:\/\/amdcomval.com\/val\/author\/amdcomval\/\"}]}<\/script>\n<!-- \/ Yoast SEO plugin. -->","yoast_head_json":{"title":"La calidad y profesionalidad son las herramientas para luchar contra el desprestigio que sufren los medios digitales - AMDComVal - Associaci\u00f3 de Mitjans Digitals de la Comunitat Valenciana","robots":{"index":"index","follow":"follow","max-snippet":"max-snippet:-1","max-image-preview":"max-image-preview:large","max-video-preview":"max-video-preview:-1"},"canonical":"https:\/\/amdcomval.com\/335\/","og_locale":"en_US","og_type":"article","og_title":"La calidad y profesionalidad son las herramientas para luchar contra el desprestigio que sufren los medios digitales - AMDComVal - Associaci\u00f3 de Mitjans Digitals de la Comunitat Valenciana","og_description":"Las asociaciones de prensa gratuita y digital de Catalu\u00f1a, Espa\u00f1a y la Comunidad Valenciana aseguraron que la colaboraci\u00f3n entre medios resulta imprescindible para hacer frente a la crisis del sector\u00a0 [fusion_builder_container hundred_percent=&#8221;yes&#8221; overflow=&#8221;visible&#8221;][fusion_builder_row][fusion_builder_column type=&#8221;1_1&#8243; background_position=&#8221;left top&#8221; background_color=&#8221;&#8221; border_size=&#8221;&#8221; border_color=&#8221;&#8221; border_style=&#8221;solid&#8221; spacing=&#8221;yes&#8221; background_image=&#8221;&#8221; background_repeat=&#8221;no-repeat&#8221; padding=&#8221;&#8221; margin_top=&#8221;0px&#8221; margin_bottom=&#8221;0px&#8221; class=&#8221;&#8221; id=&#8221;&#8221; animation_type=&#8221;&#8221; animation_speed=&#8221;0.3&#8243; animation_direction=&#8221;left&#8221; hide_on_mobile=&#8221;no&#8221; center_content=&#8221;no&#8221; min_height=&#8221;none&#8221;] Valencia, [&hellip;]","og_url":"https:\/\/amdcomval.com\/335\/","og_site_name":"AMDComVal - Associaci\u00f3 de Mitjans Digitals de la Comunitat Valenciana","article_publisher":"https:\/\/www.facebook.com\/Associaci-De-Mitjans-Digitals-238717099544439\/","article_published_time":"2012-03-24T21:47:48+00:00","og_image":[{"width":518,"height":346,"url":"https:\/\/amdcomval.com\/wp-content\/uploads\/2012\/03\/IMG_2822.jpg","type":"image\/jpeg"}],"author":"AMDComVal","twitter_card":"summary_large_image","twitter_creator":"@AMDComVal","twitter_site":"@AMDComVal","twitter_misc":{"Written by":"AMDComVal","Est. reading time":"4 minutes"},"schema":{"@context":"https:\/\/schema.org","@graph":[{"@type":"Article","@id":"https:\/\/amdcomval.com\/335\/#article","isPartOf":{"@id":"https:\/\/amdcomval.com\/335\/"},"author":{"name":"AMDComVal","@id":"https:\/\/amdcomval.com\/#\/schema\/person\/f15529598c810a38625abf10fd5bda3a"},"headline":"La calidad y profesionalidad son las herramientas para luchar contra el desprestigio que sufren los medios digitales","datePublished":"2012-03-24T21:47:48+00:00","mainEntityOfPage":{"@id":"https:\/\/amdcomval.com\/335\/"},"wordCount":788,"commentCount":0,"publisher":{"@id":"https:\/\/amdcomval.com\/#organization"},"image":{"@id":"https:\/\/amdcomval.com\/335\/#primaryimage"},"thumbnailUrl":"https:\/\/amdcomval.com\/wp-content\/uploads\/2012\/03\/IMG_2822.jpg","keywords":["Asociaci\u00f3n Catalana de Prensa Gratuita","Asociaci\u00f3n de Medios Digitales de la Comunidad Valenciana","Asociaci\u00f3n Espa\u00f1ola de Prensa Gratuita","asociaciones de prensa","II Jornadas de Medios Digitales de la Comunidad Valenciana","medios","medios digitales","periodismo","Periodismo Digital"],"articleSection":["Blog"],"inLanguage":"val","potentialAction":[{"@type":"CommentAction","name":"Comment","target":["https:\/\/amdcomval.com\/335\/#respond"]}]},{"@type":"WebPage","@id":"https:\/\/amdcomval.com\/335\/","url":"https:\/\/amdcomval.com\/335\/","name":"La calidad y profesionalidad son las herramientas para luchar contra el desprestigio que sufren los medios digitales - AMDComVal - Associaci\u00f3 de Mitjans Digitals de la Comunitat Valenciana","isPartOf":{"@id":"https:\/\/amdcomval.com\/#website"},"primaryImageOfPage":{"@id":"https:\/\/amdcomval.com\/335\/#primaryimage"},"image":{"@id":"https:\/\/amdcomval.com\/335\/#primaryimage"},"thumbnailUrl":"https:\/\/amdcomval.com\/wp-content\/uploads\/2012\/03\/IMG_2822.jpg","datePublished":"2012-03-24T21:47:48+00:00","breadcrumb":{"@id":"https:\/\/amdcomval.com\/335\/#breadcrumb"},"inLanguage":"val","potentialAction":[{"@type":"ReadAction","target":["https:\/\/amdcomval.com\/335\/"]}]},{"@type":"ImageObject","inLanguage":"val","@id":"https:\/\/amdcomval.com\/335\/#primaryimage","url":"https:\/\/amdcomval.com\/wp-content\/uploads\/2012\/03\/IMG_2822.jpg","contentUrl":"https:\/\/amdcomval.com\/wp-content\/uploads\/2012\/03\/IMG_2822.jpg","width":518,"height":346,"caption":"Las Jornadas contaron con la presencia de las asociaciones de prensa gratuita de Espa\u00f1a y Catalu\u00f1a. Foto: Ismael Marco."},{"@type":"BreadcrumbList","@id":"https:\/\/amdcomval.com\/335\/#breadcrumb","itemListElement":[{"@type":"ListItem","position":1,"name":"Portada","item":"https:\/\/amdcomval.com\/val\/"},{"@type":"ListItem","position":2,"name":"La calidad y profesionalidad son las herramientas para luchar contra el desprestigio que sufren los medios digitales"}]},{"@type":"WebSite","@id":"https:\/\/amdcomval.com\/#website","url":"https:\/\/amdcomval.com\/","name":"AMDComVal - Associaci\u00f3 de Mitjans Digitals de la Comunitat Valenciana","description":"Web oficial de la Associaci\u00f3 de Mitjans Digitals de la Comunitat Valenciana (AMDComVal). Por la profesionalizaci\u00f3n y dignificaci\u00f3n de los medios de comunicaci\u00f3n digital","publisher":{"@id":"https:\/\/amdcomval.com\/#organization"},"potentialAction":[{"@type":"SearchAction","target":{"@type":"EntryPoint","urlTemplate":"https:\/\/amdcomval.com\/?s={search_term_string}"},"query-input":{"@type":"PropertyValueSpecification","valueRequired":true,"valueName":"search_term_string"}}],"inLanguage":"val"},{"@type":"Organization","@id":"https:\/\/amdcomval.com\/#organization","name":"AMDComVal - Associaci\u00f3 de Mitjans Digitals de la Comunitat Valenciana","url":"https:\/\/amdcomval.com\/","logo":{"@type":"ImageObject","inLanguage":"val","@id":"https:\/\/amdcomval.com\/#\/schema\/logo\/image\/","url":"https:\/\/amdcomval.com\/wp-content\/uploads\/2025\/10\/AMDComVal-logo-horizontal-2.png","contentUrl":"https:\/\/amdcomval.com\/wp-content\/uploads\/2025\/10\/AMDComVal-logo-horizontal-2.png","width":2560,"height":936,"caption":"AMDComVal - Associaci\u00f3 de Mitjans Digitals de la Comunitat Valenciana"},"image":{"@id":"https:\/\/amdcomval.com\/#\/schema\/logo\/image\/"},"sameAs":["https:\/\/www.facebook.com\/Associaci-De-Mitjans-Digitals-238717099544439\/","https:\/\/x.com\/AMDComVal","https:\/\/www.linkedin.com\/groups\/3150654\/"]},{"@type":"Person","@id":"https:\/\/amdcomval.com\/#\/schema\/person\/f15529598c810a38625abf10fd5bda3a","name":"AMDComVal","url":"https:\/\/amdcomval.com\/val\/author\/amdcomval\/"}]}},"_links":{"self":[{"href":"https:\/\/amdcomval.com\/val\/wp-json\/wp\/v2\/posts\/693","targetHints":{"allow":["GET"]}}],"collection":[{"href":"https:\/\/amdcomval.com\/val\/wp-json\/wp\/v2\/posts"}],"about":[{"href":"https:\/\/amdcomval.com\/val\/wp-json\/wp\/v2\/types\/post"}],"author":[{"embeddable":true,"href":"https:\/\/amdcomval.com\/val\/wp-json\/wp\/v2\/users\/4"}],"replies":[{"embeddable":true,"href":"https:\/\/amdcomval.com\/val\/wp-json\/wp\/v2\/comments?post=693"}],"version-history":[{"count":0,"href":"https:\/\/amdcomval.com\/val\/wp-json\/wp\/v2\/posts\/693\/revisions"}],"wp:featuredmedia":[{"embeddable":true,"href":"https:\/\/amdcomval.com\/val\/wp-json\/wp\/v2\/media\/2307"}],"wp:attachment":[{"href":"https:\/\/amdcomval.com\/val\/wp-json\/wp\/v2\/media?parent=693"}],"wp:term":[{"taxonomy":"category","embeddable":true,"href":"https:\/\/amdcomval.com\/val\/wp-json\/wp\/v2\/categories?post=693"},{"taxonomy":"post_tag","embeddable":true,"href":"https:\/\/amdcomval.com\/val\/wp-json\/wp\/v2\/tags?post=693"}],"curies":[{"name":"wp","href":"https:\/\/api.w.org\/{rel}","templated":true}]}}