{"id":697,"date":"2012-04-03T09:31:28","date_gmt":"2012-04-03T09:31:28","guid":{"rendered":"https:\/\/www.amdcomval.com\/?p=440"},"modified":"2012-04-03T09:31:28","modified_gmt":"2012-04-03T09:31:28","slug":"cronica-de-una-asamblea-tuiteada-iv","status":"publish","type":"post","link":"https:\/\/amdcomval.com\/val\/cronica-de-una-asamblea-tuiteada-iv\/","title":{"rendered":"Cr\u00f3nica de una Asamblea tuiteada (IV)"},"content":{"rendered":"<div class=\"mceTemp\"><strong>\u00a0\u201cPeriodismo medioambiental. De la Galaxia Gutenberg al Periodismo Ciudadano\u201d<\/strong><\/div>\n<div class=\"mceTemp\">\u00a0<\/div>\n<div class=\"mceTemp\">\n<p>[fusion_builder_container hundred_percent=&#8221;yes&#8221; overflow=&#8221;visible&#8221;][fusion_builder_row][fusion_builder_column type=&#8221;1_1&#8243; background_position=&#8221;left top&#8221; background_color=&#8221;&#8221; border_size=&#8221;&#8221; border_color=&#8221;&#8221; border_style=&#8221;solid&#8221; spacing=&#8221;yes&#8221; background_image=&#8221;&#8221; background_repeat=&#8221;no-repeat&#8221; padding=&#8221;&#8221; margin_top=&#8221;0px&#8221; margin_bottom=&#8221;0px&#8221; class=&#8221;&#8221; id=&#8221;&#8221; animation_type=&#8221;&#8221; animation_speed=&#8221;0.3&#8243; animation_direction=&#8221;left&#8221; hide_on_mobile=&#8221;no&#8221; center_content=&#8221;no&#8221; min_height=&#8221;none&#8221;]<div id=\"attachment_458\" style=\"width: 216px\" class=\"wp-caption alignleft\"><a href=\"https:\/\/amdcomval.com\/cronica-de-una-asamblea-tuiteada-iv\/549444_10150632017191634_717816633_9412289_1345764558_n-3\/\" rel=\"attachment wp-att-458\"><img loading=\"lazy\" decoding=\"async\" aria-describedby=\"caption-attachment-458\" class=\"size-medium wp-image-458\" src=\"https:\/\/amdcomval.com\/wp-content\/uploads\/2012\/04\/549444_10150632017191634_717816633_9412289_1345764558_n2-206x300.jpg\"  width=\"206\" height=\"300\" \/><\/a><p id=\"caption-attachment-458\" class=\"wp-caption-text\">@MalaltdeFalles Emprenedors i animals. Al cap i a la fi estem en @bioparc xD #AMDComVal<\/p><\/div><\/p>\n<p>Llegamos a la \u00faltima ponencia de las Jornadas, <strong>@mberzosa<\/strong> <em>&#8220;De la Galaxia Gutenberg al Periodismo Ciudadano&#8221; P. Sierra\/Levante-EMV, F. Tena\/Canal 9, P. Crespo\/Bioparc #amdcomval <\/em><a href=\"http:\/\/t.co\/Ts72J1Dr\"><em>http:\/\/t.co\/Ts72J1Dr<\/em><\/a><em>, <\/em>\u00a0que, como no pod\u00eda ser de otra manera, trata de <strong>@MalaltdeFalles<\/strong> <em>Periodisme mediambiental a @bioparc. No podia ser m\u00e9s oportuna \ud83d\ude09 #AMDComVal\u00a0\u00a0 <\/em><\/p>\n<\/div>\n<p>Participan en ella \u00a0Pepe Sierra, periodista de Levante-EMV, F\u00e9liz Tena, coordinador del programa Medi Ambient de Canal 9, y Pepa Crespo, Directora de Comunicaci\u00f3n de Bioparc.<\/p>\n<p><strong>@AMDComVal<\/strong> <em>Pepe Sierra inicia la mesa sobre #Periodismomedioambiental junto a @Fetencor y Pepa Crespo de @Bioparc #AMDComVal<\/em><\/p>\n<p>El periodista de Levante-EMV explica su relaci\u00f3n y experiencias con el mundo digital. <strong>@MalaltdeFalles<\/strong> <em>Pepe Sierra diu que la seua relaci\u00f3 amb la xarxa \u00e9s molt amigable #AMDComVal, <\/em><strong>@GloriaMartinezS<\/strong> <em>#periodismomedioambiental #amdcomval Pepe Sierra:con la red me siento menos manipulado, <\/em><strong>@brunoramoslara<\/strong> <em>Pepe Sierra: &#8220;En twitter he podido seguir el asalto de #Greenpeace a Cofrentes, o la gota fr\u00eda, me encanta experimentar&#8221; #amdcomval<\/em><\/p>\n<p><strong>@MalaltdeFalles<\/strong> <em>Pepe Sierra representa una visi\u00f3 molt interessant de com arrimar-se a internet i als entorns informatius digitals #AMDComVal, <strong>@GloriaMartinez<\/strong>S <em>#amdcomval #periodismomedioambiental Pepe Sierra:todo est\u00e1 en la red pero t\u00fa eres el due\u00f1o de tu informaci\u00f3n.<\/em><\/em><\/p>\n<p>Contin\u00faa F\u00e9lix Tena, quien muestra la web de Medi Ambient, <strong>@yara_lp<\/strong> <em>Periodismo medioambiental con @rtvv Bonita web!! <\/em><a href=\"http:\/\/t.co\/X3y7uHb2\"><em>http:\/\/t.co\/X3y7uHb2<\/em><\/a><em> \u00a0#AMDComVal\u00a0\u00a0 <\/em>mientras explica que \u00a0\u00a0<strong>@AMDComVal<\/strong> <em>@Fetencor &#8220;Todo est\u00e1 en la red. El periodismo debe adaptarse&#8221;. #AMDComVal #periodismodigital\u00a0\u00a0 <\/em>as\u00ed que <em>\u00a0<\/em><strong>@GloriaMartinezS<\/strong> <em>#periodismomedioambiental #amdcomval @fetencor: es b\u00e1sico para la supervivencia el instinto tanto en la naturaleza como en el periodismo\u00a0\u00a0 <\/em>Aunque hay que tener cuidado, ya que en internet nos podemos encontrar <strong>@mberzosa<\/strong> <a href=\"http:\/\/t.co\/i86gWVym\"><em>http:\/\/t.co\/i86gWVym<\/em><\/a><em> &#8211; &#8220;sobresaturados de info.&#8221; \/ @fetencor en #amdcomval<\/em><\/p>\n<p>Finaliza Tena y <strong>@AMDComVal<\/strong> <em>Estamos a punto de cerrar las Jornadas con Pepa Crespo de @Bioparc \u00bfOs gusta la sorpresa? #AMDComVal<\/em> \u00a0<\/p>\n<p>Con ella llega la \u00faltima sorpresa preparada para las Jornadas, <strong>@mberzosa <\/strong><em>sube la pantalla y asoma @Bioparc en #amdcomval <a href=\"http:\/\/t.co\/U1KNiaHp\">http:\/\/t.co\/U1KNiaHp<\/a>, <\/em><strong>@MalaltdeFalles <\/strong><em>Una confer\u00e8nxia amb el @bioparc de fons \u00e9s m\u00e9s que una confer\u00e8ncia xD #AMDComVal <a href=\"http:\/\/t.co\/iYC1HeAa\">http:\/\/t.co\/iYC1HeAa<\/a> <\/em><strong><\/strong><\/p>\n<p>Pepa Crespo habla de los problemas del periodismo medioambiental, ya que, a pesar de que\u00a0\u00a0 <strong>@sergio_m <\/strong><em>@BIOPARC &#8220;Los medios digitales han favorecido mucho nuestra labor de comunicaci\u00f3n&#8221; #AMDComVal, <\/em><strong>@360gradospress<\/strong> <em>&#8220;El periodismo medioambiental sigue siendo minoritario salvo para referirse a grandes cat\u00e1strofes&#8221; Pepa Crespo dircom de @bioparc #amdcomval <\/em><\/p>\n<p>Pero en Bioparc, como cuenta Crespo, han encontrado una f\u00f3rmula para tratar de hacer frente a este silencio medi\u00e1tico. Utilizan <strong>@majosmoreno <\/strong><em>Titulares llamativos como estrategia d llamar la atenci\u00f3n para concienciar @bioparc #amdcomval <\/em>por ejemplo, <strong>@mberzosa<\/strong> la nota de &#8220;frenes\u00ed sexual en @bioparc&#8221;, ej. de c\u00f3mo hay que&#8230; &#8216;ingeni\u00e1rselas&#8217;&#8230; para salir en medios #AMDComVal #Periodismomedioambiental<\/p>\n<p>La ponencia medioambiental ha resultado un \u00e9xito y la gente no duda en opinar, <strong>@GloriaMartinezS<\/strong> <em>#periodismomedioambiental #amdcomval @bioparc para nuestras vidas s + imp cu\u00e1ntos animales se extinguen x min q las tarjetas d Maurinho, <\/em><strong>@brunoramoslara <\/strong><em>Me ha gustado lo de los titulares &#8220;llamativos&#8221; de @bioparc de vez en cuando #amdcomval \ud83d\ude09<\/em><\/p>\n<p>Y <strong>@brunoramoslara<\/strong><strong> <\/strong><em>3, 2, 1&#8230; bater\u00eda cero, gracias a todos! un placer #amdcomval<strong><\/strong><\/em><\/p>\n<p>Aunque ya dan propuestas para el pr\u00f3ximo a\u00f1o <strong>@_cristinabea<\/strong> <em>bater\u00eda iPhone dura lo q II Jorn Periodismo,durabilidad y caducidad tecnol\u00f3gica,\u00bftema xa III? #amdcomval<\/em><\/p>\n<p>&nbsp;<\/p>\n<p><strong>Tambi\u00e9n se sigui\u00f3 en streaming<\/strong><\/p>\n<p>Todos aquellos que no pudieron hacer acto de presencia, tuvieron la oportunidad de seguir las <strong>@LaRedComarcal<\/strong> <em>II Jornadas de Periodismo Digital de la #AMDcomval en directo <\/em><em><a href=\"http:\/\/t.co\/Cv84PRTg\">http:\/\/t.co\/Cv84PRTg<\/a><\/em> a trav\u00e9s del streaming de Visualem.<\/p>\n<p>Con el aforo lleno, fueron muchos los que as\u00ed lo hicieron<\/p>\n<p><strong>@jsahuquillo<\/strong> <em>Siguiendo por Streaming las Jornadas #AMDComVal en @bioparc <a href=\"http:\/\/t.co\/UDYZ0y1p\">http:\/\/t.co\/UDYZ0y1p<\/a>&#8221; v\u00eda @AMDComVal<\/em>,<\/p>\n<p><strong>@Jabravo<\/strong> <em>El streaming de @Visualem en las II Jornadas de Periodismo Digital #AMDComVal funciona de maravilla. C\u00f3mo se lo curra @josealca, <\/em><\/p>\n<p><strong>@ArtCheca<\/strong><em> Con un ojo en la cuna y el otro en el streaming de #AMDComVal. Algo es algo! <\/em><\/p>\n<p><strong>@beatrizjimenezj<\/strong> <em>Siguiendo la II Jornada de periodismo digital por el streaming, me encantar\u00eda poder estar ah\u00ed un abrazo y enhorabuena compa\u00f1eros #amdcomval<\/em><\/p>\n<p>&nbsp;<\/p>\n<p><strong>El p\u00fablico tuitopina <\/strong><\/p>\n<p>No hubo que esperar al final de las Jornadas para saber si \u00e9stas hab\u00edan gustado. El p\u00fablico no dud\u00f3 en tuitear sus opiniones.<\/p>\n<p><strong>@_cristinabea<\/strong> <em>Como amante de la radio y de las buenas voces no puedo pasar por alto la de @os_delgado, aunque no se escuche en Twitter&#8230; #amdcomval<\/em><\/p>\n<p><strong>@jsahuquillo<\/strong> <em>Siempre es 1 gusto escuchar a @GuillermoLPD por 2 motivos:1.Xq sabe de lo que habla y 2.Xq introduce la pol\u00edtica en sus ponencias #AMDcomval<\/em><\/p>\n<p><strong>@brunoramoslara <\/strong><em>Grande @guillermoLPD en la #amdcomval<\/em><strong><\/strong><\/p>\n<p><strong>@eLeNeii <\/strong><em>Cu\u00e1nta informaci\u00f3n,cu\u00e1ntas preguntas y cu\u00e1ntas ideas por @gdetorres #AMDComVal #Bioparc gracias! <\/em><em>&#x263a; <a href=\"http:\/\/t.co\/EqVmkYxQ\">http:\/\/t.co\/EqVmkYxQ<\/a><\/em> <strong><\/strong><\/p>\n<p><strong>@brunoramoslara <\/strong><em>Termina @gdetorres en #amdcomval, una crack, como en clase \ud83d\ude09<\/em><strong><\/strong><\/p>\n<p><strong>@brunoramoslara <\/strong><em>Un gran trabajo de la @acpg_acpg, s\u00ed se\u00f1or #amdcomval<\/em><strong><\/strong><\/p>\n<p><strong>@Gopango <\/strong><em>Muy interesante lo que nos cuenta @prensagratuita #AMDComVal<\/em><strong><\/strong><\/p>\n<p><strong>@garaballa<\/strong> <em>.@vlcciudad Un gran profesional y amigo Pepe Sierra d @levante_emv d ponente en las #AMDComVal<\/em><\/p>\n<p>&nbsp;<\/p>\n<p><strong>Las frases que se ganaron el coraz\u00f3n de los tuits<\/strong><\/p>\n<p>\u201cTwitter es como la plaza del mercado a lo bestia\u201d por @mberzosa<\/p>\n<p>\u201cCrisis es sin\u00f3nimo de oportunidades, s\u00ed, pero tambi\u00e9n de crisis\u201d por @guillermoLPD<\/p>\n<p>\u201cEl Periodismo Digital no es un medio de vida, es una forma de vida\u201d por @gdetorres<\/p>\n<p>\u201cNo hace falta dinero para producir ideas nuevas\u201d por @gdetorres<\/p>\n<p><em>\u201cEl periodista ha mutado, ha pasado de la trinchera al periodismo digital&#8221; por @os_delgado<\/em><\/p>\n<p><em>\u201cMedios digitales peque\u00f1os que en su territorio son hegem\u00f3nicos&#8221;<\/em> por Antoni Reig<\/p>\n<p>&nbsp;[\/fusion_builder_column][\/fusion_builder_row][\/fusion_builder_container]<\/p>\n","protected":false},"excerpt":{"rendered":"<p>\u00a0\u201cPeriodismo medioambiental. De la Galaxia Gutenberg al Periodismo Ciudadano\u201d \u00a0 [fusion_builder_container hundred_percent=&#8221;yes&#8221; overflow=&#8221;visible&#8221;][fusion_builder_row][fusion_builder_column type=&#8221;1_1&#8243; background_position=&#8221;left top&#8221; background_color=&#8221;&#8221; border_size=&#8221;&#8221; border_color=&#8221;&#8221; border_style=&#8221;solid&#8221; spacing=&#8221;yes&#8221; background_image=&#8221;&#8221; background_repeat=&#8221;no-repeat&#8221; padding=&#8221;&#8221; margin_top=&#8221;0px&#8221; margin_bottom=&#8221;0px&#8221; class=&#8221;&#8221; id=&#8221;&#8221; animation_type=&#8221;&#8221; animation_speed=&#8221;0.3&#8243; animation_direction=&#8221;left&#8221; hide_on_mobile=&#8221;no&#8221; center_content=&#8221;no&#8221; min_height=&#8221;none&#8221;] Llegamos a la \u00faltima ponencia de las Jornadas, @mberzosa &#8220;De la Galaxia Gutenberg al Periodismo Ciudadano&#8221; P. Sierra\/Levante-EMV, F. Tena\/Canal 9, [&hellip;]<\/p>\n","protected":false},"author":4,"featured_media":2312,"comment_status":"open","ping_status":"open","sticky":false,"template":"","format":"standard","meta":{"_acf_changed":false,"footnotes":""},"categories":[17],"tags":[12,59,65,66,93,68,29,62,78,79,70,71,63,64,92],"class_list":["post-697","post","type-post","status-publish","format-standard","has-post-thumbnail","hentry","category-blog","tag-amdcomval","tag-asociacion-de-medios-digitales-de-la-comunidad-valenciana","tag-bioparc","tag-comunidad-valenciana","tag-ii-jornadas-de-medios-digitales","tag-medios","tag-medios-digitales","tag-periodismo","tag-periodismo-digital","tag-periodismo-medioambiental","tag-prensa","tag-prensa-digital","tag-redes-sociales","tag-twitter","tag-valencia"],"acf":[],"yoast_head":"<!-- This site is optimized with the Yoast SEO plugin v26.3 - https:\/\/yoast.com\/wordpress\/plugins\/seo\/ -->\n<title>Cr\u00f3nica de una Asamblea tuiteada (IV) - AMDComVal - Associaci\u00f3 de Mitjans Digitals de la Comunitat Valenciana<\/title>\n<meta name=\"robots\" content=\"index, follow, max-snippet:-1, max-image-preview:large, max-video-preview:-1\" \/>\n<link rel=\"canonical\" href=\"https:\/\/amdcomval.com\/cronica-de-una-asamblea-tuiteada-iv\/\" \/>\n<meta property=\"og:locale\" content=\"en_US\" \/>\n<meta property=\"og:type\" content=\"article\" \/>\n<meta property=\"og:title\" content=\"Cr\u00f3nica de una Asamblea tuiteada (IV) - AMDComVal - Associaci\u00f3 de Mitjans Digitals de la Comunitat Valenciana\" \/>\n<meta property=\"og:description\" content=\"\u00a0\u201cPeriodismo medioambiental. De la Galaxia Gutenberg al Periodismo Ciudadano\u201d \u00a0 [fusion_builder_container hundred_percent=&#8221;yes&#8221; overflow=&#8221;visible&#8221;][fusion_builder_row][fusion_builder_column type=&#8221;1_1&#8243; background_position=&#8221;left top&#8221; background_color=&#8221;&#8221; border_size=&#8221;&#8221; border_color=&#8221;&#8221; border_style=&#8221;solid&#8221; spacing=&#8221;yes&#8221; background_image=&#8221;&#8221; background_repeat=&#8221;no-repeat&#8221; padding=&#8221;&#8221; margin_top=&#8221;0px&#8221; margin_bottom=&#8221;0px&#8221; class=&#8221;&#8221; id=&#8221;&#8221; animation_type=&#8221;&#8221; animation_speed=&#8221;0.3&#8243; animation_direction=&#8221;left&#8221; hide_on_mobile=&#8221;no&#8221; center_content=&#8221;no&#8221; min_height=&#8221;none&#8221;] Llegamos a la \u00faltima ponencia de las Jornadas, @mberzosa &#8220;De la Galaxia Gutenberg al Periodismo Ciudadano&#8221; P. Sierra\/Levante-EMV, F. Tena\/Canal 9, [&hellip;]\" \/>\n<meta property=\"og:url\" content=\"https:\/\/amdcomval.com\/cronica-de-una-asamblea-tuiteada-iv\/\" \/>\n<meta property=\"og:site_name\" content=\"AMDComVal - Associaci\u00f3 de Mitjans Digitals de la Comunitat Valenciana\" \/>\n<meta property=\"article:publisher\" content=\"https:\/\/www.facebook.com\/Associaci-De-Mitjans-Digitals-238717099544439\/\" \/>\n<meta property=\"article:published_time\" content=\"2012-04-03T09:31:28+00:00\" \/>\n<meta property=\"og:image\" content=\"https:\/\/amdcomval.com\/wp-content\/uploads\/2012\/04\/549444_10150632017191634_717816633_9412289_1345764558_n.jpg\" \/>\n\t<meta property=\"og:image:width\" content=\"640\" \/>\n\t<meta property=\"og:image:height\" content=\"928\" \/>\n\t<meta property=\"og:image:type\" content=\"image\/jpeg\" \/>\n<meta name=\"author\" content=\"AMDComVal\" \/>\n<meta name=\"twitter:card\" content=\"summary_large_image\" \/>\n<meta name=\"twitter:creator\" content=\"@AMDComVal\" \/>\n<meta name=\"twitter:site\" content=\"@AMDComVal\" \/>\n<meta name=\"twitter:label1\" content=\"Written by\" \/>\n\t<meta name=\"twitter:data1\" content=\"AMDComVal\" \/>\n\t<meta name=\"twitter:label2\" content=\"Est. reading time\" \/>\n\t<meta name=\"twitter:data2\" content=\"5 minutes\" \/>\n<script type=\"application\/ld+json\" class=\"yoast-schema-graph\">{\"@context\":\"https:\/\/schema.org\",\"@graph\":[{\"@type\":\"Article\",\"@id\":\"https:\/\/amdcomval.com\/cronica-de-una-asamblea-tuiteada-iv\/#article\",\"isPartOf\":{\"@id\":\"https:\/\/amdcomval.com\/cronica-de-una-asamblea-tuiteada-iv\/\"},\"author\":{\"name\":\"AMDComVal\",\"@id\":\"https:\/\/amdcomval.com\/#\/schema\/person\/f15529598c810a38625abf10fd5bda3a\"},\"headline\":\"Cr\u00f3nica de una Asamblea tuiteada (IV)\",\"datePublished\":\"2012-04-03T09:31:28+00:00\",\"mainEntityOfPage\":{\"@id\":\"https:\/\/amdcomval.com\/cronica-de-una-asamblea-tuiteada-iv\/\"},\"wordCount\":1062,\"commentCount\":0,\"publisher\":{\"@id\":\"https:\/\/amdcomval.com\/#organization\"},\"image\":{\"@id\":\"https:\/\/amdcomval.com\/cronica-de-una-asamblea-tuiteada-iv\/#primaryimage\"},\"thumbnailUrl\":\"https:\/\/amdcomval.com\/wp-content\/uploads\/2012\/04\/549444_10150632017191634_717816633_9412289_1345764558_n.jpg\",\"keywords\":[\"amdcomval\",\"Asociaci\u00f3n de Medios Digitales de la Comunidad Valenciana\",\"Bioparc\",\"Comunidad Valenciana\",\"II Jornadas de Medios Digitales\",\"medios\",\"medios digitales\",\"periodismo\",\"Periodismo Digital\",\"periodismo medioambiental\",\"prensa\",\"prensa digital\",\"redes sociales\",\"twitter\",\"Valencia\"],\"articleSection\":[\"Blog\"],\"inLanguage\":\"val\",\"potentialAction\":[{\"@type\":\"CommentAction\",\"name\":\"Comment\",\"target\":[\"https:\/\/amdcomval.com\/cronica-de-una-asamblea-tuiteada-iv\/#respond\"]}]},{\"@type\":\"WebPage\",\"@id\":\"https:\/\/amdcomval.com\/cronica-de-una-asamblea-tuiteada-iv\/\",\"url\":\"https:\/\/amdcomval.com\/cronica-de-una-asamblea-tuiteada-iv\/\",\"name\":\"Cr\u00f3nica de una Asamblea tuiteada (IV) - AMDComVal - Associaci\u00f3 de Mitjans Digitals de la Comunitat Valenciana\",\"isPartOf\":{\"@id\":\"https:\/\/amdcomval.com\/#website\"},\"primaryImageOfPage\":{\"@id\":\"https:\/\/amdcomval.com\/cronica-de-una-asamblea-tuiteada-iv\/#primaryimage\"},\"image\":{\"@id\":\"https:\/\/amdcomval.com\/cronica-de-una-asamblea-tuiteada-iv\/#primaryimage\"},\"thumbnailUrl\":\"https:\/\/amdcomval.com\/wp-content\/uploads\/2012\/04\/549444_10150632017191634_717816633_9412289_1345764558_n.jpg\",\"datePublished\":\"2012-04-03T09:31:28+00:00\",\"breadcrumb\":{\"@id\":\"https:\/\/amdcomval.com\/cronica-de-una-asamblea-tuiteada-iv\/#breadcrumb\"},\"inLanguage\":\"val\",\"potentialAction\":[{\"@type\":\"ReadAction\",\"target\":[\"https:\/\/amdcomval.com\/cronica-de-una-asamblea-tuiteada-iv\/\"]}]},{\"@type\":\"ImageObject\",\"inLanguage\":\"val\",\"@id\":\"https:\/\/amdcomval.com\/cronica-de-una-asamblea-tuiteada-iv\/#primaryimage\",\"url\":\"https:\/\/amdcomval.com\/wp-content\/uploads\/2012\/04\/549444_10150632017191634_717816633_9412289_1345764558_n.jpg\",\"contentUrl\":\"https:\/\/amdcomval.com\/wp-content\/uploads\/2012\/04\/549444_10150632017191634_717816633_9412289_1345764558_n.jpg\",\"width\":640,\"height\":928,\"caption\":\"@MalaltdeFalles Emprenedors i animals. Al cap i a la fi estem en @bioparc xD #AMDComVal\"},{\"@type\":\"BreadcrumbList\",\"@id\":\"https:\/\/amdcomval.com\/cronica-de-una-asamblea-tuiteada-iv\/#breadcrumb\",\"itemListElement\":[{\"@type\":\"ListItem\",\"position\":1,\"name\":\"Portada\",\"item\":\"https:\/\/amdcomval.com\/val\/\"},{\"@type\":\"ListItem\",\"position\":2,\"name\":\"Cr\u00f3nica de una Asamblea tuiteada (IV)\"}]},{\"@type\":\"WebSite\",\"@id\":\"https:\/\/amdcomval.com\/#website\",\"url\":\"https:\/\/amdcomval.com\/\",\"name\":\"AMDComVal - Associaci\u00f3 de Mitjans Digitals de la Comunitat Valenciana\",\"description\":\"Web oficial de la Associaci\u00f3 de Mitjans Digitals de la Comunitat Valenciana (AMDComVal). Por la profesionalizaci\u00f3n y dignificaci\u00f3n de los medios de comunicaci\u00f3n digital\",\"publisher\":{\"@id\":\"https:\/\/amdcomval.com\/#organization\"},\"potentialAction\":[{\"@type\":\"SearchAction\",\"target\":{\"@type\":\"EntryPoint\",\"urlTemplate\":\"https:\/\/amdcomval.com\/?s={search_term_string}\"},\"query-input\":{\"@type\":\"PropertyValueSpecification\",\"valueRequired\":true,\"valueName\":\"search_term_string\"}}],\"inLanguage\":\"val\"},{\"@type\":\"Organization\",\"@id\":\"https:\/\/amdcomval.com\/#organization\",\"name\":\"AMDComVal - Associaci\u00f3 de Mitjans Digitals de la Comunitat Valenciana\",\"url\":\"https:\/\/amdcomval.com\/\",\"logo\":{\"@type\":\"ImageObject\",\"inLanguage\":\"val\",\"@id\":\"https:\/\/amdcomval.com\/#\/schema\/logo\/image\/\",\"url\":\"https:\/\/amdcomval.com\/wp-content\/uploads\/2025\/10\/AMDComVal-logo-horizontal-2.png\",\"contentUrl\":\"https:\/\/amdcomval.com\/wp-content\/uploads\/2025\/10\/AMDComVal-logo-horizontal-2.png\",\"width\":2560,\"height\":936,\"caption\":\"AMDComVal - Associaci\u00f3 de Mitjans Digitals de la Comunitat Valenciana\"},\"image\":{\"@id\":\"https:\/\/amdcomval.com\/#\/schema\/logo\/image\/\"},\"sameAs\":[\"https:\/\/www.facebook.com\/Associaci-De-Mitjans-Digitals-238717099544439\/\",\"https:\/\/x.com\/AMDComVal\",\"https:\/\/www.linkedin.com\/groups\/3150654\/\"]},{\"@type\":\"Person\",\"@id\":\"https:\/\/amdcomval.com\/#\/schema\/person\/f15529598c810a38625abf10fd5bda3a\",\"name\":\"AMDComVal\",\"url\":\"https:\/\/amdcomval.com\/val\/author\/amdcomval\/\"}]}<\/script>\n<!-- \/ Yoast SEO plugin. -->","yoast_head_json":{"title":"Cr\u00f3nica de una Asamblea tuiteada (IV) - AMDComVal - Associaci\u00f3 de Mitjans Digitals de la Comunitat Valenciana","robots":{"index":"index","follow":"follow","max-snippet":"max-snippet:-1","max-image-preview":"max-image-preview:large","max-video-preview":"max-video-preview:-1"},"canonical":"https:\/\/amdcomval.com\/cronica-de-una-asamblea-tuiteada-iv\/","og_locale":"en_US","og_type":"article","og_title":"Cr\u00f3nica de una Asamblea tuiteada (IV) - AMDComVal - Associaci\u00f3 de Mitjans Digitals de la Comunitat Valenciana","og_description":"\u00a0\u201cPeriodismo medioambiental. De la Galaxia Gutenberg al Periodismo Ciudadano\u201d \u00a0 [fusion_builder_container hundred_percent=&#8221;yes&#8221; overflow=&#8221;visible&#8221;][fusion_builder_row][fusion_builder_column type=&#8221;1_1&#8243; background_position=&#8221;left top&#8221; background_color=&#8221;&#8221; border_size=&#8221;&#8221; border_color=&#8221;&#8221; border_style=&#8221;solid&#8221; spacing=&#8221;yes&#8221; background_image=&#8221;&#8221; background_repeat=&#8221;no-repeat&#8221; padding=&#8221;&#8221; margin_top=&#8221;0px&#8221; margin_bottom=&#8221;0px&#8221; class=&#8221;&#8221; id=&#8221;&#8221; animation_type=&#8221;&#8221; animation_speed=&#8221;0.3&#8243; animation_direction=&#8221;left&#8221; hide_on_mobile=&#8221;no&#8221; center_content=&#8221;no&#8221; min_height=&#8221;none&#8221;] Llegamos a la \u00faltima ponencia de las Jornadas, @mberzosa &#8220;De la Galaxia Gutenberg al Periodismo Ciudadano&#8221; P. Sierra\/Levante-EMV, F. Tena\/Canal 9, [&hellip;]","og_url":"https:\/\/amdcomval.com\/cronica-de-una-asamblea-tuiteada-iv\/","og_site_name":"AMDComVal - Associaci\u00f3 de Mitjans Digitals de la Comunitat Valenciana","article_publisher":"https:\/\/www.facebook.com\/Associaci-De-Mitjans-Digitals-238717099544439\/","article_published_time":"2012-04-03T09:31:28+00:00","og_image":[{"width":640,"height":928,"url":"https:\/\/amdcomval.com\/wp-content\/uploads\/2012\/04\/549444_10150632017191634_717816633_9412289_1345764558_n.jpg","type":"image\/jpeg"}],"author":"AMDComVal","twitter_card":"summary_large_image","twitter_creator":"@AMDComVal","twitter_site":"@AMDComVal","twitter_misc":{"Written by":"AMDComVal","Est. reading time":"5 minutes"},"schema":{"@context":"https:\/\/schema.org","@graph":[{"@type":"Article","@id":"https:\/\/amdcomval.com\/cronica-de-una-asamblea-tuiteada-iv\/#article","isPartOf":{"@id":"https:\/\/amdcomval.com\/cronica-de-una-asamblea-tuiteada-iv\/"},"author":{"name":"AMDComVal","@id":"https:\/\/amdcomval.com\/#\/schema\/person\/f15529598c810a38625abf10fd5bda3a"},"headline":"Cr\u00f3nica de una Asamblea tuiteada (IV)","datePublished":"2012-04-03T09:31:28+00:00","mainEntityOfPage":{"@id":"https:\/\/amdcomval.com\/cronica-de-una-asamblea-tuiteada-iv\/"},"wordCount":1062,"commentCount":0,"publisher":{"@id":"https:\/\/amdcomval.com\/#organization"},"image":{"@id":"https:\/\/amdcomval.com\/cronica-de-una-asamblea-tuiteada-iv\/#primaryimage"},"thumbnailUrl":"https:\/\/amdcomval.com\/wp-content\/uploads\/2012\/04\/549444_10150632017191634_717816633_9412289_1345764558_n.jpg","keywords":["amdcomval","Asociaci\u00f3n de Medios Digitales de la Comunidad Valenciana","Bioparc","Comunidad Valenciana","II Jornadas de Medios Digitales","medios","medios digitales","periodismo","Periodismo Digital","periodismo medioambiental","prensa","prensa digital","redes sociales","twitter","Valencia"],"articleSection":["Blog"],"inLanguage":"val","potentialAction":[{"@type":"CommentAction","name":"Comment","target":["https:\/\/amdcomval.com\/cronica-de-una-asamblea-tuiteada-iv\/#respond"]}]},{"@type":"WebPage","@id":"https:\/\/amdcomval.com\/cronica-de-una-asamblea-tuiteada-iv\/","url":"https:\/\/amdcomval.com\/cronica-de-una-asamblea-tuiteada-iv\/","name":"Cr\u00f3nica de una Asamblea tuiteada (IV) - AMDComVal - Associaci\u00f3 de Mitjans Digitals de la Comunitat Valenciana","isPartOf":{"@id":"https:\/\/amdcomval.com\/#website"},"primaryImageOfPage":{"@id":"https:\/\/amdcomval.com\/cronica-de-una-asamblea-tuiteada-iv\/#primaryimage"},"image":{"@id":"https:\/\/amdcomval.com\/cronica-de-una-asamblea-tuiteada-iv\/#primaryimage"},"thumbnailUrl":"https:\/\/amdcomval.com\/wp-content\/uploads\/2012\/04\/549444_10150632017191634_717816633_9412289_1345764558_n.jpg","datePublished":"2012-04-03T09:31:28+00:00","breadcrumb":{"@id":"https:\/\/amdcomval.com\/cronica-de-una-asamblea-tuiteada-iv\/#breadcrumb"},"inLanguage":"val","potentialAction":[{"@type":"ReadAction","target":["https:\/\/amdcomval.com\/cronica-de-una-asamblea-tuiteada-iv\/"]}]},{"@type":"ImageObject","inLanguage":"val","@id":"https:\/\/amdcomval.com\/cronica-de-una-asamblea-tuiteada-iv\/#primaryimage","url":"https:\/\/amdcomval.com\/wp-content\/uploads\/2012\/04\/549444_10150632017191634_717816633_9412289_1345764558_n.jpg","contentUrl":"https:\/\/amdcomval.com\/wp-content\/uploads\/2012\/04\/549444_10150632017191634_717816633_9412289_1345764558_n.jpg","width":640,"height":928,"caption":"@MalaltdeFalles Emprenedors i animals. Al cap i a la fi estem en @bioparc xD #AMDComVal"},{"@type":"BreadcrumbList","@id":"https:\/\/amdcomval.com\/cronica-de-una-asamblea-tuiteada-iv\/#breadcrumb","itemListElement":[{"@type":"ListItem","position":1,"name":"Portada","item":"https:\/\/amdcomval.com\/val\/"},{"@type":"ListItem","position":2,"name":"Cr\u00f3nica de una Asamblea tuiteada (IV)"}]},{"@type":"WebSite","@id":"https:\/\/amdcomval.com\/#website","url":"https:\/\/amdcomval.com\/","name":"AMDComVal - Associaci\u00f3 de Mitjans Digitals de la Comunitat Valenciana","description":"Web oficial de la Associaci\u00f3 de Mitjans Digitals de la Comunitat Valenciana (AMDComVal). Por la profesionalizaci\u00f3n y dignificaci\u00f3n de los medios de comunicaci\u00f3n digital","publisher":{"@id":"https:\/\/amdcomval.com\/#organization"},"potentialAction":[{"@type":"SearchAction","target":{"@type":"EntryPoint","urlTemplate":"https:\/\/amdcomval.com\/?s={search_term_string}"},"query-input":{"@type":"PropertyValueSpecification","valueRequired":true,"valueName":"search_term_string"}}],"inLanguage":"val"},{"@type":"Organization","@id":"https:\/\/amdcomval.com\/#organization","name":"AMDComVal - Associaci\u00f3 de Mitjans Digitals de la Comunitat Valenciana","url":"https:\/\/amdcomval.com\/","logo":{"@type":"ImageObject","inLanguage":"val","@id":"https:\/\/amdcomval.com\/#\/schema\/logo\/image\/","url":"https:\/\/amdcomval.com\/wp-content\/uploads\/2025\/10\/AMDComVal-logo-horizontal-2.png","contentUrl":"https:\/\/amdcomval.com\/wp-content\/uploads\/2025\/10\/AMDComVal-logo-horizontal-2.png","width":2560,"height":936,"caption":"AMDComVal - Associaci\u00f3 de Mitjans Digitals de la Comunitat Valenciana"},"image":{"@id":"https:\/\/amdcomval.com\/#\/schema\/logo\/image\/"},"sameAs":["https:\/\/www.facebook.com\/Associaci-De-Mitjans-Digitals-238717099544439\/","https:\/\/x.com\/AMDComVal","https:\/\/www.linkedin.com\/groups\/3150654\/"]},{"@type":"Person","@id":"https:\/\/amdcomval.com\/#\/schema\/person\/f15529598c810a38625abf10fd5bda3a","name":"AMDComVal","url":"https:\/\/amdcomval.com\/val\/author\/amdcomval\/"}]}},"_links":{"self":[{"href":"https:\/\/amdcomval.com\/val\/wp-json\/wp\/v2\/posts\/697","targetHints":{"allow":["GET"]}}],"collection":[{"href":"https:\/\/amdcomval.com\/val\/wp-json\/wp\/v2\/posts"}],"about":[{"href":"https:\/\/amdcomval.com\/val\/wp-json\/wp\/v2\/types\/post"}],"author":[{"embeddable":true,"href":"https:\/\/amdcomval.com\/val\/wp-json\/wp\/v2\/users\/4"}],"replies":[{"embeddable":true,"href":"https:\/\/amdcomval.com\/val\/wp-json\/wp\/v2\/comments?post=697"}],"version-history":[{"count":0,"href":"https:\/\/amdcomval.com\/val\/wp-json\/wp\/v2\/posts\/697\/revisions"}],"wp:featuredmedia":[{"embeddable":true,"href":"https:\/\/amdcomval.com\/val\/wp-json\/wp\/v2\/media\/2312"}],"wp:attachment":[{"href":"https:\/\/amdcomval.com\/val\/wp-json\/wp\/v2\/media?parent=697"}],"wp:term":[{"taxonomy":"category","embeddable":true,"href":"https:\/\/amdcomval.com\/val\/wp-json\/wp\/v2\/categories?post=697"},{"taxonomy":"post_tag","embeddable":true,"href":"https:\/\/amdcomval.com\/val\/wp-json\/wp\/v2\/tags?post=697"}],"curies":[{"name":"wp","href":"https:\/\/api.w.org\/{rel}","templated":true}]}}