{"id":698,"date":"2012-04-03T10:03:01","date_gmt":"2012-04-03T10:03:01","guid":{"rendered":"https:\/\/www.amdcomval.com\/?p=442"},"modified":"2012-04-03T10:03:01","modified_gmt":"2012-04-03T10:03:01","slug":"cronica-de-una-asamblea-tuiteada-iii","status":"publish","type":"post","link":"https:\/\/amdcomval.com\/val\/cronica-de-una-asamblea-tuiteada-iii\/","title":{"rendered":"Cr\u00f3nica de una Asamblea tuiteada (III)"},"content":{"rendered":"<p><strong>\u201cLa prensa gratuita y digital en Espa\u00f1a&#8221;<\/strong><\/p>\n<p>[fusion_builder_container hundred_percent=&#8221;yes&#8221; overflow=&#8221;visible&#8221;][fusion_builder_row][fusion_builder_column type=&#8221;1_1&#8243; background_position=&#8221;left top&#8221; background_color=&#8221;&#8221; border_size=&#8221;&#8221; border_color=&#8221;&#8221; border_style=&#8221;solid&#8221; spacing=&#8221;yes&#8221; background_image=&#8221;&#8221; background_repeat=&#8221;no-repeat&#8221; padding=&#8221;&#8221; margin_top=&#8221;0px&#8221; margin_bottom=&#8221;0px&#8221; class=&#8221;&#8221; id=&#8221;&#8221; animation_type=&#8221;&#8221; animation_speed=&#8221;0.3&#8243; animation_direction=&#8221;left&#8221; hide_on_mobile=&#8221;no&#8221; center_content=&#8221;no&#8221; min_height=&#8221;none&#8221;]<div id=\"attachment_468\" style=\"width: 310px\" class=\"wp-caption alignleft\"><a href=\"https:\/\/amdcomval.com\/cronica-de-una-asamblea-tuiteada-iii\/iii-2\/\" rel=\"attachment wp-att-468\"><img loading=\"lazy\" decoding=\"async\" aria-describedby=\"caption-attachment-468\" class=\"size-medium wp-image-468\" src=\"https:\/\/amdcomval.com\/wp-content\/uploads\/2012\/04\/III1-300x200.jpg\"  width=\"300\" height=\"200\" \/><\/a><p id=\"caption-attachment-468\" class=\"wp-caption-text\">@360gradospress Asociaciones de medios gratuitos y digitales, el debate sobre su idoneidad y sentido, ahora en las jornadas de #amdcomval<\/p><\/div><\/p>\n<p><strong>@AMDComVal<\/strong> <em>Se inicia la ponencia con la @prensagratuita, @acpg_acpg y @360gradospress #AMDComVal \u00a0\u00a0\u00a0<\/em>bajo el titular \u201cLa prensa gratuita y digital en Espa\u00f1a\u201d, <em>\u00a0<\/em>\u00a0Antoni Reig, V\u00edctor N\u00fa\u00f1ez y \u00d3scar Delgado, llevan a cabo <strong>@360gradospress <\/strong><em>Asociaciones de medios gratuitos y digitales, el debate sobre su idoneidad y sentido, ahora en las jornadas de #amdcomval<\/em><strong><\/strong><\/p>\n<p>El presidente de AMDComVal<strong> <\/strong>hace una breve introducci\u00f3n,<strong> @_cristinabea<\/strong> <em>&#8220;El periodista ha mutado, ha pasado de la trinchera al periodismo digital&#8221; (@os_delgado) #amdcomval<\/em> , tras la cual, toma la palabra el vicepresidente de la ACPG, Antoni Reig.<\/p>\n<p>En su turno, Reig explica el funcionamiento de la asociaci\u00f3n catalana y <strong>@360gradospress <\/strong><em>@acpg_acpg explica las virtudes de su banco de contenidos a coste cero para la difusi\u00f3n de contenidos period\u00edsticos digitales. #amdcomval<\/em><strong><\/strong><\/p>\n<p>Una propuesta \u00a0que resulta muy bien acogida por el p\u00fablico, <strong>@ llopiseta <\/strong><em>Admirable la labor e iniciativa de @acpg_acpg un banco de contenidos para los asociados.colaborar para llegar a + audiencia #amdcomval, <\/em>y se se\u00f1ala que<em>\u00a0 \u00a0<\/em><strong>@carlos_prats<\/strong> <em>La asociaci\u00f3n catalana es el camino a seguir para los asociados de #AMDComVal. Estoy impresionado con su trabajo.<\/em><\/p>\n<p>Adem\u00e1s, Reig apuesta por medir las audiencias en relaci\u00f3n a la difusi\u00f3n que se quiera dar al medio, teniendo en cuenta si se trata de prensa local, comarcal\u2026, en lugar de hacerlo a nivel nacional ya que existen <strong>@360gradospress <\/strong><em>&#8220;Medios digitales peque\u00f1os que en su territorio son hegem\u00f3nicos&#8221; Antoni Reig de la @acpg_acpg en las jornadas de #amdcomval #periodismo<\/em><\/p>\n<p><strong>@AMDComVal <\/strong><em>Finaliza @acpg_acpg y comienza @prensagratuita <a href=\"http:\/\/t.co\/S4TZgjni\">http:\/\/t.co\/S4TZgjni<\/a> #AMDComVal<\/em><\/p>\n<p>V\u00edctor N\u00fa\u00f1ez, secretario general de la AEPG, <strong>@AMDComVal <\/strong><em>@prensagratuita habla de las dificultades de los #mediosdigitales para conseguir #publicidad Asociarse, una buena soluci\u00f3n #AMDComVal<\/em><strong> <\/strong>\u00a0\u00a0<\/p>\n<p>En este sentido, <strong>@AMDComVal <\/strong><em>@aprensamadrid resalta la importancia de conseguir publicidad. Tener un buen #mediodigital supone costes.#AMDComVal #prensa<\/em><strong><\/strong><\/p>\n<p>Sin duda, <strong>@MalaltdeFalles <\/strong><em>La uni\u00f3 i la for\u00e7a d&#8217;una audi\u00e8ncia verificable, conceptes a tindre en compte #AMDComVal<\/em><\/p>\n<p>Llegamos al fin de la mesa redonda y <strong>@AMDComVal<\/strong> <em>Continuamos con la siguiente ponencia y dejamos las preguntas para despu\u00e9s #AMDComVal<\/em><\/p>\n<p>\u201c<a href=\"https:\/\/amdcomval.com\/blog\/\">Periodismo medioambiental. De la Galaxia Gutenberg al Periodismo Ciudadano<\/a>\u201d[\/fusion_builder_column][\/fusion_builder_row][\/fusion_builder_container]<\/p>\n","protected":false},"excerpt":{"rendered":"<p>\u201cLa prensa gratuita y digital en Espa\u00f1a&#8221; [fusion_builder_container hundred_percent=&#8221;yes&#8221; overflow=&#8221;visible&#8221;][fusion_builder_row][fusion_builder_column type=&#8221;1_1&#8243; background_position=&#8221;left top&#8221; background_color=&#8221;&#8221; border_size=&#8221;&#8221; border_color=&#8221;&#8221; border_style=&#8221;solid&#8221; spacing=&#8221;yes&#8221; background_image=&#8221;&#8221; background_repeat=&#8221;no-repeat&#8221; padding=&#8221;&#8221; margin_top=&#8221;0px&#8221; margin_bottom=&#8221;0px&#8221; class=&#8221;&#8221; id=&#8221;&#8221; animation_type=&#8221;&#8221; animation_speed=&#8221;0.3&#8243; animation_direction=&#8221;left&#8221; hide_on_mobile=&#8221;no&#8221; center_content=&#8221;no&#8221; min_height=&#8221;none&#8221;] @AMDComVal Se inicia la ponencia con la @prensagratuita, @acpg_acpg y @360gradospress #AMDComVal \u00a0\u00a0\u00a0bajo el titular \u201cLa prensa gratuita y digital en Espa\u00f1a\u201d, \u00a0\u00a0Antoni Reig, [&hellip;]<\/p>\n","protected":false},"author":4,"featured_media":2317,"comment_status":"open","ping_status":"open","sticky":false,"template":"","format":"standard","meta":{"_acf_changed":false,"footnotes":""},"categories":[17],"tags":[94,95,12,59,82,65,93,68,29,62,78,70,71],"class_list":["post-698","post","type-post","status-publish","format-standard","has-post-thumbnail","hentry","category-blog","tag-acpg","tag-aepg","tag-amdcomval","tag-asociacion-de-medios-digitales-de-la-comunidad-valenciana","tag-asociaciones-de-prensa","tag-bioparc","tag-ii-jornadas-de-medios-digitales","tag-medios","tag-medios-digitales","tag-periodismo","tag-periodismo-digital","tag-prensa","tag-prensa-digital"],"acf":[],"yoast_head":"<!-- This site is optimized with the Yoast SEO plugin v26.3 - https:\/\/yoast.com\/wordpress\/plugins\/seo\/ -->\n<title>Cr\u00f3nica de una Asamblea tuiteada (III) - AMDComVal - Associaci\u00f3 de Mitjans Digitals de la Comunitat Valenciana<\/title>\n<meta name=\"robots\" content=\"index, follow, max-snippet:-1, max-image-preview:large, max-video-preview:-1\" \/>\n<link rel=\"canonical\" href=\"https:\/\/amdcomval.com\/cronica-de-una-asamblea-tuiteada-iii\/\" \/>\n<meta property=\"og:locale\" content=\"en_US\" \/>\n<meta property=\"og:type\" content=\"article\" \/>\n<meta property=\"og:title\" content=\"Cr\u00f3nica de una Asamblea tuiteada (III) - AMDComVal - Associaci\u00f3 de Mitjans Digitals de la Comunitat Valenciana\" \/>\n<meta property=\"og:description\" content=\"\u201cLa prensa gratuita y digital en Espa\u00f1a&#8221; [fusion_builder_container hundred_percent=&#8221;yes&#8221; overflow=&#8221;visible&#8221;][fusion_builder_row][fusion_builder_column type=&#8221;1_1&#8243; background_position=&#8221;left top&#8221; background_color=&#8221;&#8221; border_size=&#8221;&#8221; border_color=&#8221;&#8221; border_style=&#8221;solid&#8221; spacing=&#8221;yes&#8221; background_image=&#8221;&#8221; background_repeat=&#8221;no-repeat&#8221; padding=&#8221;&#8221; margin_top=&#8221;0px&#8221; margin_bottom=&#8221;0px&#8221; class=&#8221;&#8221; id=&#8221;&#8221; animation_type=&#8221;&#8221; animation_speed=&#8221;0.3&#8243; animation_direction=&#8221;left&#8221; hide_on_mobile=&#8221;no&#8221; center_content=&#8221;no&#8221; min_height=&#8221;none&#8221;] @AMDComVal Se inicia la ponencia con la @prensagratuita, @acpg_acpg y @360gradospress #AMDComVal \u00a0\u00a0\u00a0bajo el titular \u201cLa prensa gratuita y digital en Espa\u00f1a\u201d, \u00a0\u00a0Antoni Reig, [&hellip;]\" \/>\n<meta property=\"og:url\" content=\"https:\/\/amdcomval.com\/cronica-de-una-asamblea-tuiteada-iii\/\" \/>\n<meta property=\"og:site_name\" content=\"AMDComVal - Associaci\u00f3 de Mitjans Digitals de la Comunitat Valenciana\" \/>\n<meta property=\"article:publisher\" content=\"https:\/\/www.facebook.com\/Associaci-De-Mitjans-Digitals-238717099544439\/\" \/>\n<meta property=\"article:published_time\" content=\"2012-04-03T10:03:01+00:00\" \/>\n<meta property=\"og:image\" content=\"https:\/\/amdcomval.com\/wp-content\/uploads\/2012\/04\/III1.jpg\" \/>\n\t<meta property=\"og:image:width\" content=\"581\" \/>\n\t<meta property=\"og:image:height\" content=\"389\" \/>\n\t<meta property=\"og:image:type\" content=\"image\/jpeg\" \/>\n<meta name=\"author\" content=\"AMDComVal\" \/>\n<meta name=\"twitter:card\" content=\"summary_large_image\" \/>\n<meta name=\"twitter:creator\" content=\"@AMDComVal\" \/>\n<meta name=\"twitter:site\" content=\"@AMDComVal\" \/>\n<meta name=\"twitter:label1\" content=\"Written by\" \/>\n\t<meta name=\"twitter:data1\" content=\"AMDComVal\" \/>\n\t<meta name=\"twitter:label2\" content=\"Est. reading time\" \/>\n\t<meta name=\"twitter:data2\" content=\"2 minutes\" \/>\n<script type=\"application\/ld+json\" class=\"yoast-schema-graph\">{\"@context\":\"https:\/\/schema.org\",\"@graph\":[{\"@type\":\"Article\",\"@id\":\"https:\/\/amdcomval.com\/cronica-de-una-asamblea-tuiteada-iii\/#article\",\"isPartOf\":{\"@id\":\"https:\/\/amdcomval.com\/cronica-de-una-asamblea-tuiteada-iii\/\"},\"author\":{\"name\":\"AMDComVal\",\"@id\":\"https:\/\/amdcomval.com\/#\/schema\/person\/f15529598c810a38625abf10fd5bda3a\"},\"headline\":\"Cr\u00f3nica de una Asamblea tuiteada (III)\",\"datePublished\":\"2012-04-03T10:03:01+00:00\",\"mainEntityOfPage\":{\"@id\":\"https:\/\/amdcomval.com\/cronica-de-una-asamblea-tuiteada-iii\/\"},\"wordCount\":477,\"commentCount\":0,\"publisher\":{\"@id\":\"https:\/\/amdcomval.com\/#organization\"},\"image\":{\"@id\":\"https:\/\/amdcomval.com\/cronica-de-una-asamblea-tuiteada-iii\/#primaryimage\"},\"thumbnailUrl\":\"https:\/\/amdcomval.com\/wp-content\/uploads\/2012\/04\/III1.jpg\",\"keywords\":[\"ACPG\",\"AEPG\",\"amdcomval\",\"Asociaci\u00f3n de Medios Digitales de la Comunidad Valenciana\",\"asociaciones de prensa\",\"Bioparc\",\"II Jornadas de Medios Digitales\",\"medios\",\"medios digitales\",\"periodismo\",\"Periodismo Digital\",\"prensa\",\"prensa digital\"],\"articleSection\":[\"Blog\"],\"inLanguage\":\"val\",\"potentialAction\":[{\"@type\":\"CommentAction\",\"name\":\"Comment\",\"target\":[\"https:\/\/amdcomval.com\/cronica-de-una-asamblea-tuiteada-iii\/#respond\"]}]},{\"@type\":\"WebPage\",\"@id\":\"https:\/\/amdcomval.com\/cronica-de-una-asamblea-tuiteada-iii\/\",\"url\":\"https:\/\/amdcomval.com\/cronica-de-una-asamblea-tuiteada-iii\/\",\"name\":\"Cr\u00f3nica de una Asamblea tuiteada (III) - AMDComVal - Associaci\u00f3 de Mitjans Digitals de la Comunitat Valenciana\",\"isPartOf\":{\"@id\":\"https:\/\/amdcomval.com\/#website\"},\"primaryImageOfPage\":{\"@id\":\"https:\/\/amdcomval.com\/cronica-de-una-asamblea-tuiteada-iii\/#primaryimage\"},\"image\":{\"@id\":\"https:\/\/amdcomval.com\/cronica-de-una-asamblea-tuiteada-iii\/#primaryimage\"},\"thumbnailUrl\":\"https:\/\/amdcomval.com\/wp-content\/uploads\/2012\/04\/III1.jpg\",\"datePublished\":\"2012-04-03T10:03:01+00:00\",\"breadcrumb\":{\"@id\":\"https:\/\/amdcomval.com\/cronica-de-una-asamblea-tuiteada-iii\/#breadcrumb\"},\"inLanguage\":\"val\",\"potentialAction\":[{\"@type\":\"ReadAction\",\"target\":[\"https:\/\/amdcomval.com\/cronica-de-una-asamblea-tuiteada-iii\/\"]}]},{\"@type\":\"ImageObject\",\"inLanguage\":\"val\",\"@id\":\"https:\/\/amdcomval.com\/cronica-de-una-asamblea-tuiteada-iii\/#primaryimage\",\"url\":\"https:\/\/amdcomval.com\/wp-content\/uploads\/2012\/04\/III1.jpg\",\"contentUrl\":\"https:\/\/amdcomval.com\/wp-content\/uploads\/2012\/04\/III1.jpg\",\"width\":581,\"height\":389,\"caption\":\"@360gradospress Asociaciones de medios gratuitos y digitales, el debate sobre su idoneidad y sentido, ahora en las jornadas de #amdcomval\"},{\"@type\":\"BreadcrumbList\",\"@id\":\"https:\/\/amdcomval.com\/cronica-de-una-asamblea-tuiteada-iii\/#breadcrumb\",\"itemListElement\":[{\"@type\":\"ListItem\",\"position\":1,\"name\":\"Portada\",\"item\":\"https:\/\/amdcomval.com\/val\/\"},{\"@type\":\"ListItem\",\"position\":2,\"name\":\"Cr\u00f3nica de una Asamblea tuiteada (III)\"}]},{\"@type\":\"WebSite\",\"@id\":\"https:\/\/amdcomval.com\/#website\",\"url\":\"https:\/\/amdcomval.com\/\",\"name\":\"AMDComVal - Associaci\u00f3 de Mitjans Digitals de la Comunitat Valenciana\",\"description\":\"Web oficial de la Associaci\u00f3 de Mitjans Digitals de la Comunitat Valenciana (AMDComVal). Por la profesionalizaci\u00f3n y dignificaci\u00f3n de los medios de comunicaci\u00f3n digital\",\"publisher\":{\"@id\":\"https:\/\/amdcomval.com\/#organization\"},\"potentialAction\":[{\"@type\":\"SearchAction\",\"target\":{\"@type\":\"EntryPoint\",\"urlTemplate\":\"https:\/\/amdcomval.com\/?s={search_term_string}\"},\"query-input\":{\"@type\":\"PropertyValueSpecification\",\"valueRequired\":true,\"valueName\":\"search_term_string\"}}],\"inLanguage\":\"val\"},{\"@type\":\"Organization\",\"@id\":\"https:\/\/amdcomval.com\/#organization\",\"name\":\"AMDComVal - Associaci\u00f3 de Mitjans Digitals de la Comunitat Valenciana\",\"url\":\"https:\/\/amdcomval.com\/\",\"logo\":{\"@type\":\"ImageObject\",\"inLanguage\":\"val\",\"@id\":\"https:\/\/amdcomval.com\/#\/schema\/logo\/image\/\",\"url\":\"https:\/\/amdcomval.com\/wp-content\/uploads\/2025\/10\/AMDComVal-logo-horizontal-2.png\",\"contentUrl\":\"https:\/\/amdcomval.com\/wp-content\/uploads\/2025\/10\/AMDComVal-logo-horizontal-2.png\",\"width\":2560,\"height\":936,\"caption\":\"AMDComVal - Associaci\u00f3 de Mitjans Digitals de la Comunitat Valenciana\"},\"image\":{\"@id\":\"https:\/\/amdcomval.com\/#\/schema\/logo\/image\/\"},\"sameAs\":[\"https:\/\/www.facebook.com\/Associaci-De-Mitjans-Digitals-238717099544439\/\",\"https:\/\/x.com\/AMDComVal\",\"https:\/\/www.linkedin.com\/groups\/3150654\/\"]},{\"@type\":\"Person\",\"@id\":\"https:\/\/amdcomval.com\/#\/schema\/person\/f15529598c810a38625abf10fd5bda3a\",\"name\":\"AMDComVal\",\"url\":\"https:\/\/amdcomval.com\/val\/author\/amdcomval\/\"}]}<\/script>\n<!-- \/ Yoast SEO plugin. -->","yoast_head_json":{"title":"Cr\u00f3nica de una Asamblea tuiteada (III) - AMDComVal - Associaci\u00f3 de Mitjans Digitals de la Comunitat Valenciana","robots":{"index":"index","follow":"follow","max-snippet":"max-snippet:-1","max-image-preview":"max-image-preview:large","max-video-preview":"max-video-preview:-1"},"canonical":"https:\/\/amdcomval.com\/cronica-de-una-asamblea-tuiteada-iii\/","og_locale":"en_US","og_type":"article","og_title":"Cr\u00f3nica de una Asamblea tuiteada (III) - AMDComVal - Associaci\u00f3 de Mitjans Digitals de la Comunitat Valenciana","og_description":"\u201cLa prensa gratuita y digital en Espa\u00f1a&#8221; [fusion_builder_container hundred_percent=&#8221;yes&#8221; overflow=&#8221;visible&#8221;][fusion_builder_row][fusion_builder_column type=&#8221;1_1&#8243; background_position=&#8221;left top&#8221; background_color=&#8221;&#8221; border_size=&#8221;&#8221; border_color=&#8221;&#8221; border_style=&#8221;solid&#8221; spacing=&#8221;yes&#8221; background_image=&#8221;&#8221; background_repeat=&#8221;no-repeat&#8221; padding=&#8221;&#8221; margin_top=&#8221;0px&#8221; margin_bottom=&#8221;0px&#8221; class=&#8221;&#8221; id=&#8221;&#8221; animation_type=&#8221;&#8221; animation_speed=&#8221;0.3&#8243; animation_direction=&#8221;left&#8221; hide_on_mobile=&#8221;no&#8221; center_content=&#8221;no&#8221; min_height=&#8221;none&#8221;] @AMDComVal Se inicia la ponencia con la @prensagratuita, @acpg_acpg y @360gradospress #AMDComVal \u00a0\u00a0\u00a0bajo el titular \u201cLa prensa gratuita y digital en Espa\u00f1a\u201d, \u00a0\u00a0Antoni Reig, [&hellip;]","og_url":"https:\/\/amdcomval.com\/cronica-de-una-asamblea-tuiteada-iii\/","og_site_name":"AMDComVal - Associaci\u00f3 de Mitjans Digitals de la Comunitat Valenciana","article_publisher":"https:\/\/www.facebook.com\/Associaci-De-Mitjans-Digitals-238717099544439\/","article_published_time":"2012-04-03T10:03:01+00:00","og_image":[{"width":581,"height":389,"url":"https:\/\/amdcomval.com\/wp-content\/uploads\/2012\/04\/III1.jpg","type":"image\/jpeg"}],"author":"AMDComVal","twitter_card":"summary_large_image","twitter_creator":"@AMDComVal","twitter_site":"@AMDComVal","twitter_misc":{"Written by":"AMDComVal","Est. reading time":"2 minutes"},"schema":{"@context":"https:\/\/schema.org","@graph":[{"@type":"Article","@id":"https:\/\/amdcomval.com\/cronica-de-una-asamblea-tuiteada-iii\/#article","isPartOf":{"@id":"https:\/\/amdcomval.com\/cronica-de-una-asamblea-tuiteada-iii\/"},"author":{"name":"AMDComVal","@id":"https:\/\/amdcomval.com\/#\/schema\/person\/f15529598c810a38625abf10fd5bda3a"},"headline":"Cr\u00f3nica de una Asamblea tuiteada (III)","datePublished":"2012-04-03T10:03:01+00:00","mainEntityOfPage":{"@id":"https:\/\/amdcomval.com\/cronica-de-una-asamblea-tuiteada-iii\/"},"wordCount":477,"commentCount":0,"publisher":{"@id":"https:\/\/amdcomval.com\/#organization"},"image":{"@id":"https:\/\/amdcomval.com\/cronica-de-una-asamblea-tuiteada-iii\/#primaryimage"},"thumbnailUrl":"https:\/\/amdcomval.com\/wp-content\/uploads\/2012\/04\/III1.jpg","keywords":["ACPG","AEPG","amdcomval","Asociaci\u00f3n de Medios Digitales de la Comunidad Valenciana","asociaciones de prensa","Bioparc","II Jornadas de Medios Digitales","medios","medios digitales","periodismo","Periodismo Digital","prensa","prensa digital"],"articleSection":["Blog"],"inLanguage":"val","potentialAction":[{"@type":"CommentAction","name":"Comment","target":["https:\/\/amdcomval.com\/cronica-de-una-asamblea-tuiteada-iii\/#respond"]}]},{"@type":"WebPage","@id":"https:\/\/amdcomval.com\/cronica-de-una-asamblea-tuiteada-iii\/","url":"https:\/\/amdcomval.com\/cronica-de-una-asamblea-tuiteada-iii\/","name":"Cr\u00f3nica de una Asamblea tuiteada (III) - AMDComVal - Associaci\u00f3 de Mitjans Digitals de la Comunitat Valenciana","isPartOf":{"@id":"https:\/\/amdcomval.com\/#website"},"primaryImageOfPage":{"@id":"https:\/\/amdcomval.com\/cronica-de-una-asamblea-tuiteada-iii\/#primaryimage"},"image":{"@id":"https:\/\/amdcomval.com\/cronica-de-una-asamblea-tuiteada-iii\/#primaryimage"},"thumbnailUrl":"https:\/\/amdcomval.com\/wp-content\/uploads\/2012\/04\/III1.jpg","datePublished":"2012-04-03T10:03:01+00:00","breadcrumb":{"@id":"https:\/\/amdcomval.com\/cronica-de-una-asamblea-tuiteada-iii\/#breadcrumb"},"inLanguage":"val","potentialAction":[{"@type":"ReadAction","target":["https:\/\/amdcomval.com\/cronica-de-una-asamblea-tuiteada-iii\/"]}]},{"@type":"ImageObject","inLanguage":"val","@id":"https:\/\/amdcomval.com\/cronica-de-una-asamblea-tuiteada-iii\/#primaryimage","url":"https:\/\/amdcomval.com\/wp-content\/uploads\/2012\/04\/III1.jpg","contentUrl":"https:\/\/amdcomval.com\/wp-content\/uploads\/2012\/04\/III1.jpg","width":581,"height":389,"caption":"@360gradospress Asociaciones de medios gratuitos y digitales, el debate sobre su idoneidad y sentido, ahora en las jornadas de #amdcomval"},{"@type":"BreadcrumbList","@id":"https:\/\/amdcomval.com\/cronica-de-una-asamblea-tuiteada-iii\/#breadcrumb","itemListElement":[{"@type":"ListItem","position":1,"name":"Portada","item":"https:\/\/amdcomval.com\/val\/"},{"@type":"ListItem","position":2,"name":"Cr\u00f3nica de una Asamblea tuiteada (III)"}]},{"@type":"WebSite","@id":"https:\/\/amdcomval.com\/#website","url":"https:\/\/amdcomval.com\/","name":"AMDComVal - Associaci\u00f3 de Mitjans Digitals de la Comunitat Valenciana","description":"Web oficial de la Associaci\u00f3 de Mitjans Digitals de la Comunitat Valenciana (AMDComVal). Por la profesionalizaci\u00f3n y dignificaci\u00f3n de los medios de comunicaci\u00f3n digital","publisher":{"@id":"https:\/\/amdcomval.com\/#organization"},"potentialAction":[{"@type":"SearchAction","target":{"@type":"EntryPoint","urlTemplate":"https:\/\/amdcomval.com\/?s={search_term_string}"},"query-input":{"@type":"PropertyValueSpecification","valueRequired":true,"valueName":"search_term_string"}}],"inLanguage":"val"},{"@type":"Organization","@id":"https:\/\/amdcomval.com\/#organization","name":"AMDComVal - Associaci\u00f3 de Mitjans Digitals de la Comunitat Valenciana","url":"https:\/\/amdcomval.com\/","logo":{"@type":"ImageObject","inLanguage":"val","@id":"https:\/\/amdcomval.com\/#\/schema\/logo\/image\/","url":"https:\/\/amdcomval.com\/wp-content\/uploads\/2025\/10\/AMDComVal-logo-horizontal-2.png","contentUrl":"https:\/\/amdcomval.com\/wp-content\/uploads\/2025\/10\/AMDComVal-logo-horizontal-2.png","width":2560,"height":936,"caption":"AMDComVal - Associaci\u00f3 de Mitjans Digitals de la Comunitat Valenciana"},"image":{"@id":"https:\/\/amdcomval.com\/#\/schema\/logo\/image\/"},"sameAs":["https:\/\/www.facebook.com\/Associaci-De-Mitjans-Digitals-238717099544439\/","https:\/\/x.com\/AMDComVal","https:\/\/www.linkedin.com\/groups\/3150654\/"]},{"@type":"Person","@id":"https:\/\/amdcomval.com\/#\/schema\/person\/f15529598c810a38625abf10fd5bda3a","name":"AMDComVal","url":"https:\/\/amdcomval.com\/val\/author\/amdcomval\/"}]}},"_links":{"self":[{"href":"https:\/\/amdcomval.com\/val\/wp-json\/wp\/v2\/posts\/698","targetHints":{"allow":["GET"]}}],"collection":[{"href":"https:\/\/amdcomval.com\/val\/wp-json\/wp\/v2\/posts"}],"about":[{"href":"https:\/\/amdcomval.com\/val\/wp-json\/wp\/v2\/types\/post"}],"author":[{"embeddable":true,"href":"https:\/\/amdcomval.com\/val\/wp-json\/wp\/v2\/users\/4"}],"replies":[{"embeddable":true,"href":"https:\/\/amdcomval.com\/val\/wp-json\/wp\/v2\/comments?post=698"}],"version-history":[{"count":0,"href":"https:\/\/amdcomval.com\/val\/wp-json\/wp\/v2\/posts\/698\/revisions"}],"wp:featuredmedia":[{"embeddable":true,"href":"https:\/\/amdcomval.com\/val\/wp-json\/wp\/v2\/media\/2317"}],"wp:attachment":[{"href":"https:\/\/amdcomval.com\/val\/wp-json\/wp\/v2\/media?parent=698"}],"wp:term":[{"taxonomy":"category","embeddable":true,"href":"https:\/\/amdcomval.com\/val\/wp-json\/wp\/v2\/categories?post=698"},{"taxonomy":"post_tag","embeddable":true,"href":"https:\/\/amdcomval.com\/val\/wp-json\/wp\/v2\/tags?post=698"}],"curies":[{"name":"wp","href":"https:\/\/api.w.org\/{rel}","templated":true}]}}