{"id":699,"date":"2012-04-03T10:16:32","date_gmt":"2012-04-03T10:16:32","guid":{"rendered":"https:\/\/www.amdcomval.com\/?p=445"},"modified":"2012-04-03T10:16:32","modified_gmt":"2012-04-03T10:16:32","slug":"cronica-de-una-asamblea-tuiteada-ii","status":"publish","type":"post","link":"https:\/\/amdcomval.com\/val\/cronica-de-una-asamblea-tuiteada-ii\/","title":{"rendered":"Cr\u00f3nica de una Asamblea tuiteada (II)"},"content":{"rendered":"<p><strong>\u201cAn\u00e1lisis y mapa de los medios de comunicaci\u00f3n digitales en la Comunitat Valenciana\u201d \u00a0<\/strong><strong><\/strong><\/p>\n<p>[fusion_builder_container hundred_percent=&#8221;yes&#8221; overflow=&#8221;visible&#8221;][fusion_builder_row][fusion_builder_column type=&#8221;1_1&#8243; background_position=&#8221;left top&#8221; background_color=&#8221;&#8221; border_size=&#8221;&#8221; border_color=&#8221;&#8221; border_style=&#8221;solid&#8221; spacing=&#8221;yes&#8221; background_image=&#8221;&#8221; background_repeat=&#8221;no-repeat&#8221; padding=&#8221;&#8221; margin_top=&#8221;0px&#8221; margin_bottom=&#8221;0px&#8221; class=&#8221;&#8221; id=&#8221;&#8221; animation_type=&#8221;&#8221; animation_speed=&#8221;0.3&#8243; animation_direction=&#8221;left&#8221; hide_on_mobile=&#8221;no&#8221; center_content=&#8221;no&#8221; min_height=&#8221;none&#8221;]<div id=\"attachment_474\" style=\"width: 209px\" class=\"wp-caption alignleft\"><a href=\"https:\/\/amdcomval.com\/cronica-de-una-asamblea-tuiteada-ii\/ii\/\" rel=\"attachment wp-att-474\"><img loading=\"lazy\" decoding=\"async\" aria-describedby=\"caption-attachment-474\" class=\"size-medium wp-image-474\" src=\"https:\/\/amdcomval.com\/wp-content\/uploads\/2012\/04\/II-199x300.jpg\"  width=\"199\" height=\"300\" \/><\/a><p id=\"caption-attachment-474\" class=\"wp-caption-text\">@AMDComVal Una 1\u00aa buena conclusi\u00f3n: &quot;nosotros no somos The Guardian, pero...&quot; los #mediosdigitales pueden ofrecer mucho #AMDComVal<\/p><\/div><\/p>\n<p>Tras el par\u00f3n, <strong>@brunoramoslara<\/strong> <em>Ahora toca an\u00e1lisis del mapa de medios con @gdetorres y @guillermoLPD #amdcomval<\/em><\/p>\n<p>Comienza la ponencia <a href=\"https:\/\/twitter.com\/#!\/GuillermoLPD\">Guillermo L\u00f3pez<\/a>, profesor de periodismo de la Universidad de Valencia y autor de la P\u00e1gina Definitiva, en la que <strong>@_cristinabea<\/strong> <em>@GuillermoLPD detalla las conclusiones de un estudio sobre los cibermedios valencianos (2008-2011) llevado a cabo en la @UV_EG. #amdcomval <\/em><\/p>\n<p>En su an\u00e1lisis, muestra los principales problemas a los que se enfrenta el periodismo digital, as\u00ed como las barreras que deben superarse.<\/p>\n<p><strong>@carlesxpf<\/strong> <em>El reto: generar contenidos y p\u00fablico. Desde all\u00ed, sector e industria period\u00edstica. Luego, todos los soportes son v\u00e1lidos. #AMDComVal #fb \u00a0\u00a0<\/em>Haciendo especial hincapi\u00e9 en que <strong>@Vyc_Nunez_Fdez <\/strong><em>@GuillermoLPD :&#8221;m\u00e1s no es sin\u00f3nimo de mejor, abuso del copy&amp;paste en los medios digitales de la CV&#8221;<strong> <\/strong>#Amdcomval<\/em><em><\/em><\/p>\n<p>Y no olvida se\u00f1alar los problemas econ\u00f3micos que se est\u00e1n viviendo, ya que <strong>@JavierRuizSin <\/strong><em>Crisis es sinonimo de oportunidad, pero sobre todo de crisis. By @guillermoLPD en. #AMDComVal jornadas \u00a0\u00a0\u00a0\u00a0\u00a0<\/em>Por lo que se plantean dificultades a la hora de conseguir ingresos,<strong> @MalaltdeFalles <\/strong><em>Les fonts de publicitat institucionals en q\u00fcesti\u00f3 pels problemes econ\u00f4mics p\u00fcblics #AMDComVal @GuillermoLPD <\/em><\/p>\n<p>Las conclusiones de esta primera parte de la ponencia son claras, <strong>@MalaltdeFalles<\/strong> <em>Conclusions de @GuillermoLPD: r\u00e0pid augment de mitjans digitals i acusada depend\u00e8ncia de finan\u00e7ament publicit\u00e0ri #AMDComVal<\/em><\/p>\n<p>A pesar de todo, <strong>@brunoramoslara<\/strong> <em>El cuidado de los contenidos de medios locales empieza a cuidarse, #bien \ud83d\ude09 @gdetorres @guillermoLPD #amdcomval<\/em><\/p>\n<p>Contin\u00faa dibujando el mapa de los medios digitales en la Comunidad Valenciana, <a href=\"https:\/\/twitter.com\/#!\/gdetorres\">Elvira Garc\u00eda<\/a>, profesora de periodismo digital de la Universidad Cardenal Herrera y directora del Observatorio de medios digitales.<\/p>\n<p><strong>@AMDComVal <\/strong><em>Tras la ponencia de @GuillermoLPD @gdetorres comienza a hablar de #periodistasemprendedores #AMDComVal <\/em>\u00a0\u00a0\u00a0En la que asegura que \u00a0\u00a0<strong>@Acentuate <\/strong><em>La palabra #periodista lleva aparejada en alg\u00fan momento la palabra #emprendedor #amdcomval @gdetorres<strong><\/strong><\/em><\/p>\n<p>En este sentido <strong>@360gradospress <\/strong><em>@gdetorres plantea crear un &#8220;mapa del emprendedurismo&#8221; de medios digitales en las jornadas de #amdcomval #periodismo\u00a0\u00a0 y asegura que <strong>@AMDComVal <\/strong><em>@gdetorres Adem\u00e1s de noticias, &#8220;podemos ofrecer muchas otras cosas. Hay que invertir en un buen comercial&#8221; #AMDComVal #mediosdigitales\u00a0\u00a0 Aunque para <strong>@LorennaRM <\/strong><em>&#8220;Producir nuevas ideas, para eso no hace falta dinero&#8221; @gdetorres #AMDComVal<\/em><\/em><\/em><\/p>\n<p>La directora de OIMED tambi\u00e9n aporta nuevos <strong>@360gradospress <\/strong><em>Retos de los medios digitales: innovaci\u00f3n, tecnolog\u00eda, colaboraci\u00f3n, recursos, investigaci\u00f3n y formaci\u00f3n. #amdcomval #periodismo<\/em><\/p>\n<p>En su exposici\u00f3n tambi\u00e9n apuesta por un trabajo colaborativo y <strong>@AMDComVal<\/strong> <em>@gdetorres menciona el #gratisnotrabajo y propone hacer una biblioteca de recursos en l\u00ednea y gratuita #AMDComVal #investigaci\u00f3n #prensa<\/em><\/p>\n<p>Sobre los nuevos soportes para medios digitales se\u00f1ala que<strong> @brunoramoslara <\/strong><em>&#8220;Estamos dando el salto al #periodismo m\u00f3vil&#8221; @gdetorres #amdcomval<\/em>\u00a0\u00a0\u00a0 Tras lo cual, @<strong>AMDComVal <\/strong><em>@gdetorres felicita a @Hortanoticias por su aplicaci\u00f3n m\u00f3vil #AMDComVal #mediosdigitales #prensalocal<\/em><\/p>\n<p>Sin duda,<strong> <\/strong>la charla est\u00e1 siendo un \u00e9xito, y ante el <strong>@Mikelgro <\/strong><em>Tic-tac, tic-tac, tic-tac&#8230; @gdetorres acosada por la cuenta atr\u00e1s en su ponencia #malditoreloj #periodismodigital de #AMDComVal <\/em>\u00a0\u00a0los asistentes piden <strong>@brunoramoslara <\/strong><em>Darle m\u00e1s tiempo a @gdetorres!!! #amdcomval \ud83d\ude09<\/em>\u00a0 <strong>@brunoramoslara <\/strong><em>&#8220;Geolocalizacion+voz, puede ser un modelo de negocio&#8221;@gdetorres #amdcomval<\/em><\/p>\n<p>Como conclusiones, <strong>@Hectogonz<\/strong> <em>@gdtorres destaca que el periodismo digital es m\u00e1s un modo que un medio de vida en las jornadas de #amdcomval, en @bioparc de Valencia<\/em><\/p>\n<p><strong>@AMDComVal <\/strong><em>Una 1\u00aa buena conclusi\u00f3n: &#8220;nosotros no somos The Guardian, pero&#8230;&#8221; los #mediosdigitales pueden ofrecer mucho #AMDComVal<\/em><strong><\/strong><\/p>\n<p><strong>@sergio_m <\/strong><em>&#8220;Para tener ideas no hace falta dinero. Quiz\u00e1s tiempo&#8221; @gdetorres en #AMDComVal <a href=\"http:\/\/t.co\/Vv1oyBqZ\">http:\/\/t.co\/Vv1oyBqZ<\/a> <\/em><\/p>\n<p><strong>@AMDComVal <\/strong><em>Y empieza el turno de preguntas #AMDComVal #prensa #mediosdigitales<\/em><\/p>\n<p>El p\u00fablico se muestra especialmente interesado en conocer <strong>@AMDComVal <\/strong><em>\u00bfQu\u00e9 es un medio digital? \u00bfTodo vale? \u00bfBlog y medios son lo mismo? Pregunta interesante para @GuillermoLPD y @gdetorres #AMDComVal #medios<\/em><\/p>\n<p>Empieza respondiendo Elvira Garc\u00eda, <strong>@AMDComVal <\/strong><em>@gdetorres &#8220;Los blogs pueden tener enorme calidad y recoger publicidad&#8221;. Aparecen ideas: Periodismo ambiente, periodismo abierto #AMDComVal<\/em><strong><\/strong><\/p>\n<p>Aunque eso no significa que \u201ctodo vale\u201d,<strong> @brunoramoslara <\/strong><em>@guillermoLPD limita los medios de estudio #amdcomval es un primer filtro \ud83d\ude09\u00a0 <\/em>Y<em> <\/em>los asistentes proponen\u00a0\u00a0 <strong>@GUILLERMOQUART <\/strong><em>Una solucion , certificar los medios digitales profesionales #AMDComVal<\/em><strong><\/strong><\/p>\n<p><strong>@AMDComVal <\/strong><em>Acaban @gdetorres y @GuillermoLPD \u00a1Muchas gracias! Una ponencia muy interesante que da qu\u00e9 pensar #AMDComVal <\/em>\u00a0\u00a0Tras lo cual, <strong>\u00a0\u00a0@AMDComVal <\/strong><em>Se inicia la ponencia con la @prensagratuita @acpg_acpg y @360gradospress #AMDComVal<\/em><\/p>\n<p>\u201c<a href=\"https:\/\/amdcomval.com\/cronica-de-una-asamblea-tuiteada-iii\/\">La prensa gratuita y digital en Espa\u00f1a<\/a>\u201d[\/fusion_builder_column][\/fusion_builder_row][\/fusion_builder_container]<\/p>\n","protected":false},"excerpt":{"rendered":"<p>\u201cAn\u00e1lisis y mapa de los medios de comunicaci\u00f3n digitales en la Comunitat Valenciana\u201d \u00a0 [fusion_builder_container hundred_percent=&#8221;yes&#8221; overflow=&#8221;visible&#8221;][fusion_builder_row][fusion_builder_column type=&#8221;1_1&#8243; background_position=&#8221;left top&#8221; background_color=&#8221;&#8221; border_size=&#8221;&#8221; border_color=&#8221;&#8221; border_style=&#8221;solid&#8221; spacing=&#8221;yes&#8221; background_image=&#8221;&#8221; background_repeat=&#8221;no-repeat&#8221; padding=&#8221;&#8221; margin_top=&#8221;0px&#8221; margin_bottom=&#8221;0px&#8221; class=&#8221;&#8221; id=&#8221;&#8221; animation_type=&#8221;&#8221; animation_speed=&#8221;0.3&#8243; animation_direction=&#8221;left&#8221; hide_on_mobile=&#8221;no&#8221; center_content=&#8221;no&#8221; min_height=&#8221;none&#8221;] Tras el par\u00f3n, @brunoramoslara Ahora toca an\u00e1lisis del mapa de medios con @gdetorres y @guillermoLPD #amdcomval Comienza [&hellip;]<\/p>\n","protected":false},"author":4,"featured_media":2318,"comment_status":"open","ping_status":"open","sticky":false,"template":"","format":"standard","meta":{"_acf_changed":false,"footnotes":""},"categories":[17],"tags":[12,59,65,66,93,68,29,62,78,70,71],"class_list":["post-699","post","type-post","status-publish","format-standard","has-post-thumbnail","hentry","category-blog","tag-amdcomval","tag-asociacion-de-medios-digitales-de-la-comunidad-valenciana","tag-bioparc","tag-comunidad-valenciana","tag-ii-jornadas-de-medios-digitales","tag-medios","tag-medios-digitales","tag-periodismo","tag-periodismo-digital","tag-prensa","tag-prensa-digital"],"acf":[],"yoast_head":"<!-- This site is optimized with the Yoast SEO plugin v26.3 - https:\/\/yoast.com\/wordpress\/plugins\/seo\/ -->\n<title>Cr\u00f3nica de una Asamblea tuiteada (II) - AMDComVal - Associaci\u00f3 de Mitjans Digitals de la Comunitat Valenciana<\/title>\n<meta name=\"robots\" content=\"index, follow, max-snippet:-1, max-image-preview:large, max-video-preview:-1\" \/>\n<link rel=\"canonical\" href=\"https:\/\/amdcomval.com\/cronica-de-una-asamblea-tuiteada-ii\/\" \/>\n<meta property=\"og:locale\" content=\"en_US\" \/>\n<meta property=\"og:type\" content=\"article\" \/>\n<meta property=\"og:title\" content=\"Cr\u00f3nica de una Asamblea tuiteada (II) - AMDComVal - Associaci\u00f3 de Mitjans Digitals de la Comunitat Valenciana\" \/>\n<meta property=\"og:description\" content=\"\u201cAn\u00e1lisis y mapa de los medios de comunicaci\u00f3n digitales en la Comunitat Valenciana\u201d \u00a0 [fusion_builder_container hundred_percent=&#8221;yes&#8221; overflow=&#8221;visible&#8221;][fusion_builder_row][fusion_builder_column type=&#8221;1_1&#8243; background_position=&#8221;left top&#8221; background_color=&#8221;&#8221; border_size=&#8221;&#8221; border_color=&#8221;&#8221; border_style=&#8221;solid&#8221; spacing=&#8221;yes&#8221; background_image=&#8221;&#8221; background_repeat=&#8221;no-repeat&#8221; padding=&#8221;&#8221; margin_top=&#8221;0px&#8221; margin_bottom=&#8221;0px&#8221; class=&#8221;&#8221; id=&#8221;&#8221; animation_type=&#8221;&#8221; animation_speed=&#8221;0.3&#8243; animation_direction=&#8221;left&#8221; hide_on_mobile=&#8221;no&#8221; center_content=&#8221;no&#8221; min_height=&#8221;none&#8221;] Tras el par\u00f3n, @brunoramoslara Ahora toca an\u00e1lisis del mapa de medios con @gdetorres y @guillermoLPD #amdcomval Comienza [&hellip;]\" \/>\n<meta property=\"og:url\" content=\"https:\/\/amdcomval.com\/cronica-de-una-asamblea-tuiteada-ii\/\" \/>\n<meta property=\"og:site_name\" content=\"AMDComVal - Associaci\u00f3 de Mitjans Digitals de la Comunitat Valenciana\" \/>\n<meta property=\"article:publisher\" content=\"https:\/\/www.facebook.com\/Associaci-De-Mitjans-Digitals-238717099544439\/\" \/>\n<meta property=\"article:published_time\" content=\"2012-04-03T10:16:32+00:00\" \/>\n<meta property=\"og:image\" content=\"https:\/\/amdcomval.com\/wp-content\/uploads\/2012\/04\/II.jpg\" \/>\n\t<meta property=\"og:image:width\" content=\"388\" \/>\n\t<meta property=\"og:image:height\" content=\"584\" \/>\n\t<meta property=\"og:image:type\" content=\"image\/jpeg\" \/>\n<meta name=\"author\" content=\"AMDComVal\" \/>\n<meta name=\"twitter:card\" content=\"summary_large_image\" \/>\n<meta name=\"twitter:creator\" content=\"@AMDComVal\" \/>\n<meta name=\"twitter:site\" content=\"@AMDComVal\" \/>\n<meta name=\"twitter:label1\" content=\"Written by\" \/>\n\t<meta name=\"twitter:data1\" content=\"AMDComVal\" \/>\n\t<meta name=\"twitter:label2\" content=\"Est. reading time\" \/>\n\t<meta name=\"twitter:data2\" content=\"4 minutes\" \/>\n<script type=\"application\/ld+json\" class=\"yoast-schema-graph\">{\"@context\":\"https:\/\/schema.org\",\"@graph\":[{\"@type\":\"Article\",\"@id\":\"https:\/\/amdcomval.com\/cronica-de-una-asamblea-tuiteada-ii\/#article\",\"isPartOf\":{\"@id\":\"https:\/\/amdcomval.com\/cronica-de-una-asamblea-tuiteada-ii\/\"},\"author\":{\"name\":\"AMDComVal\",\"@id\":\"https:\/\/amdcomval.com\/#\/schema\/person\/f15529598c810a38625abf10fd5bda3a\"},\"headline\":\"Cr\u00f3nica de una Asamblea tuiteada (II)\",\"datePublished\":\"2012-04-03T10:16:32+00:00\",\"mainEntityOfPage\":{\"@id\":\"https:\/\/amdcomval.com\/cronica-de-una-asamblea-tuiteada-ii\/\"},\"wordCount\":844,\"commentCount\":0,\"publisher\":{\"@id\":\"https:\/\/amdcomval.com\/#organization\"},\"image\":{\"@id\":\"https:\/\/amdcomval.com\/cronica-de-una-asamblea-tuiteada-ii\/#primaryimage\"},\"thumbnailUrl\":\"https:\/\/amdcomval.com\/wp-content\/uploads\/2012\/04\/II.jpg\",\"keywords\":[\"amdcomval\",\"Asociaci\u00f3n de Medios Digitales de la Comunidad Valenciana\",\"Bioparc\",\"Comunidad Valenciana\",\"II Jornadas de Medios Digitales\",\"medios\",\"medios digitales\",\"periodismo\",\"Periodismo Digital\",\"prensa\",\"prensa digital\"],\"articleSection\":[\"Blog\"],\"inLanguage\":\"val\",\"potentialAction\":[{\"@type\":\"CommentAction\",\"name\":\"Comment\",\"target\":[\"https:\/\/amdcomval.com\/cronica-de-una-asamblea-tuiteada-ii\/#respond\"]}]},{\"@type\":\"WebPage\",\"@id\":\"https:\/\/amdcomval.com\/cronica-de-una-asamblea-tuiteada-ii\/\",\"url\":\"https:\/\/amdcomval.com\/cronica-de-una-asamblea-tuiteada-ii\/\",\"name\":\"Cr\u00f3nica de una Asamblea tuiteada (II) - AMDComVal - Associaci\u00f3 de Mitjans Digitals de la Comunitat Valenciana\",\"isPartOf\":{\"@id\":\"https:\/\/amdcomval.com\/#website\"},\"primaryImageOfPage\":{\"@id\":\"https:\/\/amdcomval.com\/cronica-de-una-asamblea-tuiteada-ii\/#primaryimage\"},\"image\":{\"@id\":\"https:\/\/amdcomval.com\/cronica-de-una-asamblea-tuiteada-ii\/#primaryimage\"},\"thumbnailUrl\":\"https:\/\/amdcomval.com\/wp-content\/uploads\/2012\/04\/II.jpg\",\"datePublished\":\"2012-04-03T10:16:32+00:00\",\"breadcrumb\":{\"@id\":\"https:\/\/amdcomval.com\/cronica-de-una-asamblea-tuiteada-ii\/#breadcrumb\"},\"inLanguage\":\"val\",\"potentialAction\":[{\"@type\":\"ReadAction\",\"target\":[\"https:\/\/amdcomval.com\/cronica-de-una-asamblea-tuiteada-ii\/\"]}]},{\"@type\":\"ImageObject\",\"inLanguage\":\"val\",\"@id\":\"https:\/\/amdcomval.com\/cronica-de-una-asamblea-tuiteada-ii\/#primaryimage\",\"url\":\"https:\/\/amdcomval.com\/wp-content\/uploads\/2012\/04\/II.jpg\",\"contentUrl\":\"https:\/\/amdcomval.com\/wp-content\/uploads\/2012\/04\/II.jpg\",\"width\":388,\"height\":584,\"caption\":\"@AMDComVal Una 1\u00aa buena conclusi\u00f3n: \\\"nosotros no somos The Guardian, pero...\\\" los #mediosdigitales pueden ofrecer mucho #AMDComVal\"},{\"@type\":\"BreadcrumbList\",\"@id\":\"https:\/\/amdcomval.com\/cronica-de-una-asamblea-tuiteada-ii\/#breadcrumb\",\"itemListElement\":[{\"@type\":\"ListItem\",\"position\":1,\"name\":\"Portada\",\"item\":\"https:\/\/amdcomval.com\/val\/\"},{\"@type\":\"ListItem\",\"position\":2,\"name\":\"Cr\u00f3nica de una Asamblea tuiteada (II)\"}]},{\"@type\":\"WebSite\",\"@id\":\"https:\/\/amdcomval.com\/#website\",\"url\":\"https:\/\/amdcomval.com\/\",\"name\":\"AMDComVal - Associaci\u00f3 de Mitjans Digitals de la Comunitat Valenciana\",\"description\":\"Web oficial de la Associaci\u00f3 de Mitjans Digitals de la Comunitat Valenciana (AMDComVal). Por la profesionalizaci\u00f3n y dignificaci\u00f3n de los medios de comunicaci\u00f3n digital\",\"publisher\":{\"@id\":\"https:\/\/amdcomval.com\/#organization\"},\"potentialAction\":[{\"@type\":\"SearchAction\",\"target\":{\"@type\":\"EntryPoint\",\"urlTemplate\":\"https:\/\/amdcomval.com\/?s={search_term_string}\"},\"query-input\":{\"@type\":\"PropertyValueSpecification\",\"valueRequired\":true,\"valueName\":\"search_term_string\"}}],\"inLanguage\":\"val\"},{\"@type\":\"Organization\",\"@id\":\"https:\/\/amdcomval.com\/#organization\",\"name\":\"AMDComVal - Associaci\u00f3 de Mitjans Digitals de la Comunitat Valenciana\",\"url\":\"https:\/\/amdcomval.com\/\",\"logo\":{\"@type\":\"ImageObject\",\"inLanguage\":\"val\",\"@id\":\"https:\/\/amdcomval.com\/#\/schema\/logo\/image\/\",\"url\":\"https:\/\/amdcomval.com\/wp-content\/uploads\/2025\/10\/AMDComVal-logo-horizontal-2.png\",\"contentUrl\":\"https:\/\/amdcomval.com\/wp-content\/uploads\/2025\/10\/AMDComVal-logo-horizontal-2.png\",\"width\":2560,\"height\":936,\"caption\":\"AMDComVal - Associaci\u00f3 de Mitjans Digitals de la Comunitat Valenciana\"},\"image\":{\"@id\":\"https:\/\/amdcomval.com\/#\/schema\/logo\/image\/\"},\"sameAs\":[\"https:\/\/www.facebook.com\/Associaci-De-Mitjans-Digitals-238717099544439\/\",\"https:\/\/x.com\/AMDComVal\",\"https:\/\/www.linkedin.com\/groups\/3150654\/\"]},{\"@type\":\"Person\",\"@id\":\"https:\/\/amdcomval.com\/#\/schema\/person\/f15529598c810a38625abf10fd5bda3a\",\"name\":\"AMDComVal\",\"url\":\"https:\/\/amdcomval.com\/val\/author\/amdcomval\/\"}]}<\/script>\n<!-- \/ Yoast SEO plugin. -->","yoast_head_json":{"title":"Cr\u00f3nica de una Asamblea tuiteada (II) - AMDComVal - Associaci\u00f3 de Mitjans Digitals de la Comunitat Valenciana","robots":{"index":"index","follow":"follow","max-snippet":"max-snippet:-1","max-image-preview":"max-image-preview:large","max-video-preview":"max-video-preview:-1"},"canonical":"https:\/\/amdcomval.com\/cronica-de-una-asamblea-tuiteada-ii\/","og_locale":"en_US","og_type":"article","og_title":"Cr\u00f3nica de una Asamblea tuiteada (II) - AMDComVal - Associaci\u00f3 de Mitjans Digitals de la Comunitat Valenciana","og_description":"\u201cAn\u00e1lisis y mapa de los medios de comunicaci\u00f3n digitales en la Comunitat Valenciana\u201d \u00a0 [fusion_builder_container hundred_percent=&#8221;yes&#8221; overflow=&#8221;visible&#8221;][fusion_builder_row][fusion_builder_column type=&#8221;1_1&#8243; background_position=&#8221;left top&#8221; background_color=&#8221;&#8221; border_size=&#8221;&#8221; border_color=&#8221;&#8221; border_style=&#8221;solid&#8221; spacing=&#8221;yes&#8221; background_image=&#8221;&#8221; background_repeat=&#8221;no-repeat&#8221; padding=&#8221;&#8221; margin_top=&#8221;0px&#8221; margin_bottom=&#8221;0px&#8221; class=&#8221;&#8221; id=&#8221;&#8221; animation_type=&#8221;&#8221; animation_speed=&#8221;0.3&#8243; animation_direction=&#8221;left&#8221; hide_on_mobile=&#8221;no&#8221; center_content=&#8221;no&#8221; min_height=&#8221;none&#8221;] Tras el par\u00f3n, @brunoramoslara Ahora toca an\u00e1lisis del mapa de medios con @gdetorres y @guillermoLPD #amdcomval Comienza [&hellip;]","og_url":"https:\/\/amdcomval.com\/cronica-de-una-asamblea-tuiteada-ii\/","og_site_name":"AMDComVal - Associaci\u00f3 de Mitjans Digitals de la Comunitat Valenciana","article_publisher":"https:\/\/www.facebook.com\/Associaci-De-Mitjans-Digitals-238717099544439\/","article_published_time":"2012-04-03T10:16:32+00:00","og_image":[{"width":388,"height":584,"url":"https:\/\/amdcomval.com\/wp-content\/uploads\/2012\/04\/II.jpg","type":"image\/jpeg"}],"author":"AMDComVal","twitter_card":"summary_large_image","twitter_creator":"@AMDComVal","twitter_site":"@AMDComVal","twitter_misc":{"Written by":"AMDComVal","Est. reading time":"4 minutes"},"schema":{"@context":"https:\/\/schema.org","@graph":[{"@type":"Article","@id":"https:\/\/amdcomval.com\/cronica-de-una-asamblea-tuiteada-ii\/#article","isPartOf":{"@id":"https:\/\/amdcomval.com\/cronica-de-una-asamblea-tuiteada-ii\/"},"author":{"name":"AMDComVal","@id":"https:\/\/amdcomval.com\/#\/schema\/person\/f15529598c810a38625abf10fd5bda3a"},"headline":"Cr\u00f3nica de una Asamblea tuiteada (II)","datePublished":"2012-04-03T10:16:32+00:00","mainEntityOfPage":{"@id":"https:\/\/amdcomval.com\/cronica-de-una-asamblea-tuiteada-ii\/"},"wordCount":844,"commentCount":0,"publisher":{"@id":"https:\/\/amdcomval.com\/#organization"},"image":{"@id":"https:\/\/amdcomval.com\/cronica-de-una-asamblea-tuiteada-ii\/#primaryimage"},"thumbnailUrl":"https:\/\/amdcomval.com\/wp-content\/uploads\/2012\/04\/II.jpg","keywords":["amdcomval","Asociaci\u00f3n de Medios Digitales de la Comunidad Valenciana","Bioparc","Comunidad Valenciana","II Jornadas de Medios Digitales","medios","medios digitales","periodismo","Periodismo Digital","prensa","prensa digital"],"articleSection":["Blog"],"inLanguage":"val","potentialAction":[{"@type":"CommentAction","name":"Comment","target":["https:\/\/amdcomval.com\/cronica-de-una-asamblea-tuiteada-ii\/#respond"]}]},{"@type":"WebPage","@id":"https:\/\/amdcomval.com\/cronica-de-una-asamblea-tuiteada-ii\/","url":"https:\/\/amdcomval.com\/cronica-de-una-asamblea-tuiteada-ii\/","name":"Cr\u00f3nica de una Asamblea tuiteada (II) - AMDComVal - Associaci\u00f3 de Mitjans Digitals de la Comunitat Valenciana","isPartOf":{"@id":"https:\/\/amdcomval.com\/#website"},"primaryImageOfPage":{"@id":"https:\/\/amdcomval.com\/cronica-de-una-asamblea-tuiteada-ii\/#primaryimage"},"image":{"@id":"https:\/\/amdcomval.com\/cronica-de-una-asamblea-tuiteada-ii\/#primaryimage"},"thumbnailUrl":"https:\/\/amdcomval.com\/wp-content\/uploads\/2012\/04\/II.jpg","datePublished":"2012-04-03T10:16:32+00:00","breadcrumb":{"@id":"https:\/\/amdcomval.com\/cronica-de-una-asamblea-tuiteada-ii\/#breadcrumb"},"inLanguage":"val","potentialAction":[{"@type":"ReadAction","target":["https:\/\/amdcomval.com\/cronica-de-una-asamblea-tuiteada-ii\/"]}]},{"@type":"ImageObject","inLanguage":"val","@id":"https:\/\/amdcomval.com\/cronica-de-una-asamblea-tuiteada-ii\/#primaryimage","url":"https:\/\/amdcomval.com\/wp-content\/uploads\/2012\/04\/II.jpg","contentUrl":"https:\/\/amdcomval.com\/wp-content\/uploads\/2012\/04\/II.jpg","width":388,"height":584,"caption":"@AMDComVal Una 1\u00aa buena conclusi\u00f3n: \"nosotros no somos The Guardian, pero...\" los #mediosdigitales pueden ofrecer mucho #AMDComVal"},{"@type":"BreadcrumbList","@id":"https:\/\/amdcomval.com\/cronica-de-una-asamblea-tuiteada-ii\/#breadcrumb","itemListElement":[{"@type":"ListItem","position":1,"name":"Portada","item":"https:\/\/amdcomval.com\/val\/"},{"@type":"ListItem","position":2,"name":"Cr\u00f3nica de una Asamblea tuiteada (II)"}]},{"@type":"WebSite","@id":"https:\/\/amdcomval.com\/#website","url":"https:\/\/amdcomval.com\/","name":"AMDComVal - Associaci\u00f3 de Mitjans Digitals de la Comunitat Valenciana","description":"Web oficial de la Associaci\u00f3 de Mitjans Digitals de la Comunitat Valenciana (AMDComVal). Por la profesionalizaci\u00f3n y dignificaci\u00f3n de los medios de comunicaci\u00f3n digital","publisher":{"@id":"https:\/\/amdcomval.com\/#organization"},"potentialAction":[{"@type":"SearchAction","target":{"@type":"EntryPoint","urlTemplate":"https:\/\/amdcomval.com\/?s={search_term_string}"},"query-input":{"@type":"PropertyValueSpecification","valueRequired":true,"valueName":"search_term_string"}}],"inLanguage":"val"},{"@type":"Organization","@id":"https:\/\/amdcomval.com\/#organization","name":"AMDComVal - Associaci\u00f3 de Mitjans Digitals de la Comunitat Valenciana","url":"https:\/\/amdcomval.com\/","logo":{"@type":"ImageObject","inLanguage":"val","@id":"https:\/\/amdcomval.com\/#\/schema\/logo\/image\/","url":"https:\/\/amdcomval.com\/wp-content\/uploads\/2025\/10\/AMDComVal-logo-horizontal-2.png","contentUrl":"https:\/\/amdcomval.com\/wp-content\/uploads\/2025\/10\/AMDComVal-logo-horizontal-2.png","width":2560,"height":936,"caption":"AMDComVal - Associaci\u00f3 de Mitjans Digitals de la Comunitat Valenciana"},"image":{"@id":"https:\/\/amdcomval.com\/#\/schema\/logo\/image\/"},"sameAs":["https:\/\/www.facebook.com\/Associaci-De-Mitjans-Digitals-238717099544439\/","https:\/\/x.com\/AMDComVal","https:\/\/www.linkedin.com\/groups\/3150654\/"]},{"@type":"Person","@id":"https:\/\/amdcomval.com\/#\/schema\/person\/f15529598c810a38625abf10fd5bda3a","name":"AMDComVal","url":"https:\/\/amdcomval.com\/val\/author\/amdcomval\/"}]}},"_links":{"self":[{"href":"https:\/\/amdcomval.com\/val\/wp-json\/wp\/v2\/posts\/699","targetHints":{"allow":["GET"]}}],"collection":[{"href":"https:\/\/amdcomval.com\/val\/wp-json\/wp\/v2\/posts"}],"about":[{"href":"https:\/\/amdcomval.com\/val\/wp-json\/wp\/v2\/types\/post"}],"author":[{"embeddable":true,"href":"https:\/\/amdcomval.com\/val\/wp-json\/wp\/v2\/users\/4"}],"replies":[{"embeddable":true,"href":"https:\/\/amdcomval.com\/val\/wp-json\/wp\/v2\/comments?post=699"}],"version-history":[{"count":0,"href":"https:\/\/amdcomval.com\/val\/wp-json\/wp\/v2\/posts\/699\/revisions"}],"wp:featuredmedia":[{"embeddable":true,"href":"https:\/\/amdcomval.com\/val\/wp-json\/wp\/v2\/media\/2318"}],"wp:attachment":[{"href":"https:\/\/amdcomval.com\/val\/wp-json\/wp\/v2\/media?parent=699"}],"wp:term":[{"taxonomy":"category","embeddable":true,"href":"https:\/\/amdcomval.com\/val\/wp-json\/wp\/v2\/categories?post=699"},{"taxonomy":"post_tag","embeddable":true,"href":"https:\/\/amdcomval.com\/val\/wp-json\/wp\/v2\/tags?post=699"}],"curies":[{"name":"wp","href":"https:\/\/api.w.org\/{rel}","templated":true}]}}