{"id":703,"date":"2012-04-20T11:07:03","date_gmt":"2012-04-20T11:07:03","guid":{"rendered":"https:\/\/www.amdcomval.com\/?p=517"},"modified":"2012-04-20T11:07:03","modified_gmt":"2012-04-20T11:07:03","slug":"la-amdcomval-colabora-en-la-i-carrera-de-las-empresas-valencianas","status":"publish","type":"post","link":"https:\/\/amdcomval.com\/val\/la-amdcomval-colabora-en-la-i-carrera-de-las-empresas-valencianas\/","title":{"rendered":"La AMDComVal colabora en la I Carrera de las Empresas Valencianas"},"content":{"rendered":"<p style=\"text-align: justify;\"><a href=\"https:\/\/amdcomval.com\/la-amdcomval-colabora-en-la-i-carrera-de-las-empresas-valencianas\/banner_seccion-2\/\" rel=\"attachment wp-att-518\"><img loading=\"lazy\" decoding=\"async\" class=\"alignleft  wp-image-518\" src=\"https:\/\/amdcomval.com\/wp-content\/uploads\/2012\/04\/banner_seccion.jpg\"  width=\"224\" height=\"124\" \/><\/a>La Asociaci\u00f3n de Medios Digitales de la Comunidad Valenciana (<a href=\"https:\/\/amdcomval.com\/\">AMDComVal<\/a>) colabora en la I Carrera de Empresas Valencianas que organizan <a href=\"http:\/\/www.nostresport.com\/\">Nostresport<\/a> y <a href=\"http:\/\/www.noupindaro.com\/\">Nou P\u00edndaro<\/a> y que tendr\u00e1 lugar el pr\u00f3ximo 29 de abril.<\/p>\n<p style=\"text-align: justify;\">La primera edici\u00f3n de la Carrera de Empresas ser\u00e1 presentada esta tarde a las 19 horas en la Sala de \u00c1mbito Cultural de El Corte Ingl\u00e9s de Col\u00f3n, en un acto en el que estar\u00e1n presentes Pau P\u00e9rez Rico, director regional de Comunicaci\u00f3n y Relaciones Externas de El Corte Ingl\u00e9s, el ex atleta ol\u00edmpico Jos\u00e9 Antonio Redoblat o el experto en atletismo popular Recaredo Agull\u00f3, entre otros.<\/p>\n<p style=\"text-align: justify;\">Desde la AMDComVal se anima a todos a participar en esta atractiva actividad deportiva, que dar\u00e1 la oportunidad de recorrer el viejo cauce del Turia durante 9 kil\u00f3metros de carrera. Las inscripciones pueden hacer hasta el 26 de abril<strong> <\/strong>a trav\u00e9s de la <a href=\"http:\/\/www.carreradelasempresasvalencianas.com\/\">web<\/a> del evento o en las plantas de los centros de El Corte Ingl\u00e9s en Valencia -Pintor Sorolla (5\u00aa planta), \u00a0Avenida de Francia (5\u00aa planta), Nuevo Centro (5\u00aa planta \u2013 Edif.. Moda) y Ademuz (2\u00aa planta)-.<\/p>\n","protected":false},"excerpt":{"rendered":"<p>La Asociaci\u00f3n de Medios Digitales de la Comunidad Valenciana (AMDComVal) colabora en la I Carrera de Empresas Valencianas que organizan Nostresport y Nou P\u00edndaro y que tendr\u00e1 lugar el pr\u00f3ximo 29 de abril. La primera edici\u00f3n de la Carrera de Empresas ser\u00e1 presentada esta tarde a las 19 horas en la Sala de \u00c1mbito Cultural [&hellip;]<\/p>\n","protected":false},"author":4,"featured_media":2327,"comment_status":"open","ping_status":"open","sticky":false,"template":"","format":"standard","meta":{"_acf_changed":false,"footnotes":""},"categories":[17],"tags":[12,59,115,116,117,118,119,26,120,62,121,78,92],"class_list":["post-703","post","type-post","status-publish","format-standard","has-post-thumbnail","hentry","category-blog","tag-amdcomval","tag-asociacion-de-medios-digitales-de-la-comunidad-valenciana","tag-atletismo","tag-atletismo-valencia","tag-deporte","tag-el-corte-ingles","tag-i-carrera-empresas-valencianas","tag-nostresport","tag-nou-pindaro","tag-periodismo","tag-periodismo-deportivo","tag-periodismo-digital","tag-valencia"],"acf":[],"yoast_head":"<!-- This site is optimized with the Yoast SEO plugin v26.3 - https:\/\/yoast.com\/wordpress\/plugins\/seo\/ -->\n<title>La AMDComVal colabora en la I Carrera de las Empresas Valencianas - AMDComVal - Associaci\u00f3 de Mitjans Digitals de la Comunitat Valenciana<\/title>\n<meta name=\"robots\" content=\"index, follow, max-snippet:-1, max-image-preview:large, max-video-preview:-1\" \/>\n<link rel=\"canonical\" href=\"https:\/\/amdcomval.com\/la-amdcomval-colabora-en-la-i-carrera-de-las-empresas-valencianas\/\" \/>\n<meta property=\"og:locale\" content=\"en_US\" \/>\n<meta property=\"og:type\" content=\"article\" \/>\n<meta property=\"og:title\" content=\"La AMDComVal colabora en la I Carrera de las Empresas Valencianas - AMDComVal - Associaci\u00f3 de Mitjans Digitals de la Comunitat Valenciana\" \/>\n<meta property=\"og:description\" content=\"La Asociaci\u00f3n de Medios Digitales de la Comunidad Valenciana (AMDComVal) colabora en la I Carrera de Empresas Valencianas que organizan Nostresport y Nou P\u00edndaro y que tendr\u00e1 lugar el pr\u00f3ximo 29 de abril. La primera edici\u00f3n de la Carrera de Empresas ser\u00e1 presentada esta tarde a las 19 horas en la Sala de \u00c1mbito Cultural [&hellip;]\" \/>\n<meta property=\"og:url\" content=\"https:\/\/amdcomval.com\/la-amdcomval-colabora-en-la-i-carrera-de-las-empresas-valencianas\/\" \/>\n<meta property=\"og:site_name\" content=\"AMDComVal - Associaci\u00f3 de Mitjans Digitals de la Comunitat Valenciana\" \/>\n<meta property=\"article:publisher\" content=\"https:\/\/www.facebook.com\/Associaci-De-Mitjans-Digitals-238717099544439\/\" \/>\n<meta property=\"article:published_time\" content=\"2012-04-20T11:07:03+00:00\" \/>\n<meta property=\"og:image\" content=\"https:\/\/amdcomval.com\/wp-content\/uploads\/2012\/04\/banner_seccion.jpg\" \/>\n\t<meta property=\"og:image:width\" content=\"220\" \/>\n\t<meta property=\"og:image:height\" content=\"105\" \/>\n\t<meta property=\"og:image:type\" content=\"image\/jpeg\" \/>\n<meta name=\"author\" content=\"AMDComVal\" \/>\n<meta name=\"twitter:card\" content=\"summary_large_image\" \/>\n<meta name=\"twitter:creator\" content=\"@AMDComVal\" \/>\n<meta name=\"twitter:site\" content=\"@AMDComVal\" \/>\n<meta name=\"twitter:label1\" content=\"Written by\" \/>\n\t<meta name=\"twitter:data1\" content=\"AMDComVal\" \/>\n\t<meta name=\"twitter:label2\" content=\"Est. reading time\" \/>\n\t<meta name=\"twitter:data2\" content=\"1 minute\" \/>\n<script type=\"application\/ld+json\" class=\"yoast-schema-graph\">{\"@context\":\"https:\/\/schema.org\",\"@graph\":[{\"@type\":\"Article\",\"@id\":\"https:\/\/amdcomval.com\/la-amdcomval-colabora-en-la-i-carrera-de-las-empresas-valencianas\/#article\",\"isPartOf\":{\"@id\":\"https:\/\/amdcomval.com\/la-amdcomval-colabora-en-la-i-carrera-de-las-empresas-valencianas\/\"},\"author\":{\"name\":\"AMDComVal\",\"@id\":\"https:\/\/amdcomval.com\/#\/schema\/person\/f15529598c810a38625abf10fd5bda3a\"},\"headline\":\"La AMDComVal colabora en la I Carrera de las Empresas Valencianas\",\"datePublished\":\"2012-04-20T11:07:03+00:00\",\"mainEntityOfPage\":{\"@id\":\"https:\/\/amdcomval.com\/la-amdcomval-colabora-en-la-i-carrera-de-las-empresas-valencianas\/\"},\"wordCount\":196,\"commentCount\":0,\"publisher\":{\"@id\":\"https:\/\/amdcomval.com\/#organization\"},\"image\":{\"@id\":\"https:\/\/amdcomval.com\/la-amdcomval-colabora-en-la-i-carrera-de-las-empresas-valencianas\/#primaryimage\"},\"thumbnailUrl\":\"https:\/\/amdcomval.com\/wp-content\/uploads\/2012\/04\/banner_seccion.jpg\",\"keywords\":[\"amdcomval\",\"Asociaci\u00f3n de Medios Digitales de la Comunidad Valenciana\",\"atletismo\",\"atletismo Valencia\",\"deporte\",\"El Corte Ingl\u00e9s\",\"I Carrera Empresas Valencianas\",\"Nostresport\",\"Nou P\u00edndaro\",\"periodismo\",\"periodismo deportivo\",\"Periodismo Digital\",\"Valencia\"],\"articleSection\":[\"Blog\"],\"inLanguage\":\"val\",\"potentialAction\":[{\"@type\":\"CommentAction\",\"name\":\"Comment\",\"target\":[\"https:\/\/amdcomval.com\/la-amdcomval-colabora-en-la-i-carrera-de-las-empresas-valencianas\/#respond\"]}]},{\"@type\":\"WebPage\",\"@id\":\"https:\/\/amdcomval.com\/la-amdcomval-colabora-en-la-i-carrera-de-las-empresas-valencianas\/\",\"url\":\"https:\/\/amdcomval.com\/la-amdcomval-colabora-en-la-i-carrera-de-las-empresas-valencianas\/\",\"name\":\"La AMDComVal colabora en la I Carrera de las Empresas Valencianas - AMDComVal - Associaci\u00f3 de Mitjans Digitals de la Comunitat Valenciana\",\"isPartOf\":{\"@id\":\"https:\/\/amdcomval.com\/#website\"},\"primaryImageOfPage\":{\"@id\":\"https:\/\/amdcomval.com\/la-amdcomval-colabora-en-la-i-carrera-de-las-empresas-valencianas\/#primaryimage\"},\"image\":{\"@id\":\"https:\/\/amdcomval.com\/la-amdcomval-colabora-en-la-i-carrera-de-las-empresas-valencianas\/#primaryimage\"},\"thumbnailUrl\":\"https:\/\/amdcomval.com\/wp-content\/uploads\/2012\/04\/banner_seccion.jpg\",\"datePublished\":\"2012-04-20T11:07:03+00:00\",\"breadcrumb\":{\"@id\":\"https:\/\/amdcomval.com\/la-amdcomval-colabora-en-la-i-carrera-de-las-empresas-valencianas\/#breadcrumb\"},\"inLanguage\":\"val\",\"potentialAction\":[{\"@type\":\"ReadAction\",\"target\":[\"https:\/\/amdcomval.com\/la-amdcomval-colabora-en-la-i-carrera-de-las-empresas-valencianas\/\"]}]},{\"@type\":\"ImageObject\",\"inLanguage\":\"val\",\"@id\":\"https:\/\/amdcomval.com\/la-amdcomval-colabora-en-la-i-carrera-de-las-empresas-valencianas\/#primaryimage\",\"url\":\"https:\/\/amdcomval.com\/wp-content\/uploads\/2012\/04\/banner_seccion.jpg\",\"contentUrl\":\"https:\/\/amdcomval.com\/wp-content\/uploads\/2012\/04\/banner_seccion.jpg\",\"width\":220,\"height\":105},{\"@type\":\"BreadcrumbList\",\"@id\":\"https:\/\/amdcomval.com\/la-amdcomval-colabora-en-la-i-carrera-de-las-empresas-valencianas\/#breadcrumb\",\"itemListElement\":[{\"@type\":\"ListItem\",\"position\":1,\"name\":\"Portada\",\"item\":\"https:\/\/amdcomval.com\/val\/\"},{\"@type\":\"ListItem\",\"position\":2,\"name\":\"La AMDComVal colabora en la I Carrera de las Empresas Valencianas\"}]},{\"@type\":\"WebSite\",\"@id\":\"https:\/\/amdcomval.com\/#website\",\"url\":\"https:\/\/amdcomval.com\/\",\"name\":\"AMDComVal - Associaci\u00f3 de Mitjans Digitals de la Comunitat Valenciana\",\"description\":\"Web oficial de la Associaci\u00f3 de Mitjans Digitals de la Comunitat Valenciana (AMDComVal). Por la profesionalizaci\u00f3n y dignificaci\u00f3n de los medios de comunicaci\u00f3n digital\",\"publisher\":{\"@id\":\"https:\/\/amdcomval.com\/#organization\"},\"potentialAction\":[{\"@type\":\"SearchAction\",\"target\":{\"@type\":\"EntryPoint\",\"urlTemplate\":\"https:\/\/amdcomval.com\/?s={search_term_string}\"},\"query-input\":{\"@type\":\"PropertyValueSpecification\",\"valueRequired\":true,\"valueName\":\"search_term_string\"}}],\"inLanguage\":\"val\"},{\"@type\":\"Organization\",\"@id\":\"https:\/\/amdcomval.com\/#organization\",\"name\":\"AMDComVal - Associaci\u00f3 de Mitjans Digitals de la Comunitat Valenciana\",\"url\":\"https:\/\/amdcomval.com\/\",\"logo\":{\"@type\":\"ImageObject\",\"inLanguage\":\"val\",\"@id\":\"https:\/\/amdcomval.com\/#\/schema\/logo\/image\/\",\"url\":\"https:\/\/amdcomval.com\/wp-content\/uploads\/2025\/10\/AMDComVal-logo-horizontal-2.png\",\"contentUrl\":\"https:\/\/amdcomval.com\/wp-content\/uploads\/2025\/10\/AMDComVal-logo-horizontal-2.png\",\"width\":2560,\"height\":936,\"caption\":\"AMDComVal - Associaci\u00f3 de Mitjans Digitals de la Comunitat Valenciana\"},\"image\":{\"@id\":\"https:\/\/amdcomval.com\/#\/schema\/logo\/image\/\"},\"sameAs\":[\"https:\/\/www.facebook.com\/Associaci-De-Mitjans-Digitals-238717099544439\/\",\"https:\/\/x.com\/AMDComVal\",\"https:\/\/www.linkedin.com\/groups\/3150654\/\"]},{\"@type\":\"Person\",\"@id\":\"https:\/\/amdcomval.com\/#\/schema\/person\/f15529598c810a38625abf10fd5bda3a\",\"name\":\"AMDComVal\",\"url\":\"https:\/\/amdcomval.com\/val\/author\/amdcomval\/\"}]}<\/script>\n<!-- \/ Yoast SEO plugin. -->","yoast_head_json":{"title":"La AMDComVal colabora en la I Carrera de las Empresas Valencianas - AMDComVal - Associaci\u00f3 de Mitjans Digitals de la Comunitat Valenciana","robots":{"index":"index","follow":"follow","max-snippet":"max-snippet:-1","max-image-preview":"max-image-preview:large","max-video-preview":"max-video-preview:-1"},"canonical":"https:\/\/amdcomval.com\/la-amdcomval-colabora-en-la-i-carrera-de-las-empresas-valencianas\/","og_locale":"en_US","og_type":"article","og_title":"La AMDComVal colabora en la I Carrera de las Empresas Valencianas - AMDComVal - Associaci\u00f3 de Mitjans Digitals de la Comunitat Valenciana","og_description":"La Asociaci\u00f3n de Medios Digitales de la Comunidad Valenciana (AMDComVal) colabora en la I Carrera de Empresas Valencianas que organizan Nostresport y Nou P\u00edndaro y que tendr\u00e1 lugar el pr\u00f3ximo 29 de abril. La primera edici\u00f3n de la Carrera de Empresas ser\u00e1 presentada esta tarde a las 19 horas en la Sala de \u00c1mbito Cultural [&hellip;]","og_url":"https:\/\/amdcomval.com\/la-amdcomval-colabora-en-la-i-carrera-de-las-empresas-valencianas\/","og_site_name":"AMDComVal - Associaci\u00f3 de Mitjans Digitals de la Comunitat Valenciana","article_publisher":"https:\/\/www.facebook.com\/Associaci-De-Mitjans-Digitals-238717099544439\/","article_published_time":"2012-04-20T11:07:03+00:00","og_image":[{"width":220,"height":105,"url":"https:\/\/amdcomval.com\/wp-content\/uploads\/2012\/04\/banner_seccion.jpg","type":"image\/jpeg"}],"author":"AMDComVal","twitter_card":"summary_large_image","twitter_creator":"@AMDComVal","twitter_site":"@AMDComVal","twitter_misc":{"Written by":"AMDComVal","Est. reading time":"1 minute"},"schema":{"@context":"https:\/\/schema.org","@graph":[{"@type":"Article","@id":"https:\/\/amdcomval.com\/la-amdcomval-colabora-en-la-i-carrera-de-las-empresas-valencianas\/#article","isPartOf":{"@id":"https:\/\/amdcomval.com\/la-amdcomval-colabora-en-la-i-carrera-de-las-empresas-valencianas\/"},"author":{"name":"AMDComVal","@id":"https:\/\/amdcomval.com\/#\/schema\/person\/f15529598c810a38625abf10fd5bda3a"},"headline":"La AMDComVal colabora en la I Carrera de las Empresas Valencianas","datePublished":"2012-04-20T11:07:03+00:00","mainEntityOfPage":{"@id":"https:\/\/amdcomval.com\/la-amdcomval-colabora-en-la-i-carrera-de-las-empresas-valencianas\/"},"wordCount":196,"commentCount":0,"publisher":{"@id":"https:\/\/amdcomval.com\/#organization"},"image":{"@id":"https:\/\/amdcomval.com\/la-amdcomval-colabora-en-la-i-carrera-de-las-empresas-valencianas\/#primaryimage"},"thumbnailUrl":"https:\/\/amdcomval.com\/wp-content\/uploads\/2012\/04\/banner_seccion.jpg","keywords":["amdcomval","Asociaci\u00f3n de Medios Digitales de la Comunidad Valenciana","atletismo","atletismo Valencia","deporte","El Corte Ingl\u00e9s","I Carrera Empresas Valencianas","Nostresport","Nou P\u00edndaro","periodismo","periodismo deportivo","Periodismo Digital","Valencia"],"articleSection":["Blog"],"inLanguage":"val","potentialAction":[{"@type":"CommentAction","name":"Comment","target":["https:\/\/amdcomval.com\/la-amdcomval-colabora-en-la-i-carrera-de-las-empresas-valencianas\/#respond"]}]},{"@type":"WebPage","@id":"https:\/\/amdcomval.com\/la-amdcomval-colabora-en-la-i-carrera-de-las-empresas-valencianas\/","url":"https:\/\/amdcomval.com\/la-amdcomval-colabora-en-la-i-carrera-de-las-empresas-valencianas\/","name":"La AMDComVal colabora en la I Carrera de las Empresas Valencianas - AMDComVal - Associaci\u00f3 de Mitjans Digitals de la Comunitat Valenciana","isPartOf":{"@id":"https:\/\/amdcomval.com\/#website"},"primaryImageOfPage":{"@id":"https:\/\/amdcomval.com\/la-amdcomval-colabora-en-la-i-carrera-de-las-empresas-valencianas\/#primaryimage"},"image":{"@id":"https:\/\/amdcomval.com\/la-amdcomval-colabora-en-la-i-carrera-de-las-empresas-valencianas\/#primaryimage"},"thumbnailUrl":"https:\/\/amdcomval.com\/wp-content\/uploads\/2012\/04\/banner_seccion.jpg","datePublished":"2012-04-20T11:07:03+00:00","breadcrumb":{"@id":"https:\/\/amdcomval.com\/la-amdcomval-colabora-en-la-i-carrera-de-las-empresas-valencianas\/#breadcrumb"},"inLanguage":"val","potentialAction":[{"@type":"ReadAction","target":["https:\/\/amdcomval.com\/la-amdcomval-colabora-en-la-i-carrera-de-las-empresas-valencianas\/"]}]},{"@type":"ImageObject","inLanguage":"val","@id":"https:\/\/amdcomval.com\/la-amdcomval-colabora-en-la-i-carrera-de-las-empresas-valencianas\/#primaryimage","url":"https:\/\/amdcomval.com\/wp-content\/uploads\/2012\/04\/banner_seccion.jpg","contentUrl":"https:\/\/amdcomval.com\/wp-content\/uploads\/2012\/04\/banner_seccion.jpg","width":220,"height":105},{"@type":"BreadcrumbList","@id":"https:\/\/amdcomval.com\/la-amdcomval-colabora-en-la-i-carrera-de-las-empresas-valencianas\/#breadcrumb","itemListElement":[{"@type":"ListItem","position":1,"name":"Portada","item":"https:\/\/amdcomval.com\/val\/"},{"@type":"ListItem","position":2,"name":"La AMDComVal colabora en la I Carrera de las Empresas Valencianas"}]},{"@type":"WebSite","@id":"https:\/\/amdcomval.com\/#website","url":"https:\/\/amdcomval.com\/","name":"AMDComVal - Associaci\u00f3 de Mitjans Digitals de la Comunitat Valenciana","description":"Web oficial de la Associaci\u00f3 de Mitjans Digitals de la Comunitat Valenciana (AMDComVal). Por la profesionalizaci\u00f3n y dignificaci\u00f3n de los medios de comunicaci\u00f3n digital","publisher":{"@id":"https:\/\/amdcomval.com\/#organization"},"potentialAction":[{"@type":"SearchAction","target":{"@type":"EntryPoint","urlTemplate":"https:\/\/amdcomval.com\/?s={search_term_string}"},"query-input":{"@type":"PropertyValueSpecification","valueRequired":true,"valueName":"search_term_string"}}],"inLanguage":"val"},{"@type":"Organization","@id":"https:\/\/amdcomval.com\/#organization","name":"AMDComVal - Associaci\u00f3 de Mitjans Digitals de la Comunitat Valenciana","url":"https:\/\/amdcomval.com\/","logo":{"@type":"ImageObject","inLanguage":"val","@id":"https:\/\/amdcomval.com\/#\/schema\/logo\/image\/","url":"https:\/\/amdcomval.com\/wp-content\/uploads\/2025\/10\/AMDComVal-logo-horizontal-2.png","contentUrl":"https:\/\/amdcomval.com\/wp-content\/uploads\/2025\/10\/AMDComVal-logo-horizontal-2.png","width":2560,"height":936,"caption":"AMDComVal - Associaci\u00f3 de Mitjans Digitals de la Comunitat Valenciana"},"image":{"@id":"https:\/\/amdcomval.com\/#\/schema\/logo\/image\/"},"sameAs":["https:\/\/www.facebook.com\/Associaci-De-Mitjans-Digitals-238717099544439\/","https:\/\/x.com\/AMDComVal","https:\/\/www.linkedin.com\/groups\/3150654\/"]},{"@type":"Person","@id":"https:\/\/amdcomval.com\/#\/schema\/person\/f15529598c810a38625abf10fd5bda3a","name":"AMDComVal","url":"https:\/\/amdcomval.com\/val\/author\/amdcomval\/"}]}},"_links":{"self":[{"href":"https:\/\/amdcomval.com\/val\/wp-json\/wp\/v2\/posts\/703","targetHints":{"allow":["GET"]}}],"collection":[{"href":"https:\/\/amdcomval.com\/val\/wp-json\/wp\/v2\/posts"}],"about":[{"href":"https:\/\/amdcomval.com\/val\/wp-json\/wp\/v2\/types\/post"}],"author":[{"embeddable":true,"href":"https:\/\/amdcomval.com\/val\/wp-json\/wp\/v2\/users\/4"}],"replies":[{"embeddable":true,"href":"https:\/\/amdcomval.com\/val\/wp-json\/wp\/v2\/comments?post=703"}],"version-history":[{"count":0,"href":"https:\/\/amdcomval.com\/val\/wp-json\/wp\/v2\/posts\/703\/revisions"}],"wp:featuredmedia":[{"embeddable":true,"href":"https:\/\/amdcomval.com\/val\/wp-json\/wp\/v2\/media\/2327"}],"wp:attachment":[{"href":"https:\/\/amdcomval.com\/val\/wp-json\/wp\/v2\/media?parent=703"}],"wp:term":[{"taxonomy":"category","embeddable":true,"href":"https:\/\/amdcomval.com\/val\/wp-json\/wp\/v2\/categories?post=703"},{"taxonomy":"post_tag","embeddable":true,"href":"https:\/\/amdcomval.com\/val\/wp-json\/wp\/v2\/tags?post=703"}],"curies":[{"name":"wp","href":"https:\/\/api.w.org\/{rel}","templated":true}]}}