{"id":710,"date":"2012-05-31T10:00:13","date_gmt":"2012-05-31T10:00:13","guid":{"rendered":"https:\/\/www.amdcomval.com\/?p=606"},"modified":"2012-05-31T10:00:13","modified_gmt":"2012-05-31T10:00:13","slug":"la-amdcomval-lamenta-el-cierre-de-linformatiu-y-manda-su-apoyo-a-los-companeros-del-medio","status":"publish","type":"post","link":"https:\/\/amdcomval.com\/val\/la-amdcomval-lamenta-el-cierre-de-linformatiu-y-manda-su-apoyo-a-los-companeros-del-medio\/","title":{"rendered":"La AMDComVal lamenta el cierre de l\u2019Informatiu y manda su apoyo a los compa\u00f1eros del medio"},"content":{"rendered":"<p style=\"text-align: justify\"><a href=\"https:\/\/amdcomval.com\/la-amdcomval-lamenta-el-cierre-de-linformatiu-y-manda-su-apoyo-a-los-companeros-del-medio\/linformatiu-2\/\" rel=\"attachment wp-att-607\"><img loading=\"lazy\" decoding=\"async\" class=\"alignleft  wp-image-607\" src=\"https:\/\/amdcomval.com\/wp-content\/uploads\/2012\/05\/linformatiu.jpg\"  width=\"304\" height=\"153\" \/><\/a>La <strong>Asociaci\u00f3n de Medios Digitales de la Comunidad Valenciana<\/strong> (<a href=\"https:\/\/amdcomval.com\/\">AMDComVal<\/a>) quiere expresar su total apoyo a los compa\u00f1eros del medio digital l\u2019Informatiu ante el cierre inminente del diario, as\u00ed como lamenta la situaci\u00f3n que ha llevado al cese de la publicaci\u00f3n.<\/p>\n<p style=\"text-align: justify\"><strong>L\u2019Informatiu<\/strong>, que sali\u00f3 a la luz por primera vez el 30 de noviembre de 2009, aportaba otra visi\u00f3n de la actualidad valenciana, apostando por la lengua aut\u00f3ctona y una tem\u00e1tica comprometida socialmente. Esta implicaci\u00f3n con la sociedad, como no pod\u00eda ser de otra manera, se vio respaldada por los lectores, 200.000 usuarios \u00fanicos y un seguimiento en redes sociales espectacular. \u00a0No ha sido as\u00ed, en cambio y por desgracia, con el soporte publicitario.<\/p>\n<p style=\"text-align: justify\">La <em>Asociaci\u00f3n de Medios Digitales<\/em> tiene que agradecer a l\u2019Informatiu el trabajo realizado durante estos casi tres a\u00f1os, por aportar pluralidad y mayor democracia al escenario comunicativo valenciano. Su cierre, sin duda, supone un retroceso y una p\u00e9rdida de libertad para la sociedad.<\/p>\n<p style=\"text-align: justify\">La AMDComVal desea suerte a los compa\u00f1eros del medio en sus futuras experiencias laborales, con el pleno convencimiento de que, a pesar del cr\u00edtico momento actual, su esfuerzo y dedicaci\u00f3n ver\u00e1n su fruto en pr\u00f3ximos proyectos.<\/p>\n","protected":false},"excerpt":{"rendered":"<p>La Asociaci\u00f3n de Medios Digitales de la Comunidad Valenciana (AMDComVal) quiere expresar su total apoyo a los compa\u00f1eros del medio digital l\u2019Informatiu ante el cierre inminente del diario, as\u00ed como lamenta la situaci\u00f3n que ha llevado al cese de la publicaci\u00f3n. L\u2019Informatiu, que sali\u00f3 a la luz por primera vez el 30 de noviembre de [&hellip;]<\/p>\n","protected":false},"author":4,"featured_media":2337,"comment_status":"open","ping_status":"open","sticky":false,"template":"","format":"standard","meta":{"_acf_changed":false,"footnotes":""},"categories":[17],"tags":[12,59,144,145,146,147,29,62,148,78,149,92],"class_list":["post-710","post","type-post","status-publish","format-standard","has-post-thumbnail","hentry","category-blog","tag-amdcomval","tag-asociacion-de-medios-digitales-de-la-comunidad-valenciana","tag-cierre","tag-crisis-de-la-comunicacion","tag-democracia","tag-linformatiu","tag-medios-digitales","tag-periodismo","tag-periodismo-ciudadano","tag-periodismo-digital","tag-prensa-en-valenciano","tag-valencia"],"acf":[],"yoast_head":"<!-- This site is optimized with the Yoast SEO plugin v26.3 - https:\/\/yoast.com\/wordpress\/plugins\/seo\/ -->\n<title>La AMDComVal lamenta el cierre de l\u2019Informatiu y manda su apoyo a los compa\u00f1eros del medio - AMDComVal - Associaci\u00f3 de Mitjans Digitals de la Comunitat Valenciana<\/title>\n<meta name=\"robots\" content=\"index, follow, max-snippet:-1, max-image-preview:large, max-video-preview:-1\" \/>\n<link rel=\"canonical\" href=\"https:\/\/amdcomval.com\/la-amdcomval-lamenta-el-cierre-de-linformatiu-y-manda-su-apoyo-a-los-companeros-del-medio\/\" \/>\n<meta property=\"og:locale\" content=\"en_US\" \/>\n<meta property=\"og:type\" content=\"article\" \/>\n<meta property=\"og:title\" content=\"La AMDComVal lamenta el cierre de l\u2019Informatiu y manda su apoyo a los compa\u00f1eros del medio - AMDComVal - Associaci\u00f3 de Mitjans Digitals de la Comunitat Valenciana\" \/>\n<meta property=\"og:description\" content=\"La Asociaci\u00f3n de Medios Digitales de la Comunidad Valenciana (AMDComVal) quiere expresar su total apoyo a los compa\u00f1eros del medio digital l\u2019Informatiu ante el cierre inminente del diario, as\u00ed como lamenta la situaci\u00f3n que ha llevado al cese de la publicaci\u00f3n. L\u2019Informatiu, que sali\u00f3 a la luz por primera vez el 30 de noviembre de [&hellip;]\" \/>\n<meta property=\"og:url\" content=\"https:\/\/amdcomval.com\/la-amdcomval-lamenta-el-cierre-de-linformatiu-y-manda-su-apoyo-a-los-companeros-del-medio\/\" \/>\n<meta property=\"og:site_name\" content=\"AMDComVal - Associaci\u00f3 de Mitjans Digitals de la Comunitat Valenciana\" \/>\n<meta property=\"article:publisher\" content=\"https:\/\/www.facebook.com\/Associaci-De-Mitjans-Digitals-238717099544439\/\" \/>\n<meta property=\"article:published_time\" content=\"2012-05-31T10:00:13+00:00\" \/>\n<meta property=\"og:image\" content=\"https:\/\/amdcomval.com\/wp-content\/uploads\/2012\/05\/linformatiu.jpg\" \/>\n\t<meta property=\"og:image:width\" content=\"610\" \/>\n\t<meta property=\"og:image:height\" content=\"392\" \/>\n\t<meta property=\"og:image:type\" content=\"image\/jpeg\" \/>\n<meta name=\"author\" content=\"AMDComVal\" \/>\n<meta name=\"twitter:card\" content=\"summary_large_image\" \/>\n<meta name=\"twitter:creator\" content=\"@AMDComVal\" \/>\n<meta name=\"twitter:site\" content=\"@AMDComVal\" \/>\n<meta name=\"twitter:label1\" content=\"Written by\" \/>\n\t<meta name=\"twitter:data1\" content=\"AMDComVal\" \/>\n\t<meta name=\"twitter:label2\" content=\"Est. reading time\" \/>\n\t<meta name=\"twitter:data2\" content=\"1 minute\" \/>\n<script type=\"application\/ld+json\" class=\"yoast-schema-graph\">{\"@context\":\"https:\/\/schema.org\",\"@graph\":[{\"@type\":\"Article\",\"@id\":\"https:\/\/amdcomval.com\/la-amdcomval-lamenta-el-cierre-de-linformatiu-y-manda-su-apoyo-a-los-companeros-del-medio\/#article\",\"isPartOf\":{\"@id\":\"https:\/\/amdcomval.com\/la-amdcomval-lamenta-el-cierre-de-linformatiu-y-manda-su-apoyo-a-los-companeros-del-medio\/\"},\"author\":{\"name\":\"AMDComVal\",\"@id\":\"https:\/\/amdcomval.com\/#\/schema\/person\/f15529598c810a38625abf10fd5bda3a\"},\"headline\":\"La AMDComVal lamenta el cierre de l\u2019Informatiu y manda su apoyo a los compa\u00f1eros del medio\",\"datePublished\":\"2012-05-31T10:00:13+00:00\",\"mainEntityOfPage\":{\"@id\":\"https:\/\/amdcomval.com\/la-amdcomval-lamenta-el-cierre-de-linformatiu-y-manda-su-apoyo-a-los-companeros-del-medio\/\"},\"wordCount\":228,\"commentCount\":0,\"publisher\":{\"@id\":\"https:\/\/amdcomval.com\/#organization\"},\"image\":{\"@id\":\"https:\/\/amdcomval.com\/la-amdcomval-lamenta-el-cierre-de-linformatiu-y-manda-su-apoyo-a-los-companeros-del-medio\/#primaryimage\"},\"thumbnailUrl\":\"https:\/\/amdcomval.com\/wp-content\/uploads\/2012\/05\/linformatiu.jpg\",\"keywords\":[\"amdcomval\",\"Asociaci\u00f3n de Medios Digitales de la Comunidad Valenciana\",\"cierre\",\"crisis de la comunicaci\u00f3n\",\"democracia\",\"L'Informatiu\",\"medios digitales\",\"periodismo\",\"periodismo ciudadano\",\"Periodismo Digital\",\"prensa en valenciano\",\"Valencia\"],\"articleSection\":[\"Blog\"],\"inLanguage\":\"val\",\"potentialAction\":[{\"@type\":\"CommentAction\",\"name\":\"Comment\",\"target\":[\"https:\/\/amdcomval.com\/la-amdcomval-lamenta-el-cierre-de-linformatiu-y-manda-su-apoyo-a-los-companeros-del-medio\/#respond\"]}]},{\"@type\":\"WebPage\",\"@id\":\"https:\/\/amdcomval.com\/la-amdcomval-lamenta-el-cierre-de-linformatiu-y-manda-su-apoyo-a-los-companeros-del-medio\/\",\"url\":\"https:\/\/amdcomval.com\/la-amdcomval-lamenta-el-cierre-de-linformatiu-y-manda-su-apoyo-a-los-companeros-del-medio\/\",\"name\":\"La AMDComVal lamenta el cierre de l\u2019Informatiu y manda su apoyo a los compa\u00f1eros del medio - AMDComVal - Associaci\u00f3 de Mitjans Digitals de la Comunitat Valenciana\",\"isPartOf\":{\"@id\":\"https:\/\/amdcomval.com\/#website\"},\"primaryImageOfPage\":{\"@id\":\"https:\/\/amdcomval.com\/la-amdcomval-lamenta-el-cierre-de-linformatiu-y-manda-su-apoyo-a-los-companeros-del-medio\/#primaryimage\"},\"image\":{\"@id\":\"https:\/\/amdcomval.com\/la-amdcomval-lamenta-el-cierre-de-linformatiu-y-manda-su-apoyo-a-los-companeros-del-medio\/#primaryimage\"},\"thumbnailUrl\":\"https:\/\/amdcomval.com\/wp-content\/uploads\/2012\/05\/linformatiu.jpg\",\"datePublished\":\"2012-05-31T10:00:13+00:00\",\"breadcrumb\":{\"@id\":\"https:\/\/amdcomval.com\/la-amdcomval-lamenta-el-cierre-de-linformatiu-y-manda-su-apoyo-a-los-companeros-del-medio\/#breadcrumb\"},\"inLanguage\":\"val\",\"potentialAction\":[{\"@type\":\"ReadAction\",\"target\":[\"https:\/\/amdcomval.com\/la-amdcomval-lamenta-el-cierre-de-linformatiu-y-manda-su-apoyo-a-los-companeros-del-medio\/\"]}]},{\"@type\":\"ImageObject\",\"inLanguage\":\"val\",\"@id\":\"https:\/\/amdcomval.com\/la-amdcomval-lamenta-el-cierre-de-linformatiu-y-manda-su-apoyo-a-los-companeros-del-medio\/#primaryimage\",\"url\":\"https:\/\/amdcomval.com\/wp-content\/uploads\/2012\/05\/linformatiu.jpg\",\"contentUrl\":\"https:\/\/amdcomval.com\/wp-content\/uploads\/2012\/05\/linformatiu.jpg\",\"width\":610,\"height\":392,\"caption\":\"L'Informatiu cierra despu\u00e9s de casi 3 a\u00f1os\"},{\"@type\":\"BreadcrumbList\",\"@id\":\"https:\/\/amdcomval.com\/la-amdcomval-lamenta-el-cierre-de-linformatiu-y-manda-su-apoyo-a-los-companeros-del-medio\/#breadcrumb\",\"itemListElement\":[{\"@type\":\"ListItem\",\"position\":1,\"name\":\"Portada\",\"item\":\"https:\/\/amdcomval.com\/val\/\"},{\"@type\":\"ListItem\",\"position\":2,\"name\":\"La AMDComVal lamenta el cierre de l\u2019Informatiu y manda su apoyo a los compa\u00f1eros del medio\"}]},{\"@type\":\"WebSite\",\"@id\":\"https:\/\/amdcomval.com\/#website\",\"url\":\"https:\/\/amdcomval.com\/\",\"name\":\"AMDComVal - Associaci\u00f3 de Mitjans Digitals de la Comunitat Valenciana\",\"description\":\"Web oficial de la Associaci\u00f3 de Mitjans Digitals de la Comunitat Valenciana (AMDComVal). Por la profesionalizaci\u00f3n y dignificaci\u00f3n de los medios de comunicaci\u00f3n digital\",\"publisher\":{\"@id\":\"https:\/\/amdcomval.com\/#organization\"},\"potentialAction\":[{\"@type\":\"SearchAction\",\"target\":{\"@type\":\"EntryPoint\",\"urlTemplate\":\"https:\/\/amdcomval.com\/?s={search_term_string}\"},\"query-input\":{\"@type\":\"PropertyValueSpecification\",\"valueRequired\":true,\"valueName\":\"search_term_string\"}}],\"inLanguage\":\"val\"},{\"@type\":\"Organization\",\"@id\":\"https:\/\/amdcomval.com\/#organization\",\"name\":\"AMDComVal - Associaci\u00f3 de Mitjans Digitals de la Comunitat Valenciana\",\"url\":\"https:\/\/amdcomval.com\/\",\"logo\":{\"@type\":\"ImageObject\",\"inLanguage\":\"val\",\"@id\":\"https:\/\/amdcomval.com\/#\/schema\/logo\/image\/\",\"url\":\"https:\/\/amdcomval.com\/wp-content\/uploads\/2025\/10\/AMDComVal-logo-horizontal-2.png\",\"contentUrl\":\"https:\/\/amdcomval.com\/wp-content\/uploads\/2025\/10\/AMDComVal-logo-horizontal-2.png\",\"width\":2560,\"height\":936,\"caption\":\"AMDComVal - Associaci\u00f3 de Mitjans Digitals de la Comunitat Valenciana\"},\"image\":{\"@id\":\"https:\/\/amdcomval.com\/#\/schema\/logo\/image\/\"},\"sameAs\":[\"https:\/\/www.facebook.com\/Associaci-De-Mitjans-Digitals-238717099544439\/\",\"https:\/\/x.com\/AMDComVal\",\"https:\/\/www.linkedin.com\/groups\/3150654\/\"]},{\"@type\":\"Person\",\"@id\":\"https:\/\/amdcomval.com\/#\/schema\/person\/f15529598c810a38625abf10fd5bda3a\",\"name\":\"AMDComVal\",\"url\":\"https:\/\/amdcomval.com\/val\/author\/amdcomval\/\"}]}<\/script>\n<!-- \/ Yoast SEO plugin. -->","yoast_head_json":{"title":"La AMDComVal lamenta el cierre de l\u2019Informatiu y manda su apoyo a los compa\u00f1eros del medio - AMDComVal - Associaci\u00f3 de Mitjans Digitals de la Comunitat Valenciana","robots":{"index":"index","follow":"follow","max-snippet":"max-snippet:-1","max-image-preview":"max-image-preview:large","max-video-preview":"max-video-preview:-1"},"canonical":"https:\/\/amdcomval.com\/la-amdcomval-lamenta-el-cierre-de-linformatiu-y-manda-su-apoyo-a-los-companeros-del-medio\/","og_locale":"en_US","og_type":"article","og_title":"La AMDComVal lamenta el cierre de l\u2019Informatiu y manda su apoyo a los compa\u00f1eros del medio - AMDComVal - Associaci\u00f3 de Mitjans Digitals de la Comunitat Valenciana","og_description":"La Asociaci\u00f3n de Medios Digitales de la Comunidad Valenciana (AMDComVal) quiere expresar su total apoyo a los compa\u00f1eros del medio digital l\u2019Informatiu ante el cierre inminente del diario, as\u00ed como lamenta la situaci\u00f3n que ha llevado al cese de la publicaci\u00f3n. L\u2019Informatiu, que sali\u00f3 a la luz por primera vez el 30 de noviembre de [&hellip;]","og_url":"https:\/\/amdcomval.com\/la-amdcomval-lamenta-el-cierre-de-linformatiu-y-manda-su-apoyo-a-los-companeros-del-medio\/","og_site_name":"AMDComVal - Associaci\u00f3 de Mitjans Digitals de la Comunitat Valenciana","article_publisher":"https:\/\/www.facebook.com\/Associaci-De-Mitjans-Digitals-238717099544439\/","article_published_time":"2012-05-31T10:00:13+00:00","og_image":[{"width":610,"height":392,"url":"https:\/\/amdcomval.com\/wp-content\/uploads\/2012\/05\/linformatiu.jpg","type":"image\/jpeg"}],"author":"AMDComVal","twitter_card":"summary_large_image","twitter_creator":"@AMDComVal","twitter_site":"@AMDComVal","twitter_misc":{"Written by":"AMDComVal","Est. reading time":"1 minute"},"schema":{"@context":"https:\/\/schema.org","@graph":[{"@type":"Article","@id":"https:\/\/amdcomval.com\/la-amdcomval-lamenta-el-cierre-de-linformatiu-y-manda-su-apoyo-a-los-companeros-del-medio\/#article","isPartOf":{"@id":"https:\/\/amdcomval.com\/la-amdcomval-lamenta-el-cierre-de-linformatiu-y-manda-su-apoyo-a-los-companeros-del-medio\/"},"author":{"name":"AMDComVal","@id":"https:\/\/amdcomval.com\/#\/schema\/person\/f15529598c810a38625abf10fd5bda3a"},"headline":"La AMDComVal lamenta el cierre de l\u2019Informatiu y manda su apoyo a los compa\u00f1eros del medio","datePublished":"2012-05-31T10:00:13+00:00","mainEntityOfPage":{"@id":"https:\/\/amdcomval.com\/la-amdcomval-lamenta-el-cierre-de-linformatiu-y-manda-su-apoyo-a-los-companeros-del-medio\/"},"wordCount":228,"commentCount":0,"publisher":{"@id":"https:\/\/amdcomval.com\/#organization"},"image":{"@id":"https:\/\/amdcomval.com\/la-amdcomval-lamenta-el-cierre-de-linformatiu-y-manda-su-apoyo-a-los-companeros-del-medio\/#primaryimage"},"thumbnailUrl":"https:\/\/amdcomval.com\/wp-content\/uploads\/2012\/05\/linformatiu.jpg","keywords":["amdcomval","Asociaci\u00f3n de Medios Digitales de la Comunidad Valenciana","cierre","crisis de la comunicaci\u00f3n","democracia","L'Informatiu","medios digitales","periodismo","periodismo ciudadano","Periodismo Digital","prensa en valenciano","Valencia"],"articleSection":["Blog"],"inLanguage":"val","potentialAction":[{"@type":"CommentAction","name":"Comment","target":["https:\/\/amdcomval.com\/la-amdcomval-lamenta-el-cierre-de-linformatiu-y-manda-su-apoyo-a-los-companeros-del-medio\/#respond"]}]},{"@type":"WebPage","@id":"https:\/\/amdcomval.com\/la-amdcomval-lamenta-el-cierre-de-linformatiu-y-manda-su-apoyo-a-los-companeros-del-medio\/","url":"https:\/\/amdcomval.com\/la-amdcomval-lamenta-el-cierre-de-linformatiu-y-manda-su-apoyo-a-los-companeros-del-medio\/","name":"La AMDComVal lamenta el cierre de l\u2019Informatiu y manda su apoyo a los compa\u00f1eros del medio - AMDComVal - Associaci\u00f3 de Mitjans Digitals de la Comunitat Valenciana","isPartOf":{"@id":"https:\/\/amdcomval.com\/#website"},"primaryImageOfPage":{"@id":"https:\/\/amdcomval.com\/la-amdcomval-lamenta-el-cierre-de-linformatiu-y-manda-su-apoyo-a-los-companeros-del-medio\/#primaryimage"},"image":{"@id":"https:\/\/amdcomval.com\/la-amdcomval-lamenta-el-cierre-de-linformatiu-y-manda-su-apoyo-a-los-companeros-del-medio\/#primaryimage"},"thumbnailUrl":"https:\/\/amdcomval.com\/wp-content\/uploads\/2012\/05\/linformatiu.jpg","datePublished":"2012-05-31T10:00:13+00:00","breadcrumb":{"@id":"https:\/\/amdcomval.com\/la-amdcomval-lamenta-el-cierre-de-linformatiu-y-manda-su-apoyo-a-los-companeros-del-medio\/#breadcrumb"},"inLanguage":"val","potentialAction":[{"@type":"ReadAction","target":["https:\/\/amdcomval.com\/la-amdcomval-lamenta-el-cierre-de-linformatiu-y-manda-su-apoyo-a-los-companeros-del-medio\/"]}]},{"@type":"ImageObject","inLanguage":"val","@id":"https:\/\/amdcomval.com\/la-amdcomval-lamenta-el-cierre-de-linformatiu-y-manda-su-apoyo-a-los-companeros-del-medio\/#primaryimage","url":"https:\/\/amdcomval.com\/wp-content\/uploads\/2012\/05\/linformatiu.jpg","contentUrl":"https:\/\/amdcomval.com\/wp-content\/uploads\/2012\/05\/linformatiu.jpg","width":610,"height":392,"caption":"L'Informatiu cierra despu\u00e9s de casi 3 a\u00f1os"},{"@type":"BreadcrumbList","@id":"https:\/\/amdcomval.com\/la-amdcomval-lamenta-el-cierre-de-linformatiu-y-manda-su-apoyo-a-los-companeros-del-medio\/#breadcrumb","itemListElement":[{"@type":"ListItem","position":1,"name":"Portada","item":"https:\/\/amdcomval.com\/val\/"},{"@type":"ListItem","position":2,"name":"La AMDComVal lamenta el cierre de l\u2019Informatiu y manda su apoyo a los compa\u00f1eros del medio"}]},{"@type":"WebSite","@id":"https:\/\/amdcomval.com\/#website","url":"https:\/\/amdcomval.com\/","name":"AMDComVal - Associaci\u00f3 de Mitjans Digitals de la Comunitat Valenciana","description":"Web oficial de la Associaci\u00f3 de Mitjans Digitals de la Comunitat Valenciana (AMDComVal). Por la profesionalizaci\u00f3n y dignificaci\u00f3n de los medios de comunicaci\u00f3n digital","publisher":{"@id":"https:\/\/amdcomval.com\/#organization"},"potentialAction":[{"@type":"SearchAction","target":{"@type":"EntryPoint","urlTemplate":"https:\/\/amdcomval.com\/?s={search_term_string}"},"query-input":{"@type":"PropertyValueSpecification","valueRequired":true,"valueName":"search_term_string"}}],"inLanguage":"val"},{"@type":"Organization","@id":"https:\/\/amdcomval.com\/#organization","name":"AMDComVal - Associaci\u00f3 de Mitjans Digitals de la Comunitat Valenciana","url":"https:\/\/amdcomval.com\/","logo":{"@type":"ImageObject","inLanguage":"val","@id":"https:\/\/amdcomval.com\/#\/schema\/logo\/image\/","url":"https:\/\/amdcomval.com\/wp-content\/uploads\/2025\/10\/AMDComVal-logo-horizontal-2.png","contentUrl":"https:\/\/amdcomval.com\/wp-content\/uploads\/2025\/10\/AMDComVal-logo-horizontal-2.png","width":2560,"height":936,"caption":"AMDComVal - Associaci\u00f3 de Mitjans Digitals de la Comunitat Valenciana"},"image":{"@id":"https:\/\/amdcomval.com\/#\/schema\/logo\/image\/"},"sameAs":["https:\/\/www.facebook.com\/Associaci-De-Mitjans-Digitals-238717099544439\/","https:\/\/x.com\/AMDComVal","https:\/\/www.linkedin.com\/groups\/3150654\/"]},{"@type":"Person","@id":"https:\/\/amdcomval.com\/#\/schema\/person\/f15529598c810a38625abf10fd5bda3a","name":"AMDComVal","url":"https:\/\/amdcomval.com\/val\/author\/amdcomval\/"}]}},"_links":{"self":[{"href":"https:\/\/amdcomval.com\/val\/wp-json\/wp\/v2\/posts\/710","targetHints":{"allow":["GET"]}}],"collection":[{"href":"https:\/\/amdcomval.com\/val\/wp-json\/wp\/v2\/posts"}],"about":[{"href":"https:\/\/amdcomval.com\/val\/wp-json\/wp\/v2\/types\/post"}],"author":[{"embeddable":true,"href":"https:\/\/amdcomval.com\/val\/wp-json\/wp\/v2\/users\/4"}],"replies":[{"embeddable":true,"href":"https:\/\/amdcomval.com\/val\/wp-json\/wp\/v2\/comments?post=710"}],"version-history":[{"count":0,"href":"https:\/\/amdcomval.com\/val\/wp-json\/wp\/v2\/posts\/710\/revisions"}],"wp:featuredmedia":[{"embeddable":true,"href":"https:\/\/amdcomval.com\/val\/wp-json\/wp\/v2\/media\/2337"}],"wp:attachment":[{"href":"https:\/\/amdcomval.com\/val\/wp-json\/wp\/v2\/media?parent=710"}],"wp:term":[{"taxonomy":"category","embeddable":true,"href":"https:\/\/amdcomval.com\/val\/wp-json\/wp\/v2\/categories?post=710"},{"taxonomy":"post_tag","embeddable":true,"href":"https:\/\/amdcomval.com\/val\/wp-json\/wp\/v2\/tags?post=710"}],"curies":[{"name":"wp","href":"https:\/\/api.w.org\/{rel}","templated":true}]}}