{"id":713,"date":"2012-06-27T10:17:57","date_gmt":"2012-06-27T10:17:57","guid":{"rendered":"https:\/\/www.amdcomval.com\/?p=659"},"modified":"2012-06-27T10:17:57","modified_gmt":"2012-06-27T10:17:57","slug":"hortanoticias-recibe-el-premio-distincions-vila-de-massamagrell","status":"publish","type":"post","link":"https:\/\/amdcomval.com\/val\/hortanoticias-recibe-el-premio-distincions-vila-de-massamagrell\/","title":{"rendered":"Hortanoticias recibe el premio \u201cDistincions Vila de Massamagrell\u201d"},"content":{"rendered":"<p style=\"text-align: justify\"><strong>El ayuntamiento de Massamagrell ha concedido al medio digital <a href=\"\/www.hortanoticias.com\">Hortanoticias<\/a> el premio \u201cDistincions Vila de Massamagrell\u201d en la categor\u00eda medios de comunicaci\u00f3n, por su labor informativa sobre el municipio.<\/strong><\/p>\n<p>&nbsp;<\/p>\n<p style=\"text-align: justify\"><a href=\"https:\/\/amdcomval.com\/hortanoticias-recibe-el-premio-distincions-vila-de-massamagrell\/premioshorta\/\" rel=\"attachment wp-att-661\"><img loading=\"lazy\" decoding=\"async\" class=\"alignleft  wp-image-661\" src=\"https:\/\/amdcomval.com\/wp-content\/uploads\/2012\/06\/PremiosHorta.jpg\"  width=\"200\" height=\"298\" \/><\/a>La <strong>Asociaci\u00f3nde Medios Digitales de la Comunidad Valenciana<\/strong> (<a href=\"https:\/\/amdcomval.com\/\">AMDComVal<\/a>) quiere felicitar a Hortanoticias, miembro de la asociaci\u00f3n, por el premio conseguido, una prueba del gran trabajo y labor social que est\u00e1n realizando en la cobertura informativa de todos los pueblos de l\u2019Horta.<\/p>\n<p style=\"text-align: justify\">El alcalde de Massamagrell explic\u00f3, seg\u00fan informa <a href=\"http:\/\/www.hortanoticias.com\/noticia\/813902\/Massamagrell\/massamagrell-premia-labor-hortanoticiascom-prestigiosas-distincions-vila-massamagrell-fiestas-fundacionales.html\">Hortanoticias<\/a>, que con este premio se quiere recompensar el esfuerzo diario de la redacci\u00f3n del medio para informar sobre Massamagrell y el resto de municipios de l\u2019Horta Nord y la comarca de l\u2019Horta.<\/p>\n<p style=\"text-align: justify\">La entrega del premio se realizar\u00e1 el pr\u00f3ximo d\u00eda 19 de julio en la gala que supondr\u00e1 el inicio de las Fiestas Fundacionales de la localidad. Con estos premios, la localidad pretende reconocer la labor social de personas, asociaciones, instituciones y medios de comunicaci\u00f3n ligados con Massamagrell. Los otros premiados ser\u00e1n Caritas de Massamagrell, la Mancomunitat Horta Nord y el pintor local Peris Carbonell.<\/p>\n<p style=\"text-align: justify\">Este no es el \u00fanico premio recibido por el diario. En 2009, gan\u00f3la Distinci\u00f3de Pactem Nord ala Corresponsabilitat; un a\u00f1o m\u00e1s tarde, consigui\u00f3 el Premi al Millor Empresari Aut\u00f2nom dela Comunitat Valenciana, concedido durante las jornadas del Dia dela Persona Emprendedora impulsado por la Generalitat.A\u00f1oen el que tambi\u00e9n recibieron el I Premio Periodismo Online 2.0 dela ComunitatValencianaque otorga el Observatorio de Investigaci\u00f3n de Medios Digitales.<\/p>\n<p>&nbsp;<\/p>\n","protected":false},"excerpt":{"rendered":"<p>El ayuntamiento de Massamagrell ha concedido al medio digital Hortanoticias el premio \u201cDistincions Vila de Massamagrell\u201d en la categor\u00eda medios de comunicaci\u00f3n, por su labor informativa sobre el municipio. &nbsp; La Asociaci\u00f3nde Medios Digitales de la Comunidad Valenciana (AMDComVal) quiere felicitar a Hortanoticias, miembro de la asociaci\u00f3n, por el premio conseguido, una prueba del gran [&hellip;]<\/p>\n","protected":false},"author":4,"featured_media":2347,"comment_status":"open","ping_status":"open","sticky":false,"template":"","format":"standard","meta":{"_acf_changed":false,"footnotes":""},"categories":[17],"tags":[12,59,22,157,141,158,29,62,159,160,161,150,152],"class_list":["post-713","post","type-post","status-publish","format-standard","has-post-thumbnail","hentry","category-blog","tag-amdcomval","tag-asociacion-de-medios-digitales-de-la-comunidad-valenciana","tag-hortanoticias","tag-hortanoticias-com","tag-informacion","tag-massamagrell","tag-medios-digitales","tag-periodismo","tag-periodismo-comarcal","tag-periodismo-local","tag-premio","tag-prensa-comarcal","tag-prensa-local"],"acf":[],"yoast_head":"<!-- This site is optimized with the Yoast SEO plugin v26.3 - https:\/\/yoast.com\/wordpress\/plugins\/seo\/ -->\n<title>Hortanoticias recibe el premio \u201cDistincions Vila de Massamagrell\u201d - AMDComVal - Associaci\u00f3 de Mitjans Digitals de la Comunitat Valenciana<\/title>\n<meta name=\"robots\" content=\"index, follow, max-snippet:-1, max-image-preview:large, max-video-preview:-1\" \/>\n<link rel=\"canonical\" href=\"https:\/\/amdcomval.com\/hortanoticias-recibe-el-premio-distincions-vila-de-massamagrell\/\" \/>\n<meta property=\"og:locale\" content=\"en_US\" \/>\n<meta property=\"og:type\" content=\"article\" \/>\n<meta property=\"og:title\" content=\"Hortanoticias recibe el premio \u201cDistincions Vila de Massamagrell\u201d - AMDComVal - Associaci\u00f3 de Mitjans Digitals de la Comunitat Valenciana\" \/>\n<meta property=\"og:description\" content=\"El ayuntamiento de Massamagrell ha concedido al medio digital Hortanoticias el premio \u201cDistincions Vila de Massamagrell\u201d en la categor\u00eda medios de comunicaci\u00f3n, por su labor informativa sobre el municipio. &nbsp; La Asociaci\u00f3nde Medios Digitales de la Comunidad Valenciana (AMDComVal) quiere felicitar a Hortanoticias, miembro de la asociaci\u00f3n, por el premio conseguido, una prueba del gran [&hellip;]\" \/>\n<meta property=\"og:url\" content=\"https:\/\/amdcomval.com\/hortanoticias-recibe-el-premio-distincions-vila-de-massamagrell\/\" \/>\n<meta property=\"og:site_name\" content=\"AMDComVal - Associaci\u00f3 de Mitjans Digitals de la Comunitat Valenciana\" \/>\n<meta property=\"article:publisher\" content=\"https:\/\/www.facebook.com\/Associaci-De-Mitjans-Digitals-238717099544439\/\" \/>\n<meta property=\"article:published_time\" content=\"2012-06-27T10:17:57+00:00\" \/>\n<meta property=\"og:image\" content=\"https:\/\/amdcomval.com\/wp-content\/uploads\/2012\/06\/PremiosHorta.jpg\" \/>\n\t<meta property=\"og:image:width\" content=\"333\" \/>\n\t<meta property=\"og:image:height\" content=\"496\" \/>\n\t<meta property=\"og:image:type\" content=\"image\/jpeg\" \/>\n<meta name=\"author\" content=\"AMDComVal\" \/>\n<meta name=\"twitter:card\" content=\"summary_large_image\" \/>\n<meta name=\"twitter:creator\" content=\"@AMDComVal\" \/>\n<meta name=\"twitter:site\" content=\"@AMDComVal\" \/>\n<meta name=\"twitter:label1\" content=\"Written by\" \/>\n\t<meta name=\"twitter:data1\" content=\"AMDComVal\" \/>\n\t<meta name=\"twitter:label2\" content=\"Est. reading time\" \/>\n\t<meta name=\"twitter:data2\" content=\"1 minute\" \/>\n<script type=\"application\/ld+json\" class=\"yoast-schema-graph\">{\"@context\":\"https:\/\/schema.org\",\"@graph\":[{\"@type\":\"Article\",\"@id\":\"https:\/\/amdcomval.com\/hortanoticias-recibe-el-premio-distincions-vila-de-massamagrell\/#article\",\"isPartOf\":{\"@id\":\"https:\/\/amdcomval.com\/hortanoticias-recibe-el-premio-distincions-vila-de-massamagrell\/\"},\"author\":{\"name\":\"AMDComVal\",\"@id\":\"https:\/\/amdcomval.com\/#\/schema\/person\/f15529598c810a38625abf10fd5bda3a\"},\"headline\":\"Hortanoticias recibe el premio \u201cDistincions Vila de Massamagrell\u201d\",\"datePublished\":\"2012-06-27T10:17:57+00:00\",\"mainEntityOfPage\":{\"@id\":\"https:\/\/amdcomval.com\/hortanoticias-recibe-el-premio-distincions-vila-de-massamagrell\/\"},\"wordCount\":270,\"commentCount\":0,\"publisher\":{\"@id\":\"https:\/\/amdcomval.com\/#organization\"},\"image\":{\"@id\":\"https:\/\/amdcomval.com\/hortanoticias-recibe-el-premio-distincions-vila-de-massamagrell\/#primaryimage\"},\"thumbnailUrl\":\"https:\/\/amdcomval.com\/wp-content\/uploads\/2012\/06\/PremiosHorta.jpg\",\"keywords\":[\"amdcomval\",\"Asociaci\u00f3n de Medios Digitales de la Comunidad Valenciana\",\"Hortanoticias\",\"Hortanoticias.com\",\"informaci\u00f3n\",\"Massamagrell\",\"medios digitales\",\"periodismo\",\"periodismo comarcal\",\"periodismo local\",\"premio\",\"prensa comarcal\",\"prensa local\"],\"articleSection\":[\"Blog\"],\"inLanguage\":\"val\",\"potentialAction\":[{\"@type\":\"CommentAction\",\"name\":\"Comment\",\"target\":[\"https:\/\/amdcomval.com\/hortanoticias-recibe-el-premio-distincions-vila-de-massamagrell\/#respond\"]}]},{\"@type\":\"WebPage\",\"@id\":\"https:\/\/amdcomval.com\/hortanoticias-recibe-el-premio-distincions-vila-de-massamagrell\/\",\"url\":\"https:\/\/amdcomval.com\/hortanoticias-recibe-el-premio-distincions-vila-de-massamagrell\/\",\"name\":\"Hortanoticias recibe el premio \u201cDistincions Vila de Massamagrell\u201d - AMDComVal - Associaci\u00f3 de Mitjans Digitals de la Comunitat Valenciana\",\"isPartOf\":{\"@id\":\"https:\/\/amdcomval.com\/#website\"},\"primaryImageOfPage\":{\"@id\":\"https:\/\/amdcomval.com\/hortanoticias-recibe-el-premio-distincions-vila-de-massamagrell\/#primaryimage\"},\"image\":{\"@id\":\"https:\/\/amdcomval.com\/hortanoticias-recibe-el-premio-distincions-vila-de-massamagrell\/#primaryimage\"},\"thumbnailUrl\":\"https:\/\/amdcomval.com\/wp-content\/uploads\/2012\/06\/PremiosHorta.jpg\",\"datePublished\":\"2012-06-27T10:17:57+00:00\",\"breadcrumb\":{\"@id\":\"https:\/\/amdcomval.com\/hortanoticias-recibe-el-premio-distincions-vila-de-massamagrell\/#breadcrumb\"},\"inLanguage\":\"val\",\"potentialAction\":[{\"@type\":\"ReadAction\",\"target\":[\"https:\/\/amdcomval.com\/hortanoticias-recibe-el-premio-distincions-vila-de-massamagrell\/\"]}]},{\"@type\":\"ImageObject\",\"inLanguage\":\"val\",\"@id\":\"https:\/\/amdcomval.com\/hortanoticias-recibe-el-premio-distincions-vila-de-massamagrell\/#primaryimage\",\"url\":\"https:\/\/amdcomval.com\/wp-content\/uploads\/2012\/06\/PremiosHorta.jpg\",\"contentUrl\":\"https:\/\/amdcomval.com\/wp-content\/uploads\/2012\/06\/PremiosHorta.jpg\",\"width\":333,\"height\":496},{\"@type\":\"BreadcrumbList\",\"@id\":\"https:\/\/amdcomval.com\/hortanoticias-recibe-el-premio-distincions-vila-de-massamagrell\/#breadcrumb\",\"itemListElement\":[{\"@type\":\"ListItem\",\"position\":1,\"name\":\"Portada\",\"item\":\"https:\/\/amdcomval.com\/val\/\"},{\"@type\":\"ListItem\",\"position\":2,\"name\":\"Hortanoticias recibe el premio \u201cDistincions Vila de Massamagrell\u201d\"}]},{\"@type\":\"WebSite\",\"@id\":\"https:\/\/amdcomval.com\/#website\",\"url\":\"https:\/\/amdcomval.com\/\",\"name\":\"AMDComVal - Associaci\u00f3 de Mitjans Digitals de la Comunitat Valenciana\",\"description\":\"Web oficial de la Associaci\u00f3 de Mitjans Digitals de la Comunitat Valenciana (AMDComVal). Por la profesionalizaci\u00f3n y dignificaci\u00f3n de los medios de comunicaci\u00f3n digital\",\"publisher\":{\"@id\":\"https:\/\/amdcomval.com\/#organization\"},\"potentialAction\":[{\"@type\":\"SearchAction\",\"target\":{\"@type\":\"EntryPoint\",\"urlTemplate\":\"https:\/\/amdcomval.com\/?s={search_term_string}\"},\"query-input\":{\"@type\":\"PropertyValueSpecification\",\"valueRequired\":true,\"valueName\":\"search_term_string\"}}],\"inLanguage\":\"val\"},{\"@type\":\"Organization\",\"@id\":\"https:\/\/amdcomval.com\/#organization\",\"name\":\"AMDComVal - Associaci\u00f3 de Mitjans Digitals de la Comunitat Valenciana\",\"url\":\"https:\/\/amdcomval.com\/\",\"logo\":{\"@type\":\"ImageObject\",\"inLanguage\":\"val\",\"@id\":\"https:\/\/amdcomval.com\/#\/schema\/logo\/image\/\",\"url\":\"https:\/\/amdcomval.com\/wp-content\/uploads\/2025\/10\/AMDComVal-logo-horizontal-2.png\",\"contentUrl\":\"https:\/\/amdcomval.com\/wp-content\/uploads\/2025\/10\/AMDComVal-logo-horizontal-2.png\",\"width\":2560,\"height\":936,\"caption\":\"AMDComVal - Associaci\u00f3 de Mitjans Digitals de la Comunitat Valenciana\"},\"image\":{\"@id\":\"https:\/\/amdcomval.com\/#\/schema\/logo\/image\/\"},\"sameAs\":[\"https:\/\/www.facebook.com\/Associaci-De-Mitjans-Digitals-238717099544439\/\",\"https:\/\/x.com\/AMDComVal\",\"https:\/\/www.linkedin.com\/groups\/3150654\/\"]},{\"@type\":\"Person\",\"@id\":\"https:\/\/amdcomval.com\/#\/schema\/person\/f15529598c810a38625abf10fd5bda3a\",\"name\":\"AMDComVal\",\"url\":\"https:\/\/amdcomval.com\/val\/author\/amdcomval\/\"}]}<\/script>\n<!-- \/ Yoast SEO plugin. -->","yoast_head_json":{"title":"Hortanoticias recibe el premio \u201cDistincions Vila de Massamagrell\u201d - AMDComVal - Associaci\u00f3 de Mitjans Digitals de la Comunitat Valenciana","robots":{"index":"index","follow":"follow","max-snippet":"max-snippet:-1","max-image-preview":"max-image-preview:large","max-video-preview":"max-video-preview:-1"},"canonical":"https:\/\/amdcomval.com\/hortanoticias-recibe-el-premio-distincions-vila-de-massamagrell\/","og_locale":"en_US","og_type":"article","og_title":"Hortanoticias recibe el premio \u201cDistincions Vila de Massamagrell\u201d - AMDComVal - Associaci\u00f3 de Mitjans Digitals de la Comunitat Valenciana","og_description":"El ayuntamiento de Massamagrell ha concedido al medio digital Hortanoticias el premio \u201cDistincions Vila de Massamagrell\u201d en la categor\u00eda medios de comunicaci\u00f3n, por su labor informativa sobre el municipio. &nbsp; La Asociaci\u00f3nde Medios Digitales de la Comunidad Valenciana (AMDComVal) quiere felicitar a Hortanoticias, miembro de la asociaci\u00f3n, por el premio conseguido, una prueba del gran [&hellip;]","og_url":"https:\/\/amdcomval.com\/hortanoticias-recibe-el-premio-distincions-vila-de-massamagrell\/","og_site_name":"AMDComVal - Associaci\u00f3 de Mitjans Digitals de la Comunitat Valenciana","article_publisher":"https:\/\/www.facebook.com\/Associaci-De-Mitjans-Digitals-238717099544439\/","article_published_time":"2012-06-27T10:17:57+00:00","og_image":[{"width":333,"height":496,"url":"https:\/\/amdcomval.com\/wp-content\/uploads\/2012\/06\/PremiosHorta.jpg","type":"image\/jpeg"}],"author":"AMDComVal","twitter_card":"summary_large_image","twitter_creator":"@AMDComVal","twitter_site":"@AMDComVal","twitter_misc":{"Written by":"AMDComVal","Est. reading time":"1 minute"},"schema":{"@context":"https:\/\/schema.org","@graph":[{"@type":"Article","@id":"https:\/\/amdcomval.com\/hortanoticias-recibe-el-premio-distincions-vila-de-massamagrell\/#article","isPartOf":{"@id":"https:\/\/amdcomval.com\/hortanoticias-recibe-el-premio-distincions-vila-de-massamagrell\/"},"author":{"name":"AMDComVal","@id":"https:\/\/amdcomval.com\/#\/schema\/person\/f15529598c810a38625abf10fd5bda3a"},"headline":"Hortanoticias recibe el premio \u201cDistincions Vila de Massamagrell\u201d","datePublished":"2012-06-27T10:17:57+00:00","mainEntityOfPage":{"@id":"https:\/\/amdcomval.com\/hortanoticias-recibe-el-premio-distincions-vila-de-massamagrell\/"},"wordCount":270,"commentCount":0,"publisher":{"@id":"https:\/\/amdcomval.com\/#organization"},"image":{"@id":"https:\/\/amdcomval.com\/hortanoticias-recibe-el-premio-distincions-vila-de-massamagrell\/#primaryimage"},"thumbnailUrl":"https:\/\/amdcomval.com\/wp-content\/uploads\/2012\/06\/PremiosHorta.jpg","keywords":["amdcomval","Asociaci\u00f3n de Medios Digitales de la Comunidad Valenciana","Hortanoticias","Hortanoticias.com","informaci\u00f3n","Massamagrell","medios digitales","periodismo","periodismo comarcal","periodismo local","premio","prensa comarcal","prensa local"],"articleSection":["Blog"],"inLanguage":"val","potentialAction":[{"@type":"CommentAction","name":"Comment","target":["https:\/\/amdcomval.com\/hortanoticias-recibe-el-premio-distincions-vila-de-massamagrell\/#respond"]}]},{"@type":"WebPage","@id":"https:\/\/amdcomval.com\/hortanoticias-recibe-el-premio-distincions-vila-de-massamagrell\/","url":"https:\/\/amdcomval.com\/hortanoticias-recibe-el-premio-distincions-vila-de-massamagrell\/","name":"Hortanoticias recibe el premio \u201cDistincions Vila de Massamagrell\u201d - AMDComVal - Associaci\u00f3 de Mitjans Digitals de la Comunitat Valenciana","isPartOf":{"@id":"https:\/\/amdcomval.com\/#website"},"primaryImageOfPage":{"@id":"https:\/\/amdcomval.com\/hortanoticias-recibe-el-premio-distincions-vila-de-massamagrell\/#primaryimage"},"image":{"@id":"https:\/\/amdcomval.com\/hortanoticias-recibe-el-premio-distincions-vila-de-massamagrell\/#primaryimage"},"thumbnailUrl":"https:\/\/amdcomval.com\/wp-content\/uploads\/2012\/06\/PremiosHorta.jpg","datePublished":"2012-06-27T10:17:57+00:00","breadcrumb":{"@id":"https:\/\/amdcomval.com\/hortanoticias-recibe-el-premio-distincions-vila-de-massamagrell\/#breadcrumb"},"inLanguage":"val","potentialAction":[{"@type":"ReadAction","target":["https:\/\/amdcomval.com\/hortanoticias-recibe-el-premio-distincions-vila-de-massamagrell\/"]}]},{"@type":"ImageObject","inLanguage":"val","@id":"https:\/\/amdcomval.com\/hortanoticias-recibe-el-premio-distincions-vila-de-massamagrell\/#primaryimage","url":"https:\/\/amdcomval.com\/wp-content\/uploads\/2012\/06\/PremiosHorta.jpg","contentUrl":"https:\/\/amdcomval.com\/wp-content\/uploads\/2012\/06\/PremiosHorta.jpg","width":333,"height":496},{"@type":"BreadcrumbList","@id":"https:\/\/amdcomval.com\/hortanoticias-recibe-el-premio-distincions-vila-de-massamagrell\/#breadcrumb","itemListElement":[{"@type":"ListItem","position":1,"name":"Portada","item":"https:\/\/amdcomval.com\/val\/"},{"@type":"ListItem","position":2,"name":"Hortanoticias recibe el premio \u201cDistincions Vila de Massamagrell\u201d"}]},{"@type":"WebSite","@id":"https:\/\/amdcomval.com\/#website","url":"https:\/\/amdcomval.com\/","name":"AMDComVal - Associaci\u00f3 de Mitjans Digitals de la Comunitat Valenciana","description":"Web oficial de la Associaci\u00f3 de Mitjans Digitals de la Comunitat Valenciana (AMDComVal). Por la profesionalizaci\u00f3n y dignificaci\u00f3n de los medios de comunicaci\u00f3n digital","publisher":{"@id":"https:\/\/amdcomval.com\/#organization"},"potentialAction":[{"@type":"SearchAction","target":{"@type":"EntryPoint","urlTemplate":"https:\/\/amdcomval.com\/?s={search_term_string}"},"query-input":{"@type":"PropertyValueSpecification","valueRequired":true,"valueName":"search_term_string"}}],"inLanguage":"val"},{"@type":"Organization","@id":"https:\/\/amdcomval.com\/#organization","name":"AMDComVal - Associaci\u00f3 de Mitjans Digitals de la Comunitat Valenciana","url":"https:\/\/amdcomval.com\/","logo":{"@type":"ImageObject","inLanguage":"val","@id":"https:\/\/amdcomval.com\/#\/schema\/logo\/image\/","url":"https:\/\/amdcomval.com\/wp-content\/uploads\/2025\/10\/AMDComVal-logo-horizontal-2.png","contentUrl":"https:\/\/amdcomval.com\/wp-content\/uploads\/2025\/10\/AMDComVal-logo-horizontal-2.png","width":2560,"height":936,"caption":"AMDComVal - Associaci\u00f3 de Mitjans Digitals de la Comunitat Valenciana"},"image":{"@id":"https:\/\/amdcomval.com\/#\/schema\/logo\/image\/"},"sameAs":["https:\/\/www.facebook.com\/Associaci-De-Mitjans-Digitals-238717099544439\/","https:\/\/x.com\/AMDComVal","https:\/\/www.linkedin.com\/groups\/3150654\/"]},{"@type":"Person","@id":"https:\/\/amdcomval.com\/#\/schema\/person\/f15529598c810a38625abf10fd5bda3a","name":"AMDComVal","url":"https:\/\/amdcomval.com\/val\/author\/amdcomval\/"}]}},"_links":{"self":[{"href":"https:\/\/amdcomval.com\/val\/wp-json\/wp\/v2\/posts\/713","targetHints":{"allow":["GET"]}}],"collection":[{"href":"https:\/\/amdcomval.com\/val\/wp-json\/wp\/v2\/posts"}],"about":[{"href":"https:\/\/amdcomval.com\/val\/wp-json\/wp\/v2\/types\/post"}],"author":[{"embeddable":true,"href":"https:\/\/amdcomval.com\/val\/wp-json\/wp\/v2\/users\/4"}],"replies":[{"embeddable":true,"href":"https:\/\/amdcomval.com\/val\/wp-json\/wp\/v2\/comments?post=713"}],"version-history":[{"count":0,"href":"https:\/\/amdcomval.com\/val\/wp-json\/wp\/v2\/posts\/713\/revisions"}],"wp:featuredmedia":[{"embeddable":true,"href":"https:\/\/amdcomval.com\/val\/wp-json\/wp\/v2\/media\/2347"}],"wp:attachment":[{"href":"https:\/\/amdcomval.com\/val\/wp-json\/wp\/v2\/media?parent=713"}],"wp:term":[{"taxonomy":"category","embeddable":true,"href":"https:\/\/amdcomval.com\/val\/wp-json\/wp\/v2\/categories?post=713"},{"taxonomy":"post_tag","embeddable":true,"href":"https:\/\/amdcomval.com\/val\/wp-json\/wp\/v2\/tags?post=713"}],"curies":[{"name":"wp","href":"https:\/\/api.w.org\/{rel}","templated":true}]}}