{"id":764,"date":"2013-01-18T12:00:37","date_gmt":"2013-01-18T12:00:37","guid":{"rendered":"https:\/\/www.amdcomval.com\/?p=764"},"modified":"2013-01-18T12:00:37","modified_gmt":"2013-01-18T12:00:37","slug":"la-red-comarcal-lanza-un-nuevo-portal-de-informacion-local-en-la-marina-alta","status":"publish","type":"post","link":"https:\/\/amdcomval.com\/val\/la-red-comarcal-lanza-un-nuevo-portal-de-informacion-local-en-la-marina-alta\/","title":{"rendered":"La Red Comarcal lanza un nuevo portal de informaci\u00f3n local en La Marina Alta"},"content":{"rendered":"<p style=\"text-align: justify;\">El Grupo La Red Comarcal, con su cabecera <a href=\"http:\/\/www.laredcomarcal.com\/\">www.laredcomarcal.com<\/a> como eje central, ha lanzado este mes de enero un nuevo portal de informaci\u00f3n local, se trata de <a href=\"http:\/\/www.teulada-morairanews.com\/\">www.teulada-morairanews.com<\/a>.<\/p>\n<p style=\"text-align: justify;\">El nuevo portal est\u00e1 centrado en la informaci\u00f3n local del municipio alicantino de Teulada-Moraira, con noticias de la comarca de La Marina Alta.<\/p>\n<p style=\"text-align: justify;\">La Red Comarcal es uno de los portales fundadores de la <strong>Asociaci\u00f3n de Medios Digitales dela Comunidad Valenciana<\/strong> (<a href=\"https:\/\/amdcomval.com\/\">AMDComVal<\/a>), y desarrolla su actividad informativa en las comarcas del interior de la provincia de Valencia.<\/p>\n<p style=\"text-align: justify;\">Con este nuevo portal da el salto a la provincia de Alicante, con un nuevo producto de informaci\u00f3n local y comarcal.<\/p>\n<p>La\u00a0<strong><em>Asociaci\u00f3n de Medios Digitales<\/em><\/strong>\u00a0da la enhorabuena a La Red Comarcal por este nuevo proyecto y espera que el esfuerzo puesto en \u00e9l vea su recompensa.<\/p>\n","protected":false},"excerpt":{"rendered":"<p>El Grupo La Red Comarcal, con su cabecera www.laredcomarcal.com como eje central, ha lanzado este mes de enero un nuevo portal de informaci\u00f3n local, se trata de www.teulada-morairanews.com. El nuevo portal est\u00e1 centrado en la informaci\u00f3n local del municipio alicantino de Teulada-Moraira, con noticias de la comarca de La Marina Alta. La Red Comarcal es [&hellip;]<\/p>\n","protected":false},"author":4,"featured_media":114,"comment_status":"open","ping_status":"open","sticky":false,"template":"","format":"standard","meta":{"_acf_changed":false,"footnotes":""},"categories":[17],"tags":[12,59,24,29,159,78,214],"class_list":["post-764","post","type-post","status-publish","format-standard","has-post-thumbnail","hentry","category-blog","tag-amdcomval","tag-asociacion-de-medios-digitales-de-la-comunidad-valenciana","tag-la-red-comarcal","tag-medios-digitales","tag-periodismo-comarcal","tag-periodismo-digital","tag-teulada-moraira"],"acf":[],"yoast_head":"<!-- This site is optimized with the Yoast SEO plugin v26.3 - https:\/\/yoast.com\/wordpress\/plugins\/seo\/ -->\n<title>La Red Comarcal lanza un nuevo portal de informaci\u00f3n local en La Marina Alta - AMDComVal - Associaci\u00f3 de Mitjans Digitals de la Comunitat Valenciana<\/title>\n<meta name=\"robots\" content=\"index, follow, max-snippet:-1, max-image-preview:large, max-video-preview:-1\" \/>\n<link rel=\"canonical\" href=\"https:\/\/amdcomval.com\/la-red-comarcal-lanza-un-nuevo-portal-de-informacion-local-en-la-marina-alta\/\" \/>\n<meta property=\"og:locale\" content=\"en_US\" \/>\n<meta property=\"og:type\" content=\"article\" \/>\n<meta property=\"og:title\" content=\"La Red Comarcal lanza un nuevo portal de informaci\u00f3n local en La Marina Alta - AMDComVal - Associaci\u00f3 de Mitjans Digitals de la Comunitat Valenciana\" \/>\n<meta property=\"og:description\" content=\"El Grupo La Red Comarcal, con su cabecera www.laredcomarcal.com como eje central, ha lanzado este mes de enero un nuevo portal de informaci\u00f3n local, se trata de www.teulada-morairanews.com. El nuevo portal est\u00e1 centrado en la informaci\u00f3n local del municipio alicantino de Teulada-Moraira, con noticias de la comarca de La Marina Alta. La Red Comarcal es [&hellip;]\" \/>\n<meta property=\"og:url\" content=\"https:\/\/amdcomval.com\/la-red-comarcal-lanza-un-nuevo-portal-de-informacion-local-en-la-marina-alta\/\" \/>\n<meta property=\"og:site_name\" content=\"AMDComVal - Associaci\u00f3 de Mitjans Digitals de la Comunitat Valenciana\" \/>\n<meta property=\"article:publisher\" content=\"https:\/\/www.facebook.com\/Associaci-De-Mitjans-Digitals-238717099544439\/\" \/>\n<meta property=\"article:published_time\" content=\"2013-01-18T12:00:37+00:00\" \/>\n<meta property=\"og:image\" content=\"https:\/\/amdcomval.com\/wp-content\/uploads\/2025\/10\/AMDComVal-logo-horizontal-2.png\" \/>\n\t<meta property=\"og:image:width\" content=\"2560\" \/>\n\t<meta property=\"og:image:height\" content=\"936\" \/>\n\t<meta property=\"og:image:type\" content=\"image\/png\" \/>\n<meta name=\"author\" content=\"AMDComVal\" \/>\n<meta name=\"twitter:card\" content=\"summary_large_image\" \/>\n<meta name=\"twitter:creator\" content=\"@AMDComVal\" \/>\n<meta name=\"twitter:site\" content=\"@AMDComVal\" \/>\n<meta name=\"twitter:label1\" content=\"Written by\" \/>\n\t<meta name=\"twitter:data1\" content=\"AMDComVal\" \/>\n\t<meta name=\"twitter:label2\" content=\"Est. reading time\" \/>\n\t<meta name=\"twitter:data2\" content=\"1 minute\" \/>\n<script type=\"application\/ld+json\" class=\"yoast-schema-graph\">{\"@context\":\"https:\/\/schema.org\",\"@graph\":[{\"@type\":\"Article\",\"@id\":\"https:\/\/amdcomval.com\/la-red-comarcal-lanza-un-nuevo-portal-de-informacion-local-en-la-marina-alta\/#article\",\"isPartOf\":{\"@id\":\"https:\/\/amdcomval.com\/la-red-comarcal-lanza-un-nuevo-portal-de-informacion-local-en-la-marina-alta\/\"},\"author\":{\"name\":\"AMDComVal\",\"@id\":\"https:\/\/amdcomval.com\/#\/schema\/person\/f15529598c810a38625abf10fd5bda3a\"},\"headline\":\"La Red Comarcal lanza un nuevo portal de informaci\u00f3n local en La Marina Alta\",\"datePublished\":\"2013-01-18T12:00:37+00:00\",\"mainEntityOfPage\":{\"@id\":\"https:\/\/amdcomval.com\/la-red-comarcal-lanza-un-nuevo-portal-de-informacion-local-en-la-marina-alta\/\"},\"wordCount\":157,\"commentCount\":0,\"publisher\":{\"@id\":\"https:\/\/amdcomval.com\/#organization\"},\"image\":{\"@id\":\"https:\/\/amdcomval.com\/la-red-comarcal-lanza-un-nuevo-portal-de-informacion-local-en-la-marina-alta\/#primaryimage\"},\"thumbnailUrl\":\"https:\/\/amdcomval.com\/wp-content\/uploads\/2025\/10\/AMDComVal-logo-horizontal-2.png\",\"keywords\":[\"amdcomval\",\"Asociaci\u00f3n de Medios Digitales de la Comunidad Valenciana\",\"La Red Comarcal\",\"medios digitales\",\"periodismo comarcal\",\"Periodismo Digital\",\"Teulada-Moraira\"],\"articleSection\":[\"Blog\"],\"inLanguage\":\"val\",\"potentialAction\":[{\"@type\":\"CommentAction\",\"name\":\"Comment\",\"target\":[\"https:\/\/amdcomval.com\/la-red-comarcal-lanza-un-nuevo-portal-de-informacion-local-en-la-marina-alta\/#respond\"]}]},{\"@type\":\"WebPage\",\"@id\":\"https:\/\/amdcomval.com\/la-red-comarcal-lanza-un-nuevo-portal-de-informacion-local-en-la-marina-alta\/\",\"url\":\"https:\/\/amdcomval.com\/la-red-comarcal-lanza-un-nuevo-portal-de-informacion-local-en-la-marina-alta\/\",\"name\":\"La Red Comarcal lanza un nuevo portal de informaci\u00f3n local en La Marina Alta - AMDComVal - Associaci\u00f3 de Mitjans Digitals de la Comunitat Valenciana\",\"isPartOf\":{\"@id\":\"https:\/\/amdcomval.com\/#website\"},\"primaryImageOfPage\":{\"@id\":\"https:\/\/amdcomval.com\/la-red-comarcal-lanza-un-nuevo-portal-de-informacion-local-en-la-marina-alta\/#primaryimage\"},\"image\":{\"@id\":\"https:\/\/amdcomval.com\/la-red-comarcal-lanza-un-nuevo-portal-de-informacion-local-en-la-marina-alta\/#primaryimage\"},\"thumbnailUrl\":\"https:\/\/amdcomval.com\/wp-content\/uploads\/2025\/10\/AMDComVal-logo-horizontal-2.png\",\"datePublished\":\"2013-01-18T12:00:37+00:00\",\"breadcrumb\":{\"@id\":\"https:\/\/amdcomval.com\/la-red-comarcal-lanza-un-nuevo-portal-de-informacion-local-en-la-marina-alta\/#breadcrumb\"},\"inLanguage\":\"val\",\"potentialAction\":[{\"@type\":\"ReadAction\",\"target\":[\"https:\/\/amdcomval.com\/la-red-comarcal-lanza-un-nuevo-portal-de-informacion-local-en-la-marina-alta\/\"]}]},{\"@type\":\"ImageObject\",\"inLanguage\":\"val\",\"@id\":\"https:\/\/amdcomval.com\/la-red-comarcal-lanza-un-nuevo-portal-de-informacion-local-en-la-marina-alta\/#primaryimage\",\"url\":\"https:\/\/amdcomval.com\/wp-content\/uploads\/2025\/10\/AMDComVal-logo-horizontal-2.png\",\"contentUrl\":\"https:\/\/amdcomval.com\/wp-content\/uploads\/2025\/10\/AMDComVal-logo-horizontal-2.png\",\"width\":2560,\"height\":936},{\"@type\":\"BreadcrumbList\",\"@id\":\"https:\/\/amdcomval.com\/la-red-comarcal-lanza-un-nuevo-portal-de-informacion-local-en-la-marina-alta\/#breadcrumb\",\"itemListElement\":[{\"@type\":\"ListItem\",\"position\":1,\"name\":\"Portada\",\"item\":\"https:\/\/amdcomval.com\/val\/\"},{\"@type\":\"ListItem\",\"position\":2,\"name\":\"La Red Comarcal lanza un nuevo portal de informaci\u00f3n local en La Marina Alta\"}]},{\"@type\":\"WebSite\",\"@id\":\"https:\/\/amdcomval.com\/#website\",\"url\":\"https:\/\/amdcomval.com\/\",\"name\":\"AMDComVal - Associaci\u00f3 de Mitjans Digitals de la Comunitat Valenciana\",\"description\":\"Web oficial de la Associaci\u00f3 de Mitjans Digitals de la Comunitat Valenciana (AMDComVal). Por la profesionalizaci\u00f3n y dignificaci\u00f3n de los medios de comunicaci\u00f3n digital\",\"publisher\":{\"@id\":\"https:\/\/amdcomval.com\/#organization\"},\"potentialAction\":[{\"@type\":\"SearchAction\",\"target\":{\"@type\":\"EntryPoint\",\"urlTemplate\":\"https:\/\/amdcomval.com\/?s={search_term_string}\"},\"query-input\":{\"@type\":\"PropertyValueSpecification\",\"valueRequired\":true,\"valueName\":\"search_term_string\"}}],\"inLanguage\":\"val\"},{\"@type\":\"Organization\",\"@id\":\"https:\/\/amdcomval.com\/#organization\",\"name\":\"AMDComVal - Associaci\u00f3 de Mitjans Digitals de la Comunitat Valenciana\",\"url\":\"https:\/\/amdcomval.com\/\",\"logo\":{\"@type\":\"ImageObject\",\"inLanguage\":\"val\",\"@id\":\"https:\/\/amdcomval.com\/#\/schema\/logo\/image\/\",\"url\":\"https:\/\/amdcomval.com\/wp-content\/uploads\/2025\/10\/AMDComVal-logo-horizontal-2.png\",\"contentUrl\":\"https:\/\/amdcomval.com\/wp-content\/uploads\/2025\/10\/AMDComVal-logo-horizontal-2.png\",\"width\":2560,\"height\":936,\"caption\":\"AMDComVal - Associaci\u00f3 de Mitjans Digitals de la Comunitat Valenciana\"},\"image\":{\"@id\":\"https:\/\/amdcomval.com\/#\/schema\/logo\/image\/\"},\"sameAs\":[\"https:\/\/www.facebook.com\/Associaci-De-Mitjans-Digitals-238717099544439\/\",\"https:\/\/x.com\/AMDComVal\",\"https:\/\/www.linkedin.com\/groups\/3150654\/\"]},{\"@type\":\"Person\",\"@id\":\"https:\/\/amdcomval.com\/#\/schema\/person\/f15529598c810a38625abf10fd5bda3a\",\"name\":\"AMDComVal\",\"url\":\"https:\/\/amdcomval.com\/val\/author\/amdcomval\/\"}]}<\/script>\n<!-- \/ Yoast SEO plugin. -->","yoast_head_json":{"title":"La Red Comarcal lanza un nuevo portal de informaci\u00f3n local en La Marina Alta - AMDComVal - Associaci\u00f3 de Mitjans Digitals de la Comunitat Valenciana","robots":{"index":"index","follow":"follow","max-snippet":"max-snippet:-1","max-image-preview":"max-image-preview:large","max-video-preview":"max-video-preview:-1"},"canonical":"https:\/\/amdcomval.com\/la-red-comarcal-lanza-un-nuevo-portal-de-informacion-local-en-la-marina-alta\/","og_locale":"en_US","og_type":"article","og_title":"La Red Comarcal lanza un nuevo portal de informaci\u00f3n local en La Marina Alta - AMDComVal - Associaci\u00f3 de Mitjans Digitals de la Comunitat Valenciana","og_description":"El Grupo La Red Comarcal, con su cabecera www.laredcomarcal.com como eje central, ha lanzado este mes de enero un nuevo portal de informaci\u00f3n local, se trata de www.teulada-morairanews.com. El nuevo portal est\u00e1 centrado en la informaci\u00f3n local del municipio alicantino de Teulada-Moraira, con noticias de la comarca de La Marina Alta. La Red Comarcal es [&hellip;]","og_url":"https:\/\/amdcomval.com\/la-red-comarcal-lanza-un-nuevo-portal-de-informacion-local-en-la-marina-alta\/","og_site_name":"AMDComVal - Associaci\u00f3 de Mitjans Digitals de la Comunitat Valenciana","article_publisher":"https:\/\/www.facebook.com\/Associaci-De-Mitjans-Digitals-238717099544439\/","article_published_time":"2013-01-18T12:00:37+00:00","og_image":[{"width":2560,"height":936,"url":"https:\/\/amdcomval.com\/wp-content\/uploads\/2025\/10\/AMDComVal-logo-horizontal-2.png","type":"image\/png"}],"author":"AMDComVal","twitter_card":"summary_large_image","twitter_creator":"@AMDComVal","twitter_site":"@AMDComVal","twitter_misc":{"Written by":"AMDComVal","Est. reading time":"1 minute"},"schema":{"@context":"https:\/\/schema.org","@graph":[{"@type":"Article","@id":"https:\/\/amdcomval.com\/la-red-comarcal-lanza-un-nuevo-portal-de-informacion-local-en-la-marina-alta\/#article","isPartOf":{"@id":"https:\/\/amdcomval.com\/la-red-comarcal-lanza-un-nuevo-portal-de-informacion-local-en-la-marina-alta\/"},"author":{"name":"AMDComVal","@id":"https:\/\/amdcomval.com\/#\/schema\/person\/f15529598c810a38625abf10fd5bda3a"},"headline":"La Red Comarcal lanza un nuevo portal de informaci\u00f3n local en La Marina Alta","datePublished":"2013-01-18T12:00:37+00:00","mainEntityOfPage":{"@id":"https:\/\/amdcomval.com\/la-red-comarcal-lanza-un-nuevo-portal-de-informacion-local-en-la-marina-alta\/"},"wordCount":157,"commentCount":0,"publisher":{"@id":"https:\/\/amdcomval.com\/#organization"},"image":{"@id":"https:\/\/amdcomval.com\/la-red-comarcal-lanza-un-nuevo-portal-de-informacion-local-en-la-marina-alta\/#primaryimage"},"thumbnailUrl":"https:\/\/amdcomval.com\/wp-content\/uploads\/2025\/10\/AMDComVal-logo-horizontal-2.png","keywords":["amdcomval","Asociaci\u00f3n de Medios Digitales de la Comunidad Valenciana","La Red Comarcal","medios digitales","periodismo comarcal","Periodismo Digital","Teulada-Moraira"],"articleSection":["Blog"],"inLanguage":"val","potentialAction":[{"@type":"CommentAction","name":"Comment","target":["https:\/\/amdcomval.com\/la-red-comarcal-lanza-un-nuevo-portal-de-informacion-local-en-la-marina-alta\/#respond"]}]},{"@type":"WebPage","@id":"https:\/\/amdcomval.com\/la-red-comarcal-lanza-un-nuevo-portal-de-informacion-local-en-la-marina-alta\/","url":"https:\/\/amdcomval.com\/la-red-comarcal-lanza-un-nuevo-portal-de-informacion-local-en-la-marina-alta\/","name":"La Red Comarcal lanza un nuevo portal de informaci\u00f3n local en La Marina Alta - AMDComVal - Associaci\u00f3 de Mitjans Digitals de la Comunitat Valenciana","isPartOf":{"@id":"https:\/\/amdcomval.com\/#website"},"primaryImageOfPage":{"@id":"https:\/\/amdcomval.com\/la-red-comarcal-lanza-un-nuevo-portal-de-informacion-local-en-la-marina-alta\/#primaryimage"},"image":{"@id":"https:\/\/amdcomval.com\/la-red-comarcal-lanza-un-nuevo-portal-de-informacion-local-en-la-marina-alta\/#primaryimage"},"thumbnailUrl":"https:\/\/amdcomval.com\/wp-content\/uploads\/2025\/10\/AMDComVal-logo-horizontal-2.png","datePublished":"2013-01-18T12:00:37+00:00","breadcrumb":{"@id":"https:\/\/amdcomval.com\/la-red-comarcal-lanza-un-nuevo-portal-de-informacion-local-en-la-marina-alta\/#breadcrumb"},"inLanguage":"val","potentialAction":[{"@type":"ReadAction","target":["https:\/\/amdcomval.com\/la-red-comarcal-lanza-un-nuevo-portal-de-informacion-local-en-la-marina-alta\/"]}]},{"@type":"ImageObject","inLanguage":"val","@id":"https:\/\/amdcomval.com\/la-red-comarcal-lanza-un-nuevo-portal-de-informacion-local-en-la-marina-alta\/#primaryimage","url":"https:\/\/amdcomval.com\/wp-content\/uploads\/2025\/10\/AMDComVal-logo-horizontal-2.png","contentUrl":"https:\/\/amdcomval.com\/wp-content\/uploads\/2025\/10\/AMDComVal-logo-horizontal-2.png","width":2560,"height":936},{"@type":"BreadcrumbList","@id":"https:\/\/amdcomval.com\/la-red-comarcal-lanza-un-nuevo-portal-de-informacion-local-en-la-marina-alta\/#breadcrumb","itemListElement":[{"@type":"ListItem","position":1,"name":"Portada","item":"https:\/\/amdcomval.com\/val\/"},{"@type":"ListItem","position":2,"name":"La Red Comarcal lanza un nuevo portal de informaci\u00f3n local en La Marina Alta"}]},{"@type":"WebSite","@id":"https:\/\/amdcomval.com\/#website","url":"https:\/\/amdcomval.com\/","name":"AMDComVal - Associaci\u00f3 de Mitjans Digitals de la Comunitat Valenciana","description":"Web oficial de la Associaci\u00f3 de Mitjans Digitals de la Comunitat Valenciana (AMDComVal). Por la profesionalizaci\u00f3n y dignificaci\u00f3n de los medios de comunicaci\u00f3n digital","publisher":{"@id":"https:\/\/amdcomval.com\/#organization"},"potentialAction":[{"@type":"SearchAction","target":{"@type":"EntryPoint","urlTemplate":"https:\/\/amdcomval.com\/?s={search_term_string}"},"query-input":{"@type":"PropertyValueSpecification","valueRequired":true,"valueName":"search_term_string"}}],"inLanguage":"val"},{"@type":"Organization","@id":"https:\/\/amdcomval.com\/#organization","name":"AMDComVal - Associaci\u00f3 de Mitjans Digitals de la Comunitat Valenciana","url":"https:\/\/amdcomval.com\/","logo":{"@type":"ImageObject","inLanguage":"val","@id":"https:\/\/amdcomval.com\/#\/schema\/logo\/image\/","url":"https:\/\/amdcomval.com\/wp-content\/uploads\/2025\/10\/AMDComVal-logo-horizontal-2.png","contentUrl":"https:\/\/amdcomval.com\/wp-content\/uploads\/2025\/10\/AMDComVal-logo-horizontal-2.png","width":2560,"height":936,"caption":"AMDComVal - Associaci\u00f3 de Mitjans Digitals de la Comunitat Valenciana"},"image":{"@id":"https:\/\/amdcomval.com\/#\/schema\/logo\/image\/"},"sameAs":["https:\/\/www.facebook.com\/Associaci-De-Mitjans-Digitals-238717099544439\/","https:\/\/x.com\/AMDComVal","https:\/\/www.linkedin.com\/groups\/3150654\/"]},{"@type":"Person","@id":"https:\/\/amdcomval.com\/#\/schema\/person\/f15529598c810a38625abf10fd5bda3a","name":"AMDComVal","url":"https:\/\/amdcomval.com\/val\/author\/amdcomval\/"}]}},"_links":{"self":[{"href":"https:\/\/amdcomval.com\/val\/wp-json\/wp\/v2\/posts\/764","targetHints":{"allow":["GET"]}}],"collection":[{"href":"https:\/\/amdcomval.com\/val\/wp-json\/wp\/v2\/posts"}],"about":[{"href":"https:\/\/amdcomval.com\/val\/wp-json\/wp\/v2\/types\/post"}],"author":[{"embeddable":true,"href":"https:\/\/amdcomval.com\/val\/wp-json\/wp\/v2\/users\/4"}],"replies":[{"embeddable":true,"href":"https:\/\/amdcomval.com\/val\/wp-json\/wp\/v2\/comments?post=764"}],"version-history":[{"count":0,"href":"https:\/\/amdcomval.com\/val\/wp-json\/wp\/v2\/posts\/764\/revisions"}],"wp:featuredmedia":[{"embeddable":true,"href":"https:\/\/amdcomval.com\/val\/wp-json\/wp\/v2\/media\/114"}],"wp:attachment":[{"href":"https:\/\/amdcomval.com\/val\/wp-json\/wp\/v2\/media?parent=764"}],"wp:term":[{"taxonomy":"category","embeddable":true,"href":"https:\/\/amdcomval.com\/val\/wp-json\/wp\/v2\/categories?post=764"},{"taxonomy":"post_tag","embeddable":true,"href":"https:\/\/amdcomval.com\/val\/wp-json\/wp\/v2\/tags?post=764"}],"curies":[{"name":"wp","href":"https:\/\/api.w.org\/{rel}","templated":true}]}}