{"id":774,"date":"2013-01-15T12:32:42","date_gmt":"2013-01-15T12:32:42","guid":{"rendered":"https:\/\/www.amdcomval.com\/?p=774"},"modified":"2013-01-15T12:32:42","modified_gmt":"2013-01-15T12:32:42","slug":"ahora-valencia-el-periodico-de-aqui-y-nadia-alonso-se-incorporan-a-la-asociacion-de-medios-digitales-de-la-comunidad-valenciana","status":"publish","type":"post","link":"https:\/\/amdcomval.com\/val\/ahora-valencia-el-periodico-de-aqui-y-nadia-alonso-se-incorporan-a-la-asociacion-de-medios-digitales-de-la-comunidad-valenciana\/","title":{"rendered":"Ahora Valencia, El Peri\u00f3dico de Aqu\u00ed y Nadia Alonso se incorporan a la Asociaci\u00f3n de Medios Digitales de la Comunidad Valenciana"},"content":{"rendered":"<p style=\"text-align: justify;\">La\u00a0<strong>Asociaci\u00f3n<\/strong><strong>\u00a0<\/strong><strong>de Medios Digitales de la Comunidad Valenciana<\/strong>\u00a0(<em><strong><a href=\"https:\/\/amdcomval.com\/\">AMDComVal<\/a><\/strong><\/em>) ha incorporado a dos nuevos medios digitales, <a href=\"http:\/\/www.ahoravalencia.es\/\">Ahora Valencia<\/a> y\u00a0<a href=\"http:\/\/elperiodicodeaqui.com\/\">El Peri\u00f3dico de Aqu\u00ed<\/a>, as\u00ed como a la primera profesional asociada, Nadia Alonso, durante la junta celebrada el viernes 11 de junio.<\/p>\n<p style=\"text-align: justify;\">Con la adhesi\u00f3n de estos tres nuevos asociados, la <strong>AMDComVal<\/strong> ya cuenta con\u00a0<a href=\"https:\/\/amdcomval.com\/miembros\/\">21 miembros<\/a>, manteniendo la cifra de asociados, a la espera de las nuevas incorporaciones que se est\u00e1n solicitando.<\/p>\n<p style=\"text-align: justify;\">Unas cifras que demuestra que, pese a la dif\u00edcil situaci\u00f3n que est\u00e1 atravesando el mundo del periodismo, la <strong>AMDComVal<\/strong> contin\u00faa creciendo y consolid\u00e1ndose en su segundo a\u00f1o de vida.<\/p>\n<p style=\"text-align: justify;\">El presidente de la\u00a0<em>Asociaci\u00f3n<\/em><em>\u00a0<\/em><em>de Medios Digitales<\/em>, Manuel Furi\u00f3, ha dado la bienvenida a los nuevos medios y ha asegurado que, \u201cpoco a poco, nos estamos convirtiendo en una asociaci\u00f3n fuerte y con mayor capacidad para realizar nuevos proyectos\u201d.<\/p>\n<p style=\"text-align: justify;\">Adem\u00e1s, cabe destacar que la AMDComVal ha incorporado a la primera profesional de manera independiente, ya que, como ha recordado Furi\u00f3, \u201cno s\u00f3lo los medios digitales pueden asociarse, tambi\u00e9n los blogs y los profesionales de la comunicaci\u00f3n tienen su sitio en la asociaci\u00f3n, as\u00ed, entre todos, podremos hacer mucho m\u00e1s\u201d.<\/p>\n<p style=\"text-align: justify;\">\n<p><strong>Los nuevos asociados<\/strong><\/p>\n<p><strong>Ahora Valencia<\/strong>, comenz\u00f3 su andadura en julio de 2010, con el objetivo de ofrecer a los valencianos todo tipo de informaci\u00f3n relacionada con la provincia y con la ciudad. As\u00ed, abarca m\u00faltiples secciones, desde ciencia y cultura, pasando por deportes y juventud, hasta temas de medio ambiente o econom\u00eda.<\/p>\n<p><strong>El Peri\u00f3dico de Aqu\u00ed<\/strong>, que naci\u00f3 en diciembre de 2010, cubre la informaci\u00f3n de diversas comarcas de Valencia, haciendo especial hincapi\u00e9 en l\u2019Horta y El Camp de Morverdre. Pero sumando a los contenidos m\u00e1s locales, informaciones de car\u00e1cter m\u00e1s generalista.<\/p>\n<p>Por \u00faltimo, <strong>Nadia Alonso<\/strong>\u00a0es una profesional con m\u00e1s de diez a\u00f1os de experiencia. Ha trabajado en diversos medios y \u00e1mbitos period\u00edsticos como Onda Cero o la Direcci\u00f3n de Comunicaci\u00f3n de la concejal\u00eda de Cooperaci\u00f3n e Integraci\u00f3n Social del Ayuntamiento de Gandia. Actualmente trabaja en Canal 9 y colabora en diversos blogs y medios digitales.<\/p>\n","protected":false},"excerpt":{"rendered":"<p>La\u00a0Asociaci\u00f3n\u00a0de Medios Digitales de la Comunidad Valenciana\u00a0(AMDComVal) ha incorporado a dos nuevos medios digitales, Ahora Valencia y\u00a0El Peri\u00f3dico de Aqu\u00ed, as\u00ed como a la primera profesional asociada, Nadia Alonso, durante la junta celebrada el viernes 11 de junio. Con la adhesi\u00f3n de estos tres nuevos asociados, la AMDComVal ya cuenta con\u00a021 miembros, manteniendo la cifra [&hellip;]<\/p>\n","protected":false},"author":4,"featured_media":114,"comment_status":"open","ping_status":"open","sticky":false,"template":"","format":"standard","meta":{"_acf_changed":false,"footnotes":""},"categories":[17],"tags":[216,12,59,215,217,164,66,165,29,62,159],"class_list":["post-774","post","type-post","status-publish","format-standard","has-post-thumbnail","hentry","category-blog","tag-ahora-valencia","tag-amdcomval","tag-asociacion-de-medios-digitales-de-la-comunidad-valenciana","tag-asociados","tag-ciudad","tag-comarcas","tag-comunidad-valenciana","tag-el-periodico-de-aqui","tag-medios-digitales","tag-periodismo","tag-periodismo-comarcal"],"acf":[],"yoast_head":"<!-- This site is optimized with the Yoast SEO plugin v26.3 - https:\/\/yoast.com\/wordpress\/plugins\/seo\/ -->\n<title>Ahora Valencia, El Peri\u00f3dico de Aqu\u00ed y Nadia Alonso se incorporan a la Asociaci\u00f3n de Medios Digitales de la Comunidad Valenciana - AMDComVal - Associaci\u00f3 de Mitjans Digitals de la Comunitat Valenciana<\/title>\n<meta name=\"robots\" content=\"index, follow, max-snippet:-1, max-image-preview:large, max-video-preview:-1\" \/>\n<link rel=\"canonical\" href=\"https:\/\/amdcomval.com\/ahora-valencia-el-periodico-de-aqui-y-nadia-alonso-se-incorporan-a-la-asociacion-de-medios-digitales-de-la-comunidad-valenciana\/\" \/>\n<meta property=\"og:locale\" content=\"en_US\" \/>\n<meta property=\"og:type\" content=\"article\" \/>\n<meta property=\"og:title\" content=\"Ahora Valencia, El Peri\u00f3dico de Aqu\u00ed y Nadia Alonso se incorporan a la Asociaci\u00f3n de Medios Digitales de la Comunidad Valenciana - AMDComVal - Associaci\u00f3 de Mitjans Digitals de la Comunitat Valenciana\" \/>\n<meta property=\"og:description\" content=\"La\u00a0Asociaci\u00f3n\u00a0de Medios Digitales de la Comunidad Valenciana\u00a0(AMDComVal) ha incorporado a dos nuevos medios digitales, Ahora Valencia y\u00a0El Peri\u00f3dico de Aqu\u00ed, as\u00ed como a la primera profesional asociada, Nadia Alonso, durante la junta celebrada el viernes 11 de junio. Con la adhesi\u00f3n de estos tres nuevos asociados, la AMDComVal ya cuenta con\u00a021 miembros, manteniendo la cifra [&hellip;]\" \/>\n<meta property=\"og:url\" content=\"https:\/\/amdcomval.com\/ahora-valencia-el-periodico-de-aqui-y-nadia-alonso-se-incorporan-a-la-asociacion-de-medios-digitales-de-la-comunidad-valenciana\/\" \/>\n<meta property=\"og:site_name\" content=\"AMDComVal - Associaci\u00f3 de Mitjans Digitals de la Comunitat Valenciana\" \/>\n<meta property=\"article:publisher\" content=\"https:\/\/www.facebook.com\/Associaci-De-Mitjans-Digitals-238717099544439\/\" \/>\n<meta property=\"article:published_time\" content=\"2013-01-15T12:32:42+00:00\" \/>\n<meta property=\"og:image\" content=\"https:\/\/amdcomval.com\/wp-content\/uploads\/2025\/10\/AMDComVal-logo-horizontal-2.png\" \/>\n\t<meta property=\"og:image:width\" content=\"2560\" \/>\n\t<meta property=\"og:image:height\" content=\"936\" \/>\n\t<meta property=\"og:image:type\" content=\"image\/png\" \/>\n<meta name=\"author\" content=\"AMDComVal\" \/>\n<meta name=\"twitter:card\" content=\"summary_large_image\" \/>\n<meta name=\"twitter:creator\" content=\"@AMDComVal\" \/>\n<meta name=\"twitter:site\" content=\"@AMDComVal\" \/>\n<meta name=\"twitter:label1\" content=\"Written by\" \/>\n\t<meta name=\"twitter:data1\" content=\"AMDComVal\" \/>\n\t<meta name=\"twitter:label2\" content=\"Est. reading time\" \/>\n\t<meta name=\"twitter:data2\" content=\"2 minutes\" \/>\n<script type=\"application\/ld+json\" class=\"yoast-schema-graph\">{\"@context\":\"https:\/\/schema.org\",\"@graph\":[{\"@type\":\"Article\",\"@id\":\"https:\/\/amdcomval.com\/ahora-valencia-el-periodico-de-aqui-y-nadia-alonso-se-incorporan-a-la-asociacion-de-medios-digitales-de-la-comunidad-valenciana\/#article\",\"isPartOf\":{\"@id\":\"https:\/\/amdcomval.com\/ahora-valencia-el-periodico-de-aqui-y-nadia-alonso-se-incorporan-a-la-asociacion-de-medios-digitales-de-la-comunidad-valenciana\/\"},\"author\":{\"name\":\"AMDComVal\",\"@id\":\"https:\/\/amdcomval.com\/#\/schema\/person\/f15529598c810a38625abf10fd5bda3a\"},\"headline\":\"Ahora Valencia, El Peri\u00f3dico de Aqu\u00ed y Nadia Alonso se incorporan a la Asociaci\u00f3n de Medios Digitales de la Comunidad Valenciana\",\"datePublished\":\"2013-01-15T12:32:42+00:00\",\"mainEntityOfPage\":{\"@id\":\"https:\/\/amdcomval.com\/ahora-valencia-el-periodico-de-aqui-y-nadia-alonso-se-incorporan-a-la-asociacion-de-medios-digitales-de-la-comunidad-valenciana\/\"},\"wordCount\":391,\"commentCount\":0,\"publisher\":{\"@id\":\"https:\/\/amdcomval.com\/#organization\"},\"image\":{\"@id\":\"https:\/\/amdcomval.com\/ahora-valencia-el-periodico-de-aqui-y-nadia-alonso-se-incorporan-a-la-asociacion-de-medios-digitales-de-la-comunidad-valenciana\/#primaryimage\"},\"thumbnailUrl\":\"https:\/\/amdcomval.com\/wp-content\/uploads\/2025\/10\/AMDComVal-logo-horizontal-2.png\",\"keywords\":[\"Ahora Valencia\",\"amdcomval\",\"Asociaci\u00f3n de Medios Digitales de la Comunidad Valenciana\",\"asociados\",\"ciudad\",\"comarcas\",\"Comunidad Valenciana\",\"El Peri\u00f3dico de Aqu\u00ed\",\"medios digitales\",\"periodismo\",\"periodismo comarcal\"],\"articleSection\":[\"Blog\"],\"inLanguage\":\"val\",\"potentialAction\":[{\"@type\":\"CommentAction\",\"name\":\"Comment\",\"target\":[\"https:\/\/amdcomval.com\/ahora-valencia-el-periodico-de-aqui-y-nadia-alonso-se-incorporan-a-la-asociacion-de-medios-digitales-de-la-comunidad-valenciana\/#respond\"]}]},{\"@type\":\"WebPage\",\"@id\":\"https:\/\/amdcomval.com\/ahora-valencia-el-periodico-de-aqui-y-nadia-alonso-se-incorporan-a-la-asociacion-de-medios-digitales-de-la-comunidad-valenciana\/\",\"url\":\"https:\/\/amdcomval.com\/ahora-valencia-el-periodico-de-aqui-y-nadia-alonso-se-incorporan-a-la-asociacion-de-medios-digitales-de-la-comunidad-valenciana\/\",\"name\":\"Ahora Valencia, El Peri\u00f3dico de Aqu\u00ed y Nadia Alonso se incorporan a la Asociaci\u00f3n de Medios Digitales de la Comunidad Valenciana - AMDComVal - Associaci\u00f3 de Mitjans Digitals de la Comunitat Valenciana\",\"isPartOf\":{\"@id\":\"https:\/\/amdcomval.com\/#website\"},\"primaryImageOfPage\":{\"@id\":\"https:\/\/amdcomval.com\/ahora-valencia-el-periodico-de-aqui-y-nadia-alonso-se-incorporan-a-la-asociacion-de-medios-digitales-de-la-comunidad-valenciana\/#primaryimage\"},\"image\":{\"@id\":\"https:\/\/amdcomval.com\/ahora-valencia-el-periodico-de-aqui-y-nadia-alonso-se-incorporan-a-la-asociacion-de-medios-digitales-de-la-comunidad-valenciana\/#primaryimage\"},\"thumbnailUrl\":\"https:\/\/amdcomval.com\/wp-content\/uploads\/2025\/10\/AMDComVal-logo-horizontal-2.png\",\"datePublished\":\"2013-01-15T12:32:42+00:00\",\"breadcrumb\":{\"@id\":\"https:\/\/amdcomval.com\/ahora-valencia-el-periodico-de-aqui-y-nadia-alonso-se-incorporan-a-la-asociacion-de-medios-digitales-de-la-comunidad-valenciana\/#breadcrumb\"},\"inLanguage\":\"val\",\"potentialAction\":[{\"@type\":\"ReadAction\",\"target\":[\"https:\/\/amdcomval.com\/ahora-valencia-el-periodico-de-aqui-y-nadia-alonso-se-incorporan-a-la-asociacion-de-medios-digitales-de-la-comunidad-valenciana\/\"]}]},{\"@type\":\"ImageObject\",\"inLanguage\":\"val\",\"@id\":\"https:\/\/amdcomval.com\/ahora-valencia-el-periodico-de-aqui-y-nadia-alonso-se-incorporan-a-la-asociacion-de-medios-digitales-de-la-comunidad-valenciana\/#primaryimage\",\"url\":\"https:\/\/amdcomval.com\/wp-content\/uploads\/2025\/10\/AMDComVal-logo-horizontal-2.png\",\"contentUrl\":\"https:\/\/amdcomval.com\/wp-content\/uploads\/2025\/10\/AMDComVal-logo-horizontal-2.png\",\"width\":2560,\"height\":936},{\"@type\":\"BreadcrumbList\",\"@id\":\"https:\/\/amdcomval.com\/ahora-valencia-el-periodico-de-aqui-y-nadia-alonso-se-incorporan-a-la-asociacion-de-medios-digitales-de-la-comunidad-valenciana\/#breadcrumb\",\"itemListElement\":[{\"@type\":\"ListItem\",\"position\":1,\"name\":\"Portada\",\"item\":\"https:\/\/amdcomval.com\/val\/\"},{\"@type\":\"ListItem\",\"position\":2,\"name\":\"Ahora Valencia, El Peri\u00f3dico de Aqu\u00ed y Nadia Alonso se incorporan a la Asociaci\u00f3n de Medios Digitales de la Comunidad Valenciana\"}]},{\"@type\":\"WebSite\",\"@id\":\"https:\/\/amdcomval.com\/#website\",\"url\":\"https:\/\/amdcomval.com\/\",\"name\":\"AMDComVal - Associaci\u00f3 de Mitjans Digitals de la Comunitat Valenciana\",\"description\":\"Web oficial de la Associaci\u00f3 de Mitjans Digitals de la Comunitat Valenciana (AMDComVal). Por la profesionalizaci\u00f3n y dignificaci\u00f3n de los medios de comunicaci\u00f3n digital\",\"publisher\":{\"@id\":\"https:\/\/amdcomval.com\/#organization\"},\"potentialAction\":[{\"@type\":\"SearchAction\",\"target\":{\"@type\":\"EntryPoint\",\"urlTemplate\":\"https:\/\/amdcomval.com\/?s={search_term_string}\"},\"query-input\":{\"@type\":\"PropertyValueSpecification\",\"valueRequired\":true,\"valueName\":\"search_term_string\"}}],\"inLanguage\":\"val\"},{\"@type\":\"Organization\",\"@id\":\"https:\/\/amdcomval.com\/#organization\",\"name\":\"AMDComVal - Associaci\u00f3 de Mitjans Digitals de la Comunitat Valenciana\",\"url\":\"https:\/\/amdcomval.com\/\",\"logo\":{\"@type\":\"ImageObject\",\"inLanguage\":\"val\",\"@id\":\"https:\/\/amdcomval.com\/#\/schema\/logo\/image\/\",\"url\":\"https:\/\/amdcomval.com\/wp-content\/uploads\/2025\/10\/AMDComVal-logo-horizontal-2.png\",\"contentUrl\":\"https:\/\/amdcomval.com\/wp-content\/uploads\/2025\/10\/AMDComVal-logo-horizontal-2.png\",\"width\":2560,\"height\":936,\"caption\":\"AMDComVal - Associaci\u00f3 de Mitjans Digitals de la Comunitat Valenciana\"},\"image\":{\"@id\":\"https:\/\/amdcomval.com\/#\/schema\/logo\/image\/\"},\"sameAs\":[\"https:\/\/www.facebook.com\/Associaci-De-Mitjans-Digitals-238717099544439\/\",\"https:\/\/x.com\/AMDComVal\",\"https:\/\/www.linkedin.com\/groups\/3150654\/\"]},{\"@type\":\"Person\",\"@id\":\"https:\/\/amdcomval.com\/#\/schema\/person\/f15529598c810a38625abf10fd5bda3a\",\"name\":\"AMDComVal\",\"url\":\"https:\/\/amdcomval.com\/val\/author\/amdcomval\/\"}]}<\/script>\n<!-- \/ Yoast SEO plugin. -->","yoast_head_json":{"title":"Ahora Valencia, El Peri\u00f3dico de Aqu\u00ed y Nadia Alonso se incorporan a la Asociaci\u00f3n de Medios Digitales de la Comunidad Valenciana - AMDComVal - Associaci\u00f3 de Mitjans Digitals de la Comunitat Valenciana","robots":{"index":"index","follow":"follow","max-snippet":"max-snippet:-1","max-image-preview":"max-image-preview:large","max-video-preview":"max-video-preview:-1"},"canonical":"https:\/\/amdcomval.com\/ahora-valencia-el-periodico-de-aqui-y-nadia-alonso-se-incorporan-a-la-asociacion-de-medios-digitales-de-la-comunidad-valenciana\/","og_locale":"en_US","og_type":"article","og_title":"Ahora Valencia, El Peri\u00f3dico de Aqu\u00ed y Nadia Alonso se incorporan a la Asociaci\u00f3n de Medios Digitales de la Comunidad Valenciana - AMDComVal - Associaci\u00f3 de Mitjans Digitals de la Comunitat Valenciana","og_description":"La\u00a0Asociaci\u00f3n\u00a0de Medios Digitales de la Comunidad Valenciana\u00a0(AMDComVal) ha incorporado a dos nuevos medios digitales, Ahora Valencia y\u00a0El Peri\u00f3dico de Aqu\u00ed, as\u00ed como a la primera profesional asociada, Nadia Alonso, durante la junta celebrada el viernes 11 de junio. Con la adhesi\u00f3n de estos tres nuevos asociados, la AMDComVal ya cuenta con\u00a021 miembros, manteniendo la cifra [&hellip;]","og_url":"https:\/\/amdcomval.com\/ahora-valencia-el-periodico-de-aqui-y-nadia-alonso-se-incorporan-a-la-asociacion-de-medios-digitales-de-la-comunidad-valenciana\/","og_site_name":"AMDComVal - Associaci\u00f3 de Mitjans Digitals de la Comunitat Valenciana","article_publisher":"https:\/\/www.facebook.com\/Associaci-De-Mitjans-Digitals-238717099544439\/","article_published_time":"2013-01-15T12:32:42+00:00","og_image":[{"width":2560,"height":936,"url":"https:\/\/amdcomval.com\/wp-content\/uploads\/2025\/10\/AMDComVal-logo-horizontal-2.png","type":"image\/png"}],"author":"AMDComVal","twitter_card":"summary_large_image","twitter_creator":"@AMDComVal","twitter_site":"@AMDComVal","twitter_misc":{"Written by":"AMDComVal","Est. reading time":"2 minutes"},"schema":{"@context":"https:\/\/schema.org","@graph":[{"@type":"Article","@id":"https:\/\/amdcomval.com\/ahora-valencia-el-periodico-de-aqui-y-nadia-alonso-se-incorporan-a-la-asociacion-de-medios-digitales-de-la-comunidad-valenciana\/#article","isPartOf":{"@id":"https:\/\/amdcomval.com\/ahora-valencia-el-periodico-de-aqui-y-nadia-alonso-se-incorporan-a-la-asociacion-de-medios-digitales-de-la-comunidad-valenciana\/"},"author":{"name":"AMDComVal","@id":"https:\/\/amdcomval.com\/#\/schema\/person\/f15529598c810a38625abf10fd5bda3a"},"headline":"Ahora Valencia, El Peri\u00f3dico de Aqu\u00ed y Nadia Alonso se incorporan a la Asociaci\u00f3n de Medios Digitales de la Comunidad Valenciana","datePublished":"2013-01-15T12:32:42+00:00","mainEntityOfPage":{"@id":"https:\/\/amdcomval.com\/ahora-valencia-el-periodico-de-aqui-y-nadia-alonso-se-incorporan-a-la-asociacion-de-medios-digitales-de-la-comunidad-valenciana\/"},"wordCount":391,"commentCount":0,"publisher":{"@id":"https:\/\/amdcomval.com\/#organization"},"image":{"@id":"https:\/\/amdcomval.com\/ahora-valencia-el-periodico-de-aqui-y-nadia-alonso-se-incorporan-a-la-asociacion-de-medios-digitales-de-la-comunidad-valenciana\/#primaryimage"},"thumbnailUrl":"https:\/\/amdcomval.com\/wp-content\/uploads\/2025\/10\/AMDComVal-logo-horizontal-2.png","keywords":["Ahora Valencia","amdcomval","Asociaci\u00f3n de Medios Digitales de la Comunidad Valenciana","asociados","ciudad","comarcas","Comunidad Valenciana","El Peri\u00f3dico de Aqu\u00ed","medios digitales","periodismo","periodismo comarcal"],"articleSection":["Blog"],"inLanguage":"val","potentialAction":[{"@type":"CommentAction","name":"Comment","target":["https:\/\/amdcomval.com\/ahora-valencia-el-periodico-de-aqui-y-nadia-alonso-se-incorporan-a-la-asociacion-de-medios-digitales-de-la-comunidad-valenciana\/#respond"]}]},{"@type":"WebPage","@id":"https:\/\/amdcomval.com\/ahora-valencia-el-periodico-de-aqui-y-nadia-alonso-se-incorporan-a-la-asociacion-de-medios-digitales-de-la-comunidad-valenciana\/","url":"https:\/\/amdcomval.com\/ahora-valencia-el-periodico-de-aqui-y-nadia-alonso-se-incorporan-a-la-asociacion-de-medios-digitales-de-la-comunidad-valenciana\/","name":"Ahora Valencia, El Peri\u00f3dico de Aqu\u00ed y Nadia Alonso se incorporan a la Asociaci\u00f3n de Medios Digitales de la Comunidad Valenciana - AMDComVal - Associaci\u00f3 de Mitjans Digitals de la Comunitat Valenciana","isPartOf":{"@id":"https:\/\/amdcomval.com\/#website"},"primaryImageOfPage":{"@id":"https:\/\/amdcomval.com\/ahora-valencia-el-periodico-de-aqui-y-nadia-alonso-se-incorporan-a-la-asociacion-de-medios-digitales-de-la-comunidad-valenciana\/#primaryimage"},"image":{"@id":"https:\/\/amdcomval.com\/ahora-valencia-el-periodico-de-aqui-y-nadia-alonso-se-incorporan-a-la-asociacion-de-medios-digitales-de-la-comunidad-valenciana\/#primaryimage"},"thumbnailUrl":"https:\/\/amdcomval.com\/wp-content\/uploads\/2025\/10\/AMDComVal-logo-horizontal-2.png","datePublished":"2013-01-15T12:32:42+00:00","breadcrumb":{"@id":"https:\/\/amdcomval.com\/ahora-valencia-el-periodico-de-aqui-y-nadia-alonso-se-incorporan-a-la-asociacion-de-medios-digitales-de-la-comunidad-valenciana\/#breadcrumb"},"inLanguage":"val","potentialAction":[{"@type":"ReadAction","target":["https:\/\/amdcomval.com\/ahora-valencia-el-periodico-de-aqui-y-nadia-alonso-se-incorporan-a-la-asociacion-de-medios-digitales-de-la-comunidad-valenciana\/"]}]},{"@type":"ImageObject","inLanguage":"val","@id":"https:\/\/amdcomval.com\/ahora-valencia-el-periodico-de-aqui-y-nadia-alonso-se-incorporan-a-la-asociacion-de-medios-digitales-de-la-comunidad-valenciana\/#primaryimage","url":"https:\/\/amdcomval.com\/wp-content\/uploads\/2025\/10\/AMDComVal-logo-horizontal-2.png","contentUrl":"https:\/\/amdcomval.com\/wp-content\/uploads\/2025\/10\/AMDComVal-logo-horizontal-2.png","width":2560,"height":936},{"@type":"BreadcrumbList","@id":"https:\/\/amdcomval.com\/ahora-valencia-el-periodico-de-aqui-y-nadia-alonso-se-incorporan-a-la-asociacion-de-medios-digitales-de-la-comunidad-valenciana\/#breadcrumb","itemListElement":[{"@type":"ListItem","position":1,"name":"Portada","item":"https:\/\/amdcomval.com\/val\/"},{"@type":"ListItem","position":2,"name":"Ahora Valencia, El Peri\u00f3dico de Aqu\u00ed y Nadia Alonso se incorporan a la Asociaci\u00f3n de Medios Digitales de la Comunidad Valenciana"}]},{"@type":"WebSite","@id":"https:\/\/amdcomval.com\/#website","url":"https:\/\/amdcomval.com\/","name":"AMDComVal - Associaci\u00f3 de Mitjans Digitals de la Comunitat Valenciana","description":"Web oficial de la Associaci\u00f3 de Mitjans Digitals de la Comunitat Valenciana (AMDComVal). Por la profesionalizaci\u00f3n y dignificaci\u00f3n de los medios de comunicaci\u00f3n digital","publisher":{"@id":"https:\/\/amdcomval.com\/#organization"},"potentialAction":[{"@type":"SearchAction","target":{"@type":"EntryPoint","urlTemplate":"https:\/\/amdcomval.com\/?s={search_term_string}"},"query-input":{"@type":"PropertyValueSpecification","valueRequired":true,"valueName":"search_term_string"}}],"inLanguage":"val"},{"@type":"Organization","@id":"https:\/\/amdcomval.com\/#organization","name":"AMDComVal - Associaci\u00f3 de Mitjans Digitals de la Comunitat Valenciana","url":"https:\/\/amdcomval.com\/","logo":{"@type":"ImageObject","inLanguage":"val","@id":"https:\/\/amdcomval.com\/#\/schema\/logo\/image\/","url":"https:\/\/amdcomval.com\/wp-content\/uploads\/2025\/10\/AMDComVal-logo-horizontal-2.png","contentUrl":"https:\/\/amdcomval.com\/wp-content\/uploads\/2025\/10\/AMDComVal-logo-horizontal-2.png","width":2560,"height":936,"caption":"AMDComVal - Associaci\u00f3 de Mitjans Digitals de la Comunitat Valenciana"},"image":{"@id":"https:\/\/amdcomval.com\/#\/schema\/logo\/image\/"},"sameAs":["https:\/\/www.facebook.com\/Associaci-De-Mitjans-Digitals-238717099544439\/","https:\/\/x.com\/AMDComVal","https:\/\/www.linkedin.com\/groups\/3150654\/"]},{"@type":"Person","@id":"https:\/\/amdcomval.com\/#\/schema\/person\/f15529598c810a38625abf10fd5bda3a","name":"AMDComVal","url":"https:\/\/amdcomval.com\/val\/author\/amdcomval\/"}]}},"_links":{"self":[{"href":"https:\/\/amdcomval.com\/val\/wp-json\/wp\/v2\/posts\/774","targetHints":{"allow":["GET"]}}],"collection":[{"href":"https:\/\/amdcomval.com\/val\/wp-json\/wp\/v2\/posts"}],"about":[{"href":"https:\/\/amdcomval.com\/val\/wp-json\/wp\/v2\/types\/post"}],"author":[{"embeddable":true,"href":"https:\/\/amdcomval.com\/val\/wp-json\/wp\/v2\/users\/4"}],"replies":[{"embeddable":true,"href":"https:\/\/amdcomval.com\/val\/wp-json\/wp\/v2\/comments?post=774"}],"version-history":[{"count":0,"href":"https:\/\/amdcomval.com\/val\/wp-json\/wp\/v2\/posts\/774\/revisions"}],"wp:featuredmedia":[{"embeddable":true,"href":"https:\/\/amdcomval.com\/val\/wp-json\/wp\/v2\/media\/114"}],"wp:attachment":[{"href":"https:\/\/amdcomval.com\/val\/wp-json\/wp\/v2\/media?parent=774"}],"wp:term":[{"taxonomy":"category","embeddable":true,"href":"https:\/\/amdcomval.com\/val\/wp-json\/wp\/v2\/categories?post=774"},{"taxonomy":"post_tag","embeddable":true,"href":"https:\/\/amdcomval.com\/val\/wp-json\/wp\/v2\/tags?post=774"}],"curies":[{"name":"wp","href":"https:\/\/api.w.org\/{rel}","templated":true}]}}