{"id":876,"date":"2013-04-24T10:29:54","date_gmt":"2013-04-24T10:29:54","guid":{"rendered":"https:\/\/www.amdcomval.com\/?p=876"},"modified":"2013-04-24T10:29:54","modified_gmt":"2013-04-24T10:29:54","slug":"el-futuro-del-periodismo-esta-en-las-aplicaciones-para-moviles","status":"publish","type":"post","link":"https:\/\/amdcomval.com\/val\/el-futuro-del-periodismo-esta-en-las-aplicaciones-para-moviles\/","title":{"rendered":"\u201cEl futuro del periodismo est\u00e1 en las aplicaciones para m\u00f3viles\u201d"},"content":{"rendered":"<h2 style=\"text-align: justify;\"><span style=\"color: #000000;\">\u00c9xito en las jornadas sobre experiencias innovadoras en la comunicaci\u00f3n local y comarcal celebradas en la Universidad de Valencia<\/span><\/h2>\n<p style=\"text-align: justify;\"><span style=\"color: #000000;\">\u00a0<\/span><\/p>\n<p style=\"text-align: justify;\"><strong><span style=\"color: #000000;\">El presidente de la Asociaci\u00f3n de Medios Digitales de la Comunidad Valenciana (<a href=\"https:\/\/amdcomval.com\/\">AMDComVal<\/a>) y director del medio digital <a href=\"http:\/\/www.hortanoticias.com\">Hortanoticias.com<\/a>, Manuel Furi\u00f3, particip\u00f3 en las jornadas sobre experiencias innovadoras en la comunicaci\u00f3n comarcal, organizadas por la Universidad de Valencia, a trav\u00e9s de la Unidad de Innovaci\u00f3n Educativa y el \u00c1rea de Periodismo del Departamento de Teoria de los Lenguajes, el 10 y 17 de abril.<\/span><\/strong><\/p>\n<p><a  href=\"https:\/\/amdcomval.com\/wp-content\/uploads\/2013\/04\/Manuel-Furio-Jornadas-UVr.jpg\" data-rel=\"lightbox-gallery-0\" data-rl_title=\"\" data-rl_caption=\"\" title=\"\"><img loading=\"lazy\" decoding=\"async\" class=\"wp-image-880 alignleft\"  src=\"https:\/\/amdcomval.com\/wp-content\/uploads\/2013\/04\/Manuel-Furio-Jornadas-UVr.jpg\" width=\"360\" height=\"270\" srcset=\"https:\/\/amdcomval.com\/wp-content\/uploads\/2013\/04\/Manuel-Furio-Jornadas-UVr.jpg 1000w, https:\/\/amdcomval.com\/wp-content\/uploads\/2013\/04\/Manuel-Furio-Jornadas-UVr-300x225.jpg 300w, https:\/\/amdcomval.com\/wp-content\/uploads\/2013\/04\/Manuel-Furio-Jornadas-UVr-768x576.jpg 768w, https:\/\/amdcomval.com\/wp-content\/uploads\/2013\/04\/Manuel-Furio-Jornadas-UVr-510x382.jpg 510w, https:\/\/amdcomval.com\/wp-content\/uploads\/2013\/04\/Manuel-Furio-Jornadas-UVr-980x735.jpg 980w, https:\/\/amdcomval.com\/wp-content\/uploads\/2013\/04\/Manuel-Furio-Jornadas-UVr-480x360.jpg 480w\" sizes=\"(max-width: 360px) 100vw, 360px\" \/><\/a><\/p>\n<p style=\"text-align: justify;\"><span style=\"color: #000000;\">Durante su intervenci\u00f3n, el director de Hortanoticias.com\u00a0defendi\u00f3 el papel de los medios hiperlocales y comarcales, &#8220;un importante nicho de mercado al que los grandes medios a\u00fan no llegan y que pueden ser una buena salida profesionales para los perriodistas&#8221;; y de los nuevos soportes en el futuro del periodismo llegando a afirmar que el futuro \u201cest\u00e1 en las aplicaciones para m\u00f3viles\u201d.<\/span><\/p>\n<p style=\"text-align: justify;\"><span style=\"color: #000000;\">Furi\u00f3, tras preguntar a los presentes cu\u00e1ntas personas hab\u00edan le\u00eddo las noticias esa ma\u00f1ana, plante\u00f3 cu\u00e1ntos de ellos hab\u00edan comprado el peri\u00f3dico o las hab\u00edan consultado en los diferentes soportes m\u00f3viles. La respuesta puso en evidencia que la mayor\u00eda hab\u00edan utilizado sus m\u00f3viles y dem\u00e1s soportes digitales para ello.<\/span><\/p>\n<p style=\"text-align: justify;\"><span style=\"color: #000000;\">Junto a \u00e9l, en la mesa redonda del d\u00eda 17, participaron Carles Ayats, director editorial del semanario \u2018Alt Empord\u00e0 de Figueres\u2019 y presidente de la Associaci\u00f3 Catalana de Premsa Comarcal, quien present\u00f3 el \u2018Llibre Blanc de la Premsa Comarcal de Catalunya 2011\u2019.<\/span><\/p>\n<p style=\"text-align: justify;\"><span style=\"color: #000000;\">Tambi\u00e9n, Josep Ritort i Ferr\u00fas, secretario general de la <a href=\"http:\/\/www.acpg.cat\/\">Associaci\u00f3 Catalana de la Premsa Gratu\u00efta i Mitjans Digitals<\/a>, quien analiz\u00f3 la apuesta del sector por un modelo mixto de prensa entre papel y digital.<\/span><\/p>\n<p style=\"text-align: justify;\"><span style=\"color: #000000;\">Por \u00faltimo, en representaci\u00f3 de la Comunitat Valenciana, y mostrando experiencias innovadoras en este territorio, participaron Manuel Furi\u00f3 y Miguel \u00c1ngel Pall\u00e1s, fundador y director del semanario comarcal <a href=\"http:\/\/www.tucomarca.com\/wordpress\/segunda\/\">Tucomarca.com<\/a>, de la comarca la Foia de Bu\u00f1ol.<\/span><\/p>\n<p style=\"text-align: justify;\"><span style=\"color: #000000;\">El moderador encargado de la mesa fue Francesc Mart\u00ednez, profesor de la UV y presidente de la Associaci\u00f3 de Publicacions Peri\u00f2diques Valencianes.<\/span><\/p>\n<p style=\"text-align: justify;\"><span style=\"color: #000000;\">Los cuatro ponentes coincidieron en la necesidad de la convergencia multimedia en la prensa de proximidad, asegurando que el papel debe sumar fuerzas y sinergias con el mundo de Internet y los medios audiovisuales.<\/span><\/p>\n<p style=\"text-align: justify;\"><span style=\"color: #000000;\">Esta ser\u00e1 la \u00fanica manera de innovar y adaptarse a los nuevos tiempos y de continuar haciendo buen periodismo de proximidad, se afirm\u00f3.<\/span><\/p>\n<p style=\"text-align: justify;\"><span style=\"color: #000000;\">Carles Ayats se\u00f1al\u00f3 que, ante la caida de la publicidad y los recortes de subvenciones por parte de la Generalitat, el futuro inmediato pasa por un cambio de modelo de negocio. As\u00ed, explic\u00f3 que se debe realizar una reconversi\u00f3n del sector donde tenga cabida la convivencia del papel con el mundo digital.<\/span><\/p>\n<p style=\"text-align: justify;\"><span style=\"color: #000000;\">El futuro, seg\u00fan Ayats, pasa por unir esfuerzos de todas las cabeceras de prensa de proximidad para buscar nuevas fuentes de mercados por conquistar. Sumar y compartir como clave de futuro, concluy\u00f3 el presidente de la ACPC.<\/span><\/p>\n<p style=\"text-align: justify;\"><span style=\"color: #000000;\">De la misma manera se manifestaron Manuel Furi\u00f3, Miguel \u00c1ngel Pay\u00e1s y Josep Ritort, quienes hicieron una firme defensa por la prensa de proximidad frente a la competencia de la prensa estatal y regional tradicional.<\/span><\/p>\n<p style=\"text-align: justify;\"><span style=\"color: #000000;\">De hecho, a \u00e9sta, Ritort le augur\u00f3 un futuro bastante negro, con el cierre de cabeceras, a causa de la crisis econ\u00f3mica y el cambio de modelo que est\u00e1 viviendo el mundo de la comunicaci\u00f3n.<\/span><\/p>\n<p style=\"text-align: justify;\"><span style=\"color: #000000;\">Para los cuatro ponentes, el futuro de la comunicaci\u00f3n ser\u00e1, sin duda, local.<\/span><\/p>\n<p style=\"text-align: justify;\"><span style=\"color: #000000;\">Las jornadas, que se celebraron en la Facultat de Filologia, Traducci\u00f3 i Comunicaci\u00f3, se complementaron con una Muestra de Prensa Local y Comarcal producida actualmente en la Comunitat, Catalu\u00f1a y las Islas Baleares.<\/span><\/p>\n","protected":false},"excerpt":{"rendered":"<p>\u00c9xito en las jornadas sobre experiencias innovadoras en la comunicaci\u00f3n local y comarcal celebradas en la Universidad de Valencia \u00a0 El presidente de la Asociaci\u00f3n de Medios Digitales de la Comunidad Valenciana (AMDComVal) y director del medio digital Hortanoticias.com, Manuel Furi\u00f3, particip\u00f3 en las jornadas sobre experiencias innovadoras en la comunicaci\u00f3n comarcal, organizadas por la [&hellip;]<\/p>\n","protected":false},"author":4,"featured_media":880,"comment_status":"open","ping_status":"open","sticky":false,"template":"","format":"standard","meta":{"_acf_changed":false,"footnotes":""},"categories":[17],"tags":[12,59,138,48,29,245,62,159,246,78,247,248,160,249,243],"class_list":["post-876","post","type-post","status-publish","format-standard","has-post-thumbnail","hentry","category-blog","tag-amdcomval","tag-asociacion-de-medios-digitales-de-la-comunidad-valenciana","tag-comunicacion","tag-medios-de-comunicacion","tag-medios-digitales","tag-nuevos-soportes","tag-periodismo","tag-periodismo-comarcal","tag-periodismo-de-proximidad","tag-periodismo-digital","tag-periodismo-digital-comarcal","tag-periodismo-digital-local","tag-periodismo-local","tag-universidad-de-periodismo","tag-uv"],"acf":[],"yoast_head":"<!-- This site is optimized with the Yoast SEO plugin v26.3 - https:\/\/yoast.com\/wordpress\/plugins\/seo\/ -->\n<title>\u201cEl futuro del periodismo est\u00e1 en las aplicaciones para m\u00f3viles\u201d - AMDComVal - Associaci\u00f3 de Mitjans Digitals de la Comunitat Valenciana<\/title>\n<meta name=\"robots\" content=\"index, follow, max-snippet:-1, max-image-preview:large, max-video-preview:-1\" \/>\n<link rel=\"canonical\" href=\"https:\/\/amdcomval.com\/el-futuro-del-periodismo-esta-en-las-aplicaciones-para-moviles\/\" \/>\n<meta property=\"og:locale\" content=\"en_US\" \/>\n<meta property=\"og:type\" content=\"article\" \/>\n<meta property=\"og:title\" content=\"\u201cEl futuro del periodismo est\u00e1 en las aplicaciones para m\u00f3viles\u201d - AMDComVal - Associaci\u00f3 de Mitjans Digitals de la Comunitat Valenciana\" \/>\n<meta property=\"og:description\" content=\"\u00c9xito en las jornadas sobre experiencias innovadoras en la comunicaci\u00f3n local y comarcal celebradas en la Universidad de Valencia \u00a0 El presidente de la Asociaci\u00f3n de Medios Digitales de la Comunidad Valenciana (AMDComVal) y director del medio digital Hortanoticias.com, Manuel Furi\u00f3, particip\u00f3 en las jornadas sobre experiencias innovadoras en la comunicaci\u00f3n comarcal, organizadas por la [&hellip;]\" \/>\n<meta property=\"og:url\" content=\"https:\/\/amdcomval.com\/el-futuro-del-periodismo-esta-en-las-aplicaciones-para-moviles\/\" \/>\n<meta property=\"og:site_name\" content=\"AMDComVal - Associaci\u00f3 de Mitjans Digitals de la Comunitat Valenciana\" \/>\n<meta property=\"article:publisher\" content=\"https:\/\/www.facebook.com\/Associaci-De-Mitjans-Digitals-238717099544439\/\" \/>\n<meta property=\"article:published_time\" content=\"2013-04-24T10:29:54+00:00\" \/>\n<meta property=\"og:image\" content=\"https:\/\/amdcomval.com\/wp-content\/uploads\/2013\/04\/Manuel-Furio-Jornadas-UVr.jpg\" \/>\n\t<meta property=\"og:image:width\" content=\"1000\" \/>\n\t<meta property=\"og:image:height\" content=\"750\" \/>\n\t<meta property=\"og:image:type\" content=\"image\/jpeg\" \/>\n<meta name=\"author\" content=\"AMDComVal\" \/>\n<meta name=\"twitter:card\" content=\"summary_large_image\" \/>\n<meta name=\"twitter:creator\" content=\"@AMDComVal\" \/>\n<meta name=\"twitter:site\" content=\"@AMDComVal\" \/>\n<meta name=\"twitter:label1\" content=\"Written by\" \/>\n\t<meta name=\"twitter:data1\" content=\"AMDComVal\" \/>\n\t<meta name=\"twitter:label2\" content=\"Est. reading time\" \/>\n\t<meta name=\"twitter:data2\" content=\"3 minutes\" \/>\n<script type=\"application\/ld+json\" class=\"yoast-schema-graph\">{\"@context\":\"https:\/\/schema.org\",\"@graph\":[{\"@type\":\"Article\",\"@id\":\"https:\/\/amdcomval.com\/el-futuro-del-periodismo-esta-en-las-aplicaciones-para-moviles\/#article\",\"isPartOf\":{\"@id\":\"https:\/\/amdcomval.com\/el-futuro-del-periodismo-esta-en-las-aplicaciones-para-moviles\/\"},\"author\":{\"name\":\"AMDComVal\",\"@id\":\"https:\/\/amdcomval.com\/#\/schema\/person\/f15529598c810a38625abf10fd5bda3a\"},\"headline\":\"\u201cEl futuro del periodismo est\u00e1 en las aplicaciones para m\u00f3viles\u201d\",\"datePublished\":\"2013-04-24T10:29:54+00:00\",\"mainEntityOfPage\":{\"@id\":\"https:\/\/amdcomval.com\/el-futuro-del-periodismo-esta-en-las-aplicaciones-para-moviles\/\"},\"wordCount\":637,\"commentCount\":0,\"publisher\":{\"@id\":\"https:\/\/amdcomval.com\/#organization\"},\"image\":{\"@id\":\"https:\/\/amdcomval.com\/el-futuro-del-periodismo-esta-en-las-aplicaciones-para-moviles\/#primaryimage\"},\"thumbnailUrl\":\"https:\/\/amdcomval.com\/wp-content\/uploads\/2013\/04\/Manuel-Furio-Jornadas-UVr.jpg\",\"keywords\":[\"amdcomval\",\"Asociaci\u00f3n de Medios Digitales de la Comunidad Valenciana\",\"comunicaci\u00f3n\",\"medios de comunicaci\u00f3n\",\"medios digitales\",\"nuevos soportes\",\"periodismo\",\"periodismo comarcal\",\"periodismo de proximidad\",\"Periodismo Digital\",\"periodismo digital comarcal\",\"periodismo digital local\",\"periodismo local\",\"Universidad de Periodismo\",\"UV\"],\"articleSection\":[\"Blog\"],\"inLanguage\":\"val\",\"potentialAction\":[{\"@type\":\"CommentAction\",\"name\":\"Comment\",\"target\":[\"https:\/\/amdcomval.com\/el-futuro-del-periodismo-esta-en-las-aplicaciones-para-moviles\/#respond\"]}]},{\"@type\":\"WebPage\",\"@id\":\"https:\/\/amdcomval.com\/el-futuro-del-periodismo-esta-en-las-aplicaciones-para-moviles\/\",\"url\":\"https:\/\/amdcomval.com\/el-futuro-del-periodismo-esta-en-las-aplicaciones-para-moviles\/\",\"name\":\"\u201cEl futuro del periodismo est\u00e1 en las aplicaciones para m\u00f3viles\u201d - AMDComVal - Associaci\u00f3 de Mitjans Digitals de la Comunitat Valenciana\",\"isPartOf\":{\"@id\":\"https:\/\/amdcomval.com\/#website\"},\"primaryImageOfPage\":{\"@id\":\"https:\/\/amdcomval.com\/el-futuro-del-periodismo-esta-en-las-aplicaciones-para-moviles\/#primaryimage\"},\"image\":{\"@id\":\"https:\/\/amdcomval.com\/el-futuro-del-periodismo-esta-en-las-aplicaciones-para-moviles\/#primaryimage\"},\"thumbnailUrl\":\"https:\/\/amdcomval.com\/wp-content\/uploads\/2013\/04\/Manuel-Furio-Jornadas-UVr.jpg\",\"datePublished\":\"2013-04-24T10:29:54+00:00\",\"breadcrumb\":{\"@id\":\"https:\/\/amdcomval.com\/el-futuro-del-periodismo-esta-en-las-aplicaciones-para-moviles\/#breadcrumb\"},\"inLanguage\":\"val\",\"potentialAction\":[{\"@type\":\"ReadAction\",\"target\":[\"https:\/\/amdcomval.com\/el-futuro-del-periodismo-esta-en-las-aplicaciones-para-moviles\/\"]}]},{\"@type\":\"ImageObject\",\"inLanguage\":\"val\",\"@id\":\"https:\/\/amdcomval.com\/el-futuro-del-periodismo-esta-en-las-aplicaciones-para-moviles\/#primaryimage\",\"url\":\"https:\/\/amdcomval.com\/wp-content\/uploads\/2013\/04\/Manuel-Furio-Jornadas-UVr.jpg\",\"contentUrl\":\"https:\/\/amdcomval.com\/wp-content\/uploads\/2013\/04\/Manuel-Furio-Jornadas-UVr.jpg\",\"width\":1000,\"height\":750},{\"@type\":\"BreadcrumbList\",\"@id\":\"https:\/\/amdcomval.com\/el-futuro-del-periodismo-esta-en-las-aplicaciones-para-moviles\/#breadcrumb\",\"itemListElement\":[{\"@type\":\"ListItem\",\"position\":1,\"name\":\"Portada\",\"item\":\"https:\/\/amdcomval.com\/val\/\"},{\"@type\":\"ListItem\",\"position\":2,\"name\":\"\u201cEl futuro del periodismo est\u00e1 en las aplicaciones para m\u00f3viles\u201d\"}]},{\"@type\":\"WebSite\",\"@id\":\"https:\/\/amdcomval.com\/#website\",\"url\":\"https:\/\/amdcomval.com\/\",\"name\":\"AMDComVal - Associaci\u00f3 de Mitjans Digitals de la Comunitat Valenciana\",\"description\":\"Web oficial de la Associaci\u00f3 de Mitjans Digitals de la Comunitat Valenciana (AMDComVal). Por la profesionalizaci\u00f3n y dignificaci\u00f3n de los medios de comunicaci\u00f3n digital\",\"publisher\":{\"@id\":\"https:\/\/amdcomval.com\/#organization\"},\"potentialAction\":[{\"@type\":\"SearchAction\",\"target\":{\"@type\":\"EntryPoint\",\"urlTemplate\":\"https:\/\/amdcomval.com\/?s={search_term_string}\"},\"query-input\":{\"@type\":\"PropertyValueSpecification\",\"valueRequired\":true,\"valueName\":\"search_term_string\"}}],\"inLanguage\":\"val\"},{\"@type\":\"Organization\",\"@id\":\"https:\/\/amdcomval.com\/#organization\",\"name\":\"AMDComVal - Associaci\u00f3 de Mitjans Digitals de la Comunitat Valenciana\",\"url\":\"https:\/\/amdcomval.com\/\",\"logo\":{\"@type\":\"ImageObject\",\"inLanguage\":\"val\",\"@id\":\"https:\/\/amdcomval.com\/#\/schema\/logo\/image\/\",\"url\":\"https:\/\/amdcomval.com\/wp-content\/uploads\/2025\/10\/AMDComVal-logo-horizontal-2.png\",\"contentUrl\":\"https:\/\/amdcomval.com\/wp-content\/uploads\/2025\/10\/AMDComVal-logo-horizontal-2.png\",\"width\":2560,\"height\":936,\"caption\":\"AMDComVal - Associaci\u00f3 de Mitjans Digitals de la Comunitat Valenciana\"},\"image\":{\"@id\":\"https:\/\/amdcomval.com\/#\/schema\/logo\/image\/\"},\"sameAs\":[\"https:\/\/www.facebook.com\/Associaci-De-Mitjans-Digitals-238717099544439\/\",\"https:\/\/x.com\/AMDComVal\",\"https:\/\/www.linkedin.com\/groups\/3150654\/\"]},{\"@type\":\"Person\",\"@id\":\"https:\/\/amdcomval.com\/#\/schema\/person\/f15529598c810a38625abf10fd5bda3a\",\"name\":\"AMDComVal\",\"url\":\"https:\/\/amdcomval.com\/val\/author\/amdcomval\/\"}]}<\/script>\n<!-- \/ Yoast SEO plugin. -->","yoast_head_json":{"title":"\u201cEl futuro del periodismo est\u00e1 en las aplicaciones para m\u00f3viles\u201d - AMDComVal - Associaci\u00f3 de Mitjans Digitals de la Comunitat Valenciana","robots":{"index":"index","follow":"follow","max-snippet":"max-snippet:-1","max-image-preview":"max-image-preview:large","max-video-preview":"max-video-preview:-1"},"canonical":"https:\/\/amdcomval.com\/el-futuro-del-periodismo-esta-en-las-aplicaciones-para-moviles\/","og_locale":"en_US","og_type":"article","og_title":"\u201cEl futuro del periodismo est\u00e1 en las aplicaciones para m\u00f3viles\u201d - AMDComVal - Associaci\u00f3 de Mitjans Digitals de la Comunitat Valenciana","og_description":"\u00c9xito en las jornadas sobre experiencias innovadoras en la comunicaci\u00f3n local y comarcal celebradas en la Universidad de Valencia \u00a0 El presidente de la Asociaci\u00f3n de Medios Digitales de la Comunidad Valenciana (AMDComVal) y director del medio digital Hortanoticias.com, Manuel Furi\u00f3, particip\u00f3 en las jornadas sobre experiencias innovadoras en la comunicaci\u00f3n comarcal, organizadas por la [&hellip;]","og_url":"https:\/\/amdcomval.com\/el-futuro-del-periodismo-esta-en-las-aplicaciones-para-moviles\/","og_site_name":"AMDComVal - Associaci\u00f3 de Mitjans Digitals de la Comunitat Valenciana","article_publisher":"https:\/\/www.facebook.com\/Associaci-De-Mitjans-Digitals-238717099544439\/","article_published_time":"2013-04-24T10:29:54+00:00","og_image":[{"width":1000,"height":750,"url":"https:\/\/amdcomval.com\/wp-content\/uploads\/2013\/04\/Manuel-Furio-Jornadas-UVr.jpg","type":"image\/jpeg"}],"author":"AMDComVal","twitter_card":"summary_large_image","twitter_creator":"@AMDComVal","twitter_site":"@AMDComVal","twitter_misc":{"Written by":"AMDComVal","Est. reading time":"3 minutes"},"schema":{"@context":"https:\/\/schema.org","@graph":[{"@type":"Article","@id":"https:\/\/amdcomval.com\/el-futuro-del-periodismo-esta-en-las-aplicaciones-para-moviles\/#article","isPartOf":{"@id":"https:\/\/amdcomval.com\/el-futuro-del-periodismo-esta-en-las-aplicaciones-para-moviles\/"},"author":{"name":"AMDComVal","@id":"https:\/\/amdcomval.com\/#\/schema\/person\/f15529598c810a38625abf10fd5bda3a"},"headline":"\u201cEl futuro del periodismo est\u00e1 en las aplicaciones para m\u00f3viles\u201d","datePublished":"2013-04-24T10:29:54+00:00","mainEntityOfPage":{"@id":"https:\/\/amdcomval.com\/el-futuro-del-periodismo-esta-en-las-aplicaciones-para-moviles\/"},"wordCount":637,"commentCount":0,"publisher":{"@id":"https:\/\/amdcomval.com\/#organization"},"image":{"@id":"https:\/\/amdcomval.com\/el-futuro-del-periodismo-esta-en-las-aplicaciones-para-moviles\/#primaryimage"},"thumbnailUrl":"https:\/\/amdcomval.com\/wp-content\/uploads\/2013\/04\/Manuel-Furio-Jornadas-UVr.jpg","keywords":["amdcomval","Asociaci\u00f3n de Medios Digitales de la Comunidad Valenciana","comunicaci\u00f3n","medios de comunicaci\u00f3n","medios digitales","nuevos soportes","periodismo","periodismo comarcal","periodismo de proximidad","Periodismo Digital","periodismo digital comarcal","periodismo digital local","periodismo local","Universidad de Periodismo","UV"],"articleSection":["Blog"],"inLanguage":"val","potentialAction":[{"@type":"CommentAction","name":"Comment","target":["https:\/\/amdcomval.com\/el-futuro-del-periodismo-esta-en-las-aplicaciones-para-moviles\/#respond"]}]},{"@type":"WebPage","@id":"https:\/\/amdcomval.com\/el-futuro-del-periodismo-esta-en-las-aplicaciones-para-moviles\/","url":"https:\/\/amdcomval.com\/el-futuro-del-periodismo-esta-en-las-aplicaciones-para-moviles\/","name":"\u201cEl futuro del periodismo est\u00e1 en las aplicaciones para m\u00f3viles\u201d - AMDComVal - Associaci\u00f3 de Mitjans Digitals de la Comunitat Valenciana","isPartOf":{"@id":"https:\/\/amdcomval.com\/#website"},"primaryImageOfPage":{"@id":"https:\/\/amdcomval.com\/el-futuro-del-periodismo-esta-en-las-aplicaciones-para-moviles\/#primaryimage"},"image":{"@id":"https:\/\/amdcomval.com\/el-futuro-del-periodismo-esta-en-las-aplicaciones-para-moviles\/#primaryimage"},"thumbnailUrl":"https:\/\/amdcomval.com\/wp-content\/uploads\/2013\/04\/Manuel-Furio-Jornadas-UVr.jpg","datePublished":"2013-04-24T10:29:54+00:00","breadcrumb":{"@id":"https:\/\/amdcomval.com\/el-futuro-del-periodismo-esta-en-las-aplicaciones-para-moviles\/#breadcrumb"},"inLanguage":"val","potentialAction":[{"@type":"ReadAction","target":["https:\/\/amdcomval.com\/el-futuro-del-periodismo-esta-en-las-aplicaciones-para-moviles\/"]}]},{"@type":"ImageObject","inLanguage":"val","@id":"https:\/\/amdcomval.com\/el-futuro-del-periodismo-esta-en-las-aplicaciones-para-moviles\/#primaryimage","url":"https:\/\/amdcomval.com\/wp-content\/uploads\/2013\/04\/Manuel-Furio-Jornadas-UVr.jpg","contentUrl":"https:\/\/amdcomval.com\/wp-content\/uploads\/2013\/04\/Manuel-Furio-Jornadas-UVr.jpg","width":1000,"height":750},{"@type":"BreadcrumbList","@id":"https:\/\/amdcomval.com\/el-futuro-del-periodismo-esta-en-las-aplicaciones-para-moviles\/#breadcrumb","itemListElement":[{"@type":"ListItem","position":1,"name":"Portada","item":"https:\/\/amdcomval.com\/val\/"},{"@type":"ListItem","position":2,"name":"\u201cEl futuro del periodismo est\u00e1 en las aplicaciones para m\u00f3viles\u201d"}]},{"@type":"WebSite","@id":"https:\/\/amdcomval.com\/#website","url":"https:\/\/amdcomval.com\/","name":"AMDComVal - Associaci\u00f3 de Mitjans Digitals de la Comunitat Valenciana","description":"Web oficial de la Associaci\u00f3 de Mitjans Digitals de la Comunitat Valenciana (AMDComVal). Por la profesionalizaci\u00f3n y dignificaci\u00f3n de los medios de comunicaci\u00f3n digital","publisher":{"@id":"https:\/\/amdcomval.com\/#organization"},"potentialAction":[{"@type":"SearchAction","target":{"@type":"EntryPoint","urlTemplate":"https:\/\/amdcomval.com\/?s={search_term_string}"},"query-input":{"@type":"PropertyValueSpecification","valueRequired":true,"valueName":"search_term_string"}}],"inLanguage":"val"},{"@type":"Organization","@id":"https:\/\/amdcomval.com\/#organization","name":"AMDComVal - Associaci\u00f3 de Mitjans Digitals de la Comunitat Valenciana","url":"https:\/\/amdcomval.com\/","logo":{"@type":"ImageObject","inLanguage":"val","@id":"https:\/\/amdcomval.com\/#\/schema\/logo\/image\/","url":"https:\/\/amdcomval.com\/wp-content\/uploads\/2025\/10\/AMDComVal-logo-horizontal-2.png","contentUrl":"https:\/\/amdcomval.com\/wp-content\/uploads\/2025\/10\/AMDComVal-logo-horizontal-2.png","width":2560,"height":936,"caption":"AMDComVal - Associaci\u00f3 de Mitjans Digitals de la Comunitat Valenciana"},"image":{"@id":"https:\/\/amdcomval.com\/#\/schema\/logo\/image\/"},"sameAs":["https:\/\/www.facebook.com\/Associaci-De-Mitjans-Digitals-238717099544439\/","https:\/\/x.com\/AMDComVal","https:\/\/www.linkedin.com\/groups\/3150654\/"]},{"@type":"Person","@id":"https:\/\/amdcomval.com\/#\/schema\/person\/f15529598c810a38625abf10fd5bda3a","name":"AMDComVal","url":"https:\/\/amdcomval.com\/val\/author\/amdcomval\/"}]}},"_links":{"self":[{"href":"https:\/\/amdcomval.com\/val\/wp-json\/wp\/v2\/posts\/876","targetHints":{"allow":["GET"]}}],"collection":[{"href":"https:\/\/amdcomval.com\/val\/wp-json\/wp\/v2\/posts"}],"about":[{"href":"https:\/\/amdcomval.com\/val\/wp-json\/wp\/v2\/types\/post"}],"author":[{"embeddable":true,"href":"https:\/\/amdcomval.com\/val\/wp-json\/wp\/v2\/users\/4"}],"replies":[{"embeddable":true,"href":"https:\/\/amdcomval.com\/val\/wp-json\/wp\/v2\/comments?post=876"}],"version-history":[{"count":0,"href":"https:\/\/amdcomval.com\/val\/wp-json\/wp\/v2\/posts\/876\/revisions"}],"wp:featuredmedia":[{"embeddable":true,"href":"https:\/\/amdcomval.com\/val\/wp-json\/wp\/v2\/media\/880"}],"wp:attachment":[{"href":"https:\/\/amdcomval.com\/val\/wp-json\/wp\/v2\/media?parent=876"}],"wp:term":[{"taxonomy":"category","embeddable":true,"href":"https:\/\/amdcomval.com\/val\/wp-json\/wp\/v2\/categories?post=876"},{"taxonomy":"post_tag","embeddable":true,"href":"https:\/\/amdcomval.com\/val\/wp-json\/wp\/v2\/tags?post=876"}],"curies":[{"name":"wp","href":"https:\/\/api.w.org\/{rel}","templated":true}]}}