{"id":919,"date":"2013-05-21T08:52:12","date_gmt":"2013-05-21T08:52:12","guid":{"rendered":"https:\/\/www.amdcomval.com\/?p=919"},"modified":"2013-05-21T08:52:12","modified_gmt":"2013-05-21T08:52:12","slug":"programa-anual-de-subvenciones-del-parlamento-europeo-2013-14","status":"publish","type":"post","link":"https:\/\/amdcomval.com\/val\/programa-anual-de-subvenciones-del-parlamento-europeo-2013-14\/","title":{"rendered":"Programa anual de Subvenciones del Parlamento Europeo 2013-14"},"content":{"rendered":"<p style=\"text-align: justify;\"><strong><i>Para proyectos de televisi\u00f3n, radio,\u00a0<\/i><\/strong><b><i>websites<\/i><\/b><strong><i>\u00a0y organizaci\u00f3n de eventos relacionados con el Parlamento Europeo\u00a0<\/i><\/strong><\/p>\n<p style=\"text-align: justify;\">La Direcci\u00f3n General de Comunicaci\u00f3n del Parlamento Europeo publicar\u00e1 el pr\u00f3ximo oto\u00f1o el programa anual de subvenciones para 2013-14 que establece las condiciones para otorgar ayudas a proyectos o actividades relacionadas con el Parlamento Europeo.<\/p>\n<p style=\"text-align: justify;\"><strong>Con la vista puesta ya en las elecciones europeas de 2014, el Parlamento ofrecer\u00e1 acuerdos marco para proyectos que se desarrollar\u00e1n en 2014. En el momento que se convoque el programa anual, probablemente entre los meses de septiembre y octubre, los interesados deber\u00e1n presentar un proyecto\u00a0\u00a0detallado para el que se desea solicitar la subvenci\u00f3n anual.<\/strong><b><\/b><\/p>\n<p style=\"text-align: justify;\">Previamente, todos los interesados en solicitar subvenciones que no hayan obtenido en las dos convocatorias anteriores un \u201cacuerdo de cooperaci\u00f3n\u201d, tienen que completar y enviar al Parlamento Europeo, <strong>antes del 30 de septiembre de 2013 (fecha estimada),<\/strong><b> <\/b>el siguiente \u201c<strong>Formulario de Solicitud de Cooperaci\u00f3n\u201d: <\/strong><\/p>\n<p style=\"text-align: justify;\"><strong><a href=\"http:\/\/www.europarl.europa.eu\/aboutparliament\/en\/00beb2559e\/Grants.html\">\u00a0<\/a><a href=\"http:\/\/www.europarl.europa.eu\/aboutparliament\/en\/00beb2559e\/Grants.html\">http:\/\/www.europarl.europa.eu\/aboutparliament\/en\/00beb2559e\/Grants.html<\/a><\/strong><\/p>\n<p style=\"text-align: justify;\">El impreso se encuentra disponible en el apartado 2.\u00a0Application\u00a0form\u00a0for\u00a0partnership\u00a0-disponible en espa\u00f1ol pulsando ES.\u00a0<strong>Aunque el formulario est\u00e1 disponible en espa\u00f1ol, se ruega completarlo y enviarlo en franc\u00e9s o ingl\u00e9s-.<\/strong><\/p>\n<p style=\"text-align: justify;\"><span style=\"text-decoration: underline;\">Este paso previo es\u00a0<strong>obligatorio<\/strong>\u00a0para poder solicitar despu\u00e9s la subvenci\u00f3n y ya se puede realizar desde este momento<\/span>. Una vez que el solicitante realice de forma satisfactoria este paso previo, recibir\u00e1 del Parlamento Europeo una comunicaci\u00f3n en la que se le indicar\u00e1 si es apto o no para la solicitud posterior de las Subvenciones.<\/p>\n<p style=\"text-align: justify;\">Como en a\u00f1os anteriores, el Parlamento\u00a0Europeo subvencionar\u00e1 un porcentaje m\u00e1ximo respecto al coste total del proyecto:\u00a0<strong>televisi\u00f3n, radio,\u00a0websites\u00a0y organizaci\u00f3n de eventos<\/strong><b>.\u00a0\u00a0\u00a0<\/b><\/p>\n<p style=\"text-align: justify;\">Algunas especificaciones:<\/p>\n<p style=\"text-align: justify;\">&#8211;\u00a0\u00a0\u00a0\u00a0\u00a0\u00a0\u00a0\u00a0Las subvenciones concedidas anteriormente no se renuevan autom\u00e1ticamente.<\/p>\n<p style=\"text-align: justify;\">&#8211;\u00a0\u00a0\u00a0\u00a0\u00a0\u00a0\u00a0\u00a0Toda entidad que desee participar en la convocatoria espec\u00edfica de 2013 debe presentar una nueva propuesta. Esto incluye a las entidades que solicitaron una subvenci\u00f3n y no la obtuvieron;\u00a0\u00a0si desean concurrir nuevamente deber\u00e1n enviar una nueva propuesta con toda la documentaci\u00f3n necesaria.<\/p>\n<p style=\"text-align: justify;\">&#8211;\u00a0\u00a0\u00a0\u00a0\u00a0\u00a0\u00a0\u00a0El \u201cacuerdo de cooperaci\u00f3n\u201d es un paso previo e imprescindible antes de presentar los\u00a0\u00a0proyectos que aspiren a ser subvencionado en 2013.<\/p>\n<p style=\"text-align: justify;\">&#8211;\u00a0\u00a0\u00a0\u00a0\u00a0\u00a0\u00a0\u00a0Una vez presentado el formulario para obtener el \u201cacuerdo de cooperaci\u00f3n\u201d, el Parlamento Europeo comunicar\u00e1 si es apto o no.<\/p>\n<p style=\"text-align: justify;\">&#8211;\u00a0\u00a0\u00a0\u00a0\u00a0\u00a0\u00a0\u00a0Las entidades que ya hayan obtenido el \u201cacuerdo de cooperaci\u00f3n\u201d en los dos ejercicios anteriores (2011-2012) no es necesario que vuelvan a presentarlo, incluidas aquellas que posteriormente no obtuvieron la subvenci\u00f3n a sus proyectos.<\/p>\n<p style=\"text-align: justify;\">\n<p style=\"text-align: justify;\"><strong>M\u00e1s informaci\u00f3n<\/strong>: Tel. 91 4364730<\/p>\n<p style=\"text-align: justify;\">Mar\u00eda Andr\u00e9s\u00a0\u2013 699 99 77 65 &#8211;\u00a0<a href=\"mailto:maria.andres@europarl.europa.eu\">\u00a0<\/a><a href=\"mailto:maria.andres@europarl.europa.eu\">maria.andres@europarl.europa.eu<\/a><\/p>\n<p style=\"text-align: justify;\">Dami\u00e1n Casta\u00f1o \u2013 618 18 96 64\u00a0\u00a0&#8211;\u00a0<a href=\"mailto:damian.castano@europarl.europa.eu\">\u00a0<\/a><a href=\"mailto:damian.castano@europarl.europa.eu\">damian.castano@europarl.europa.eu<\/a><a href=\"mailto:damian.castano@europarl.europa.eu\">\u00a0<\/a><\/p>\n<p style=\"text-align: justify;\">\n<p style=\"text-align: justify;\"><strong>En\u00a0<a href=\"http:\/\/www.unioperiodistes.org\/butlletins\/archive\/view\/listid-1-mailing_list\/mailid-205-programa-anual-de-subvencions-del-parlament-europeu-2013-14\">http:\/\/www.unioperiodistes.org\/butlletins\/archive\/view\/listid-1-mailing_list\/mailid-205-programa-anual-de-subvencions-del-parlament-europeu-2013-14<\/a><\/strong><\/p>\n","protected":false},"excerpt":{"rendered":"<p>Para proyectos de televisi\u00f3n, radio,\u00a0websites\u00a0y organizaci\u00f3n de eventos relacionados con el Parlamento Europeo\u00a0 La Direcci\u00f3n General de Comunicaci\u00f3n del Parlamento Europeo publicar\u00e1 el pr\u00f3ximo oto\u00f1o el programa anual de subvenciones para 2013-14 que establece las condiciones para otorgar ayudas a proyectos o actividades relacionadas con el Parlamento Europeo. Con la vista puesta ya en las [&hellip;]<\/p>\n","protected":false},"author":4,"featured_media":114,"comment_status":"open","ping_status":"open","sticky":false,"template":"","format":"standard","meta":{"_acf_changed":false,"footnotes":""},"categories":[17],"tags":[250,251,48,252,253,62,70,254,255,256],"class_list":["post-919","post","type-post","status-publish","format-standard","has-post-thumbnail","hentry","category-blog","tag-ayudas","tag-europa","tag-medios-de-comunicacion","tag-organizacion-de-eventos","tag-parlamento-europeo","tag-periodismo","tag-prensa","tag-radio","tag-subvenciones","tag-television"],"acf":[],"yoast_head":"<!-- This site is optimized with the Yoast SEO plugin v26.3 - https:\/\/yoast.com\/wordpress\/plugins\/seo\/ -->\n<title>Programa anual de Subvenciones del Parlamento Europeo 2013-14 - AMDComVal - Associaci\u00f3 de Mitjans Digitals de la Comunitat Valenciana<\/title>\n<meta name=\"robots\" content=\"index, follow, max-snippet:-1, max-image-preview:large, max-video-preview:-1\" \/>\n<link rel=\"canonical\" href=\"https:\/\/amdcomval.com\/programa-anual-de-subvenciones-del-parlamento-europeo-2013-14\/\" \/>\n<meta property=\"og:locale\" content=\"en_US\" \/>\n<meta property=\"og:type\" content=\"article\" \/>\n<meta property=\"og:title\" content=\"Programa anual de Subvenciones del Parlamento Europeo 2013-14 - AMDComVal - Associaci\u00f3 de Mitjans Digitals de la Comunitat Valenciana\" \/>\n<meta property=\"og:description\" content=\"Para proyectos de televisi\u00f3n, radio,\u00a0websites\u00a0y organizaci\u00f3n de eventos relacionados con el Parlamento Europeo\u00a0 La Direcci\u00f3n General de Comunicaci\u00f3n del Parlamento Europeo publicar\u00e1 el pr\u00f3ximo oto\u00f1o el programa anual de subvenciones para 2013-14 que establece las condiciones para otorgar ayudas a proyectos o actividades relacionadas con el Parlamento Europeo. Con la vista puesta ya en las [&hellip;]\" \/>\n<meta property=\"og:url\" content=\"https:\/\/amdcomval.com\/programa-anual-de-subvenciones-del-parlamento-europeo-2013-14\/\" \/>\n<meta property=\"og:site_name\" content=\"AMDComVal - Associaci\u00f3 de Mitjans Digitals de la Comunitat Valenciana\" \/>\n<meta property=\"article:publisher\" content=\"https:\/\/www.facebook.com\/Associaci-De-Mitjans-Digitals-238717099544439\/\" \/>\n<meta property=\"article:published_time\" content=\"2013-05-21T08:52:12+00:00\" \/>\n<meta property=\"og:image\" content=\"https:\/\/amdcomval.com\/wp-content\/uploads\/2025\/10\/AMDComVal-logo-horizontal-2.png\" \/>\n\t<meta property=\"og:image:width\" content=\"2560\" \/>\n\t<meta property=\"og:image:height\" content=\"936\" \/>\n\t<meta property=\"og:image:type\" content=\"image\/png\" \/>\n<meta name=\"author\" content=\"AMDComVal\" \/>\n<meta name=\"twitter:card\" content=\"summary_large_image\" \/>\n<meta name=\"twitter:creator\" content=\"@AMDComVal\" \/>\n<meta name=\"twitter:site\" content=\"@AMDComVal\" \/>\n<meta name=\"twitter:label1\" content=\"Written by\" \/>\n\t<meta name=\"twitter:data1\" content=\"AMDComVal\" \/>\n\t<meta name=\"twitter:label2\" content=\"Est. reading time\" \/>\n\t<meta name=\"twitter:data2\" content=\"2 minutes\" \/>\n<script type=\"application\/ld+json\" class=\"yoast-schema-graph\">{\"@context\":\"https:\/\/schema.org\",\"@graph\":[{\"@type\":\"Article\",\"@id\":\"https:\/\/amdcomval.com\/programa-anual-de-subvenciones-del-parlamento-europeo-2013-14\/#article\",\"isPartOf\":{\"@id\":\"https:\/\/amdcomval.com\/programa-anual-de-subvenciones-del-parlamento-europeo-2013-14\/\"},\"author\":{\"name\":\"AMDComVal\",\"@id\":\"https:\/\/amdcomval.com\/#\/schema\/person\/f15529598c810a38625abf10fd5bda3a\"},\"headline\":\"Programa anual de Subvenciones del Parlamento Europeo 2013-14\",\"datePublished\":\"2013-05-21T08:52:12+00:00\",\"mainEntityOfPage\":{\"@id\":\"https:\/\/amdcomval.com\/programa-anual-de-subvenciones-del-parlamento-europeo-2013-14\/\"},\"wordCount\":479,\"commentCount\":0,\"publisher\":{\"@id\":\"https:\/\/amdcomval.com\/#organization\"},\"image\":{\"@id\":\"https:\/\/amdcomval.com\/programa-anual-de-subvenciones-del-parlamento-europeo-2013-14\/#primaryimage\"},\"thumbnailUrl\":\"https:\/\/amdcomval.com\/wp-content\/uploads\/2025\/10\/AMDComVal-logo-horizontal-2.png\",\"keywords\":[\"ayudas\",\"Europa\",\"medios de comunicaci\u00f3n\",\"organizaci\u00f3n de eventos\",\"Parlamento Europeo\",\"periodismo\",\"prensa\",\"radio\",\"subvenciones\",\"televisi\u00f3n\"],\"articleSection\":[\"Blog\"],\"inLanguage\":\"val\",\"potentialAction\":[{\"@type\":\"CommentAction\",\"name\":\"Comment\",\"target\":[\"https:\/\/amdcomval.com\/programa-anual-de-subvenciones-del-parlamento-europeo-2013-14\/#respond\"]}]},{\"@type\":\"WebPage\",\"@id\":\"https:\/\/amdcomval.com\/programa-anual-de-subvenciones-del-parlamento-europeo-2013-14\/\",\"url\":\"https:\/\/amdcomval.com\/programa-anual-de-subvenciones-del-parlamento-europeo-2013-14\/\",\"name\":\"Programa anual de Subvenciones del Parlamento Europeo 2013-14 - AMDComVal - Associaci\u00f3 de Mitjans Digitals de la Comunitat Valenciana\",\"isPartOf\":{\"@id\":\"https:\/\/amdcomval.com\/#website\"},\"primaryImageOfPage\":{\"@id\":\"https:\/\/amdcomval.com\/programa-anual-de-subvenciones-del-parlamento-europeo-2013-14\/#primaryimage\"},\"image\":{\"@id\":\"https:\/\/amdcomval.com\/programa-anual-de-subvenciones-del-parlamento-europeo-2013-14\/#primaryimage\"},\"thumbnailUrl\":\"https:\/\/amdcomval.com\/wp-content\/uploads\/2025\/10\/AMDComVal-logo-horizontal-2.png\",\"datePublished\":\"2013-05-21T08:52:12+00:00\",\"breadcrumb\":{\"@id\":\"https:\/\/amdcomval.com\/programa-anual-de-subvenciones-del-parlamento-europeo-2013-14\/#breadcrumb\"},\"inLanguage\":\"val\",\"potentialAction\":[{\"@type\":\"ReadAction\",\"target\":[\"https:\/\/amdcomval.com\/programa-anual-de-subvenciones-del-parlamento-europeo-2013-14\/\"]}]},{\"@type\":\"ImageObject\",\"inLanguage\":\"val\",\"@id\":\"https:\/\/amdcomval.com\/programa-anual-de-subvenciones-del-parlamento-europeo-2013-14\/#primaryimage\",\"url\":\"https:\/\/amdcomval.com\/wp-content\/uploads\/2025\/10\/AMDComVal-logo-horizontal-2.png\",\"contentUrl\":\"https:\/\/amdcomval.com\/wp-content\/uploads\/2025\/10\/AMDComVal-logo-horizontal-2.png\",\"width\":2560,\"height\":936},{\"@type\":\"BreadcrumbList\",\"@id\":\"https:\/\/amdcomval.com\/programa-anual-de-subvenciones-del-parlamento-europeo-2013-14\/#breadcrumb\",\"itemListElement\":[{\"@type\":\"ListItem\",\"position\":1,\"name\":\"Portada\",\"item\":\"https:\/\/amdcomval.com\/val\/\"},{\"@type\":\"ListItem\",\"position\":2,\"name\":\"Programa anual de Subvenciones del Parlamento Europeo 2013-14\"}]},{\"@type\":\"WebSite\",\"@id\":\"https:\/\/amdcomval.com\/#website\",\"url\":\"https:\/\/amdcomval.com\/\",\"name\":\"AMDComVal - Associaci\u00f3 de Mitjans Digitals de la Comunitat Valenciana\",\"description\":\"Web oficial de la Associaci\u00f3 de Mitjans Digitals de la Comunitat Valenciana (AMDComVal). Por la profesionalizaci\u00f3n y dignificaci\u00f3n de los medios de comunicaci\u00f3n digital\",\"publisher\":{\"@id\":\"https:\/\/amdcomval.com\/#organization\"},\"potentialAction\":[{\"@type\":\"SearchAction\",\"target\":{\"@type\":\"EntryPoint\",\"urlTemplate\":\"https:\/\/amdcomval.com\/?s={search_term_string}\"},\"query-input\":{\"@type\":\"PropertyValueSpecification\",\"valueRequired\":true,\"valueName\":\"search_term_string\"}}],\"inLanguage\":\"val\"},{\"@type\":\"Organization\",\"@id\":\"https:\/\/amdcomval.com\/#organization\",\"name\":\"AMDComVal - Associaci\u00f3 de Mitjans Digitals de la Comunitat Valenciana\",\"url\":\"https:\/\/amdcomval.com\/\",\"logo\":{\"@type\":\"ImageObject\",\"inLanguage\":\"val\",\"@id\":\"https:\/\/amdcomval.com\/#\/schema\/logo\/image\/\",\"url\":\"https:\/\/amdcomval.com\/wp-content\/uploads\/2025\/10\/AMDComVal-logo-horizontal-2.png\",\"contentUrl\":\"https:\/\/amdcomval.com\/wp-content\/uploads\/2025\/10\/AMDComVal-logo-horizontal-2.png\",\"width\":2560,\"height\":936,\"caption\":\"AMDComVal - Associaci\u00f3 de Mitjans Digitals de la Comunitat Valenciana\"},\"image\":{\"@id\":\"https:\/\/amdcomval.com\/#\/schema\/logo\/image\/\"},\"sameAs\":[\"https:\/\/www.facebook.com\/Associaci-De-Mitjans-Digitals-238717099544439\/\",\"https:\/\/x.com\/AMDComVal\",\"https:\/\/www.linkedin.com\/groups\/3150654\/\"]},{\"@type\":\"Person\",\"@id\":\"https:\/\/amdcomval.com\/#\/schema\/person\/f15529598c810a38625abf10fd5bda3a\",\"name\":\"AMDComVal\",\"url\":\"https:\/\/amdcomval.com\/val\/author\/amdcomval\/\"}]}<\/script>\n<!-- \/ Yoast SEO plugin. -->","yoast_head_json":{"title":"Programa anual de Subvenciones del Parlamento Europeo 2013-14 - AMDComVal - Associaci\u00f3 de Mitjans Digitals de la Comunitat Valenciana","robots":{"index":"index","follow":"follow","max-snippet":"max-snippet:-1","max-image-preview":"max-image-preview:large","max-video-preview":"max-video-preview:-1"},"canonical":"https:\/\/amdcomval.com\/programa-anual-de-subvenciones-del-parlamento-europeo-2013-14\/","og_locale":"en_US","og_type":"article","og_title":"Programa anual de Subvenciones del Parlamento Europeo 2013-14 - AMDComVal - Associaci\u00f3 de Mitjans Digitals de la Comunitat Valenciana","og_description":"Para proyectos de televisi\u00f3n, radio,\u00a0websites\u00a0y organizaci\u00f3n de eventos relacionados con el Parlamento Europeo\u00a0 La Direcci\u00f3n General de Comunicaci\u00f3n del Parlamento Europeo publicar\u00e1 el pr\u00f3ximo oto\u00f1o el programa anual de subvenciones para 2013-14 que establece las condiciones para otorgar ayudas a proyectos o actividades relacionadas con el Parlamento Europeo. Con la vista puesta ya en las [&hellip;]","og_url":"https:\/\/amdcomval.com\/programa-anual-de-subvenciones-del-parlamento-europeo-2013-14\/","og_site_name":"AMDComVal - Associaci\u00f3 de Mitjans Digitals de la Comunitat Valenciana","article_publisher":"https:\/\/www.facebook.com\/Associaci-De-Mitjans-Digitals-238717099544439\/","article_published_time":"2013-05-21T08:52:12+00:00","og_image":[{"width":2560,"height":936,"url":"https:\/\/amdcomval.com\/wp-content\/uploads\/2025\/10\/AMDComVal-logo-horizontal-2.png","type":"image\/png"}],"author":"AMDComVal","twitter_card":"summary_large_image","twitter_creator":"@AMDComVal","twitter_site":"@AMDComVal","twitter_misc":{"Written by":"AMDComVal","Est. reading time":"2 minutes"},"schema":{"@context":"https:\/\/schema.org","@graph":[{"@type":"Article","@id":"https:\/\/amdcomval.com\/programa-anual-de-subvenciones-del-parlamento-europeo-2013-14\/#article","isPartOf":{"@id":"https:\/\/amdcomval.com\/programa-anual-de-subvenciones-del-parlamento-europeo-2013-14\/"},"author":{"name":"AMDComVal","@id":"https:\/\/amdcomval.com\/#\/schema\/person\/f15529598c810a38625abf10fd5bda3a"},"headline":"Programa anual de Subvenciones del Parlamento Europeo 2013-14","datePublished":"2013-05-21T08:52:12+00:00","mainEntityOfPage":{"@id":"https:\/\/amdcomval.com\/programa-anual-de-subvenciones-del-parlamento-europeo-2013-14\/"},"wordCount":479,"commentCount":0,"publisher":{"@id":"https:\/\/amdcomval.com\/#organization"},"image":{"@id":"https:\/\/amdcomval.com\/programa-anual-de-subvenciones-del-parlamento-europeo-2013-14\/#primaryimage"},"thumbnailUrl":"https:\/\/amdcomval.com\/wp-content\/uploads\/2025\/10\/AMDComVal-logo-horizontal-2.png","keywords":["ayudas","Europa","medios de comunicaci\u00f3n","organizaci\u00f3n de eventos","Parlamento Europeo","periodismo","prensa","radio","subvenciones","televisi\u00f3n"],"articleSection":["Blog"],"inLanguage":"val","potentialAction":[{"@type":"CommentAction","name":"Comment","target":["https:\/\/amdcomval.com\/programa-anual-de-subvenciones-del-parlamento-europeo-2013-14\/#respond"]}]},{"@type":"WebPage","@id":"https:\/\/amdcomval.com\/programa-anual-de-subvenciones-del-parlamento-europeo-2013-14\/","url":"https:\/\/amdcomval.com\/programa-anual-de-subvenciones-del-parlamento-europeo-2013-14\/","name":"Programa anual de Subvenciones del Parlamento Europeo 2013-14 - AMDComVal - Associaci\u00f3 de Mitjans Digitals de la Comunitat Valenciana","isPartOf":{"@id":"https:\/\/amdcomval.com\/#website"},"primaryImageOfPage":{"@id":"https:\/\/amdcomval.com\/programa-anual-de-subvenciones-del-parlamento-europeo-2013-14\/#primaryimage"},"image":{"@id":"https:\/\/amdcomval.com\/programa-anual-de-subvenciones-del-parlamento-europeo-2013-14\/#primaryimage"},"thumbnailUrl":"https:\/\/amdcomval.com\/wp-content\/uploads\/2025\/10\/AMDComVal-logo-horizontal-2.png","datePublished":"2013-05-21T08:52:12+00:00","breadcrumb":{"@id":"https:\/\/amdcomval.com\/programa-anual-de-subvenciones-del-parlamento-europeo-2013-14\/#breadcrumb"},"inLanguage":"val","potentialAction":[{"@type":"ReadAction","target":["https:\/\/amdcomval.com\/programa-anual-de-subvenciones-del-parlamento-europeo-2013-14\/"]}]},{"@type":"ImageObject","inLanguage":"val","@id":"https:\/\/amdcomval.com\/programa-anual-de-subvenciones-del-parlamento-europeo-2013-14\/#primaryimage","url":"https:\/\/amdcomval.com\/wp-content\/uploads\/2025\/10\/AMDComVal-logo-horizontal-2.png","contentUrl":"https:\/\/amdcomval.com\/wp-content\/uploads\/2025\/10\/AMDComVal-logo-horizontal-2.png","width":2560,"height":936},{"@type":"BreadcrumbList","@id":"https:\/\/amdcomval.com\/programa-anual-de-subvenciones-del-parlamento-europeo-2013-14\/#breadcrumb","itemListElement":[{"@type":"ListItem","position":1,"name":"Portada","item":"https:\/\/amdcomval.com\/val\/"},{"@type":"ListItem","position":2,"name":"Programa anual de Subvenciones del Parlamento Europeo 2013-14"}]},{"@type":"WebSite","@id":"https:\/\/amdcomval.com\/#website","url":"https:\/\/amdcomval.com\/","name":"AMDComVal - Associaci\u00f3 de Mitjans Digitals de la Comunitat Valenciana","description":"Web oficial de la Associaci\u00f3 de Mitjans Digitals de la Comunitat Valenciana (AMDComVal). Por la profesionalizaci\u00f3n y dignificaci\u00f3n de los medios de comunicaci\u00f3n digital","publisher":{"@id":"https:\/\/amdcomval.com\/#organization"},"potentialAction":[{"@type":"SearchAction","target":{"@type":"EntryPoint","urlTemplate":"https:\/\/amdcomval.com\/?s={search_term_string}"},"query-input":{"@type":"PropertyValueSpecification","valueRequired":true,"valueName":"search_term_string"}}],"inLanguage":"val"},{"@type":"Organization","@id":"https:\/\/amdcomval.com\/#organization","name":"AMDComVal - Associaci\u00f3 de Mitjans Digitals de la Comunitat Valenciana","url":"https:\/\/amdcomval.com\/","logo":{"@type":"ImageObject","inLanguage":"val","@id":"https:\/\/amdcomval.com\/#\/schema\/logo\/image\/","url":"https:\/\/amdcomval.com\/wp-content\/uploads\/2025\/10\/AMDComVal-logo-horizontal-2.png","contentUrl":"https:\/\/amdcomval.com\/wp-content\/uploads\/2025\/10\/AMDComVal-logo-horizontal-2.png","width":2560,"height":936,"caption":"AMDComVal - Associaci\u00f3 de Mitjans Digitals de la Comunitat Valenciana"},"image":{"@id":"https:\/\/amdcomval.com\/#\/schema\/logo\/image\/"},"sameAs":["https:\/\/www.facebook.com\/Associaci-De-Mitjans-Digitals-238717099544439\/","https:\/\/x.com\/AMDComVal","https:\/\/www.linkedin.com\/groups\/3150654\/"]},{"@type":"Person","@id":"https:\/\/amdcomval.com\/#\/schema\/person\/f15529598c810a38625abf10fd5bda3a","name":"AMDComVal","url":"https:\/\/amdcomval.com\/val\/author\/amdcomval\/"}]}},"_links":{"self":[{"href":"https:\/\/amdcomval.com\/val\/wp-json\/wp\/v2\/posts\/919","targetHints":{"allow":["GET"]}}],"collection":[{"href":"https:\/\/amdcomval.com\/val\/wp-json\/wp\/v2\/posts"}],"about":[{"href":"https:\/\/amdcomval.com\/val\/wp-json\/wp\/v2\/types\/post"}],"author":[{"embeddable":true,"href":"https:\/\/amdcomval.com\/val\/wp-json\/wp\/v2\/users\/4"}],"replies":[{"embeddable":true,"href":"https:\/\/amdcomval.com\/val\/wp-json\/wp\/v2\/comments?post=919"}],"version-history":[{"count":0,"href":"https:\/\/amdcomval.com\/val\/wp-json\/wp\/v2\/posts\/919\/revisions"}],"wp:featuredmedia":[{"embeddable":true,"href":"https:\/\/amdcomval.com\/val\/wp-json\/wp\/v2\/media\/114"}],"wp:attachment":[{"href":"https:\/\/amdcomval.com\/val\/wp-json\/wp\/v2\/media?parent=919"}],"wp:term":[{"taxonomy":"category","embeddable":true,"href":"https:\/\/amdcomval.com\/val\/wp-json\/wp\/v2\/categories?post=919"},{"taxonomy":"post_tag","embeddable":true,"href":"https:\/\/amdcomval.com\/val\/wp-json\/wp\/v2\/tags?post=919"}],"curies":[{"name":"wp","href":"https:\/\/api.w.org\/{rel}","templated":true}]}}