{"id":995,"date":"2014-02-26T12:29:29","date_gmt":"2014-02-26T12:29:29","guid":{"rendered":"https:\/\/www.amdcomval.com\/?p=995"},"modified":"2014-02-26T12:29:29","modified_gmt":"2014-02-26T12:29:29","slug":"una-treintena-de-medios-digitales-participan-en-el-encuentro-entre-diputacion-y-amdcomval","status":"publish","type":"post","link":"https:\/\/amdcomval.com\/val\/una-treintena-de-medios-digitales-participan-en-el-encuentro-entre-diputacion-y-amdcomval\/","title":{"rendered":"Una treintena de medios digitales participan en el encuentro entre Diputaci\u00f3n y AMDComVal"},"content":{"rendered":"<p><img loading=\"lazy\" decoding=\"async\" class=\"alignleft wp-image-997 size-medium\" src=\"https:\/\/amdcomval.com\/wp-content\/uploads\/2014\/02\/dipuyamdcomval-300x225.jpg\"  width=\"300\" height=\"225\" srcset=\"https:\/\/amdcomval.com\/wp-content\/uploads\/2014\/02\/dipuyamdcomval-300x225.jpg 300w, https:\/\/amdcomval.com\/wp-content\/uploads\/2014\/02\/dipuyamdcomval-510x382.jpg 510w, https:\/\/amdcomval.com\/wp-content\/uploads\/2014\/02\/dipuyamdcomval-480x360.jpg 480w, https:\/\/amdcomval.com\/wp-content\/uploads\/2014\/02\/dipuyamdcomval.jpg 670w\" sizes=\"(max-width: 300px) 100vw, 300px\" \/>La Diputaci\u00f3n de Valencia ha acogido esta ma\u00f1ana el primer encuentro 2.0 organizado con la Asociaci\u00f3n de Medios Digitales de la Comunitat Valenciana (AMDComVal) al que ha asistido el presidente Alfonso Rus y representantes de m\u00e1s de 30 medios de comunicaci\u00f3n digital de la provincia.<br \/>\nEl acto ha tenido lugar en el Sal\u00f3n de Reinas de la instituci\u00f3n y ha contado con la presencia de Hortanoticias, Comarcalia, La Red Comarcal, Betera.com, el Observatorio de Investigaci\u00f3n en Medios Digitales (Oimed), Bous al Carrer, VLCNoticias, El Periodic, Morvedre.info, VLCNews, Diari d\u2019Ontinyent, Sempre Valencia, Sonido On Line.com, EldiarioCV.es, Diari de Mestalla, La Ciutat de X\u00e0tiva, El peri\u00f3dico de aqu\u00ed, infoturia.com, Gent de l\u2019Horta, Comarques Centrals TV, Portal de X\u00e0tiva y EFE.<br \/>\nEl equipo del gabinete de comunicaci\u00f3n de la instituci\u00f3n provincial ha presentado las novedades y caracter\u00edsticas de la sala de prensa online de la Diputaci\u00f3n y, principalmente, su DipuTV (http:\/\/www.diputv.dival.es\/).<br \/>\nA partir de unos contenidos p\u00fablicos y al alcance de todos los medios y ciudadanos, se ha descrito el funcionamiento de la plataforma televisiva Diputv y las instrucciones a seguir para poder descargar todos los recursos que ofrece el servicio, as\u00ed como los nuevos canales como Carreras Populares o Sona Pop-Rock. La Diputaci\u00f3n ha ofrecido a los diarios digitales la posibilidad de utilizar para los respectivos usuarios tanto las informaciones audiovisuales diarias como los reportajes locutados de cada semana.<br \/>\nAsimismo, tambi\u00e9n se ha explicado la actividad en las diversas redes sociales del gabinete de prensa (Twitter, Facebook, Youtube, Pinterest, Google + SlideShare, Forsquare y Flikr), y la necesidad de informar al minuto de todos los actos e informaciones institucionales.<br \/>\nPor su parte, Rus tambi\u00e9n ha participado en el encuentro y, tras saludar a los responsables de los medios, ha contestado a todas las preguntas que le han formulado.<br \/>\nPara el presidente, que se ha mostrado sensible con la realidad de la comunicaci\u00f3n digital en la provincia y con los sitios informativos locales, este tipo de reuniones \u201cson muy importantes\u201d y, \u201caunque estemos en tiempos dif\u00edciles, la instituci\u00f3n provincial tiene el deber de apoyar a la comunicaci\u00f3n digital y local\u201d, ha concluido el presidente.<\/p>\n","protected":false},"excerpt":{"rendered":"<p>La Diputaci\u00f3n de Valencia ha acogido esta ma\u00f1ana el primer encuentro 2.0 organizado con la Asociaci\u00f3n de Medios Digitales de la Comunitat Valenciana (AMDComVal) al que ha asistido el presidente Alfonso Rus y representantes de m\u00e1s de 30 medios de comunicaci\u00f3n digital de la provincia.<\/p>\n","protected":false},"author":4,"featured_media":997,"comment_status":"open","ping_status":"open","sticky":false,"template":"","format":"standard","meta":{"_acf_changed":false,"footnotes":""},"categories":[17],"tags":[12],"class_list":["post-995","post","type-post","status-publish","format-standard","has-post-thumbnail","hentry","category-blog","tag-amdcomval"],"acf":[],"yoast_head":"<!-- This site is optimized with the Yoast SEO plugin v26.3 - https:\/\/yoast.com\/wordpress\/plugins\/seo\/ -->\n<title>Una treintena de medios digitales participan en el encuentro entre Diputaci\u00f3n y AMDComVal - AMDComVal - Associaci\u00f3 de Mitjans Digitals de la Comunitat Valenciana<\/title>\n<meta name=\"robots\" content=\"index, follow, max-snippet:-1, max-image-preview:large, max-video-preview:-1\" \/>\n<link rel=\"canonical\" href=\"https:\/\/amdcomval.com\/una-treintena-de-medios-digitales-participan-en-el-encuentro-entre-diputacion-y-amdcomval\/\" \/>\n<meta property=\"og:locale\" content=\"en_US\" \/>\n<meta property=\"og:type\" content=\"article\" \/>\n<meta property=\"og:title\" content=\"Una treintena de medios digitales participan en el encuentro entre Diputaci\u00f3n y AMDComVal - AMDComVal - Associaci\u00f3 de Mitjans Digitals de la Comunitat Valenciana\" \/>\n<meta property=\"og:description\" content=\"La Diputaci\u00f3n de Valencia ha acogido esta ma\u00f1ana el primer encuentro 2.0 organizado con la Asociaci\u00f3n de Medios Digitales de la Comunitat Valenciana (AMDComVal) al que ha asistido el presidente Alfonso Rus y representantes de m\u00e1s de 30 medios de comunicaci\u00f3n digital de la provincia.\" \/>\n<meta property=\"og:url\" content=\"https:\/\/amdcomval.com\/una-treintena-de-medios-digitales-participan-en-el-encuentro-entre-diputacion-y-amdcomval\/\" \/>\n<meta property=\"og:site_name\" content=\"AMDComVal - Associaci\u00f3 de Mitjans Digitals de la Comunitat Valenciana\" \/>\n<meta property=\"article:publisher\" content=\"https:\/\/www.facebook.com\/Associaci-De-Mitjans-Digitals-238717099544439\/\" \/>\n<meta property=\"article:published_time\" content=\"2014-02-26T12:29:29+00:00\" \/>\n<meta property=\"og:image\" content=\"https:\/\/amdcomval.com\/wp-content\/uploads\/2014\/02\/dipuyamdcomval.jpg\" \/>\n\t<meta property=\"og:image:width\" content=\"670\" \/>\n\t<meta property=\"og:image:height\" content=\"502\" \/>\n\t<meta property=\"og:image:type\" content=\"image\/jpeg\" \/>\n<meta name=\"author\" content=\"AMDComVal\" \/>\n<meta name=\"twitter:card\" content=\"summary_large_image\" \/>\n<meta name=\"twitter:creator\" content=\"@AMDComVal\" \/>\n<meta name=\"twitter:site\" content=\"@AMDComVal\" \/>\n<meta name=\"twitter:label1\" content=\"Written by\" \/>\n\t<meta name=\"twitter:data1\" content=\"AMDComVal\" \/>\n\t<meta name=\"twitter:label2\" content=\"Est. reading time\" \/>\n\t<meta name=\"twitter:data2\" content=\"2 minutes\" \/>\n<script type=\"application\/ld+json\" class=\"yoast-schema-graph\">{\"@context\":\"https:\/\/schema.org\",\"@graph\":[{\"@type\":\"Article\",\"@id\":\"https:\/\/amdcomval.com\/una-treintena-de-medios-digitales-participan-en-el-encuentro-entre-diputacion-y-amdcomval\/#article\",\"isPartOf\":{\"@id\":\"https:\/\/amdcomval.com\/una-treintena-de-medios-digitales-participan-en-el-encuentro-entre-diputacion-y-amdcomval\/\"},\"author\":{\"name\":\"AMDComVal\",\"@id\":\"https:\/\/amdcomval.com\/#\/schema\/person\/f15529598c810a38625abf10fd5bda3a\"},\"headline\":\"Una treintena de medios digitales participan en el encuentro entre Diputaci\u00f3n y AMDComVal\",\"datePublished\":\"2014-02-26T12:29:29+00:00\",\"mainEntityOfPage\":{\"@id\":\"https:\/\/amdcomval.com\/una-treintena-de-medios-digitales-participan-en-el-encuentro-entre-diputacion-y-amdcomval\/\"},\"wordCount\":396,\"commentCount\":0,\"publisher\":{\"@id\":\"https:\/\/amdcomval.com\/#organization\"},\"image\":{\"@id\":\"https:\/\/amdcomval.com\/una-treintena-de-medios-digitales-participan-en-el-encuentro-entre-diputacion-y-amdcomval\/#primaryimage\"},\"thumbnailUrl\":\"https:\/\/amdcomval.com\/wp-content\/uploads\/2014\/02\/dipuyamdcomval.jpg\",\"keywords\":[\"amdcomval\"],\"articleSection\":[\"Blog\"],\"inLanguage\":\"val\",\"potentialAction\":[{\"@type\":\"CommentAction\",\"name\":\"Comment\",\"target\":[\"https:\/\/amdcomval.com\/una-treintena-de-medios-digitales-participan-en-el-encuentro-entre-diputacion-y-amdcomval\/#respond\"]}]},{\"@type\":\"WebPage\",\"@id\":\"https:\/\/amdcomval.com\/una-treintena-de-medios-digitales-participan-en-el-encuentro-entre-diputacion-y-amdcomval\/\",\"url\":\"https:\/\/amdcomval.com\/una-treintena-de-medios-digitales-participan-en-el-encuentro-entre-diputacion-y-amdcomval\/\",\"name\":\"Una treintena de medios digitales participan en el encuentro entre Diputaci\u00f3n y AMDComVal - AMDComVal - Associaci\u00f3 de Mitjans Digitals de la Comunitat Valenciana\",\"isPartOf\":{\"@id\":\"https:\/\/amdcomval.com\/#website\"},\"primaryImageOfPage\":{\"@id\":\"https:\/\/amdcomval.com\/una-treintena-de-medios-digitales-participan-en-el-encuentro-entre-diputacion-y-amdcomval\/#primaryimage\"},\"image\":{\"@id\":\"https:\/\/amdcomval.com\/una-treintena-de-medios-digitales-participan-en-el-encuentro-entre-diputacion-y-amdcomval\/#primaryimage\"},\"thumbnailUrl\":\"https:\/\/amdcomval.com\/wp-content\/uploads\/2014\/02\/dipuyamdcomval.jpg\",\"datePublished\":\"2014-02-26T12:29:29+00:00\",\"breadcrumb\":{\"@id\":\"https:\/\/amdcomval.com\/una-treintena-de-medios-digitales-participan-en-el-encuentro-entre-diputacion-y-amdcomval\/#breadcrumb\"},\"inLanguage\":\"val\",\"potentialAction\":[{\"@type\":\"ReadAction\",\"target\":[\"https:\/\/amdcomval.com\/una-treintena-de-medios-digitales-participan-en-el-encuentro-entre-diputacion-y-amdcomval\/\"]}]},{\"@type\":\"ImageObject\",\"inLanguage\":\"val\",\"@id\":\"https:\/\/amdcomval.com\/una-treintena-de-medios-digitales-participan-en-el-encuentro-entre-diputacion-y-amdcomval\/#primaryimage\",\"url\":\"https:\/\/amdcomval.com\/wp-content\/uploads\/2014\/02\/dipuyamdcomval.jpg\",\"contentUrl\":\"https:\/\/amdcomval.com\/wp-content\/uploads\/2014\/02\/dipuyamdcomval.jpg\",\"width\":670,\"height\":502},{\"@type\":\"BreadcrumbList\",\"@id\":\"https:\/\/amdcomval.com\/una-treintena-de-medios-digitales-participan-en-el-encuentro-entre-diputacion-y-amdcomval\/#breadcrumb\",\"itemListElement\":[{\"@type\":\"ListItem\",\"position\":1,\"name\":\"Portada\",\"item\":\"https:\/\/amdcomval.com\/val\/\"},{\"@type\":\"ListItem\",\"position\":2,\"name\":\"Una treintena de medios digitales participan en el encuentro entre Diputaci\u00f3n y AMDComVal\"}]},{\"@type\":\"WebSite\",\"@id\":\"https:\/\/amdcomval.com\/#website\",\"url\":\"https:\/\/amdcomval.com\/\",\"name\":\"AMDComVal - Associaci\u00f3 de Mitjans Digitals de la Comunitat Valenciana\",\"description\":\"Web oficial de la Associaci\u00f3 de Mitjans Digitals de la Comunitat Valenciana (AMDComVal). Por la profesionalizaci\u00f3n y dignificaci\u00f3n de los medios de comunicaci\u00f3n digital\",\"publisher\":{\"@id\":\"https:\/\/amdcomval.com\/#organization\"},\"potentialAction\":[{\"@type\":\"SearchAction\",\"target\":{\"@type\":\"EntryPoint\",\"urlTemplate\":\"https:\/\/amdcomval.com\/?s={search_term_string}\"},\"query-input\":{\"@type\":\"PropertyValueSpecification\",\"valueRequired\":true,\"valueName\":\"search_term_string\"}}],\"inLanguage\":\"val\"},{\"@type\":\"Organization\",\"@id\":\"https:\/\/amdcomval.com\/#organization\",\"name\":\"AMDComVal - Associaci\u00f3 de Mitjans Digitals de la Comunitat Valenciana\",\"url\":\"https:\/\/amdcomval.com\/\",\"logo\":{\"@type\":\"ImageObject\",\"inLanguage\":\"val\",\"@id\":\"https:\/\/amdcomval.com\/#\/schema\/logo\/image\/\",\"url\":\"https:\/\/amdcomval.com\/wp-content\/uploads\/2025\/10\/AMDComVal-logo-horizontal-2.png\",\"contentUrl\":\"https:\/\/amdcomval.com\/wp-content\/uploads\/2025\/10\/AMDComVal-logo-horizontal-2.png\",\"width\":2560,\"height\":936,\"caption\":\"AMDComVal - Associaci\u00f3 de Mitjans Digitals de la Comunitat Valenciana\"},\"image\":{\"@id\":\"https:\/\/amdcomval.com\/#\/schema\/logo\/image\/\"},\"sameAs\":[\"https:\/\/www.facebook.com\/Associaci-De-Mitjans-Digitals-238717099544439\/\",\"https:\/\/x.com\/AMDComVal\",\"https:\/\/www.linkedin.com\/groups\/3150654\/\"]},{\"@type\":\"Person\",\"@id\":\"https:\/\/amdcomval.com\/#\/schema\/person\/f15529598c810a38625abf10fd5bda3a\",\"name\":\"AMDComVal\",\"url\":\"https:\/\/amdcomval.com\/val\/author\/amdcomval\/\"}]}<\/script>\n<!-- \/ Yoast SEO plugin. -->","yoast_head_json":{"title":"Una treintena de medios digitales participan en el encuentro entre Diputaci\u00f3n y AMDComVal - AMDComVal - Associaci\u00f3 de Mitjans Digitals de la Comunitat Valenciana","robots":{"index":"index","follow":"follow","max-snippet":"max-snippet:-1","max-image-preview":"max-image-preview:large","max-video-preview":"max-video-preview:-1"},"canonical":"https:\/\/amdcomval.com\/una-treintena-de-medios-digitales-participan-en-el-encuentro-entre-diputacion-y-amdcomval\/","og_locale":"en_US","og_type":"article","og_title":"Una treintena de medios digitales participan en el encuentro entre Diputaci\u00f3n y AMDComVal - AMDComVal - Associaci\u00f3 de Mitjans Digitals de la Comunitat Valenciana","og_description":"La Diputaci\u00f3n de Valencia ha acogido esta ma\u00f1ana el primer encuentro 2.0 organizado con la Asociaci\u00f3n de Medios Digitales de la Comunitat Valenciana (AMDComVal) al que ha asistido el presidente Alfonso Rus y representantes de m\u00e1s de 30 medios de comunicaci\u00f3n digital de la provincia.","og_url":"https:\/\/amdcomval.com\/una-treintena-de-medios-digitales-participan-en-el-encuentro-entre-diputacion-y-amdcomval\/","og_site_name":"AMDComVal - Associaci\u00f3 de Mitjans Digitals de la Comunitat Valenciana","article_publisher":"https:\/\/www.facebook.com\/Associaci-De-Mitjans-Digitals-238717099544439\/","article_published_time":"2014-02-26T12:29:29+00:00","og_image":[{"width":670,"height":502,"url":"https:\/\/amdcomval.com\/wp-content\/uploads\/2014\/02\/dipuyamdcomval.jpg","type":"image\/jpeg"}],"author":"AMDComVal","twitter_card":"summary_large_image","twitter_creator":"@AMDComVal","twitter_site":"@AMDComVal","twitter_misc":{"Written by":"AMDComVal","Est. reading time":"2 minutes"},"schema":{"@context":"https:\/\/schema.org","@graph":[{"@type":"Article","@id":"https:\/\/amdcomval.com\/una-treintena-de-medios-digitales-participan-en-el-encuentro-entre-diputacion-y-amdcomval\/#article","isPartOf":{"@id":"https:\/\/amdcomval.com\/una-treintena-de-medios-digitales-participan-en-el-encuentro-entre-diputacion-y-amdcomval\/"},"author":{"name":"AMDComVal","@id":"https:\/\/amdcomval.com\/#\/schema\/person\/f15529598c810a38625abf10fd5bda3a"},"headline":"Una treintena de medios digitales participan en el encuentro entre Diputaci\u00f3n y AMDComVal","datePublished":"2014-02-26T12:29:29+00:00","mainEntityOfPage":{"@id":"https:\/\/amdcomval.com\/una-treintena-de-medios-digitales-participan-en-el-encuentro-entre-diputacion-y-amdcomval\/"},"wordCount":396,"commentCount":0,"publisher":{"@id":"https:\/\/amdcomval.com\/#organization"},"image":{"@id":"https:\/\/amdcomval.com\/una-treintena-de-medios-digitales-participan-en-el-encuentro-entre-diputacion-y-amdcomval\/#primaryimage"},"thumbnailUrl":"https:\/\/amdcomval.com\/wp-content\/uploads\/2014\/02\/dipuyamdcomval.jpg","keywords":["amdcomval"],"articleSection":["Blog"],"inLanguage":"val","potentialAction":[{"@type":"CommentAction","name":"Comment","target":["https:\/\/amdcomval.com\/una-treintena-de-medios-digitales-participan-en-el-encuentro-entre-diputacion-y-amdcomval\/#respond"]}]},{"@type":"WebPage","@id":"https:\/\/amdcomval.com\/una-treintena-de-medios-digitales-participan-en-el-encuentro-entre-diputacion-y-amdcomval\/","url":"https:\/\/amdcomval.com\/una-treintena-de-medios-digitales-participan-en-el-encuentro-entre-diputacion-y-amdcomval\/","name":"Una treintena de medios digitales participan en el encuentro entre Diputaci\u00f3n y AMDComVal - AMDComVal - Associaci\u00f3 de Mitjans Digitals de la Comunitat Valenciana","isPartOf":{"@id":"https:\/\/amdcomval.com\/#website"},"primaryImageOfPage":{"@id":"https:\/\/amdcomval.com\/una-treintena-de-medios-digitales-participan-en-el-encuentro-entre-diputacion-y-amdcomval\/#primaryimage"},"image":{"@id":"https:\/\/amdcomval.com\/una-treintena-de-medios-digitales-participan-en-el-encuentro-entre-diputacion-y-amdcomval\/#primaryimage"},"thumbnailUrl":"https:\/\/amdcomval.com\/wp-content\/uploads\/2014\/02\/dipuyamdcomval.jpg","datePublished":"2014-02-26T12:29:29+00:00","breadcrumb":{"@id":"https:\/\/amdcomval.com\/una-treintena-de-medios-digitales-participan-en-el-encuentro-entre-diputacion-y-amdcomval\/#breadcrumb"},"inLanguage":"val","potentialAction":[{"@type":"ReadAction","target":["https:\/\/amdcomval.com\/una-treintena-de-medios-digitales-participan-en-el-encuentro-entre-diputacion-y-amdcomval\/"]}]},{"@type":"ImageObject","inLanguage":"val","@id":"https:\/\/amdcomval.com\/una-treintena-de-medios-digitales-participan-en-el-encuentro-entre-diputacion-y-amdcomval\/#primaryimage","url":"https:\/\/amdcomval.com\/wp-content\/uploads\/2014\/02\/dipuyamdcomval.jpg","contentUrl":"https:\/\/amdcomval.com\/wp-content\/uploads\/2014\/02\/dipuyamdcomval.jpg","width":670,"height":502},{"@type":"BreadcrumbList","@id":"https:\/\/amdcomval.com\/una-treintena-de-medios-digitales-participan-en-el-encuentro-entre-diputacion-y-amdcomval\/#breadcrumb","itemListElement":[{"@type":"ListItem","position":1,"name":"Portada","item":"https:\/\/amdcomval.com\/val\/"},{"@type":"ListItem","position":2,"name":"Una treintena de medios digitales participan en el encuentro entre Diputaci\u00f3n y AMDComVal"}]},{"@type":"WebSite","@id":"https:\/\/amdcomval.com\/#website","url":"https:\/\/amdcomval.com\/","name":"AMDComVal - Associaci\u00f3 de Mitjans Digitals de la Comunitat Valenciana","description":"Web oficial de la Associaci\u00f3 de Mitjans Digitals de la Comunitat Valenciana (AMDComVal). Por la profesionalizaci\u00f3n y dignificaci\u00f3n de los medios de comunicaci\u00f3n digital","publisher":{"@id":"https:\/\/amdcomval.com\/#organization"},"potentialAction":[{"@type":"SearchAction","target":{"@type":"EntryPoint","urlTemplate":"https:\/\/amdcomval.com\/?s={search_term_string}"},"query-input":{"@type":"PropertyValueSpecification","valueRequired":true,"valueName":"search_term_string"}}],"inLanguage":"val"},{"@type":"Organization","@id":"https:\/\/amdcomval.com\/#organization","name":"AMDComVal - Associaci\u00f3 de Mitjans Digitals de la Comunitat Valenciana","url":"https:\/\/amdcomval.com\/","logo":{"@type":"ImageObject","inLanguage":"val","@id":"https:\/\/amdcomval.com\/#\/schema\/logo\/image\/","url":"https:\/\/amdcomval.com\/wp-content\/uploads\/2025\/10\/AMDComVal-logo-horizontal-2.png","contentUrl":"https:\/\/amdcomval.com\/wp-content\/uploads\/2025\/10\/AMDComVal-logo-horizontal-2.png","width":2560,"height":936,"caption":"AMDComVal - Associaci\u00f3 de Mitjans Digitals de la Comunitat Valenciana"},"image":{"@id":"https:\/\/amdcomval.com\/#\/schema\/logo\/image\/"},"sameAs":["https:\/\/www.facebook.com\/Associaci-De-Mitjans-Digitals-238717099544439\/","https:\/\/x.com\/AMDComVal","https:\/\/www.linkedin.com\/groups\/3150654\/"]},{"@type":"Person","@id":"https:\/\/amdcomval.com\/#\/schema\/person\/f15529598c810a38625abf10fd5bda3a","name":"AMDComVal","url":"https:\/\/amdcomval.com\/val\/author\/amdcomval\/"}]}},"_links":{"self":[{"href":"https:\/\/amdcomval.com\/val\/wp-json\/wp\/v2\/posts\/995","targetHints":{"allow":["GET"]}}],"collection":[{"href":"https:\/\/amdcomval.com\/val\/wp-json\/wp\/v2\/posts"}],"about":[{"href":"https:\/\/amdcomval.com\/val\/wp-json\/wp\/v2\/types\/post"}],"author":[{"embeddable":true,"href":"https:\/\/amdcomval.com\/val\/wp-json\/wp\/v2\/users\/4"}],"replies":[{"embeddable":true,"href":"https:\/\/amdcomval.com\/val\/wp-json\/wp\/v2\/comments?post=995"}],"version-history":[{"count":0,"href":"https:\/\/amdcomval.com\/val\/wp-json\/wp\/v2\/posts\/995\/revisions"}],"wp:featuredmedia":[{"embeddable":true,"href":"https:\/\/amdcomval.com\/val\/wp-json\/wp\/v2\/media\/997"}],"wp:attachment":[{"href":"https:\/\/amdcomval.com\/val\/wp-json\/wp\/v2\/media?parent=995"}],"wp:term":[{"taxonomy":"category","embeddable":true,"href":"https:\/\/amdcomval.com\/val\/wp-json\/wp\/v2\/categories?post=995"},{"taxonomy":"post_tag","embeddable":true,"href":"https:\/\/amdcomval.com\/val\/wp-json\/wp\/v2\/tags?post=995"}],"curies":[{"name":"wp","href":"https:\/\/api.w.org\/{rel}","templated":true}]}}